{"id":4134,"date":"2022-07-20T15:27:58","date_gmt":"2022-07-20T13:27:58","guid":{"rendered":"https:\/\/www.naturparkmagazin.de\/nossentiner-schwinzer-heide\/?p=4134"},"modified":"2022-07-20T15:28:58","modified_gmt":"2022-07-20T13:28:58","slug":"neue-sonderausstellung-im-karower-meiler-flechtwerke","status":"publish","type":"post","link":"https:\/\/www.naturparkmagazin.de\/nossentiner-schwinzer-heide\/neue-sonderausstellung-im-karower-meiler-flechtwerke\/","title":{"rendered":"Neue Sonderausstellung im Karower Meiler: Flechtwerke"},"content":{"rendered":"<pre>August 2022<\/pre>\n<h5><span style=\"color: #000000;font-family: Calibri\">3 Korbflechter aus Mecklenburg stellen ihre Werke im Karower Meiler aus<\/span><\/h5>\n<p><span style=\"color: #000000;font-family: Calibri\"><strong>Karow.<\/strong> Es ist wohl eines der \u00e4ltesten Handwerke der Menschheit: die Korbflechterei. Seit Jahrtausenden nutzen die Menschen diese alte Kunst, um Gef\u00e4\u00dfe, Unterk\u00fcnfte und Gebrauchsgegenst\u00e4nde f\u00fcr den Alltag zu fertigen. Wasserdichte K\u00f6rbe wurden in der Steinzeit sogar zum Kochen genutzt. Inzwischen haben Gegenst\u00e4nde aus Kunststoff und Metall diese Funktion \u00fcbernommen \u2013 in Bezug auf Ressourcenverbrauch und Entsorgung durchaus eine bedenkliche Entwicklung. Dass Korbflechterei auch heute noch praktiziert wird und dabei nicht nur Praktisches, sondern auch Sch\u00f6nes entsteht, zeigt die neue Sonderausstellung im Karower Meiler. Die Korbflechter Renate Derstappen (Neu Dragun), Charlotte Sell (Alt Guthendorf) und Ralf Eggert (Woserin) stellen dort einige ihrer Werke aus. Neben Gebrauchsk\u00f6rben finden sich geflochtene Schachteln, Taschen, Lampen und Wanddekorationen. Die Objekte k\u00f6nnen nicht nur betrachtet, sondern auch erworben werden. Die Ausstellung ist noch bis Ende August im Naturparkzentrum Karower Meiler t\u00e4glich 10-17 Uhr zu sehen.<\/span><\/p>\n<div id=\"attachment_4137\" style=\"width: 630px\" class=\"wp-caption alignnone\"><a href=\"https:\/\/www.naturparkmagazin.de\/nossentiner-schwinzer-heide\/wp-content\/uploads\/sites\/28\/75A8399s.jpg\"><img aria-describedby=\"caption-attachment-4137\" decoding=\"async\" loading=\"lazy\" class=\"wp-image-4137 size-medium\" src=\"https:\/\/www.naturparkmagazin.de\/nossentiner-schwinzer-heide\/wp-content\/uploads\/sites\/28\/75A8399s-620x413.jpg\" alt=\"_75A8399s\" width=\"620\" height=\"413\" srcset=\"https:\/\/www.naturparkmagazin.de\/nossentiner-schwinzer-heide\/wp-content\/uploads\/sites\/28\/75A8399s-620x413.jpg 620w, https:\/\/www.naturparkmagazin.de\/nossentiner-schwinzer-heide\/wp-content\/uploads\/sites\/28\/75A8399s-300x200.jpg 300w, https:\/\/www.naturparkmagazin.de\/nossentiner-schwinzer-heide\/wp-content\/uploads\/sites\/28\/75A8399s-940x626.jpg 940w, https:\/\/www.naturparkmagazin.de\/nossentiner-schwinzer-heide\/wp-content\/uploads\/sites\/28\/75A8399s-670x446.jpg 670w, https:\/\/www.naturparkmagazin.de\/nossentiner-schwinzer-heide\/wp-content\/uploads\/sites\/28\/75A8399s-200x133.jpg 200w, https:\/\/www.naturparkmagazin.de\/nossentiner-schwinzer-heide\/wp-content\/uploads\/sites\/28\/75A8399s.jpg 1280w\" sizes=\"(max-width: 620px) 100vw, 620px\" \/><\/a><p id=\"caption-attachment-4137\" class=\"wp-caption-text\">Die Korbflechter Ralf Eggert und Renate Derstappen (v.l) sowie Charlotte Sell pr\u00e4sentieren ihre Flechtwerke im Karower Meiler (Foto: E. Kartheuser)<\/p><\/div>\n<div id=\"attachment_4138\" style=\"width: 630px\" class=\"wp-caption alignnone\"><a href=\"https:\/\/www.naturparkmagazin.de\/nossentiner-schwinzer-heide\/wp-content\/uploads\/sites\/28\/75A8411s.jpg\"><img aria-describedby=\"caption-attachment-4138\" decoding=\"async\" loading=\"lazy\" class=\"wp-image-4138 size-medium\" src=\"https:\/\/www.naturparkmagazin.de\/nossentiner-schwinzer-heide\/wp-content\/uploads\/sites\/28\/75A8411s-620x413.jpg\" alt=\"_75A8411s\" width=\"620\" height=\"413\" srcset=\"https:\/\/www.naturparkmagazin.de\/nossentiner-schwinzer-heide\/wp-content\/uploads\/sites\/28\/75A8411s-620x413.jpg 620w, https:\/\/www.naturparkmagazin.de\/nossentiner-schwinzer-heide\/wp-content\/uploads\/sites\/28\/75A8411s-300x200.jpg 300w, https:\/\/www.naturparkmagazin.de\/nossentiner-schwinzer-heide\/wp-content\/uploads\/sites\/28\/75A8411s-940x626.jpg 940w, https:\/\/www.naturparkmagazin.de\/nossentiner-schwinzer-heide\/wp-content\/uploads\/sites\/28\/75A8411s-670x446.jpg 670w, https:\/\/www.naturparkmagazin.de\/nossentiner-schwinzer-heide\/wp-content\/uploads\/sites\/28\/75A8411s-200x133.jpg 200w, https:\/\/www.naturparkmagazin.de\/nossentiner-schwinzer-heide\/wp-content\/uploads\/sites\/28\/75A8411s.jpg 1280w\" sizes=\"(max-width: 620px) 100vw, 620px\" \/><\/a><p id=\"caption-attachment-4138\" class=\"wp-caption-text\">Nicht nur praktisch, sondern auch sch\u00f6n sind die Flechtwerke aus Mecklenburg. (Foto: E. Kartheuser)<\/p><\/div>\n<p><a href=\"https:\/\/www.naturparkmagazin.de\/nossentiner-schwinzer-heide\/wp-content\/uploads\/sites\/28\/Plakat_Flechtwerke.jpg\"><img decoding=\"async\" loading=\"lazy\" class=\"alignnone size-medium wp-image-4136\" src=\"https:\/\/www.naturparkmagazin.de\/nossentiner-schwinzer-heide\/wp-content\/uploads\/sites\/28\/Plakat_Flechtwerke-620x877.jpg\" alt=\"Plakat_Flechtwerke\" width=\"620\" height=\"877\" srcset=\"https:\/\/www.naturparkmagazin.de\/nossentiner-schwinzer-heide\/wp-content\/uploads\/sites\/28\/Plakat_Flechtwerke-620x877.jpg 620w, https:\/\/www.naturparkmagazin.de\/nossentiner-schwinzer-heide\/wp-content\/uploads\/sites\/28\/Plakat_Flechtwerke-300x424.jpg 300w, https:\/\/www.naturparkmagazin.de\/nossentiner-schwinzer-heide\/wp-content\/uploads\/sites\/28\/Plakat_Flechtwerke-940x1329.jpg 940w, https:\/\/www.naturparkmagazin.de\/nossentiner-schwinzer-heide\/wp-content\/uploads\/sites\/28\/Plakat_Flechtwerke-670x948.jpg 670w, https:\/\/www.naturparkmagazin.de\/nossentiner-schwinzer-heide\/wp-content\/uploads\/sites\/28\/Plakat_Flechtwerke-200x283.jpg 200w\" sizes=\"(max-width: 620px) 100vw, 620px\" \/><\/a><\/p>\n","protected":false},"excerpt":{"rendered":"<p>Die Korbflechter Renate Derstappen (Neu Dragun), Charlotte Sell (Alt Guthendorf) und Ralf Eggert (Woserin) stellen im Karower Meiler einige ihrer Werke aus.<\/p>\n","protected":false},"author":84,"featured_media":4136,"comment_status":"open","ping_status":"open","sticky":false,"template":"","format":"standard","meta":[],"categories":[7],"tags":[],"yoast_head":"<!-- This site is optimized with the Yoast SEO plugin v19.10 - https:\/\/yoast.com\/wordpress\/plugins\/seo\/ -->\n<title>Neue Sonderausstellung im Karower Meiler: Flechtwerke - Naturpark Nossentiner\/Schwinzer Heide<\/title>\n<meta name=\"robots\" content=\"index, follow, max-snippet:-1, max-image-preview:large, max-video-preview:-1\" \/>\n<link rel=\"canonical\" href=\"https:\/\/www.naturparkmagazin.de\/nossentiner-schwinzer-heide\/neue-sonderausstellung-im-karower-meiler-flechtwerke\/\" \/>\n<meta property=\"og:locale\" content=\"de_DE\" \/>\n<meta property=\"og:type\" content=\"article\" \/>\n<meta property=\"og:title\" content=\"Neue Sonderausstellung im Karower Meiler: Flechtwerke - Naturpark Nossentiner\/Schwinzer Heide\" \/>\n<meta property=\"og:description\" content=\"Die Korbflechter Renate Derstappen (Neu Dragun), Charlotte Sell (Alt Guthendorf) und Ralf Eggert (Woserin) stellen im Karower Meiler einige ihrer Werke aus.\" \/>\n<meta property=\"og:url\" content=\"https:\/\/www.naturparkmagazin.de\/nossentiner-schwinzer-heide\/neue-sonderausstellung-im-karower-meiler-flechtwerke\/\" \/>\n<meta property=\"og:site_name\" content=\"Naturpark Nossentiner\/Schwinzer Heide\" \/>\n<meta property=\"article:published_time\" content=\"2022-07-20T13:27:58+00:00\" \/>\n<meta property=\"article:modified_time\" content=\"2022-07-20T13:28:58+00:00\" \/>\n<meta property=\"og:image\" content=\"https:\/\/www.naturparkmagazin.de\/nossentiner-schwinzer-heide\/wp-content\/uploads\/sites\/28\/Plakat_Flechtwerke.jpg\" \/>\n\t<meta property=\"og:image:width\" content=\"2482\" \/>\n\t<meta property=\"og:image:height\" content=\"3510\" \/>\n\t<meta property=\"og:image:type\" content=\"image\/jpeg\" \/>\n<meta name=\"author\" content=\"evelinkartheuser\" \/>\n<meta name=\"twitter:label1\" content=\"Verfasst von\" \/>\n\t<meta name=\"twitter:data1\" content=\"evelinkartheuser\" \/>\n\t<meta name=\"twitter:label2\" content=\"Gesch\u00e4tzte Lesezeit\" \/>\n\t<meta name=\"twitter:data2\" content=\"1\u00a0Minute\" \/>\n<script type=\"application\/ld+json\" class=\"yoast-schema-graph\">{\"@context\":\"https:\/\/schema.org\",\"@graph\":[{\"@type\":\"WebPage\",\"@id\":\"https:\/\/www.naturparkmagazin.de\/nossentiner-schwinzer-heide\/neue-sonderausstellung-im-karower-meiler-flechtwerke\/\",\"url\":\"https:\/\/www.naturparkmagazin.de\/nossentiner-schwinzer-heide\/neue-sonderausstellung-im-karower-meiler-flechtwerke\/\",\"name\":\"Neue Sonderausstellung im Karower Meiler: Flechtwerke - Naturpark Nossentiner\/Schwinzer Heide\",\"isPartOf\":{\"@id\":\"https:\/\/www.naturparkmagazin.de\/nossentiner-schwinzer-heide\/#website\"},\"datePublished\":\"2022-07-20T13:27:58+00:00\",\"dateModified\":\"2022-07-20T13:28:58+00:00\",\"author\":{\"@id\":\"https:\/\/www.naturparkmagazin.de\/nossentiner-schwinzer-heide\/#\/schema\/person\/6e5721221b13b6f827e696f29ff18008\"},\"breadcrumb\":{\"@id\":\"https:\/\/www.naturparkmagazin.de\/nossentiner-schwinzer-heide\/neue-sonderausstellung-im-karower-meiler-flechtwerke\/#breadcrumb\"},\"inLanguage\":\"de\",\"potentialAction\":[{\"@type\":\"ReadAction\",\"target\":[\"https:\/\/www.naturparkmagazin.de\/nossentiner-schwinzer-heide\/neue-sonderausstellung-im-karower-meiler-flechtwerke\/\"]}]},{\"@type\":\"BreadcrumbList\",\"@id\":\"https:\/\/www.naturparkmagazin.de\/nossentiner-schwinzer-heide\/neue-sonderausstellung-im-karower-meiler-flechtwerke\/#breadcrumb\",\"itemListElement\":[{\"@type\":\"ListItem\",\"position\":1,\"name\":\"Home\",\"item\":\"https:\/\/www.naturparkmagazin.de\/nossentiner-schwinzer-heide\/\"},{\"@type\":\"ListItem\",\"position\":2,\"name\":\"Neue Sonderausstellung im Karower Meiler: Flechtwerke\"}]},{\"@type\":\"WebSite\",\"@id\":\"https:\/\/www.naturparkmagazin.de\/nossentiner-schwinzer-heide\/#website\",\"url\":\"https:\/\/www.naturparkmagazin.de\/nossentiner-schwinzer-heide\/\",\"name\":\"Naturpark Nossentiner\/Schwinzer Heide\",\"description\":\"\",\"potentialAction\":[{\"@type\":\"SearchAction\",\"target\":{\"@type\":\"EntryPoint\",\"urlTemplate\":\"https:\/\/www.naturparkmagazin.de\/nossentiner-schwinzer-heide\/?s={search_term_string}\"},\"query-input\":\"required name=search_term_string\"}],\"inLanguage\":\"de\"},{\"@type\":\"Person\",\"@id\":\"https:\/\/www.naturparkmagazin.de\/nossentiner-schwinzer-heide\/#\/schema\/person\/6e5721221b13b6f827e696f29ff18008\",\"name\":\"evelinkartheuser\",\"url\":\"https:\/\/www.naturparkmagazin.de\/nossentiner-schwinzer-heide\/author\/evelinkartheuser\/\"}]}<\/script>\n<!-- \/ Yoast SEO plugin. -->","yoast_head_json":{"title":"Neue Sonderausstellung im Karower Meiler: Flechtwerke - Naturpark Nossentiner\/Schwinzer Heide","robots":{"index":"index","follow":"follow","max-snippet":"max-snippet:-1","max-image-preview":"max-image-preview:large","max-video-preview":"max-video-preview:-1"},"canonical":"https:\/\/www.naturparkmagazin.de\/nossentiner-schwinzer-heide\/neue-sonderausstellung-im-karower-meiler-flechtwerke\/","og_locale":"de_DE","og_type":"article","og_title":"Neue Sonderausstellung im Karower Meiler: Flechtwerke - Naturpark Nossentiner\/Schwinzer Heide","og_description":"Die Korbflechter Renate Derstappen (Neu Dragun), Charlotte Sell (Alt Guthendorf) und Ralf Eggert (Woserin) stellen im Karower Meiler einige ihrer Werke aus.","og_url":"https:\/\/www.naturparkmagazin.de\/nossentiner-schwinzer-heide\/neue-sonderausstellung-im-karower-meiler-flechtwerke\/","og_site_name":"Naturpark Nossentiner\/Schwinzer Heide","article_published_time":"2022-07-20T13:27:58+00:00","article_modified_time":"2022-07-20T13:28:58+00:00","og_image":[{"width":2482,"height":3510,"url":"https:\/\/www.naturparkmagazin.de\/nossentiner-schwinzer-heide\/wp-content\/uploads\/sites\/28\/Plakat_Flechtwerke.jpg","type":"image\/jpeg"}],"author":"evelinkartheuser","twitter_misc":{"Verfasst von":"evelinkartheuser","Gesch\u00e4tzte Lesezeit":"1\u00a0Minute"},"schema":{"@context":"https:\/\/schema.org","@graph":[{"@type":"WebPage","@id":"https:\/\/www.naturparkmagazin.de\/nossentiner-schwinzer-heide\/neue-sonderausstellung-im-karower-meiler-flechtwerke\/","url":"https:\/\/www.naturparkmagazin.de\/nossentiner-schwinzer-heide\/neue-sonderausstellung-im-karower-meiler-flechtwerke\/","name":"Neue Sonderausstellung im Karower Meiler: Flechtwerke - Naturpark Nossentiner\/Schwinzer Heide","isPartOf":{"@id":"https:\/\/www.naturparkmagazin.de\/nossentiner-schwinzer-heide\/#website"},"datePublished":"2022-07-20T13:27:58+00:00","dateModified":"2022-07-20T13:28:58+00:00","author":{"@id":"https:\/\/www.naturparkmagazin.de\/nossentiner-schwinzer-heide\/#\/schema\/person\/6e5721221b13b6f827e696f29ff18008"},"breadcrumb":{"@id":"https:\/\/www.naturparkmagazin.de\/nossentiner-schwinzer-heide\/neue-sonderausstellung-im-karower-meiler-flechtwerke\/#breadcrumb"},"inLanguage":"de","potentialAction":[{"@type":"ReadAction","target":["https:\/\/www.naturparkmagazin.de\/nossentiner-schwinzer-heide\/neue-sonderausstellung-im-karower-meiler-flechtwerke\/"]}]},{"@type":"BreadcrumbList","@id":"https:\/\/www.naturparkmagazin.de\/nossentiner-schwinzer-heide\/neue-sonderausstellung-im-karower-meiler-flechtwerke\/#breadcrumb","itemListElement":[{"@type":"ListItem","position":1,"name":"Home","item":"https:\/\/www.naturparkmagazin.de\/nossentiner-schwinzer-heide\/"},{"@type":"ListItem","position":2,"name":"Neue Sonderausstellung im Karower Meiler: Flechtwerke"}]},{"@type":"WebSite","@id":"https:\/\/www.naturparkmagazin.de\/nossentiner-schwinzer-heide\/#website","url":"https:\/\/www.naturparkmagazin.de\/nossentiner-schwinzer-heide\/","name":"Naturpark Nossentiner\/Schwinzer Heide","description":"","potentialAction":[{"@type":"SearchAction","target":{"@type":"EntryPoint","urlTemplate":"https:\/\/www.naturparkmagazin.de\/nossentiner-schwinzer-heide\/?s={search_term_string}"},"query-input":"required name=search_term_string"}],"inLanguage":"de"},{"@type":"Person","@id":"https:\/\/www.naturparkmagazin.de\/nossentiner-schwinzer-heide\/#\/schema\/person\/6e5721221b13b6f827e696f29ff18008","name":"evelinkartheuser","url":"https:\/\/www.naturparkmagazin.de\/nossentiner-schwinzer-heide\/author\/evelinkartheuser\/"}]}},"_links":{"self":[{"href":"https:\/\/www.naturparkmagazin.de\/nossentiner-schwinzer-heide\/wp-json\/wp\/v2\/posts\/4134"}],"collection":[{"href":"https:\/\/www.naturparkmagazin.de\/nossentiner-schwinzer-heide\/wp-json\/wp\/v2\/posts"}],"about":[{"href":"https:\/\/www.naturparkmagazin.de\/nossentiner-schwinzer-heide\/wp-json\/wp\/v2\/types\/post"}],"author":[{"embeddable":true,"href":"https:\/\/www.naturparkmagazin.de\/nossentiner-schwinzer-heide\/wp-json\/wp\/v2\/users\/84"}],"replies":[{"embeddable":true,"href":"https:\/\/www.naturparkmagazin.de\/nossentiner-schwinzer-heide\/wp-json\/wp\/v2\/comments?post=4134"}],"version-history":[{"count":3,"href":"https:\/\/www.naturparkmagazin.de\/nossentiner-schwinzer-heide\/wp-json\/wp\/v2\/posts\/4134\/revisions"}],"predecessor-version":[{"id":4140,"href":"https:\/\/www.naturparkmagazin.de\/nossentiner-schwinzer-heide\/wp-json\/wp\/v2\/posts\/4134\/revisions\/4140"}],"wp:featuredmedia":[{"embeddable":true,"href":"https:\/\/www.naturparkmagazin.de\/nossentiner-schwinzer-heide\/wp-json\/wp\/v2\/media\/4136"}],"wp:attachment":[{"href":"https:\/\/www.naturparkmagazin.de\/nossentiner-schwinzer-heide\/wp-json\/wp\/v2\/media?parent=4134"}],"wp:term":[{"taxonomy":"category","embeddable":true,"href":"https:\/\/www.naturparkmagazin.de\/nossentiner-schwinzer-heide\/wp-json\/wp\/v2\/categories?post=4134"},{"taxonomy":"post_tag","embeddable":true,"href":"https:\/\/www.naturparkmagazin.de\/nossentiner-schwinzer-heide\/wp-json\/wp\/v2\/tags?post=4134"}],"curies":[{"name":"wp","href":"https:\/\/api.w.org\/{rel}","templated":true}]}}