{"id":4269,"date":"2023-01-19T21:56:31","date_gmt":"2023-01-19T20:56:31","guid":{"rendered":"https:\/\/www.naturparkmagazin.de\/nossentiner-schwinzer-heide\/?p=4269"},"modified":"2023-01-20T11:17:49","modified_gmt":"2023-01-20T10:17:49","slug":"vortrag-von-udo-steinhaeuser-ueber-das-marienfliess","status":"publish","type":"post","link":"https:\/\/www.naturparkmagazin.de\/nossentiner-schwinzer-heide\/vortrag-von-udo-steinhaeuser-ueber-das-marienfliess\/","title":{"rendered":"Vortrag von Udo Steinh\u00e4user \u00fcber das NSG Marienflie\u00df"},"content":{"rendered":"<pre>Februar 2023<\/pre>\n<h2>Das NSG Marienflie\u00df &#8211; Vom Truppen\u00fcbungsplatz zum Schutzgebiet europ\u00e4ischen Ranges<\/h2>\n<p><strong><span style=\"font-family: 'Cambria',serif\">Karow<\/span><\/strong><span style=\"font-family: 'Cambria',serif\">. Nach dem Ende des Kalten Krieges wurden in Europa und insbesondere in Deutschland viele der ehemaligen Truppen\u00fcbungspl\u00e4tze \u00fcberfl\u00fcssig. Das hie\u00df, dass sie vom Milit\u00e4r freigezogen wurden. Auch in Mecklenburg betraf das einige Pl\u00e4tze: mehr als 15.000 Hektar wurden damals in Mecklenburg vom Milit\u00e4r freigezogen. Bei einer ersten Schau dieser Gebiete durch Biologen wurde schnell klar, dass die ehemaligen Truppen\u00fcbungspl\u00e4tze etwas ganz Besonderes sind. Viele interessante Tier- und Pflanzenarten waren in dem weitl\u00e4ufigen Gel\u00e4nde heimisch. So kam es, dass viele Gebiete unter Naturschutz gestellt wurden.<\/span><\/p>\n<p><span style=\"font-family: 'Cambria',serif\">Eines dieser Gebiete ist der ehemalige Truppen\u00fcbungsplatz bei Retzow \/ J\u00e4nnersdorf mit dem russischen Namen Redlinski. Er befindet sich im S\u00fcdosten des Landkreises Ludwigslust-Parchim und wurde 1994 zum Naturschutzgebiet \u201cMarienflie\u00df\u201d. Am Mittwoch, dem 1. Februar 2023, wird Udo Steinh\u00e4user die Geschichte dieses ehemaligen Truppen\u00fcbungsplatzes vorstellen, die besonderen Tiere und Pflanzen, die man damals gefunden hat, sowie die Entwicklung des Gebietes zu einem Schutzgebiet europ\u00e4ischen Ranges aufzeigen. Er wird davon berichten, dass Naturschutz kein Selbstl\u00e4ufer ist, sondern auch immer mit den Menschen der Region umgesetzt werden muss. Mitunter braucht es daf\u00fcr auch unkonventionelle Ideen.<\/span><\/p>\n<p><span style=\"font-family: 'Cambria',serif\">Freuen Sie sich also auf einen interessanten Vortrag \u00fcber die Geschichte dieses Gebietes, der Entwicklung vom Truppen\u00fcbungsplatz zum Naturschutzgebiet mit Streifz\u00fcgen durch die Flora und Fauna dieses ganz besonderen, n\u00e4hrstoffarmen Lebensraumes und \u00fcber die Naturschutzarbeit der letzten 30 Jahre. Der Vortrag beginnt am 1. Februar um 19 Uhr im Karower Meiler.<\/span><\/p>\n<p>&nbsp;<\/p>\n<div id=\"attachment_4296\" style=\"width: 630px\" class=\"wp-caption alignnone\"><a href=\"https:\/\/www.naturparkmagazin.de\/nossentiner-schwinzer-heide\/wp-content\/uploads\/sites\/28\/NSG-Marienflie\u00df24_s.jpg\"><img aria-describedby=\"caption-attachment-4296\" decoding=\"async\" loading=\"lazy\" class=\"wp-image-4296 size-medium\" src=\"https:\/\/www.naturparkmagazin.de\/nossentiner-schwinzer-heide\/wp-content\/uploads\/sites\/28\/NSG-Marienflie\u00df24_s-620x413.jpg\" alt=\"NSG Marienflie\u00df24_s\" width=\"620\" height=\"413\" srcset=\"https:\/\/www.naturparkmagazin.de\/nossentiner-schwinzer-heide\/wp-content\/uploads\/sites\/28\/NSG-Marienflie\u00df24_s-620x413.jpg 620w, https:\/\/www.naturparkmagazin.de\/nossentiner-schwinzer-heide\/wp-content\/uploads\/sites\/28\/NSG-Marienflie\u00df24_s-300x200.jpg 300w, https:\/\/www.naturparkmagazin.de\/nossentiner-schwinzer-heide\/wp-content\/uploads\/sites\/28\/NSG-Marienflie\u00df24_s-940x626.jpg 940w, https:\/\/www.naturparkmagazin.de\/nossentiner-schwinzer-heide\/wp-content\/uploads\/sites\/28\/NSG-Marienflie\u00df24_s-670x446.jpg 670w, https:\/\/www.naturparkmagazin.de\/nossentiner-schwinzer-heide\/wp-content\/uploads\/sites\/28\/NSG-Marienflie\u00df24_s-200x133.jpg 200w, https:\/\/www.naturparkmagazin.de\/nossentiner-schwinzer-heide\/wp-content\/uploads\/sites\/28\/NSG-Marienflie\u00df24_s.jpg 1280w\" sizes=\"(max-width: 620px) 100vw, 620px\" \/><\/a><p id=\"caption-attachment-4296\" class=\"wp-caption-text\">Das NSG Marienflie\u00df.\u00a0\u00a0 | Foto: Udo Steinh\u00e4user<\/p><\/div>\n","protected":false},"excerpt":{"rendered":"<p>Nachdem der Vortrag im Oktober ausfallen musste, freuen wir uns nun auf den 1. Februar: Udo Steinh\u00e4user wird die Geschichte des NSG Marienflie\u00df im Karower Meiler vorstellen.<\/p>\n","protected":false},"author":84,"featured_media":4296,"comment_status":"open","ping_status":"open","sticky":false,"template":"","format":"standard","meta":[],"categories":[11],"tags":[],"yoast_head":"<!-- This site is optimized with the Yoast SEO plugin v19.10 - https:\/\/yoast.com\/wordpress\/plugins\/seo\/ -->\n<title>Vortrag von Udo Steinh\u00e4user \u00fcber das NSG Marienflie\u00df - Naturpark Nossentiner\/Schwinzer Heide<\/title>\n<meta name=\"robots\" content=\"index, follow, max-snippet:-1, max-image-preview:large, max-video-preview:-1\" \/>\n<link rel=\"canonical\" href=\"https:\/\/www.naturparkmagazin.de\/nossentiner-schwinzer-heide\/vortrag-von-udo-steinhaeuser-ueber-das-marienfliess\/\" \/>\n<meta property=\"og:locale\" content=\"de_DE\" \/>\n<meta property=\"og:type\" content=\"article\" \/>\n<meta property=\"og:title\" content=\"Vortrag von Udo Steinh\u00e4user \u00fcber das NSG Marienflie\u00df - Naturpark Nossentiner\/Schwinzer Heide\" \/>\n<meta property=\"og:description\" content=\"Nachdem der Vortrag im Oktober ausfallen musste, freuen wir uns nun auf den 1. Februar: Udo Steinh\u00e4user wird die Geschichte des NSG Marienflie\u00df im Karower Meiler vorstellen.\" \/>\n<meta property=\"og:url\" content=\"https:\/\/www.naturparkmagazin.de\/nossentiner-schwinzer-heide\/vortrag-von-udo-steinhaeuser-ueber-das-marienfliess\/\" \/>\n<meta property=\"og:site_name\" content=\"Naturpark Nossentiner\/Schwinzer Heide\" \/>\n<meta property=\"article:published_time\" content=\"2023-01-19T20:56:31+00:00\" \/>\n<meta property=\"article:modified_time\" content=\"2023-01-20T10:17:49+00:00\" \/>\n<meta property=\"og:image\" content=\"https:\/\/www.naturparkmagazin.de\/nossentiner-schwinzer-heide\/wp-content\/uploads\/sites\/28\/NSG-Marienflie\u00df24_s.jpg\" \/>\n\t<meta property=\"og:image:width\" content=\"1280\" \/>\n\t<meta property=\"og:image:height\" content=\"853\" \/>\n\t<meta property=\"og:image:type\" content=\"image\/jpeg\" \/>\n<meta name=\"author\" content=\"evelinkartheuser\" \/>\n<meta name=\"twitter:label1\" content=\"Verfasst von\" \/>\n\t<meta name=\"twitter:data1\" content=\"evelinkartheuser\" \/>\n\t<meta name=\"twitter:label2\" content=\"Gesch\u00e4tzte Lesezeit\" \/>\n\t<meta name=\"twitter:data2\" content=\"2\u00a0Minuten\" \/>\n<script type=\"application\/ld+json\" class=\"yoast-schema-graph\">{\"@context\":\"https:\/\/schema.org\",\"@graph\":[{\"@type\":\"WebPage\",\"@id\":\"https:\/\/www.naturparkmagazin.de\/nossentiner-schwinzer-heide\/vortrag-von-udo-steinhaeuser-ueber-das-marienfliess\/\",\"url\":\"https:\/\/www.naturparkmagazin.de\/nossentiner-schwinzer-heide\/vortrag-von-udo-steinhaeuser-ueber-das-marienfliess\/\",\"name\":\"Vortrag von Udo Steinh\u00e4user \u00fcber das NSG Marienflie\u00df - Naturpark Nossentiner\/Schwinzer Heide\",\"isPartOf\":{\"@id\":\"https:\/\/www.naturparkmagazin.de\/nossentiner-schwinzer-heide\/#website\"},\"datePublished\":\"2023-01-19T20:56:31+00:00\",\"dateModified\":\"2023-01-20T10:17:49+00:00\",\"author\":{\"@id\":\"https:\/\/www.naturparkmagazin.de\/nossentiner-schwinzer-heide\/#\/schema\/person\/6e5721221b13b6f827e696f29ff18008\"},\"breadcrumb\":{\"@id\":\"https:\/\/www.naturparkmagazin.de\/nossentiner-schwinzer-heide\/vortrag-von-udo-steinhaeuser-ueber-das-marienfliess\/#breadcrumb\"},\"inLanguage\":\"de\",\"potentialAction\":[{\"@type\":\"ReadAction\",\"target\":[\"https:\/\/www.naturparkmagazin.de\/nossentiner-schwinzer-heide\/vortrag-von-udo-steinhaeuser-ueber-das-marienfliess\/\"]}]},{\"@type\":\"BreadcrumbList\",\"@id\":\"https:\/\/www.naturparkmagazin.de\/nossentiner-schwinzer-heide\/vortrag-von-udo-steinhaeuser-ueber-das-marienfliess\/#breadcrumb\",\"itemListElement\":[{\"@type\":\"ListItem\",\"position\":1,\"name\":\"Home\",\"item\":\"https:\/\/www.naturparkmagazin.de\/nossentiner-schwinzer-heide\/\"},{\"@type\":\"ListItem\",\"position\":2,\"name\":\"Vortrag von Udo Steinh\u00e4user \u00fcber das NSG Marienflie\u00df\"}]},{\"@type\":\"WebSite\",\"@id\":\"https:\/\/www.naturparkmagazin.de\/nossentiner-schwinzer-heide\/#website\",\"url\":\"https:\/\/www.naturparkmagazin.de\/nossentiner-schwinzer-heide\/\",\"name\":\"Naturpark Nossentiner\/Schwinzer Heide\",\"description\":\"\",\"potentialAction\":[{\"@type\":\"SearchAction\",\"target\":{\"@type\":\"EntryPoint\",\"urlTemplate\":\"https:\/\/www.naturparkmagazin.de\/nossentiner-schwinzer-heide\/?s={search_term_string}\"},\"query-input\":\"required name=search_term_string\"}],\"inLanguage\":\"de\"},{\"@type\":\"Person\",\"@id\":\"https:\/\/www.naturparkmagazin.de\/nossentiner-schwinzer-heide\/#\/schema\/person\/6e5721221b13b6f827e696f29ff18008\",\"name\":\"evelinkartheuser\",\"url\":\"https:\/\/www.naturparkmagazin.de\/nossentiner-schwinzer-heide\/author\/evelinkartheuser\/\"}]}<\/script>\n<!-- \/ Yoast SEO plugin. -->","yoast_head_json":{"title":"Vortrag von Udo Steinh\u00e4user \u00fcber das NSG Marienflie\u00df - Naturpark Nossentiner\/Schwinzer Heide","robots":{"index":"index","follow":"follow","max-snippet":"max-snippet:-1","max-image-preview":"max-image-preview:large","max-video-preview":"max-video-preview:-1"},"canonical":"https:\/\/www.naturparkmagazin.de\/nossentiner-schwinzer-heide\/vortrag-von-udo-steinhaeuser-ueber-das-marienfliess\/","og_locale":"de_DE","og_type":"article","og_title":"Vortrag von Udo Steinh\u00e4user \u00fcber das NSG Marienflie\u00df - Naturpark Nossentiner\/Schwinzer Heide","og_description":"Nachdem der Vortrag im Oktober ausfallen musste, freuen wir uns nun auf den 1. Februar: Udo Steinh\u00e4user wird die Geschichte des NSG Marienflie\u00df im Karower Meiler vorstellen.","og_url":"https:\/\/www.naturparkmagazin.de\/nossentiner-schwinzer-heide\/vortrag-von-udo-steinhaeuser-ueber-das-marienfliess\/","og_site_name":"Naturpark Nossentiner\/Schwinzer Heide","article_published_time":"2023-01-19T20:56:31+00:00","article_modified_time":"2023-01-20T10:17:49+00:00","og_image":[{"width":1280,"height":853,"url":"https:\/\/www.naturparkmagazin.de\/nossentiner-schwinzer-heide\/wp-content\/uploads\/sites\/28\/NSG-Marienflie\u00df24_s.jpg","type":"image\/jpeg"}],"author":"evelinkartheuser","twitter_misc":{"Verfasst von":"evelinkartheuser","Gesch\u00e4tzte Lesezeit":"2\u00a0Minuten"},"schema":{"@context":"https:\/\/schema.org","@graph":[{"@type":"WebPage","@id":"https:\/\/www.naturparkmagazin.de\/nossentiner-schwinzer-heide\/vortrag-von-udo-steinhaeuser-ueber-das-marienfliess\/","url":"https:\/\/www.naturparkmagazin.de\/nossentiner-schwinzer-heide\/vortrag-von-udo-steinhaeuser-ueber-das-marienfliess\/","name":"Vortrag von Udo Steinh\u00e4user \u00fcber das NSG Marienflie\u00df - Naturpark Nossentiner\/Schwinzer Heide","isPartOf":{"@id":"https:\/\/www.naturparkmagazin.de\/nossentiner-schwinzer-heide\/#website"},"datePublished":"2023-01-19T20:56:31+00:00","dateModified":"2023-01-20T10:17:49+00:00","author":{"@id":"https:\/\/www.naturparkmagazin.de\/nossentiner-schwinzer-heide\/#\/schema\/person\/6e5721221b13b6f827e696f29ff18008"},"breadcrumb":{"@id":"https:\/\/www.naturparkmagazin.de\/nossentiner-schwinzer-heide\/vortrag-von-udo-steinhaeuser-ueber-das-marienfliess\/#breadcrumb"},"inLanguage":"de","potentialAction":[{"@type":"ReadAction","target":["https:\/\/www.naturparkmagazin.de\/nossentiner-schwinzer-heide\/vortrag-von-udo-steinhaeuser-ueber-das-marienfliess\/"]}]},{"@type":"BreadcrumbList","@id":"https:\/\/www.naturparkmagazin.de\/nossentiner-schwinzer-heide\/vortrag-von-udo-steinhaeuser-ueber-das-marienfliess\/#breadcrumb","itemListElement":[{"@type":"ListItem","position":1,"name":"Home","item":"https:\/\/www.naturparkmagazin.de\/nossentiner-schwinzer-heide\/"},{"@type":"ListItem","position":2,"name":"Vortrag von Udo Steinh\u00e4user \u00fcber das NSG Marienflie\u00df"}]},{"@type":"WebSite","@id":"https:\/\/www.naturparkmagazin.de\/nossentiner-schwinzer-heide\/#website","url":"https:\/\/www.naturparkmagazin.de\/nossentiner-schwinzer-heide\/","name":"Naturpark Nossentiner\/Schwinzer Heide","description":"","potentialAction":[{"@type":"SearchAction","target":{"@type":"EntryPoint","urlTemplate":"https:\/\/www.naturparkmagazin.de\/nossentiner-schwinzer-heide\/?s={search_term_string}"},"query-input":"required name=search_term_string"}],"inLanguage":"de"},{"@type":"Person","@id":"https:\/\/www.naturparkmagazin.de\/nossentiner-schwinzer-heide\/#\/schema\/person\/6e5721221b13b6f827e696f29ff18008","name":"evelinkartheuser","url":"https:\/\/www.naturparkmagazin.de\/nossentiner-schwinzer-heide\/author\/evelinkartheuser\/"}]}},"_links":{"self":[{"href":"https:\/\/www.naturparkmagazin.de\/nossentiner-schwinzer-heide\/wp-json\/wp\/v2\/posts\/4269"}],"collection":[{"href":"https:\/\/www.naturparkmagazin.de\/nossentiner-schwinzer-heide\/wp-json\/wp\/v2\/posts"}],"about":[{"href":"https:\/\/www.naturparkmagazin.de\/nossentiner-schwinzer-heide\/wp-json\/wp\/v2\/types\/post"}],"author":[{"embeddable":true,"href":"https:\/\/www.naturparkmagazin.de\/nossentiner-schwinzer-heide\/wp-json\/wp\/v2\/users\/84"}],"replies":[{"embeddable":true,"href":"https:\/\/www.naturparkmagazin.de\/nossentiner-schwinzer-heide\/wp-json\/wp\/v2\/comments?post=4269"}],"version-history":[{"count":9,"href":"https:\/\/www.naturparkmagazin.de\/nossentiner-schwinzer-heide\/wp-json\/wp\/v2\/posts\/4269\/revisions"}],"predecessor-version":[{"id":4388,"href":"https:\/\/www.naturparkmagazin.de\/nossentiner-schwinzer-heide\/wp-json\/wp\/v2\/posts\/4269\/revisions\/4388"}],"wp:featuredmedia":[{"embeddable":true,"href":"https:\/\/www.naturparkmagazin.de\/nossentiner-schwinzer-heide\/wp-json\/wp\/v2\/media\/4296"}],"wp:attachment":[{"href":"https:\/\/www.naturparkmagazin.de\/nossentiner-schwinzer-heide\/wp-json\/wp\/v2\/media?parent=4269"}],"wp:term":[{"taxonomy":"category","embeddable":true,"href":"https:\/\/www.naturparkmagazin.de\/nossentiner-schwinzer-heide\/wp-json\/wp\/v2\/categories?post=4269"},{"taxonomy":"post_tag","embeddable":true,"href":"https:\/\/www.naturparkmagazin.de\/nossentiner-schwinzer-heide\/wp-json\/wp\/v2\/tags?post=4269"}],"curies":[{"name":"wp","href":"https:\/\/api.w.org\/{rel}","templated":true}]}}