{"id":428,"date":"2014-04-15T12:49:17","date_gmt":"2014-04-15T10:49:17","guid":{"rendered":"http:\/\/www.naturparkmagazin.de\/nossentiner-schwinzer-heide\/?p=428"},"modified":"2014-04-15T12:49:17","modified_gmt":"2014-04-15T10:49:17","slug":"kleine-welt-ganz-gross","status":"publish","type":"post","link":"https:\/\/www.naturparkmagazin.de\/nossentiner-schwinzer-heide\/kleine-welt-ganz-gross\/","title":{"rendered":"Kleine Welt , ganz GROSS"},"content":{"rendered":"<p>&#8211; das ist das Thema der aktuellen Fotoausstellung im Kultur- und Informationszentrum Karower Meiler. Udo Steinh\u00e4user und Monty Erselius, Entomologen aus Plau am See, pr\u00e4sentieren auf \u00fcber drei\u00dfig Fotos die kleine Welt am Wegesrand. Insbesondere sind auf den Fotos Tag- und Nachtfalter in ihren verschiedenen Entwicklungsstadien, aber auch Libellen, K\u00e4fer und Wanzen, zu sehen. Mit ihren Makroaufnahmen zeigen die beiden Fotografen auch das Sch\u00f6ne und Filigrane in der Insektenwelt. Gleichzeitig gilt es mit den Fotografien f\u00fcr den Schutz dieser Tiere zu werben.<a href=\"https:\/\/www.naturparkmagazin.de\/nossentiner-schwinzer-heide\/wp-content\/uploads\/sites\/28\/Schwalbenschwanz-Noss-SchwHeide-Steinh\u00e4user.jpg\"><img decoding=\"async\" loading=\"lazy\" class=\"alignnone size-full wp-image-429\" alt=\"Schwalbenschwanz, Noss-SchwHeide, Steinh\u00e4user\" src=\"https:\/\/www.naturparkmagazin.de\/nossentiner-schwinzer-heide\/wp-content\/uploads\/sites\/28\/Schwalbenschwanz-Noss-SchwHeide-Steinh\u00e4user.jpg\" width=\"500\" height=\"300\" \/><\/a><\/p>\n<p>Die Ausstellung ist bis zum 28. Juni 2014, im April t\u00e4gl. 10 bis 16 Uhr und ab Mai t\u00e4gl. bis 17 Uhr, ge\u00f6ffnet. Der Eintritt ist frei.<\/p>\n","protected":false},"excerpt":{"rendered":"<p>&#8211; das ist das Thema der aktuellen Fotoausstellung im Kultur- und Informationszentrum Karower Meiler. Udo Steinh\u00e4user und Monty Erselius, Entomologen aus Plau am See, pr\u00e4sentieren auf \u00fcber drei\u00dfig Fotos die kleine Welt am Wegesrand.<\/p>\n","protected":false},"author":28,"featured_media":0,"comment_status":"open","ping_status":"open","sticky":false,"template":"","format":"standard","meta":[],"categories":[11],"tags":[],"yoast_head":"<!-- This site is optimized with the Yoast SEO plugin v19.10 - https:\/\/yoast.com\/wordpress\/plugins\/seo\/ -->\n<title>Kleine Welt , ganz GROSS - Naturpark Nossentiner\/Schwinzer Heide<\/title>\n<meta name=\"robots\" content=\"index, follow, max-snippet:-1, max-image-preview:large, max-video-preview:-1\" \/>\n<link rel=\"canonical\" href=\"https:\/\/www.naturparkmagazin.de\/nossentiner-schwinzer-heide\/kleine-welt-ganz-gross\/\" \/>\n<meta property=\"og:locale\" content=\"de_DE\" \/>\n<meta property=\"og:type\" content=\"article\" \/>\n<meta property=\"og:title\" content=\"Kleine Welt , ganz GROSS - Naturpark Nossentiner\/Schwinzer Heide\" \/>\n<meta property=\"og:description\" content=\"- das ist das Thema der aktuellen Fotoausstellung im Kultur- und Informationszentrum Karower Meiler. Udo Steinh\u00e4user und Monty Erselius, Entomologen aus Plau am See, pr\u00e4sentieren auf \u00fcber drei\u00dfig Fotos die kleine Welt am Wegesrand.\" \/>\n<meta property=\"og:url\" content=\"https:\/\/www.naturparkmagazin.de\/nossentiner-schwinzer-heide\/kleine-welt-ganz-gross\/\" \/>\n<meta property=\"og:site_name\" content=\"Naturpark Nossentiner\/Schwinzer Heide\" \/>\n<meta property=\"article:published_time\" content=\"2014-04-15T10:49:17+00:00\" \/>\n<meta name=\"twitter:label1\" content=\"Verfasst von\" \/>\n\t<meta name=\"twitter:data1\" content=\"\" \/>\n\t<meta name=\"twitter:label2\" content=\"Gesch\u00e4tzte Lesezeit\" \/>\n\t<meta name=\"twitter:data2\" content=\"1\u00a0Minute\" \/>\n<script type=\"application\/ld+json\" class=\"yoast-schema-graph\">{\"@context\":\"https:\/\/schema.org\",\"@graph\":[{\"@type\":\"WebPage\",\"@id\":\"https:\/\/www.naturparkmagazin.de\/nossentiner-schwinzer-heide\/kleine-welt-ganz-gross\/\",\"url\":\"https:\/\/www.naturparkmagazin.de\/nossentiner-schwinzer-heide\/kleine-welt-ganz-gross\/\",\"name\":\"Kleine Welt , ganz GROSS - Naturpark Nossentiner\/Schwinzer Heide\",\"isPartOf\":{\"@id\":\"https:\/\/www.naturparkmagazin.de\/nossentiner-schwinzer-heide\/#website\"},\"datePublished\":\"2014-04-15T10:49:17+00:00\",\"dateModified\":\"2014-04-15T10:49:17+00:00\",\"author\":{\"@id\":\"\"},\"breadcrumb\":{\"@id\":\"https:\/\/www.naturparkmagazin.de\/nossentiner-schwinzer-heide\/kleine-welt-ganz-gross\/#breadcrumb\"},\"inLanguage\":\"de\",\"potentialAction\":[{\"@type\":\"ReadAction\",\"target\":[\"https:\/\/www.naturparkmagazin.de\/nossentiner-schwinzer-heide\/kleine-welt-ganz-gross\/\"]}]},{\"@type\":\"BreadcrumbList\",\"@id\":\"https:\/\/www.naturparkmagazin.de\/nossentiner-schwinzer-heide\/kleine-welt-ganz-gross\/#breadcrumb\",\"itemListElement\":[{\"@type\":\"ListItem\",\"position\":1,\"name\":\"Home\",\"item\":\"https:\/\/www.naturparkmagazin.de\/nossentiner-schwinzer-heide\/\"},{\"@type\":\"ListItem\",\"position\":2,\"name\":\"Kleine Welt , ganz GROSS\"}]},{\"@type\":\"WebSite\",\"@id\":\"https:\/\/www.naturparkmagazin.de\/nossentiner-schwinzer-heide\/#website\",\"url\":\"https:\/\/www.naturparkmagazin.de\/nossentiner-schwinzer-heide\/\",\"name\":\"Naturpark Nossentiner\/Schwinzer Heide\",\"description\":\"\",\"potentialAction\":[{\"@type\":\"SearchAction\",\"target\":{\"@type\":\"EntryPoint\",\"urlTemplate\":\"https:\/\/www.naturparkmagazin.de\/nossentiner-schwinzer-heide\/?s={search_term_string}\"},\"query-input\":\"required name=search_term_string\"}],\"inLanguage\":\"de\"},{\"@type\":\"Person\",\"@id\":\"\",\"url\":\"https:\/\/www.naturparkmagazin.de\/nossentiner-schwinzer-heide\/author\/\"}]}<\/script>\n<!-- \/ Yoast SEO plugin. -->","yoast_head_json":{"title":"Kleine Welt , ganz GROSS - Naturpark Nossentiner\/Schwinzer Heide","robots":{"index":"index","follow":"follow","max-snippet":"max-snippet:-1","max-image-preview":"max-image-preview:large","max-video-preview":"max-video-preview:-1"},"canonical":"https:\/\/www.naturparkmagazin.de\/nossentiner-schwinzer-heide\/kleine-welt-ganz-gross\/","og_locale":"de_DE","og_type":"article","og_title":"Kleine Welt , ganz GROSS - Naturpark Nossentiner\/Schwinzer Heide","og_description":"- das ist das Thema der aktuellen Fotoausstellung im Kultur- und Informationszentrum Karower Meiler. Udo Steinh\u00e4user und Monty Erselius, Entomologen aus Plau am See, pr\u00e4sentieren auf \u00fcber drei\u00dfig Fotos die kleine Welt am Wegesrand.","og_url":"https:\/\/www.naturparkmagazin.de\/nossentiner-schwinzer-heide\/kleine-welt-ganz-gross\/","og_site_name":"Naturpark Nossentiner\/Schwinzer Heide","article_published_time":"2014-04-15T10:49:17+00:00","twitter_misc":{"Verfasst von":"","Gesch\u00e4tzte Lesezeit":"1\u00a0Minute"},"schema":{"@context":"https:\/\/schema.org","@graph":[{"@type":"WebPage","@id":"https:\/\/www.naturparkmagazin.de\/nossentiner-schwinzer-heide\/kleine-welt-ganz-gross\/","url":"https:\/\/www.naturparkmagazin.de\/nossentiner-schwinzer-heide\/kleine-welt-ganz-gross\/","name":"Kleine Welt , ganz GROSS - Naturpark Nossentiner\/Schwinzer Heide","isPartOf":{"@id":"https:\/\/www.naturparkmagazin.de\/nossentiner-schwinzer-heide\/#website"},"datePublished":"2014-04-15T10:49:17+00:00","dateModified":"2014-04-15T10:49:17+00:00","author":{"@id":""},"breadcrumb":{"@id":"https:\/\/www.naturparkmagazin.de\/nossentiner-schwinzer-heide\/kleine-welt-ganz-gross\/#breadcrumb"},"inLanguage":"de","potentialAction":[{"@type":"ReadAction","target":["https:\/\/www.naturparkmagazin.de\/nossentiner-schwinzer-heide\/kleine-welt-ganz-gross\/"]}]},{"@type":"BreadcrumbList","@id":"https:\/\/www.naturparkmagazin.de\/nossentiner-schwinzer-heide\/kleine-welt-ganz-gross\/#breadcrumb","itemListElement":[{"@type":"ListItem","position":1,"name":"Home","item":"https:\/\/www.naturparkmagazin.de\/nossentiner-schwinzer-heide\/"},{"@type":"ListItem","position":2,"name":"Kleine Welt , ganz GROSS"}]},{"@type":"WebSite","@id":"https:\/\/www.naturparkmagazin.de\/nossentiner-schwinzer-heide\/#website","url":"https:\/\/www.naturparkmagazin.de\/nossentiner-schwinzer-heide\/","name":"Naturpark Nossentiner\/Schwinzer Heide","description":"","potentialAction":[{"@type":"SearchAction","target":{"@type":"EntryPoint","urlTemplate":"https:\/\/www.naturparkmagazin.de\/nossentiner-schwinzer-heide\/?s={search_term_string}"},"query-input":"required name=search_term_string"}],"inLanguage":"de"},{"@type":"Person","@id":"","url":"https:\/\/www.naturparkmagazin.de\/nossentiner-schwinzer-heide\/author\/"}]}},"_links":{"self":[{"href":"https:\/\/www.naturparkmagazin.de\/nossentiner-schwinzer-heide\/wp-json\/wp\/v2\/posts\/428"}],"collection":[{"href":"https:\/\/www.naturparkmagazin.de\/nossentiner-schwinzer-heide\/wp-json\/wp\/v2\/posts"}],"about":[{"href":"https:\/\/www.naturparkmagazin.de\/nossentiner-schwinzer-heide\/wp-json\/wp\/v2\/types\/post"}],"author":[{"embeddable":true,"href":"https:\/\/www.naturparkmagazin.de\/nossentiner-schwinzer-heide\/wp-json\/wp\/v2\/users\/28"}],"replies":[{"embeddable":true,"href":"https:\/\/www.naturparkmagazin.de\/nossentiner-schwinzer-heide\/wp-json\/wp\/v2\/comments?post=428"}],"version-history":[{"count":2,"href":"https:\/\/www.naturparkmagazin.de\/nossentiner-schwinzer-heide\/wp-json\/wp\/v2\/posts\/428\/revisions"}],"predecessor-version":[{"id":432,"href":"https:\/\/www.naturparkmagazin.de\/nossentiner-schwinzer-heide\/wp-json\/wp\/v2\/posts\/428\/revisions\/432"}],"wp:attachment":[{"href":"https:\/\/www.naturparkmagazin.de\/nossentiner-schwinzer-heide\/wp-json\/wp\/v2\/media?parent=428"}],"wp:term":[{"taxonomy":"category","embeddable":true,"href":"https:\/\/www.naturparkmagazin.de\/nossentiner-schwinzer-heide\/wp-json\/wp\/v2\/categories?post=428"},{"taxonomy":"post_tag","embeddable":true,"href":"https:\/\/www.naturparkmagazin.de\/nossentiner-schwinzer-heide\/wp-json\/wp\/v2\/tags?post=428"}],"curies":[{"name":"wp","href":"https:\/\/api.w.org\/{rel}","templated":true}]}}