{"id":433,"date":"2014-04-15T13:38:10","date_gmt":"2014-04-15T11:38:10","guid":{"rendered":"http:\/\/www.naturparkmagazin.de\/nossentiner-schwinzer-heide\/?p=433"},"modified":"2014-04-15T13:38:10","modified_gmt":"2014-04-15T11:38:10","slug":"wandern-und-biologische-vielfalt","status":"publish","type":"post","link":"https:\/\/www.naturparkmagazin.de\/nossentiner-schwinzer-heide\/wandern-und-biologische-vielfalt\/","title":{"rendered":"Wandern und biologische Vielfalt"},"content":{"rendered":"<p>Auch in diesem Jahr findet der Gro\u00dfe Wandertag des Naturparks unter der \u00dcberschrift &#8222;Wandern und biologische Vielfalt&#8220; statt. Ausgehend vom Sportplatz in Jabel, Landkreis Mecklenburgische Seenplatte, erkunden die Wanderer und Radfahrer die vielf\u00e4ltige Landschaft mit einer reichen Naturausstattung.<\/p>\n<div id=\"attachment_435\" style=\"width: 510px\" class=\"wp-caption alignnone\"><a href=\"https:\/\/www.naturparkmagazin.de\/nossentiner-schwinzer-heide\/wp-content\/uploads\/sites\/28\/Wandertag-Noss-SchwHeide-J\u00f6rg-Gast-2013-8654.jpg\"><img aria-describedby=\"caption-attachment-435\" decoding=\"async\" loading=\"lazy\" class=\"size-full wp-image-435\" alt=\"Am Start und Ziel, Wandertag 2013\" src=\"https:\/\/www.naturparkmagazin.de\/nossentiner-schwinzer-heide\/wp-content\/uploads\/sites\/28\/Wandertag-Noss-SchwHeide-J\u00f6rg-Gast-2013-8654.jpg\" width=\"500\" height=\"300\" \/><\/a><p id=\"caption-attachment-435\" class=\"wp-caption-text\">Am Start und Ziel, Wandertag 2013<\/p><\/div>\n<p>Auf Wanderstrecken von 5, 10 oder 20 km bzw. einer Radstrecke \u00fcber 40 km werden zwei Naturschutzgebiete, je nach Route, \u00a0tangiert oder durchwandert.\u00a0 Aber auch ansonsten bietet sich ein abwechslungsreiches Bild dieser mecklenburgischen Sander- und Endmor\u00e4nenlandschaft. Die Wanderer \u00fcber die 20 km durchqueren nicht nur die weiten W\u00e4lder, sondern laufen auch entlang der Ufer von sechs Seen. Auf den kurzen Strecken sind es ein oder zwei Seen. Die Radfahrer umrunden die gesamte Klocksiner Seenkette mit\u00a0ihren sieben Seen, von denen der Tiefe See, mit einer Wassertiefe von 63 m, der zweittiefste See in ganz Mecklenburg-Vorpommern ist. In den\u00a0zu durchwandernden W\u00e4ldern sind neben Rot- und Damhirsch, auch Dachs, Waschb\u00e4r und Co. zu Hause. \u00dcber den Seen und W\u00e4ldern sind See- und Fischadler zu beobachten. Wer einen kleinen Abstecher in das Wisentreservat nach Damerow (Ortsteil von Jabel)\u00a0machen m\u00f6chte\u00a0kann hier die urspr\u00fcnglich in unsereren W\u00e4ldern heimische Wildrindart aus n\u00e4chster N\u00e4he sehen.<\/p>\n<div id=\"attachment_436\" style=\"width: 510px\" class=\"wp-caption alignnone\"><a href=\"https:\/\/www.naturparkmagazin.de\/nossentiner-schwinzer-heide\/wp-content\/uploads\/sites\/28\/Wandertag-Noss-SchwHeide-J\u00f6rg-Gast-2013-8659.jpg\"><img aria-describedby=\"caption-attachment-436\" decoding=\"async\" loading=\"lazy\" class=\"size-full wp-image-436\" alt=\"Auf der Radstrecke\" src=\"https:\/\/www.naturparkmagazin.de\/nossentiner-schwinzer-heide\/wp-content\/uploads\/sites\/28\/Wandertag-Noss-SchwHeide-J\u00f6rg-Gast-2013-8659.jpg\" width=\"500\" height=\"300\" \/><\/a><p id=\"caption-attachment-436\" class=\"wp-caption-text\">Auf der Radstrecke<\/p><\/div>\n<p>Die Startzeit f\u00fcr die Radtour oder die Wanderungen kann frei von 9 bis 12 Uhr gew\u00e4hlt werden. Auch die Geschwindigkeit w\u00e4hlt jeder selbst, denn die Strecken sind extra f\u00fcr diesen Tag durch die Ranger des Naturparks ausgeschildert. Zielschluss ist um 16 Uhr am Start und Ziel auf dem Sportplatz Jabel. Es wird ein Startgeld in H\u00f6he von 2 \u20ac erhoben. Die\u00a0Wanderer erhalten am Ziel Stempel f\u00fcr die erfolgreiche Absolvierung der Strecken, welche f\u00fcr das Internationale Sportabzeichen gewertet werden. Einige Krankenkassen erkennen die Teilnahme im Rahmen der Gesundheitsvorsorge an.<\/p>\n<p>Alle Natur- und Wanderfreunde sind herzlich eingeladen.<\/p>\n","protected":false},"excerpt":{"rendered":"<p>\ufeffAuch in diesem Jahr findet der Gro\u00dfe Wandertag des Naturparks unter der \u00dcberschrift &#8222;Wandern und biologische Vielfalt&#8220; statt. Ausgehend vom Sportplatz in Jabel, Landkreis Mecklenburgische Seenplatte, erkunden die Wanderer und Radfahrer am 11. Mai 2014 die vielf\u00e4ltige Landschaft mit einer reichen Naturausstattung.<\/p>\n","protected":false},"author":28,"featured_media":0,"comment_status":"open","ping_status":"open","sticky":false,"template":"","format":"standard","meta":[],"categories":[11],"tags":[],"yoast_head":"<!-- This site is optimized with the Yoast SEO plugin v19.10 - https:\/\/yoast.com\/wordpress\/plugins\/seo\/ -->\n<title>Wandern und biologische Vielfalt - Naturpark Nossentiner\/Schwinzer Heide<\/title>\n<meta name=\"robots\" content=\"index, follow, max-snippet:-1, max-image-preview:large, max-video-preview:-1\" \/>\n<link rel=\"canonical\" href=\"https:\/\/www.naturparkmagazin.de\/nossentiner-schwinzer-heide\/wandern-und-biologische-vielfalt\/\" \/>\n<meta property=\"og:locale\" content=\"de_DE\" \/>\n<meta property=\"og:type\" content=\"article\" \/>\n<meta property=\"og:title\" content=\"Wandern und biologische Vielfalt - Naturpark Nossentiner\/Schwinzer Heide\" \/>\n<meta property=\"og:description\" content=\"\ufeffAuch in diesem Jahr findet der Gro\u00dfe Wandertag des Naturparks unter der \u00dcberschrift &quot;Wandern und biologische Vielfalt&quot; statt. Ausgehend vom Sportplatz in Jabel, Landkreis Mecklenburgische Seenplatte, erkunden die Wanderer und Radfahrer am 11. Mai 2014 die vielf\u00e4ltige Landschaft mit einer reichen Naturausstattung.\" \/>\n<meta property=\"og:url\" content=\"https:\/\/www.naturparkmagazin.de\/nossentiner-schwinzer-heide\/wandern-und-biologische-vielfalt\/\" \/>\n<meta property=\"og:site_name\" content=\"Naturpark Nossentiner\/Schwinzer Heide\" \/>\n<meta property=\"article:published_time\" content=\"2014-04-15T11:38:10+00:00\" \/>\n<meta name=\"twitter:label1\" content=\"Verfasst von\" \/>\n\t<meta name=\"twitter:data1\" content=\"\" \/>\n\t<meta name=\"twitter:label2\" content=\"Gesch\u00e4tzte Lesezeit\" \/>\n\t<meta name=\"twitter:data2\" content=\"2\u00a0Minuten\" \/>\n<script type=\"application\/ld+json\" class=\"yoast-schema-graph\">{\"@context\":\"https:\/\/schema.org\",\"@graph\":[{\"@type\":\"WebPage\",\"@id\":\"https:\/\/www.naturparkmagazin.de\/nossentiner-schwinzer-heide\/wandern-und-biologische-vielfalt\/\",\"url\":\"https:\/\/www.naturparkmagazin.de\/nossentiner-schwinzer-heide\/wandern-und-biologische-vielfalt\/\",\"name\":\"Wandern und biologische Vielfalt - Naturpark Nossentiner\/Schwinzer Heide\",\"isPartOf\":{\"@id\":\"https:\/\/www.naturparkmagazin.de\/nossentiner-schwinzer-heide\/#website\"},\"datePublished\":\"2014-04-15T11:38:10+00:00\",\"dateModified\":\"2014-04-15T11:38:10+00:00\",\"author\":{\"@id\":\"\"},\"breadcrumb\":{\"@id\":\"https:\/\/www.naturparkmagazin.de\/nossentiner-schwinzer-heide\/wandern-und-biologische-vielfalt\/#breadcrumb\"},\"inLanguage\":\"de\",\"potentialAction\":[{\"@type\":\"ReadAction\",\"target\":[\"https:\/\/www.naturparkmagazin.de\/nossentiner-schwinzer-heide\/wandern-und-biologische-vielfalt\/\"]}]},{\"@type\":\"BreadcrumbList\",\"@id\":\"https:\/\/www.naturparkmagazin.de\/nossentiner-schwinzer-heide\/wandern-und-biologische-vielfalt\/#breadcrumb\",\"itemListElement\":[{\"@type\":\"ListItem\",\"position\":1,\"name\":\"Home\",\"item\":\"https:\/\/www.naturparkmagazin.de\/nossentiner-schwinzer-heide\/\"},{\"@type\":\"ListItem\",\"position\":2,\"name\":\"Wandern und biologische Vielfalt\"}]},{\"@type\":\"WebSite\",\"@id\":\"https:\/\/www.naturparkmagazin.de\/nossentiner-schwinzer-heide\/#website\",\"url\":\"https:\/\/www.naturparkmagazin.de\/nossentiner-schwinzer-heide\/\",\"name\":\"Naturpark Nossentiner\/Schwinzer Heide\",\"description\":\"\",\"potentialAction\":[{\"@type\":\"SearchAction\",\"target\":{\"@type\":\"EntryPoint\",\"urlTemplate\":\"https:\/\/www.naturparkmagazin.de\/nossentiner-schwinzer-heide\/?s={search_term_string}\"},\"query-input\":\"required name=search_term_string\"}],\"inLanguage\":\"de\"},{\"@type\":\"Person\",\"@id\":\"\",\"url\":\"https:\/\/www.naturparkmagazin.de\/nossentiner-schwinzer-heide\/author\/\"}]}<\/script>\n<!-- \/ Yoast SEO plugin. -->","yoast_head_json":{"title":"Wandern und biologische Vielfalt - Naturpark Nossentiner\/Schwinzer Heide","robots":{"index":"index","follow":"follow","max-snippet":"max-snippet:-1","max-image-preview":"max-image-preview:large","max-video-preview":"max-video-preview:-1"},"canonical":"https:\/\/www.naturparkmagazin.de\/nossentiner-schwinzer-heide\/wandern-und-biologische-vielfalt\/","og_locale":"de_DE","og_type":"article","og_title":"Wandern und biologische Vielfalt - Naturpark Nossentiner\/Schwinzer Heide","og_description":"\ufeffAuch in diesem Jahr findet der Gro\u00dfe Wandertag des Naturparks unter der \u00dcberschrift \"Wandern und biologische Vielfalt\" statt. Ausgehend vom Sportplatz in Jabel, Landkreis Mecklenburgische Seenplatte, erkunden die Wanderer und Radfahrer am 11. Mai 2014 die vielf\u00e4ltige Landschaft mit einer reichen Naturausstattung.","og_url":"https:\/\/www.naturparkmagazin.de\/nossentiner-schwinzer-heide\/wandern-und-biologische-vielfalt\/","og_site_name":"Naturpark Nossentiner\/Schwinzer Heide","article_published_time":"2014-04-15T11:38:10+00:00","twitter_misc":{"Verfasst von":"","Gesch\u00e4tzte Lesezeit":"2\u00a0Minuten"},"schema":{"@context":"https:\/\/schema.org","@graph":[{"@type":"WebPage","@id":"https:\/\/www.naturparkmagazin.de\/nossentiner-schwinzer-heide\/wandern-und-biologische-vielfalt\/","url":"https:\/\/www.naturparkmagazin.de\/nossentiner-schwinzer-heide\/wandern-und-biologische-vielfalt\/","name":"Wandern und biologische Vielfalt - Naturpark Nossentiner\/Schwinzer Heide","isPartOf":{"@id":"https:\/\/www.naturparkmagazin.de\/nossentiner-schwinzer-heide\/#website"},"datePublished":"2014-04-15T11:38:10+00:00","dateModified":"2014-04-15T11:38:10+00:00","author":{"@id":""},"breadcrumb":{"@id":"https:\/\/www.naturparkmagazin.de\/nossentiner-schwinzer-heide\/wandern-und-biologische-vielfalt\/#breadcrumb"},"inLanguage":"de","potentialAction":[{"@type":"ReadAction","target":["https:\/\/www.naturparkmagazin.de\/nossentiner-schwinzer-heide\/wandern-und-biologische-vielfalt\/"]}]},{"@type":"BreadcrumbList","@id":"https:\/\/www.naturparkmagazin.de\/nossentiner-schwinzer-heide\/wandern-und-biologische-vielfalt\/#breadcrumb","itemListElement":[{"@type":"ListItem","position":1,"name":"Home","item":"https:\/\/www.naturparkmagazin.de\/nossentiner-schwinzer-heide\/"},{"@type":"ListItem","position":2,"name":"Wandern und biologische Vielfalt"}]},{"@type":"WebSite","@id":"https:\/\/www.naturparkmagazin.de\/nossentiner-schwinzer-heide\/#website","url":"https:\/\/www.naturparkmagazin.de\/nossentiner-schwinzer-heide\/","name":"Naturpark Nossentiner\/Schwinzer Heide","description":"","potentialAction":[{"@type":"SearchAction","target":{"@type":"EntryPoint","urlTemplate":"https:\/\/www.naturparkmagazin.de\/nossentiner-schwinzer-heide\/?s={search_term_string}"},"query-input":"required name=search_term_string"}],"inLanguage":"de"},{"@type":"Person","@id":"","url":"https:\/\/www.naturparkmagazin.de\/nossentiner-schwinzer-heide\/author\/"}]}},"_links":{"self":[{"href":"https:\/\/www.naturparkmagazin.de\/nossentiner-schwinzer-heide\/wp-json\/wp\/v2\/posts\/433"}],"collection":[{"href":"https:\/\/www.naturparkmagazin.de\/nossentiner-schwinzer-heide\/wp-json\/wp\/v2\/posts"}],"about":[{"href":"https:\/\/www.naturparkmagazin.de\/nossentiner-schwinzer-heide\/wp-json\/wp\/v2\/types\/post"}],"author":[{"embeddable":true,"href":"https:\/\/www.naturparkmagazin.de\/nossentiner-schwinzer-heide\/wp-json\/wp\/v2\/users\/28"}],"replies":[{"embeddable":true,"href":"https:\/\/www.naturparkmagazin.de\/nossentiner-schwinzer-heide\/wp-json\/wp\/v2\/comments?post=433"}],"version-history":[{"count":2,"href":"https:\/\/www.naturparkmagazin.de\/nossentiner-schwinzer-heide\/wp-json\/wp\/v2\/posts\/433\/revisions"}],"predecessor-version":[{"id":438,"href":"https:\/\/www.naturparkmagazin.de\/nossentiner-schwinzer-heide\/wp-json\/wp\/v2\/posts\/433\/revisions\/438"}],"wp:attachment":[{"href":"https:\/\/www.naturparkmagazin.de\/nossentiner-schwinzer-heide\/wp-json\/wp\/v2\/media?parent=433"}],"wp:term":[{"taxonomy":"category","embeddable":true,"href":"https:\/\/www.naturparkmagazin.de\/nossentiner-schwinzer-heide\/wp-json\/wp\/v2\/categories?post=433"},{"taxonomy":"post_tag","embeddable":true,"href":"https:\/\/www.naturparkmagazin.de\/nossentiner-schwinzer-heide\/wp-json\/wp\/v2\/tags?post=433"}],"curies":[{"name":"wp","href":"https:\/\/api.w.org\/{rel}","templated":true}]}}