{"id":4331,"date":"2022-10-23T00:34:25","date_gmt":"2022-10-22T22:34:25","guid":{"rendered":"https:\/\/www.naturparkmagazin.de\/nossentiner-schwinzer-heide\/?p=4331"},"modified":"2022-10-27T00:35:46","modified_gmt":"2022-10-26T22:35:46","slug":"vortrag-slawische-burganlagen-von-fred-ruchhoeft-am-16-11-22","status":"publish","type":"post","link":"https:\/\/www.naturparkmagazin.de\/nossentiner-schwinzer-heide\/vortrag-slawische-burganlagen-von-fred-ruchhoeft-am-16-11-22\/","title":{"rendered":"Vortrag &#8222;Slawische Burganlagen&#8220; von Fred Ruchh\u00f6ft am 16.11.22"},"content":{"rendered":"<pre>November 2022<\/pre>\n<p>Karow. Seit langer Zeit war Mecklenburg slawisch besiedelt. Heute noch zeugen markante Burgw\u00e4lle von einstiger Wehrhaftigkeit. Die \u00e4ltesten slawische Burganlagen in unserer Region sind um das Jahr 800 entstanden. Einige davon waren sehr bedeutend in der damaligen Zeit, so zum Beispiel die Burganlage auf der Kohlinsel im Plauer See bei Quetzin. Aus anderen Burganlagen entwickelten sich St\u00e4dte, wie z.B. Malchow oder Schwerin, die somit bereits eine 1000-j\u00e4hrige Geschichte haben.<\/p>\n<div id=\"attachment_4332\" style=\"width: 630px\" class=\"wp-caption alignnone\"><a href=\"https:\/\/www.naturparkmagazin.de\/nossentiner-schwinzer-heide\/wp-content\/uploads\/sites\/28\/Rekonstruierte_Slawenburg_Raddusch_Foto-FredRuchh\u00f6ft_s.jpg\"><img aria-describedby=\"caption-attachment-4332\" decoding=\"async\" loading=\"lazy\" class=\"wp-image-4332 size-medium\" src=\"https:\/\/www.naturparkmagazin.de\/nossentiner-schwinzer-heide\/wp-content\/uploads\/sites\/28\/Rekonstruierte_Slawenburg_Raddusch_Foto-FredRuchh\u00f6ft_s-620x465.jpg\" alt=\"Rekonstruierte_Slawenburg_Raddusch_Foto-FredRuchh\u00f6ft_s\" width=\"620\" height=\"465\" srcset=\"https:\/\/www.naturparkmagazin.de\/nossentiner-schwinzer-heide\/wp-content\/uploads\/sites\/28\/Rekonstruierte_Slawenburg_Raddusch_Foto-FredRuchh\u00f6ft_s-620x465.jpg 620w, https:\/\/www.naturparkmagazin.de\/nossentiner-schwinzer-heide\/wp-content\/uploads\/sites\/28\/Rekonstruierte_Slawenburg_Raddusch_Foto-FredRuchh\u00f6ft_s-300x225.jpg 300w, https:\/\/www.naturparkmagazin.de\/nossentiner-schwinzer-heide\/wp-content\/uploads\/sites\/28\/Rekonstruierte_Slawenburg_Raddusch_Foto-FredRuchh\u00f6ft_s-940x706.jpg 940w, https:\/\/www.naturparkmagazin.de\/nossentiner-schwinzer-heide\/wp-content\/uploads\/sites\/28\/Rekonstruierte_Slawenburg_Raddusch_Foto-FredRuchh\u00f6ft_s-580x435.jpg 580w, https:\/\/www.naturparkmagazin.de\/nossentiner-schwinzer-heide\/wp-content\/uploads\/sites\/28\/Rekonstruierte_Slawenburg_Raddusch_Foto-FredRuchh\u00f6ft_s-420x315.jpg 420w, https:\/\/www.naturparkmagazin.de\/nossentiner-schwinzer-heide\/wp-content\/uploads\/sites\/28\/Rekonstruierte_Slawenburg_Raddusch_Foto-FredRuchh\u00f6ft_s-180x135.jpg 180w, https:\/\/www.naturparkmagazin.de\/nossentiner-schwinzer-heide\/wp-content\/uploads\/sites\/28\/Rekonstruierte_Slawenburg_Raddusch_Foto-FredRuchh\u00f6ft_s-95x71.jpg 95w, https:\/\/www.naturparkmagazin.de\/nossentiner-schwinzer-heide\/wp-content\/uploads\/sites\/28\/Rekonstruierte_Slawenburg_Raddusch_Foto-FredRuchh\u00f6ft_s-670x503.jpg 670w, https:\/\/www.naturparkmagazin.de\/nossentiner-schwinzer-heide\/wp-content\/uploads\/sites\/28\/Rekonstruierte_Slawenburg_Raddusch_Foto-FredRuchh\u00f6ft_s-200x150.jpg 200w, https:\/\/www.naturparkmagazin.de\/nossentiner-schwinzer-heide\/wp-content\/uploads\/sites\/28\/Rekonstruierte_Slawenburg_Raddusch_Foto-FredRuchh\u00f6ft_s.jpg 1280w\" sizes=\"(max-width: 620px) 100vw, 620px\" \/><\/a><p id=\"caption-attachment-4332\" class=\"wp-caption-text\">Rekonstruierte Slawenburg in Raddusch (Brandenburg). Foto: FredRuchh\u00f6ft<\/p><\/div>\n<p>Am 16. November wird der Historiker Fred Ruchh\u00f6ft einen Einblick in die Slawischen Burganlagen unserer Region geben. Fred Ruchh\u00f6ft studierte Geschichte und Arch\u00e4ologie in Berlin und Rostock. Er leitete jahrelang verschiedene Ausgrabungen, so z.B. die Ausgrabung der Slawischen Tempelburg am Kap Arkona. Seit 2019 ist er Leiter des Naturmuseums Goldberg. Der Vortrag im Karower Meiler beginnt um 18.30 Uhr.<\/p>\n<p>&nbsp;<\/p>\n","protected":false},"excerpt":{"rendered":"<p>Am 16. November wird der Historiker Fred Ruchh\u00f6ft einen Einblick in die Slawischen Burganlagen unserer Region geben. <\/p>\n","protected":false},"author":84,"featured_media":4332,"comment_status":"open","ping_status":"open","sticky":false,"template":"","format":"standard","meta":[],"categories":[11],"tags":[],"yoast_head":"<!-- This site is optimized with the Yoast SEO plugin v19.10 - https:\/\/yoast.com\/wordpress\/plugins\/seo\/ -->\n<title>Vortrag &quot;Slawische Burganlagen&quot; von Fred Ruchh\u00f6ft am 16.11.22 - Naturpark Nossentiner\/Schwinzer Heide<\/title>\n<meta name=\"robots\" content=\"index, follow, max-snippet:-1, max-image-preview:large, max-video-preview:-1\" \/>\n<link rel=\"canonical\" href=\"https:\/\/www.naturparkmagazin.de\/nossentiner-schwinzer-heide\/vortrag-slawische-burganlagen-von-fred-ruchhoeft-am-16-11-22\/\" \/>\n<meta property=\"og:locale\" content=\"de_DE\" \/>\n<meta property=\"og:type\" content=\"article\" \/>\n<meta property=\"og:title\" content=\"Vortrag &quot;Slawische Burganlagen&quot; von Fred Ruchh\u00f6ft am 16.11.22 - Naturpark Nossentiner\/Schwinzer Heide\" \/>\n<meta property=\"og:description\" content=\"Am 16. November wird der Historiker Fred Ruchh\u00f6ft einen Einblick in die Slawischen Burganlagen unserer Region geben.\" \/>\n<meta property=\"og:url\" content=\"https:\/\/www.naturparkmagazin.de\/nossentiner-schwinzer-heide\/vortrag-slawische-burganlagen-von-fred-ruchhoeft-am-16-11-22\/\" \/>\n<meta property=\"og:site_name\" content=\"Naturpark Nossentiner\/Schwinzer Heide\" \/>\n<meta property=\"article:published_time\" content=\"2022-10-22T22:34:25+00:00\" \/>\n<meta property=\"article:modified_time\" content=\"2022-10-26T22:35:46+00:00\" \/>\n<meta property=\"og:image\" content=\"https:\/\/www.naturparkmagazin.de\/nossentiner-schwinzer-heide\/wp-content\/uploads\/sites\/28\/Rekonstruierte_Slawenburg_Raddusch_Foto-FredRuchh\u00f6ft_s.jpg\" \/>\n\t<meta property=\"og:image:width\" content=\"1280\" \/>\n\t<meta property=\"og:image:height\" content=\"961\" \/>\n\t<meta property=\"og:image:type\" content=\"image\/jpeg\" \/>\n<meta name=\"author\" content=\"evelinkartheuser\" \/>\n<meta name=\"twitter:label1\" content=\"Verfasst von\" \/>\n\t<meta name=\"twitter:data1\" content=\"evelinkartheuser\" \/>\n\t<meta name=\"twitter:label2\" content=\"Gesch\u00e4tzte Lesezeit\" \/>\n\t<meta name=\"twitter:data2\" content=\"1\u00a0Minute\" \/>\n<script type=\"application\/ld+json\" class=\"yoast-schema-graph\">{\"@context\":\"https:\/\/schema.org\",\"@graph\":[{\"@type\":\"WebPage\",\"@id\":\"https:\/\/www.naturparkmagazin.de\/nossentiner-schwinzer-heide\/vortrag-slawische-burganlagen-von-fred-ruchhoeft-am-16-11-22\/\",\"url\":\"https:\/\/www.naturparkmagazin.de\/nossentiner-schwinzer-heide\/vortrag-slawische-burganlagen-von-fred-ruchhoeft-am-16-11-22\/\",\"name\":\"Vortrag \\\"Slawische Burganlagen\\\" von Fred Ruchh\u00f6ft am 16.11.22 - Naturpark Nossentiner\/Schwinzer Heide\",\"isPartOf\":{\"@id\":\"https:\/\/www.naturparkmagazin.de\/nossentiner-schwinzer-heide\/#website\"},\"datePublished\":\"2022-10-22T22:34:25+00:00\",\"dateModified\":\"2022-10-26T22:35:46+00:00\",\"author\":{\"@id\":\"https:\/\/www.naturparkmagazin.de\/nossentiner-schwinzer-heide\/#\/schema\/person\/6e5721221b13b6f827e696f29ff18008\"},\"breadcrumb\":{\"@id\":\"https:\/\/www.naturparkmagazin.de\/nossentiner-schwinzer-heide\/vortrag-slawische-burganlagen-von-fred-ruchhoeft-am-16-11-22\/#breadcrumb\"},\"inLanguage\":\"de\",\"potentialAction\":[{\"@type\":\"ReadAction\",\"target\":[\"https:\/\/www.naturparkmagazin.de\/nossentiner-schwinzer-heide\/vortrag-slawische-burganlagen-von-fred-ruchhoeft-am-16-11-22\/\"]}]},{\"@type\":\"BreadcrumbList\",\"@id\":\"https:\/\/www.naturparkmagazin.de\/nossentiner-schwinzer-heide\/vortrag-slawische-burganlagen-von-fred-ruchhoeft-am-16-11-22\/#breadcrumb\",\"itemListElement\":[{\"@type\":\"ListItem\",\"position\":1,\"name\":\"Home\",\"item\":\"https:\/\/www.naturparkmagazin.de\/nossentiner-schwinzer-heide\/\"},{\"@type\":\"ListItem\",\"position\":2,\"name\":\"Vortrag &#8222;Slawische Burganlagen&#8220; von Fred Ruchh\u00f6ft am 16.11.22\"}]},{\"@type\":\"WebSite\",\"@id\":\"https:\/\/www.naturparkmagazin.de\/nossentiner-schwinzer-heide\/#website\",\"url\":\"https:\/\/www.naturparkmagazin.de\/nossentiner-schwinzer-heide\/\",\"name\":\"Naturpark Nossentiner\/Schwinzer Heide\",\"description\":\"\",\"potentialAction\":[{\"@type\":\"SearchAction\",\"target\":{\"@type\":\"EntryPoint\",\"urlTemplate\":\"https:\/\/www.naturparkmagazin.de\/nossentiner-schwinzer-heide\/?s={search_term_string}\"},\"query-input\":\"required name=search_term_string\"}],\"inLanguage\":\"de\"},{\"@type\":\"Person\",\"@id\":\"https:\/\/www.naturparkmagazin.de\/nossentiner-schwinzer-heide\/#\/schema\/person\/6e5721221b13b6f827e696f29ff18008\",\"name\":\"evelinkartheuser\",\"url\":\"https:\/\/www.naturparkmagazin.de\/nossentiner-schwinzer-heide\/author\/evelinkartheuser\/\"}]}<\/script>\n<!-- \/ Yoast SEO plugin. -->","yoast_head_json":{"title":"Vortrag \"Slawische Burganlagen\" von Fred Ruchh\u00f6ft am 16.11.22 - Naturpark Nossentiner\/Schwinzer Heide","robots":{"index":"index","follow":"follow","max-snippet":"max-snippet:-1","max-image-preview":"max-image-preview:large","max-video-preview":"max-video-preview:-1"},"canonical":"https:\/\/www.naturparkmagazin.de\/nossentiner-schwinzer-heide\/vortrag-slawische-burganlagen-von-fred-ruchhoeft-am-16-11-22\/","og_locale":"de_DE","og_type":"article","og_title":"Vortrag \"Slawische Burganlagen\" von Fred Ruchh\u00f6ft am 16.11.22 - Naturpark Nossentiner\/Schwinzer Heide","og_description":"Am 16. November wird der Historiker Fred Ruchh\u00f6ft einen Einblick in die Slawischen Burganlagen unserer Region geben.","og_url":"https:\/\/www.naturparkmagazin.de\/nossentiner-schwinzer-heide\/vortrag-slawische-burganlagen-von-fred-ruchhoeft-am-16-11-22\/","og_site_name":"Naturpark Nossentiner\/Schwinzer Heide","article_published_time":"2022-10-22T22:34:25+00:00","article_modified_time":"2022-10-26T22:35:46+00:00","og_image":[{"width":1280,"height":961,"url":"https:\/\/www.naturparkmagazin.de\/nossentiner-schwinzer-heide\/wp-content\/uploads\/sites\/28\/Rekonstruierte_Slawenburg_Raddusch_Foto-FredRuchh\u00f6ft_s.jpg","type":"image\/jpeg"}],"author":"evelinkartheuser","twitter_misc":{"Verfasst von":"evelinkartheuser","Gesch\u00e4tzte Lesezeit":"1\u00a0Minute"},"schema":{"@context":"https:\/\/schema.org","@graph":[{"@type":"WebPage","@id":"https:\/\/www.naturparkmagazin.de\/nossentiner-schwinzer-heide\/vortrag-slawische-burganlagen-von-fred-ruchhoeft-am-16-11-22\/","url":"https:\/\/www.naturparkmagazin.de\/nossentiner-schwinzer-heide\/vortrag-slawische-burganlagen-von-fred-ruchhoeft-am-16-11-22\/","name":"Vortrag \"Slawische Burganlagen\" von Fred Ruchh\u00f6ft am 16.11.22 - Naturpark Nossentiner\/Schwinzer Heide","isPartOf":{"@id":"https:\/\/www.naturparkmagazin.de\/nossentiner-schwinzer-heide\/#website"},"datePublished":"2022-10-22T22:34:25+00:00","dateModified":"2022-10-26T22:35:46+00:00","author":{"@id":"https:\/\/www.naturparkmagazin.de\/nossentiner-schwinzer-heide\/#\/schema\/person\/6e5721221b13b6f827e696f29ff18008"},"breadcrumb":{"@id":"https:\/\/www.naturparkmagazin.de\/nossentiner-schwinzer-heide\/vortrag-slawische-burganlagen-von-fred-ruchhoeft-am-16-11-22\/#breadcrumb"},"inLanguage":"de","potentialAction":[{"@type":"ReadAction","target":["https:\/\/www.naturparkmagazin.de\/nossentiner-schwinzer-heide\/vortrag-slawische-burganlagen-von-fred-ruchhoeft-am-16-11-22\/"]}]},{"@type":"BreadcrumbList","@id":"https:\/\/www.naturparkmagazin.de\/nossentiner-schwinzer-heide\/vortrag-slawische-burganlagen-von-fred-ruchhoeft-am-16-11-22\/#breadcrumb","itemListElement":[{"@type":"ListItem","position":1,"name":"Home","item":"https:\/\/www.naturparkmagazin.de\/nossentiner-schwinzer-heide\/"},{"@type":"ListItem","position":2,"name":"Vortrag &#8222;Slawische Burganlagen&#8220; von Fred Ruchh\u00f6ft am 16.11.22"}]},{"@type":"WebSite","@id":"https:\/\/www.naturparkmagazin.de\/nossentiner-schwinzer-heide\/#website","url":"https:\/\/www.naturparkmagazin.de\/nossentiner-schwinzer-heide\/","name":"Naturpark Nossentiner\/Schwinzer Heide","description":"","potentialAction":[{"@type":"SearchAction","target":{"@type":"EntryPoint","urlTemplate":"https:\/\/www.naturparkmagazin.de\/nossentiner-schwinzer-heide\/?s={search_term_string}"},"query-input":"required name=search_term_string"}],"inLanguage":"de"},{"@type":"Person","@id":"https:\/\/www.naturparkmagazin.de\/nossentiner-schwinzer-heide\/#\/schema\/person\/6e5721221b13b6f827e696f29ff18008","name":"evelinkartheuser","url":"https:\/\/www.naturparkmagazin.de\/nossentiner-schwinzer-heide\/author\/evelinkartheuser\/"}]}},"_links":{"self":[{"href":"https:\/\/www.naturparkmagazin.de\/nossentiner-schwinzer-heide\/wp-json\/wp\/v2\/posts\/4331"}],"collection":[{"href":"https:\/\/www.naturparkmagazin.de\/nossentiner-schwinzer-heide\/wp-json\/wp\/v2\/posts"}],"about":[{"href":"https:\/\/www.naturparkmagazin.de\/nossentiner-schwinzer-heide\/wp-json\/wp\/v2\/types\/post"}],"author":[{"embeddable":true,"href":"https:\/\/www.naturparkmagazin.de\/nossentiner-schwinzer-heide\/wp-json\/wp\/v2\/users\/84"}],"replies":[{"embeddable":true,"href":"https:\/\/www.naturparkmagazin.de\/nossentiner-schwinzer-heide\/wp-json\/wp\/v2\/comments?post=4331"}],"version-history":[{"count":3,"href":"https:\/\/www.naturparkmagazin.de\/nossentiner-schwinzer-heide\/wp-json\/wp\/v2\/posts\/4331\/revisions"}],"predecessor-version":[{"id":4335,"href":"https:\/\/www.naturparkmagazin.de\/nossentiner-schwinzer-heide\/wp-json\/wp\/v2\/posts\/4331\/revisions\/4335"}],"wp:featuredmedia":[{"embeddable":true,"href":"https:\/\/www.naturparkmagazin.de\/nossentiner-schwinzer-heide\/wp-json\/wp\/v2\/media\/4332"}],"wp:attachment":[{"href":"https:\/\/www.naturparkmagazin.de\/nossentiner-schwinzer-heide\/wp-json\/wp\/v2\/media?parent=4331"}],"wp:term":[{"taxonomy":"category","embeddable":true,"href":"https:\/\/www.naturparkmagazin.de\/nossentiner-schwinzer-heide\/wp-json\/wp\/v2\/categories?post=4331"},{"taxonomy":"post_tag","embeddable":true,"href":"https:\/\/www.naturparkmagazin.de\/nossentiner-schwinzer-heide\/wp-json\/wp\/v2\/tags?post=4331"}],"curies":[{"name":"wp","href":"https:\/\/api.w.org\/{rel}","templated":true}]}}