{"id":454,"date":"2014-05-20T19:41:08","date_gmt":"2014-05-20T17:41:08","guid":{"rendered":"http:\/\/www.naturparkmagazin.de\/nossentiner-schwinzer-heide\/?p=454"},"modified":"2014-05-23T19:46:25","modified_gmt":"2014-05-23T17:46:25","slug":"ein-teil-der-klaedener-eichen-abgestorben","status":"publish","type":"post","link":"https:\/\/www.naturparkmagazin.de\/nossentiner-schwinzer-heide\/ein-teil-der-klaedener-eichen-abgestorben\/","title":{"rendered":"Ein Teil der Kl\u00e4dener Eichen abgestorben"},"content":{"rendered":"<div id=\"attachment_455\" style=\"width: 510px\" class=\"wp-caption aligncenter\"><a href=\"https:\/\/www.naturparkmagazin.de\/nossentiner-schwinzer-heide\/wp-content\/uploads\/sites\/28\/Kl\u00e4dener-Eichen_beitrag.jpg\"><img aria-describedby=\"caption-attachment-455\" decoding=\"async\" loading=\"lazy\" class=\"size-full wp-image-455 \" title=\"Kl\u00e4dener Eichen  - Cpoyright: Rolf Koch\" alt=\"Kl\u00e4dener Eichen  - Cpoyright: Rolf Koch\" src=\"https:\/\/www.naturparkmagazin.de\/nossentiner-schwinzer-heide\/wp-content\/uploads\/sites\/28\/Kl\u00e4dener-Eichen_beitrag.jpg\" width=\"500\" height=\"300\" srcset=\"https:\/\/www.naturparkmagazin.de\/nossentiner-schwinzer-heide\/wp-content\/uploads\/sites\/28\/Kl\u00e4dener-Eichen_beitrag.jpg 500w, https:\/\/www.naturparkmagazin.de\/nossentiner-schwinzer-heide\/wp-content\/uploads\/sites\/28\/Kl\u00e4dener-Eichen_beitrag-300x180.jpg 300w, https:\/\/www.naturparkmagazin.de\/nossentiner-schwinzer-heide\/wp-content\/uploads\/sites\/28\/Kl\u00e4dener-Eichen_beitrag-200x120.jpg 200w\" sizes=\"(max-width: 500px) 100vw, 500px\" \/><\/a><p id=\"caption-attachment-455\" class=\"wp-caption-text\">Kl\u00e4dener Eichen &#8211; Cpoyright: Rolf Koch<\/p><\/div>\n<p style=\"text-align: left\">Die Kl\u00e4dener Eichen in der Gemeinde Dobbertin bilden eine Gruppe von uralten Stieleichen, die in der N\u00e4he der Ortschaft Kl\u00e4den urspr\u00fcnglich Bestandteil eines Hudewaldes gewesen sind. Die Einwohner der Ortschaft haben ihre Haustiere, insbesondere Rinder, Ziegen und Schafe, aber auch Schweine, in den Wald getrieben, damit sich die Tiere von den Fr\u00fcchten des Waldes, vor allem von Bucheckern und Eicheln, von Gr\u00e4sern und jungen Zweigen ern\u00e4hren konnten. \u00dcber viele Jahrhunderte betrieben, wurden die alten B\u00e4ume immer weniger, bis die Waldweide 1918 in Mecklenburg verboten wurde. Die heute noch auf der Freifl\u00e4che stehenden 3 B\u00e4ume sind vermutlich zwischen 500 und 800 Jahre alt. Die beiden \u00e4ltesten haben einen Stammumfang von 7 m. Leider sind gerade diese beiden uralten Baumriesen seit mehreren Jahren abg\u00e4ngig und im letzten Sommer waren leider keine jungen Triebe mehr am Baum zu sehen. Zum Gl\u00fcck haben bis zum Schluss beide Stieleichen noch Fr\u00fcchte produziert und abgeworfen, so dass der Naturpark Nossentiner\/Schwinzer Heide mit Hilfe seines Projektes \u201eJunge Riesen\u201c die Chance hatte, \u00fcber den Samen der B\u00e4ume noch Nachkommen zu ziehen, welche in den n\u00e4chsten Jahren in das Umfeld der abgestorbenen B\u00e4ume gepflanzt werden sollen. Da gerade Stieleichen, welche \u00fcber viele Jahrhunderte an einem Standort gewachsen sind, auch nach ihrem Tod noch Lebensraum f\u00fcr viele seltene und gesch\u00fctzte K\u00e4ferarten darstellen, sollten die abgestorbenen B\u00e4ume nicht gef\u00e4llt werden, sondern als Totholz noch viele Jahrzehnte stehen bleiben k\u00f6nnen.<\/p>\n","protected":false},"excerpt":{"rendered":"<p>Die Kl\u00e4dener Eichen bilden eine Gruppe von uralten Stieleichen, die in der N\u00e4he der Ortschaft Kl\u00e4den urspr\u00fcnglich Bestandteil eines Hudewaldes gewesen sind. <\/p>\n","protected":false},"author":51,"featured_media":456,"comment_status":"open","ping_status":"open","sticky":false,"template":"","format":"standard","meta":[],"categories":[7],"tags":[],"yoast_head":"<!-- This site is optimized with the Yoast SEO plugin v19.10 - https:\/\/yoast.com\/wordpress\/plugins\/seo\/ -->\n<title>Ein Teil der Kl\u00e4dener Eichen abgestorben - Naturpark Nossentiner\/Schwinzer Heide<\/title>\n<meta name=\"robots\" content=\"index, follow, max-snippet:-1, max-image-preview:large, max-video-preview:-1\" \/>\n<link rel=\"canonical\" href=\"https:\/\/www.naturparkmagazin.de\/nossentiner-schwinzer-heide\/ein-teil-der-klaedener-eichen-abgestorben\/\" \/>\n<meta property=\"og:locale\" content=\"de_DE\" \/>\n<meta property=\"og:type\" content=\"article\" \/>\n<meta property=\"og:title\" content=\"Ein Teil der Kl\u00e4dener Eichen abgestorben - Naturpark Nossentiner\/Schwinzer Heide\" \/>\n<meta property=\"og:description\" content=\"Die Kl\u00e4dener Eichen bilden eine Gruppe von uralten Stieleichen, die in der N\u00e4he der Ortschaft Kl\u00e4den urspr\u00fcnglich Bestandteil eines Hudewaldes gewesen sind.\" \/>\n<meta property=\"og:url\" content=\"https:\/\/www.naturparkmagazin.de\/nossentiner-schwinzer-heide\/ein-teil-der-klaedener-eichen-abgestorben\/\" \/>\n<meta property=\"og:site_name\" content=\"Naturpark Nossentiner\/Schwinzer Heide\" \/>\n<meta property=\"article:published_time\" content=\"2014-05-20T17:41:08+00:00\" \/>\n<meta property=\"article:modified_time\" content=\"2014-05-23T17:46:25+00:00\" \/>\n<meta property=\"og:image\" content=\"https:\/\/www.naturparkmagazin.de\/nossentiner-schwinzer-heide\/wp-content\/uploads\/sites\/28\/Kl\u00e4dener-Eichen_beitragsbild.jpg\" \/>\n\t<meta property=\"og:image:width\" content=\"180\" \/>\n\t<meta property=\"og:image:height\" content=\"135\" \/>\n\t<meta property=\"og:image:type\" content=\"image\/jpeg\" \/>\n<meta name=\"author\" content=\"beatrixlosem\" \/>\n<meta name=\"twitter:label1\" content=\"Verfasst von\" \/>\n\t<meta name=\"twitter:data1\" content=\"beatrixlosem\" \/>\n\t<meta name=\"twitter:label2\" content=\"Gesch\u00e4tzte Lesezeit\" \/>\n\t<meta name=\"twitter:data2\" content=\"1\u00a0Minute\" \/>\n<script type=\"application\/ld+json\" class=\"yoast-schema-graph\">{\"@context\":\"https:\/\/schema.org\",\"@graph\":[{\"@type\":\"WebPage\",\"@id\":\"https:\/\/www.naturparkmagazin.de\/nossentiner-schwinzer-heide\/ein-teil-der-klaedener-eichen-abgestorben\/\",\"url\":\"https:\/\/www.naturparkmagazin.de\/nossentiner-schwinzer-heide\/ein-teil-der-klaedener-eichen-abgestorben\/\",\"name\":\"Ein Teil der Kl\u00e4dener Eichen abgestorben - Naturpark Nossentiner\/Schwinzer Heide\",\"isPartOf\":{\"@id\":\"https:\/\/www.naturparkmagazin.de\/nossentiner-schwinzer-heide\/#website\"},\"datePublished\":\"2014-05-20T17:41:08+00:00\",\"dateModified\":\"2014-05-23T17:46:25+00:00\",\"author\":{\"@id\":\"https:\/\/www.naturparkmagazin.de\/nossentiner-schwinzer-heide\/#\/schema\/person\/d71357578c318b6db03be60b1f60396b\"},\"breadcrumb\":{\"@id\":\"https:\/\/www.naturparkmagazin.de\/nossentiner-schwinzer-heide\/ein-teil-der-klaedener-eichen-abgestorben\/#breadcrumb\"},\"inLanguage\":\"de\",\"potentialAction\":[{\"@type\":\"ReadAction\",\"target\":[\"https:\/\/www.naturparkmagazin.de\/nossentiner-schwinzer-heide\/ein-teil-der-klaedener-eichen-abgestorben\/\"]}]},{\"@type\":\"BreadcrumbList\",\"@id\":\"https:\/\/www.naturparkmagazin.de\/nossentiner-schwinzer-heide\/ein-teil-der-klaedener-eichen-abgestorben\/#breadcrumb\",\"itemListElement\":[{\"@type\":\"ListItem\",\"position\":1,\"name\":\"Home\",\"item\":\"https:\/\/www.naturparkmagazin.de\/nossentiner-schwinzer-heide\/\"},{\"@type\":\"ListItem\",\"position\":2,\"name\":\"Ein Teil der Kl\u00e4dener Eichen abgestorben\"}]},{\"@type\":\"WebSite\",\"@id\":\"https:\/\/www.naturparkmagazin.de\/nossentiner-schwinzer-heide\/#website\",\"url\":\"https:\/\/www.naturparkmagazin.de\/nossentiner-schwinzer-heide\/\",\"name\":\"Naturpark Nossentiner\/Schwinzer Heide\",\"description\":\"\",\"potentialAction\":[{\"@type\":\"SearchAction\",\"target\":{\"@type\":\"EntryPoint\",\"urlTemplate\":\"https:\/\/www.naturparkmagazin.de\/nossentiner-schwinzer-heide\/?s={search_term_string}\"},\"query-input\":\"required name=search_term_string\"}],\"inLanguage\":\"de\"},{\"@type\":\"Person\",\"@id\":\"https:\/\/www.naturparkmagazin.de\/nossentiner-schwinzer-heide\/#\/schema\/person\/d71357578c318b6db03be60b1f60396b\",\"name\":\"beatrixlosem\",\"url\":\"https:\/\/www.naturparkmagazin.de\/nossentiner-schwinzer-heide\/author\/beatrixlosem\/\"}]}<\/script>\n<!-- \/ Yoast SEO plugin. -->","yoast_head_json":{"title":"Ein Teil der Kl\u00e4dener Eichen abgestorben - Naturpark Nossentiner\/Schwinzer Heide","robots":{"index":"index","follow":"follow","max-snippet":"max-snippet:-1","max-image-preview":"max-image-preview:large","max-video-preview":"max-video-preview:-1"},"canonical":"https:\/\/www.naturparkmagazin.de\/nossentiner-schwinzer-heide\/ein-teil-der-klaedener-eichen-abgestorben\/","og_locale":"de_DE","og_type":"article","og_title":"Ein Teil der Kl\u00e4dener Eichen abgestorben - Naturpark Nossentiner\/Schwinzer Heide","og_description":"Die Kl\u00e4dener Eichen bilden eine Gruppe von uralten Stieleichen, die in der N\u00e4he der Ortschaft Kl\u00e4den urspr\u00fcnglich Bestandteil eines Hudewaldes gewesen sind.","og_url":"https:\/\/www.naturparkmagazin.de\/nossentiner-schwinzer-heide\/ein-teil-der-klaedener-eichen-abgestorben\/","og_site_name":"Naturpark Nossentiner\/Schwinzer Heide","article_published_time":"2014-05-20T17:41:08+00:00","article_modified_time":"2014-05-23T17:46:25+00:00","og_image":[{"width":180,"height":135,"url":"https:\/\/www.naturparkmagazin.de\/nossentiner-schwinzer-heide\/wp-content\/uploads\/sites\/28\/Kl\u00e4dener-Eichen_beitragsbild.jpg","type":"image\/jpeg"}],"author":"beatrixlosem","twitter_misc":{"Verfasst von":"beatrixlosem","Gesch\u00e4tzte Lesezeit":"1\u00a0Minute"},"schema":{"@context":"https:\/\/schema.org","@graph":[{"@type":"WebPage","@id":"https:\/\/www.naturparkmagazin.de\/nossentiner-schwinzer-heide\/ein-teil-der-klaedener-eichen-abgestorben\/","url":"https:\/\/www.naturparkmagazin.de\/nossentiner-schwinzer-heide\/ein-teil-der-klaedener-eichen-abgestorben\/","name":"Ein Teil der Kl\u00e4dener Eichen abgestorben - Naturpark Nossentiner\/Schwinzer Heide","isPartOf":{"@id":"https:\/\/www.naturparkmagazin.de\/nossentiner-schwinzer-heide\/#website"},"datePublished":"2014-05-20T17:41:08+00:00","dateModified":"2014-05-23T17:46:25+00:00","author":{"@id":"https:\/\/www.naturparkmagazin.de\/nossentiner-schwinzer-heide\/#\/schema\/person\/d71357578c318b6db03be60b1f60396b"},"breadcrumb":{"@id":"https:\/\/www.naturparkmagazin.de\/nossentiner-schwinzer-heide\/ein-teil-der-klaedener-eichen-abgestorben\/#breadcrumb"},"inLanguage":"de","potentialAction":[{"@type":"ReadAction","target":["https:\/\/www.naturparkmagazin.de\/nossentiner-schwinzer-heide\/ein-teil-der-klaedener-eichen-abgestorben\/"]}]},{"@type":"BreadcrumbList","@id":"https:\/\/www.naturparkmagazin.de\/nossentiner-schwinzer-heide\/ein-teil-der-klaedener-eichen-abgestorben\/#breadcrumb","itemListElement":[{"@type":"ListItem","position":1,"name":"Home","item":"https:\/\/www.naturparkmagazin.de\/nossentiner-schwinzer-heide\/"},{"@type":"ListItem","position":2,"name":"Ein Teil der Kl\u00e4dener Eichen abgestorben"}]},{"@type":"WebSite","@id":"https:\/\/www.naturparkmagazin.de\/nossentiner-schwinzer-heide\/#website","url":"https:\/\/www.naturparkmagazin.de\/nossentiner-schwinzer-heide\/","name":"Naturpark Nossentiner\/Schwinzer Heide","description":"","potentialAction":[{"@type":"SearchAction","target":{"@type":"EntryPoint","urlTemplate":"https:\/\/www.naturparkmagazin.de\/nossentiner-schwinzer-heide\/?s={search_term_string}"},"query-input":"required name=search_term_string"}],"inLanguage":"de"},{"@type":"Person","@id":"https:\/\/www.naturparkmagazin.de\/nossentiner-schwinzer-heide\/#\/schema\/person\/d71357578c318b6db03be60b1f60396b","name":"beatrixlosem","url":"https:\/\/www.naturparkmagazin.de\/nossentiner-schwinzer-heide\/author\/beatrixlosem\/"}]}},"_links":{"self":[{"href":"https:\/\/www.naturparkmagazin.de\/nossentiner-schwinzer-heide\/wp-json\/wp\/v2\/posts\/454"}],"collection":[{"href":"https:\/\/www.naturparkmagazin.de\/nossentiner-schwinzer-heide\/wp-json\/wp\/v2\/posts"}],"about":[{"href":"https:\/\/www.naturparkmagazin.de\/nossentiner-schwinzer-heide\/wp-json\/wp\/v2\/types\/post"}],"author":[{"embeddable":true,"href":"https:\/\/www.naturparkmagazin.de\/nossentiner-schwinzer-heide\/wp-json\/wp\/v2\/users\/51"}],"replies":[{"embeddable":true,"href":"https:\/\/www.naturparkmagazin.de\/nossentiner-schwinzer-heide\/wp-json\/wp\/v2\/comments?post=454"}],"version-history":[{"count":3,"href":"https:\/\/www.naturparkmagazin.de\/nossentiner-schwinzer-heide\/wp-json\/wp\/v2\/posts\/454\/revisions"}],"predecessor-version":[{"id":458,"href":"https:\/\/www.naturparkmagazin.de\/nossentiner-schwinzer-heide\/wp-json\/wp\/v2\/posts\/454\/revisions\/458"}],"wp:featuredmedia":[{"embeddable":true,"href":"https:\/\/www.naturparkmagazin.de\/nossentiner-schwinzer-heide\/wp-json\/wp\/v2\/media\/456"}],"wp:attachment":[{"href":"https:\/\/www.naturparkmagazin.de\/nossentiner-schwinzer-heide\/wp-json\/wp\/v2\/media?parent=454"}],"wp:term":[{"taxonomy":"category","embeddable":true,"href":"https:\/\/www.naturparkmagazin.de\/nossentiner-schwinzer-heide\/wp-json\/wp\/v2\/categories?post=454"},{"taxonomy":"post_tag","embeddable":true,"href":"https:\/\/www.naturparkmagazin.de\/nossentiner-schwinzer-heide\/wp-json\/wp\/v2\/tags?post=454"}],"curies":[{"name":"wp","href":"https:\/\/api.w.org\/{rel}","templated":true}]}}