{"id":4573,"date":"2023-03-28T11:16:44","date_gmt":"2023-03-28T09:16:44","guid":{"rendered":"https:\/\/www.naturparkmagazin.de\/nossentiner-schwinzer-heide\/?p=4573"},"modified":"2023-04-11T14:12:29","modified_gmt":"2023-04-11T12:12:29","slug":"workshop-obstbaumveredelung-im-karower-meiler","status":"publish","type":"post","link":"https:\/\/www.naturparkmagazin.de\/nossentiner-schwinzer-heide\/workshop-obstbaumveredelung-im-karower-meiler\/","title":{"rendered":"Workshop Obstbaumveredelung im Karower Meiler"},"content":{"rendered":"<p><strong>Karow<\/strong>. Wer schon einmal davon getr\u00e4umt hat, ein Apfel- oder Birnb\u00e4umchen mit den eigenen Lieblingssorten zu veredeln, kann die Technik der Obstbaumveredelung jetzt lernen: Der Naturpark Nossentiner\/Schwinzer Heide bietet am Samstag, 15. April, von 9.30 Uhr bis 13 Uhr dazu einen Workshop im Karower Meiler an.<\/p>\n<p>Obstb\u00e4ume k\u00f6nnen im Normalfall nicht durch Kerne bzw. Steine vermehrt werden. Eine Ausnahme sind bestimmte Steinobstsorten, wie z.B. Pfirsichsorten. Ansonsten bringt jeder Apfelkern immer eine neue Sorte hervor. Diese ist zwar mit der Ursprungssorte verwandt, besitzt aber meist v\u00f6llig andere Eigenschaften. M\u00f6chte man aber eine bestimmte Sorte erhalten, muss man die B\u00e4ume mittels Veredeln vermehren. Dabei wird ein Zweig der Wunschsorte, das sogenannte Edelreis, auf eine Unterlage (Wurzel, Stamm oder Zweig) gepfropft. Diese Kulturtechnik ist bereits seit der Antike bekannt.<\/p>\n<p>&nbsp;<\/p>\n<div id=\"attachment_4574\" style=\"width: 559px\" class=\"wp-caption alignnone\"><a href=\"https:\/\/www.naturparkmagazin.de\/nossentiner-schwinzer-heide\/wp-content\/uploads\/sites\/28\/image002-2-scaled.jpg\"><img aria-describedby=\"caption-attachment-4574\" decoding=\"async\" loading=\"lazy\" class=\"wp-image-4574 \" src=\"https:\/\/www.naturparkmagazin.de\/nossentiner-schwinzer-heide\/wp-content\/uploads\/sites\/28\/image002-2-620x413.jpg\" alt=\"Zweig mit roten \u00c4pfeln\" width=\"549\" height=\"366\" srcset=\"https:\/\/www.naturparkmagazin.de\/nossentiner-schwinzer-heide\/wp-content\/uploads\/sites\/28\/image002-2-620x413.jpg 620w, https:\/\/www.naturparkmagazin.de\/nossentiner-schwinzer-heide\/wp-content\/uploads\/sites\/28\/image002-2-940x627.jpg 940w, https:\/\/www.naturparkmagazin.de\/nossentiner-schwinzer-heide\/wp-content\/uploads\/sites\/28\/image002-2-300x200.jpg 300w, https:\/\/www.naturparkmagazin.de\/nossentiner-schwinzer-heide\/wp-content\/uploads\/sites\/28\/image002-2-1536x1024.jpg 1536w, https:\/\/www.naturparkmagazin.de\/nossentiner-schwinzer-heide\/wp-content\/uploads\/sites\/28\/image002-2-2048x1365.jpg 2048w, https:\/\/www.naturparkmagazin.de\/nossentiner-schwinzer-heide\/wp-content\/uploads\/sites\/28\/image002-2-670x447.jpg 670w, https:\/\/www.naturparkmagazin.de\/nossentiner-schwinzer-heide\/wp-content\/uploads\/sites\/28\/image002-2-200x133.jpg 200w\" sizes=\"(max-width: 549px) 100vw, 549px\" \/><\/a><p id=\"caption-attachment-4574\" class=\"wp-caption-text\">Frisches Obst aus dem eigenen Garten ist ein Genuss. Wie man auch hier die Sortenvielfalt vergr\u00f6\u00dfern kann, ist Thema des Workshops Obstbaumveredelung im Karower Meiler. Foto: Evelin Kartheuser<\/p><\/div>\n<p>In diesem Workshop lernen die Teilnehmer, mit der Methode der Kopulation auf bereits gepflanzte B\u00e4ume oder auf Unterlagen die Edelreiser verschiedener Sorten zu veredeln. Wenn dies gelingt, kann schon nach wenigen Jahren an den neuen Zweigen Obst wachsen.<\/p>\n<p>Es ist durchaus m\u00f6glich, mehrere Sorten auf einem Baum zu ziehen. Auf diese Weise k\u00f6nnen auch kleinere G\u00e4rten mit nur wenigen Obstb\u00e4umen eine gro\u00dfe Vielfalt an Obst hervorbringen. Auch k\u00f6nnen B\u00e4ume mit wenig schmackhaften Sorten umveredelt und dadurch aufgewertet werden.<\/p>\n<p>Zum \u00dcben der Veredelungs-Technik stellen wir unter Verwendung von kleinen Apfelb\u00e4umen (Unterlagen) und Edelreisern pflanzfertige B\u00e4umchen her, die mit nach Hause genommen werden k\u00f6nnen. Edelreiser von 20 schmackhaften, robusten und teilweise \u00e4u\u00dferst seltenen alten Apfelsorten stehen zur Verf\u00fcgung. Interessierte k\u00f6nnen sich unter folgender Emailadresse anmelden: <a href=\"mailto:info-nsh@lung.mv-regierung.de\">info-nsh@lung.mv-regierung.de<\/a>, Betreff \u201eAnmeldung Veredelungskurs\u201c. Der Teilnehmerbeitrag betr\u00e4gt 30 \u20ac und beinhaltet Script, Veredelungsunterlagen, Kleinmaterial und Getr\u00e4nkepauschale. Sofern bereits vorhanden, kann Werkzeug mitgebracht werden:<\/p>\n<ul>\n<li>einseitig geschliffenes Veredlungsmesser (geeignete Veredelungsmesser k\u00f6nnen auch beim Kurs erworben werden)<\/li>\n<li>Handschere<\/li>\n<li>gut sitzende Leder-Arbeitshandschuhe oder Schnittschutzhandschuhe<\/li>\n<\/ul>\n<p>Reiser von Wunsch-Obstsorten k\u00f6nnen auch\u00a0mitgebracht werden. Diese m\u00fcssen noch in der Winterruhe geschnitten, k\u00fchl gelagert und vor Austrocknung gesch\u00fctzt werden. Gut geeignet sind einj\u00e4hrige Triebe mit vielen Knospen, die etwa Bleistift-stark sein sollten.<\/p>\n<p>Referenten\/Organisation: Edgar Bartel, Evelin Kartheuser (Naturparkmitarbeiter, Mitglied. beim Pomologenverein)<\/p>\n<p>&nbsp;<\/p>\n","protected":false},"excerpt":{"rendered":"<p>Wer schon einmal davon getr\u00e4umt hat, ein Apfel- oder Birnb\u00e4umchen mit den eigenen Lieblingssorten zu veredeln, kann die Technik der Obstbaumveredelung jetzt lernen. Am 15. April 2023 gibt es dazu einen Workshop im Karower Meiler.<\/p>\n","protected":false},"author":84,"featured_media":4574,"comment_status":"open","ping_status":"open","sticky":true,"template":"","format":"standard","meta":[],"categories":[11],"tags":[],"yoast_head":"<!-- This site is optimized with the Yoast SEO plugin v19.10 - https:\/\/yoast.com\/wordpress\/plugins\/seo\/ -->\n<title>Workshop Obstbaumveredelung im Karower Meiler - Naturpark Nossentiner\/Schwinzer Heide<\/title>\n<meta name=\"description\" content=\"workshop obstbaum veredelung \u00e4pfel birnen\" \/>\n<meta name=\"robots\" content=\"index, follow, max-snippet:-1, max-image-preview:large, max-video-preview:-1\" \/>\n<link rel=\"canonical\" href=\"https:\/\/www.naturparkmagazin.de\/nossentiner-schwinzer-heide\/workshop-obstbaumveredelung-im-karower-meiler\/\" \/>\n<meta property=\"og:locale\" content=\"de_DE\" \/>\n<meta property=\"og:type\" content=\"article\" \/>\n<meta property=\"og:title\" content=\"Workshop Obstbaumveredelung im Karower Meiler - Naturpark Nossentiner\/Schwinzer Heide\" \/>\n<meta property=\"og:description\" content=\"workshop obstbaum veredelung \u00e4pfel birnen\" \/>\n<meta property=\"og:url\" content=\"https:\/\/www.naturparkmagazin.de\/nossentiner-schwinzer-heide\/workshop-obstbaumveredelung-im-karower-meiler\/\" \/>\n<meta property=\"og:site_name\" content=\"Naturpark Nossentiner\/Schwinzer Heide\" \/>\n<meta property=\"article:published_time\" content=\"2023-03-28T09:16:44+00:00\" \/>\n<meta property=\"article:modified_time\" content=\"2023-04-11T12:12:29+00:00\" \/>\n<meta property=\"og:image\" content=\"https:\/\/www.naturparkmagazin.de\/nossentiner-schwinzer-heide\/wp-content\/uploads\/sites\/28\/image002-2-scaled.jpg\" \/>\n\t<meta property=\"og:image:width\" content=\"2560\" \/>\n\t<meta property=\"og:image:height\" content=\"1707\" \/>\n\t<meta property=\"og:image:type\" content=\"image\/jpeg\" \/>\n<meta name=\"author\" content=\"evelinkartheuser\" \/>\n<meta name=\"twitter:label1\" content=\"Verfasst von\" \/>\n\t<meta name=\"twitter:data1\" content=\"evelinkartheuser\" \/>\n\t<meta name=\"twitter:label2\" content=\"Gesch\u00e4tzte Lesezeit\" \/>\n\t<meta name=\"twitter:data2\" content=\"3\u00a0Minuten\" \/>\n<script type=\"application\/ld+json\" class=\"yoast-schema-graph\">{\"@context\":\"https:\/\/schema.org\",\"@graph\":[{\"@type\":\"WebPage\",\"@id\":\"https:\/\/www.naturparkmagazin.de\/nossentiner-schwinzer-heide\/workshop-obstbaumveredelung-im-karower-meiler\/\",\"url\":\"https:\/\/www.naturparkmagazin.de\/nossentiner-schwinzer-heide\/workshop-obstbaumveredelung-im-karower-meiler\/\",\"name\":\"Workshop Obstbaumveredelung im Karower Meiler - Naturpark Nossentiner\/Schwinzer Heide\",\"isPartOf\":{\"@id\":\"https:\/\/www.naturparkmagazin.de\/nossentiner-schwinzer-heide\/#website\"},\"datePublished\":\"2023-03-28T09:16:44+00:00\",\"dateModified\":\"2023-04-11T12:12:29+00:00\",\"author\":{\"@id\":\"https:\/\/www.naturparkmagazin.de\/nossentiner-schwinzer-heide\/#\/schema\/person\/6e5721221b13b6f827e696f29ff18008\"},\"description\":\"workshop obstbaum veredelung \u00e4pfel birnen\",\"breadcrumb\":{\"@id\":\"https:\/\/www.naturparkmagazin.de\/nossentiner-schwinzer-heide\/workshop-obstbaumveredelung-im-karower-meiler\/#breadcrumb\"},\"inLanguage\":\"de\",\"potentialAction\":[{\"@type\":\"ReadAction\",\"target\":[\"https:\/\/www.naturparkmagazin.de\/nossentiner-schwinzer-heide\/workshop-obstbaumveredelung-im-karower-meiler\/\"]}]},{\"@type\":\"BreadcrumbList\",\"@id\":\"https:\/\/www.naturparkmagazin.de\/nossentiner-schwinzer-heide\/workshop-obstbaumveredelung-im-karower-meiler\/#breadcrumb\",\"itemListElement\":[{\"@type\":\"ListItem\",\"position\":1,\"name\":\"Home\",\"item\":\"https:\/\/www.naturparkmagazin.de\/nossentiner-schwinzer-heide\/\"},{\"@type\":\"ListItem\",\"position\":2,\"name\":\"Workshop Obstbaumveredelung im Karower Meiler\"}]},{\"@type\":\"WebSite\",\"@id\":\"https:\/\/www.naturparkmagazin.de\/nossentiner-schwinzer-heide\/#website\",\"url\":\"https:\/\/www.naturparkmagazin.de\/nossentiner-schwinzer-heide\/\",\"name\":\"Naturpark Nossentiner\/Schwinzer Heide\",\"description\":\"\",\"potentialAction\":[{\"@type\":\"SearchAction\",\"target\":{\"@type\":\"EntryPoint\",\"urlTemplate\":\"https:\/\/www.naturparkmagazin.de\/nossentiner-schwinzer-heide\/?s={search_term_string}\"},\"query-input\":\"required name=search_term_string\"}],\"inLanguage\":\"de\"},{\"@type\":\"Person\",\"@id\":\"https:\/\/www.naturparkmagazin.de\/nossentiner-schwinzer-heide\/#\/schema\/person\/6e5721221b13b6f827e696f29ff18008\",\"name\":\"evelinkartheuser\",\"url\":\"https:\/\/www.naturparkmagazin.de\/nossentiner-schwinzer-heide\/author\/evelinkartheuser\/\"}]}<\/script>\n<!-- \/ Yoast SEO plugin. -->","yoast_head_json":{"title":"Workshop Obstbaumveredelung im Karower Meiler - Naturpark Nossentiner\/Schwinzer Heide","description":"workshop obstbaum veredelung \u00e4pfel birnen","robots":{"index":"index","follow":"follow","max-snippet":"max-snippet:-1","max-image-preview":"max-image-preview:large","max-video-preview":"max-video-preview:-1"},"canonical":"https:\/\/www.naturparkmagazin.de\/nossentiner-schwinzer-heide\/workshop-obstbaumveredelung-im-karower-meiler\/","og_locale":"de_DE","og_type":"article","og_title":"Workshop Obstbaumveredelung im Karower Meiler - Naturpark Nossentiner\/Schwinzer Heide","og_description":"workshop obstbaum veredelung \u00e4pfel birnen","og_url":"https:\/\/www.naturparkmagazin.de\/nossentiner-schwinzer-heide\/workshop-obstbaumveredelung-im-karower-meiler\/","og_site_name":"Naturpark Nossentiner\/Schwinzer Heide","article_published_time":"2023-03-28T09:16:44+00:00","article_modified_time":"2023-04-11T12:12:29+00:00","og_image":[{"width":2560,"height":1707,"url":"https:\/\/www.naturparkmagazin.de\/nossentiner-schwinzer-heide\/wp-content\/uploads\/sites\/28\/image002-2-scaled.jpg","type":"image\/jpeg"}],"author":"evelinkartheuser","twitter_misc":{"Verfasst von":"evelinkartheuser","Gesch\u00e4tzte Lesezeit":"3\u00a0Minuten"},"schema":{"@context":"https:\/\/schema.org","@graph":[{"@type":"WebPage","@id":"https:\/\/www.naturparkmagazin.de\/nossentiner-schwinzer-heide\/workshop-obstbaumveredelung-im-karower-meiler\/","url":"https:\/\/www.naturparkmagazin.de\/nossentiner-schwinzer-heide\/workshop-obstbaumveredelung-im-karower-meiler\/","name":"Workshop Obstbaumveredelung im Karower Meiler - Naturpark Nossentiner\/Schwinzer Heide","isPartOf":{"@id":"https:\/\/www.naturparkmagazin.de\/nossentiner-schwinzer-heide\/#website"},"datePublished":"2023-03-28T09:16:44+00:00","dateModified":"2023-04-11T12:12:29+00:00","author":{"@id":"https:\/\/www.naturparkmagazin.de\/nossentiner-schwinzer-heide\/#\/schema\/person\/6e5721221b13b6f827e696f29ff18008"},"description":"workshop obstbaum veredelung \u00e4pfel birnen","breadcrumb":{"@id":"https:\/\/www.naturparkmagazin.de\/nossentiner-schwinzer-heide\/workshop-obstbaumveredelung-im-karower-meiler\/#breadcrumb"},"inLanguage":"de","potentialAction":[{"@type":"ReadAction","target":["https:\/\/www.naturparkmagazin.de\/nossentiner-schwinzer-heide\/workshop-obstbaumveredelung-im-karower-meiler\/"]}]},{"@type":"BreadcrumbList","@id":"https:\/\/www.naturparkmagazin.de\/nossentiner-schwinzer-heide\/workshop-obstbaumveredelung-im-karower-meiler\/#breadcrumb","itemListElement":[{"@type":"ListItem","position":1,"name":"Home","item":"https:\/\/www.naturparkmagazin.de\/nossentiner-schwinzer-heide\/"},{"@type":"ListItem","position":2,"name":"Workshop Obstbaumveredelung im Karower Meiler"}]},{"@type":"WebSite","@id":"https:\/\/www.naturparkmagazin.de\/nossentiner-schwinzer-heide\/#website","url":"https:\/\/www.naturparkmagazin.de\/nossentiner-schwinzer-heide\/","name":"Naturpark Nossentiner\/Schwinzer Heide","description":"","potentialAction":[{"@type":"SearchAction","target":{"@type":"EntryPoint","urlTemplate":"https:\/\/www.naturparkmagazin.de\/nossentiner-schwinzer-heide\/?s={search_term_string}"},"query-input":"required name=search_term_string"}],"inLanguage":"de"},{"@type":"Person","@id":"https:\/\/www.naturparkmagazin.de\/nossentiner-schwinzer-heide\/#\/schema\/person\/6e5721221b13b6f827e696f29ff18008","name":"evelinkartheuser","url":"https:\/\/www.naturparkmagazin.de\/nossentiner-schwinzer-heide\/author\/evelinkartheuser\/"}]}},"_links":{"self":[{"href":"https:\/\/www.naturparkmagazin.de\/nossentiner-schwinzer-heide\/wp-json\/wp\/v2\/posts\/4573"}],"collection":[{"href":"https:\/\/www.naturparkmagazin.de\/nossentiner-schwinzer-heide\/wp-json\/wp\/v2\/posts"}],"about":[{"href":"https:\/\/www.naturparkmagazin.de\/nossentiner-schwinzer-heide\/wp-json\/wp\/v2\/types\/post"}],"author":[{"embeddable":true,"href":"https:\/\/www.naturparkmagazin.de\/nossentiner-schwinzer-heide\/wp-json\/wp\/v2\/users\/84"}],"replies":[{"embeddable":true,"href":"https:\/\/www.naturparkmagazin.de\/nossentiner-schwinzer-heide\/wp-json\/wp\/v2\/comments?post=4573"}],"version-history":[{"count":4,"href":"https:\/\/www.naturparkmagazin.de\/nossentiner-schwinzer-heide\/wp-json\/wp\/v2\/posts\/4573\/revisions"}],"predecessor-version":[{"id":4601,"href":"https:\/\/www.naturparkmagazin.de\/nossentiner-schwinzer-heide\/wp-json\/wp\/v2\/posts\/4573\/revisions\/4601"}],"wp:featuredmedia":[{"embeddable":true,"href":"https:\/\/www.naturparkmagazin.de\/nossentiner-schwinzer-heide\/wp-json\/wp\/v2\/media\/4574"}],"wp:attachment":[{"href":"https:\/\/www.naturparkmagazin.de\/nossentiner-schwinzer-heide\/wp-json\/wp\/v2\/media?parent=4573"}],"wp:term":[{"taxonomy":"category","embeddable":true,"href":"https:\/\/www.naturparkmagazin.de\/nossentiner-schwinzer-heide\/wp-json\/wp\/v2\/categories?post=4573"},{"taxonomy":"post_tag","embeddable":true,"href":"https:\/\/www.naturparkmagazin.de\/nossentiner-schwinzer-heide\/wp-json\/wp\/v2\/tags?post=4573"}],"curies":[{"name":"wp","href":"https:\/\/api.w.org\/{rel}","templated":true}]}}