{"id":484,"date":"2014-06-18T11:10:42","date_gmt":"2014-06-18T09:10:42","guid":{"rendered":"http:\/\/www.naturparkmagazin.de\/nossentiner-schwinzer-heide\/?p=484"},"modified":"2014-06-26T11:52:27","modified_gmt":"2014-06-26T09:52:27","slug":"eroeffnung-der-naturschutzstation-in-wooster-teerofen","status":"publish","type":"post","link":"https:\/\/www.naturparkmagazin.de\/nossentiner-schwinzer-heide\/eroeffnung-der-naturschutzstation-in-wooster-teerofen\/","title":{"rendered":"Er\u00f6ffnung der Naturschutzstation in Wooster Teerofen"},"content":{"rendered":"<div id=\"attachment_494\" style=\"width: 510px\" class=\"wp-caption aligncenter\"><a href=\"https:\/\/www.naturparkmagazin.de\/nossentiner-schwinzer-heide\/wp-content\/uploads\/sites\/28\/alleen_039_Beitrag.jpg\"><img aria-describedby=\"caption-attachment-494\" decoding=\"async\" loading=\"lazy\" class=\"size-full wp-image-494  \" title=\"Alleen - Copyright: VDN\/Susanne Meier\" alt=\"Alleen - Copyright: VDN\/Susanne Meier\" src=\"https:\/\/www.naturparkmagazin.de\/nossentiner-schwinzer-heide\/wp-content\/uploads\/sites\/28\/alleen_039_Beitrag.jpg\" width=\"500\" height=\"300\" srcset=\"https:\/\/www.naturparkmagazin.de\/nossentiner-schwinzer-heide\/wp-content\/uploads\/sites\/28\/alleen_039_Beitrag.jpg 500w, https:\/\/www.naturparkmagazin.de\/nossentiner-schwinzer-heide\/wp-content\/uploads\/sites\/28\/alleen_039_Beitrag-300x180.jpg 300w, https:\/\/www.naturparkmagazin.de\/nossentiner-schwinzer-heide\/wp-content\/uploads\/sites\/28\/alleen_039_Beitrag-200x120.jpg 200w\" sizes=\"(max-width: 500px) 100vw, 500px\" \/><\/a><p id=\"caption-attachment-494\" class=\"wp-caption-text\">Alleen &#8211; Copyright: VDN\/Susanne Meier<\/p><\/div>\n<p>Die Naturschutzstation in Wooster Teerofen ist fast fertig gestellt und kann ihrer Bestimmung \u00fcbergeben werden. Die letzten Arbeiten an der Elektroanlage, im Sanit\u00e4rtrakt und das Verlegen des Fu\u00dfbodens im Hauptgeb\u00e4ude erfolgen in diesen Tagen. Die \u00fcberdachte Terasse als zentraler Sitzplatz und die K\u00fcche sind f\u00fcnktionsf\u00e4hig.. Das Obergeschoss und das Freigel\u00e4nde sollen allerdings erst im Herbst, mit Hilfe von Teilnehmern des Internationalen Jugendlagers, ausgebaut werden. Nach den Bauarbeiten wurde das Gel\u00e4nde planiert und neuer Rasen einges\u00e4t.<\/p>\n<p>Am 18. Juli 2014 um 11 Uhr wird die Station offiziell, im Beisein des stellvertretenden Landrates des Landkreises Ludwigslust-Parchim, in Betrieb genommen. Alle am Bau beteiligten Firmen und Personen sowie alle Sponsoren und F\u00f6rderer sind aus diesem Anlass herzlich nach Wooster Teerofen eingeladen. Auch die Fledermausforscher aus Th\u00fcringen, welche vor \u00fcber 25 Jahren der Ausgangspunkt f\u00fcr eine Station in diesem Ort waren, werden anwesend sein.<\/p>\n<p>Als erste Nutzer haben bereits Ende Juni acht Wissenschaftler der Arbeitsgemeinschaft Kranichschutz Deutschland die Station bezogen. Von hier aus starten sie eine Woche lang, um in der Region Kraniche f\u00fcr wissenschaftliche Zwecke zu fangen und mit farbigen Ringen zu markieren.<\/p>\n<p>&nbsp;<\/p>\n<p>&nbsp;<\/p>\n<p>&nbsp;<\/p>\n<p>&nbsp;<\/p>\n","protected":false},"excerpt":{"rendered":"<p>Am 18. Juli wird die Naturschutzstation  in Wooster Teerofen in Betrieb genommen.<\/p>\n","protected":false},"author":51,"featured_media":495,"comment_status":"open","ping_status":"open","sticky":false,"template":"","format":"standard","meta":[],"categories":[11],"tags":[],"yoast_head":"<!-- This site is optimized with the Yoast SEO plugin v19.10 - https:\/\/yoast.com\/wordpress\/plugins\/seo\/ -->\n<title>Er\u00f6ffnung der Naturschutzstation in Wooster Teerofen - Naturpark Nossentiner\/Schwinzer Heide<\/title>\n<meta name=\"robots\" content=\"index, follow, max-snippet:-1, max-image-preview:large, max-video-preview:-1\" \/>\n<link rel=\"canonical\" href=\"https:\/\/www.naturparkmagazin.de\/nossentiner-schwinzer-heide\/eroeffnung-der-naturschutzstation-in-wooster-teerofen\/\" \/>\n<meta property=\"og:locale\" content=\"de_DE\" \/>\n<meta property=\"og:type\" content=\"article\" \/>\n<meta property=\"og:title\" content=\"Er\u00f6ffnung der Naturschutzstation in Wooster Teerofen - Naturpark Nossentiner\/Schwinzer Heide\" \/>\n<meta property=\"og:description\" content=\"Am 18. Juli wird die Naturschutzstation in Wooster Teerofen in Betrieb genommen.\" \/>\n<meta property=\"og:url\" content=\"https:\/\/www.naturparkmagazin.de\/nossentiner-schwinzer-heide\/eroeffnung-der-naturschutzstation-in-wooster-teerofen\/\" \/>\n<meta property=\"og:site_name\" content=\"Naturpark Nossentiner\/Schwinzer Heide\" \/>\n<meta property=\"article:published_time\" content=\"2014-06-18T09:10:42+00:00\" \/>\n<meta property=\"article:modified_time\" content=\"2014-06-26T09:52:27+00:00\" \/>\n<meta property=\"og:image\" content=\"https:\/\/www.naturparkmagazin.de\/nossentiner-schwinzer-heide\/wp-content\/uploads\/sites\/28\/alleen_039_filtered-Beitragsbild.jpg\" \/>\n\t<meta property=\"og:image:width\" content=\"180\" \/>\n\t<meta property=\"og:image:height\" content=\"135\" \/>\n\t<meta property=\"og:image:type\" content=\"image\/jpeg\" \/>\n<meta name=\"author\" content=\"beatrixlosem\" \/>\n<meta name=\"twitter:label1\" content=\"Verfasst von\" \/>\n\t<meta name=\"twitter:data1\" content=\"beatrixlosem\" \/>\n\t<meta name=\"twitter:label2\" content=\"Gesch\u00e4tzte Lesezeit\" \/>\n\t<meta name=\"twitter:data2\" content=\"1\u00a0Minute\" \/>\n<script type=\"application\/ld+json\" class=\"yoast-schema-graph\">{\"@context\":\"https:\/\/schema.org\",\"@graph\":[{\"@type\":\"WebPage\",\"@id\":\"https:\/\/www.naturparkmagazin.de\/nossentiner-schwinzer-heide\/eroeffnung-der-naturschutzstation-in-wooster-teerofen\/\",\"url\":\"https:\/\/www.naturparkmagazin.de\/nossentiner-schwinzer-heide\/eroeffnung-der-naturschutzstation-in-wooster-teerofen\/\",\"name\":\"Er\u00f6ffnung der Naturschutzstation in Wooster Teerofen - Naturpark Nossentiner\/Schwinzer Heide\",\"isPartOf\":{\"@id\":\"https:\/\/www.naturparkmagazin.de\/nossentiner-schwinzer-heide\/#website\"},\"datePublished\":\"2014-06-18T09:10:42+00:00\",\"dateModified\":\"2014-06-26T09:52:27+00:00\",\"author\":{\"@id\":\"https:\/\/www.naturparkmagazin.de\/nossentiner-schwinzer-heide\/#\/schema\/person\/d71357578c318b6db03be60b1f60396b\"},\"breadcrumb\":{\"@id\":\"https:\/\/www.naturparkmagazin.de\/nossentiner-schwinzer-heide\/eroeffnung-der-naturschutzstation-in-wooster-teerofen\/#breadcrumb\"},\"inLanguage\":\"de\",\"potentialAction\":[{\"@type\":\"ReadAction\",\"target\":[\"https:\/\/www.naturparkmagazin.de\/nossentiner-schwinzer-heide\/eroeffnung-der-naturschutzstation-in-wooster-teerofen\/\"]}]},{\"@type\":\"BreadcrumbList\",\"@id\":\"https:\/\/www.naturparkmagazin.de\/nossentiner-schwinzer-heide\/eroeffnung-der-naturschutzstation-in-wooster-teerofen\/#breadcrumb\",\"itemListElement\":[{\"@type\":\"ListItem\",\"position\":1,\"name\":\"Home\",\"item\":\"https:\/\/www.naturparkmagazin.de\/nossentiner-schwinzer-heide\/\"},{\"@type\":\"ListItem\",\"position\":2,\"name\":\"Er\u00f6ffnung der Naturschutzstation in Wooster Teerofen\"}]},{\"@type\":\"WebSite\",\"@id\":\"https:\/\/www.naturparkmagazin.de\/nossentiner-schwinzer-heide\/#website\",\"url\":\"https:\/\/www.naturparkmagazin.de\/nossentiner-schwinzer-heide\/\",\"name\":\"Naturpark Nossentiner\/Schwinzer Heide\",\"description\":\"\",\"potentialAction\":[{\"@type\":\"SearchAction\",\"target\":{\"@type\":\"EntryPoint\",\"urlTemplate\":\"https:\/\/www.naturparkmagazin.de\/nossentiner-schwinzer-heide\/?s={search_term_string}\"},\"query-input\":\"required name=search_term_string\"}],\"inLanguage\":\"de\"},{\"@type\":\"Person\",\"@id\":\"https:\/\/www.naturparkmagazin.de\/nossentiner-schwinzer-heide\/#\/schema\/person\/d71357578c318b6db03be60b1f60396b\",\"name\":\"beatrixlosem\",\"url\":\"https:\/\/www.naturparkmagazin.de\/nossentiner-schwinzer-heide\/author\/beatrixlosem\/\"}]}<\/script>\n<!-- \/ Yoast SEO plugin. -->","yoast_head_json":{"title":"Er\u00f6ffnung der Naturschutzstation in Wooster Teerofen - Naturpark Nossentiner\/Schwinzer Heide","robots":{"index":"index","follow":"follow","max-snippet":"max-snippet:-1","max-image-preview":"max-image-preview:large","max-video-preview":"max-video-preview:-1"},"canonical":"https:\/\/www.naturparkmagazin.de\/nossentiner-schwinzer-heide\/eroeffnung-der-naturschutzstation-in-wooster-teerofen\/","og_locale":"de_DE","og_type":"article","og_title":"Er\u00f6ffnung der Naturschutzstation in Wooster Teerofen - Naturpark Nossentiner\/Schwinzer Heide","og_description":"Am 18. Juli wird die Naturschutzstation in Wooster Teerofen in Betrieb genommen.","og_url":"https:\/\/www.naturparkmagazin.de\/nossentiner-schwinzer-heide\/eroeffnung-der-naturschutzstation-in-wooster-teerofen\/","og_site_name":"Naturpark Nossentiner\/Schwinzer Heide","article_published_time":"2014-06-18T09:10:42+00:00","article_modified_time":"2014-06-26T09:52:27+00:00","og_image":[{"width":180,"height":135,"url":"https:\/\/www.naturparkmagazin.de\/nossentiner-schwinzer-heide\/wp-content\/uploads\/sites\/28\/alleen_039_filtered-Beitragsbild.jpg","type":"image\/jpeg"}],"author":"beatrixlosem","twitter_misc":{"Verfasst von":"beatrixlosem","Gesch\u00e4tzte Lesezeit":"1\u00a0Minute"},"schema":{"@context":"https:\/\/schema.org","@graph":[{"@type":"WebPage","@id":"https:\/\/www.naturparkmagazin.de\/nossentiner-schwinzer-heide\/eroeffnung-der-naturschutzstation-in-wooster-teerofen\/","url":"https:\/\/www.naturparkmagazin.de\/nossentiner-schwinzer-heide\/eroeffnung-der-naturschutzstation-in-wooster-teerofen\/","name":"Er\u00f6ffnung der Naturschutzstation in Wooster Teerofen - Naturpark Nossentiner\/Schwinzer Heide","isPartOf":{"@id":"https:\/\/www.naturparkmagazin.de\/nossentiner-schwinzer-heide\/#website"},"datePublished":"2014-06-18T09:10:42+00:00","dateModified":"2014-06-26T09:52:27+00:00","author":{"@id":"https:\/\/www.naturparkmagazin.de\/nossentiner-schwinzer-heide\/#\/schema\/person\/d71357578c318b6db03be60b1f60396b"},"breadcrumb":{"@id":"https:\/\/www.naturparkmagazin.de\/nossentiner-schwinzer-heide\/eroeffnung-der-naturschutzstation-in-wooster-teerofen\/#breadcrumb"},"inLanguage":"de","potentialAction":[{"@type":"ReadAction","target":["https:\/\/www.naturparkmagazin.de\/nossentiner-schwinzer-heide\/eroeffnung-der-naturschutzstation-in-wooster-teerofen\/"]}]},{"@type":"BreadcrumbList","@id":"https:\/\/www.naturparkmagazin.de\/nossentiner-schwinzer-heide\/eroeffnung-der-naturschutzstation-in-wooster-teerofen\/#breadcrumb","itemListElement":[{"@type":"ListItem","position":1,"name":"Home","item":"https:\/\/www.naturparkmagazin.de\/nossentiner-schwinzer-heide\/"},{"@type":"ListItem","position":2,"name":"Er\u00f6ffnung der Naturschutzstation in Wooster Teerofen"}]},{"@type":"WebSite","@id":"https:\/\/www.naturparkmagazin.de\/nossentiner-schwinzer-heide\/#website","url":"https:\/\/www.naturparkmagazin.de\/nossentiner-schwinzer-heide\/","name":"Naturpark Nossentiner\/Schwinzer Heide","description":"","potentialAction":[{"@type":"SearchAction","target":{"@type":"EntryPoint","urlTemplate":"https:\/\/www.naturparkmagazin.de\/nossentiner-schwinzer-heide\/?s={search_term_string}"},"query-input":"required name=search_term_string"}],"inLanguage":"de"},{"@type":"Person","@id":"https:\/\/www.naturparkmagazin.de\/nossentiner-schwinzer-heide\/#\/schema\/person\/d71357578c318b6db03be60b1f60396b","name":"beatrixlosem","url":"https:\/\/www.naturparkmagazin.de\/nossentiner-schwinzer-heide\/author\/beatrixlosem\/"}]}},"_links":{"self":[{"href":"https:\/\/www.naturparkmagazin.de\/nossentiner-schwinzer-heide\/wp-json\/wp\/v2\/posts\/484"}],"collection":[{"href":"https:\/\/www.naturparkmagazin.de\/nossentiner-schwinzer-heide\/wp-json\/wp\/v2\/posts"}],"about":[{"href":"https:\/\/www.naturparkmagazin.de\/nossentiner-schwinzer-heide\/wp-json\/wp\/v2\/types\/post"}],"author":[{"embeddable":true,"href":"https:\/\/www.naturparkmagazin.de\/nossentiner-schwinzer-heide\/wp-json\/wp\/v2\/users\/51"}],"replies":[{"embeddable":true,"href":"https:\/\/www.naturparkmagazin.de\/nossentiner-schwinzer-heide\/wp-json\/wp\/v2\/comments?post=484"}],"version-history":[{"count":5,"href":"https:\/\/www.naturparkmagazin.de\/nossentiner-schwinzer-heide\/wp-json\/wp\/v2\/posts\/484\/revisions"}],"predecessor-version":[{"id":503,"href":"https:\/\/www.naturparkmagazin.de\/nossentiner-schwinzer-heide\/wp-json\/wp\/v2\/posts\/484\/revisions\/503"}],"wp:featuredmedia":[{"embeddable":true,"href":"https:\/\/www.naturparkmagazin.de\/nossentiner-schwinzer-heide\/wp-json\/wp\/v2\/media\/495"}],"wp:attachment":[{"href":"https:\/\/www.naturparkmagazin.de\/nossentiner-schwinzer-heide\/wp-json\/wp\/v2\/media?parent=484"}],"wp:term":[{"taxonomy":"category","embeddable":true,"href":"https:\/\/www.naturparkmagazin.de\/nossentiner-schwinzer-heide\/wp-json\/wp\/v2\/categories?post=484"},{"taxonomy":"post_tag","embeddable":true,"href":"https:\/\/www.naturparkmagazin.de\/nossentiner-schwinzer-heide\/wp-json\/wp\/v2\/tags?post=484"}],"curies":[{"name":"wp","href":"https:\/\/api.w.org\/{rel}","templated":true}]}}