{"id":491,"date":"2014-06-18T11:15:46","date_gmt":"2014-06-18T09:15:46","guid":{"rendered":"http:\/\/www.naturparkmagazin.de\/nossentiner-schwinzer-heide\/?p=491"},"modified":"2014-06-26T11:50:43","modified_gmt":"2014-06-26T09:50:43","slug":"treffen-der-lenkungsgruppe-fuer-den-naturparkplan","status":"publish","type":"post","link":"https:\/\/www.naturparkmagazin.de\/nossentiner-schwinzer-heide\/treffen-der-lenkungsgruppe-fuer-den-naturparkplan\/","title":{"rendered":"Treffen der Lenkungsgruppe f\u00fcr den Naturparkplan"},"content":{"rendered":"<div id=\"attachment_497\" style=\"width: 510px\" class=\"wp-caption aligncenter\"><a href=\"https:\/\/www.naturparkmagazin.de\/nossentiner-schwinzer-heide\/wp-content\/uploads\/sites\/28\/kas_herbst_027_Beitrag.jpg\"><img aria-describedby=\"caption-attachment-497\" decoding=\"async\" loading=\"lazy\" class=\"size-full wp-image-497\" title=\"Sch\u00e4ferwiese - Copyright: VDN\/Frank Eilrich\" alt=\"Sch\u00e4ferwiese - Copyright: VDN\/Frank Eilrich\" src=\"https:\/\/www.naturparkmagazin.de\/nossentiner-schwinzer-heide\/wp-content\/uploads\/sites\/28\/kas_herbst_027_Beitrag.jpg\" width=\"500\" height=\"300\" srcset=\"https:\/\/www.naturparkmagazin.de\/nossentiner-schwinzer-heide\/wp-content\/uploads\/sites\/28\/kas_herbst_027_Beitrag.jpg 500w, https:\/\/www.naturparkmagazin.de\/nossentiner-schwinzer-heide\/wp-content\/uploads\/sites\/28\/kas_herbst_027_Beitrag-300x180.jpg 300w, https:\/\/www.naturparkmagazin.de\/nossentiner-schwinzer-heide\/wp-content\/uploads\/sites\/28\/kas_herbst_027_Beitrag-200x120.jpg 200w\" sizes=\"(max-width: 500px) 100vw, 500px\" \/><\/a><p id=\"caption-attachment-497\" class=\"wp-caption-text\">Sch\u00e4ferwiese &#8211; Copyright: VDN\/Frank Eilrich<\/p><\/div>\n<p>Die Lenkungsgruppe f\u00fcr den Naturparkplan traf sich am 24.06.2014 in der Verwaltung des Naturparks in Karow. Thema war vorrangig das Beteiligungsverfahren von Tr\u00e4gern \u00f6ffentlicher Belange und die \u00f6ffentliche Auslegung des Naturparkplanentwurfs. Insgesamt sind von 12 Beh\u00f6rden, Verb\u00e4nden und Privatpersonen Hinweise, Bemerkungen und Erg\u00e4nzungen eingegangen. Diese wurden von dem Gremium beraten und abgewogen. Der Planentwurf wurde entsprechend \u00fcberarbeitet. Damit liegen wir genau im Zeitplan, um im Oktober\/November den Plan der \u00d6ffentlichkeit \u00fcbergeben zu k\u00f6nnen. Die Planentw\u00fcrfe sind auf der Internetseite des Naturparks unter <a href=\"http:\/\/www.naturpark-nossentiner-schwinzer-heide.de\">www.naturpark-nossentiner-schwinzer-heide.de<\/a> zum Download eingestellt<\/p>\n","protected":false},"excerpt":{"rendered":"<p>Am 24. 6. beriet das Gremium und \u00fcberarbeitete den Naturparkplanentwurf.<\/p>\n","protected":false},"author":51,"featured_media":499,"comment_status":"open","ping_status":"open","sticky":false,"template":"","format":"standard","meta":[],"categories":[7],"tags":[186,81,3154,3149],"yoast_head":"<!-- This site is optimized with the Yoast SEO plugin v19.10 - https:\/\/yoast.com\/wordpress\/plugins\/seo\/ -->\n<title>Treffen der Lenkungsgruppe f\u00fcr den Naturparkplan - Naturpark Nossentiner\/Schwinzer Heide<\/title>\n<meta name=\"robots\" content=\"index, follow, max-snippet:-1, max-image-preview:large, max-video-preview:-1\" \/>\n<link rel=\"canonical\" href=\"https:\/\/www.naturparkmagazin.de\/nossentiner-schwinzer-heide\/treffen-der-lenkungsgruppe-fuer-den-naturparkplan\/\" \/>\n<meta property=\"og:locale\" content=\"de_DE\" \/>\n<meta property=\"og:type\" content=\"article\" \/>\n<meta property=\"og:title\" content=\"Treffen der Lenkungsgruppe f\u00fcr den Naturparkplan - Naturpark Nossentiner\/Schwinzer Heide\" \/>\n<meta property=\"og:description\" content=\"Am 24. 6. beriet das Gremium und \u00fcberarbeitete den Naturparkplanentwurf.\" \/>\n<meta property=\"og:url\" content=\"https:\/\/www.naturparkmagazin.de\/nossentiner-schwinzer-heide\/treffen-der-lenkungsgruppe-fuer-den-naturparkplan\/\" \/>\n<meta property=\"og:site_name\" content=\"Naturpark Nossentiner\/Schwinzer Heide\" \/>\n<meta property=\"article:published_time\" content=\"2014-06-18T09:15:46+00:00\" \/>\n<meta property=\"article:modified_time\" content=\"2014-06-26T09:50:43+00:00\" \/>\n<meta property=\"og:image\" content=\"https:\/\/www.naturparkmagazin.de\/nossentiner-schwinzer-heide\/wp-content\/uploads\/sites\/28\/kas_herbst_027_Beitragsbild.jpg\" \/>\n\t<meta property=\"og:image:width\" content=\"180\" \/>\n\t<meta property=\"og:image:height\" content=\"135\" \/>\n\t<meta property=\"og:image:type\" content=\"image\/jpeg\" \/>\n<meta name=\"author\" content=\"beatrixlosem\" \/>\n<meta name=\"twitter:label1\" content=\"Verfasst von\" \/>\n\t<meta name=\"twitter:data1\" content=\"beatrixlosem\" \/>\n\t<meta name=\"twitter:label2\" content=\"Gesch\u00e4tzte Lesezeit\" \/>\n\t<meta name=\"twitter:data2\" content=\"1\u00a0Minute\" \/>\n<script type=\"application\/ld+json\" class=\"yoast-schema-graph\">{\"@context\":\"https:\/\/schema.org\",\"@graph\":[{\"@type\":\"WebPage\",\"@id\":\"https:\/\/www.naturparkmagazin.de\/nossentiner-schwinzer-heide\/treffen-der-lenkungsgruppe-fuer-den-naturparkplan\/\",\"url\":\"https:\/\/www.naturparkmagazin.de\/nossentiner-schwinzer-heide\/treffen-der-lenkungsgruppe-fuer-den-naturparkplan\/\",\"name\":\"Treffen der Lenkungsgruppe f\u00fcr den Naturparkplan - Naturpark Nossentiner\/Schwinzer Heide\",\"isPartOf\":{\"@id\":\"https:\/\/www.naturparkmagazin.de\/nossentiner-schwinzer-heide\/#website\"},\"datePublished\":\"2014-06-18T09:15:46+00:00\",\"dateModified\":\"2014-06-26T09:50:43+00:00\",\"author\":{\"@id\":\"https:\/\/www.naturparkmagazin.de\/nossentiner-schwinzer-heide\/#\/schema\/person\/d71357578c318b6db03be60b1f60396b\"},\"breadcrumb\":{\"@id\":\"https:\/\/www.naturparkmagazin.de\/nossentiner-schwinzer-heide\/treffen-der-lenkungsgruppe-fuer-den-naturparkplan\/#breadcrumb\"},\"inLanguage\":\"de\",\"potentialAction\":[{\"@type\":\"ReadAction\",\"target\":[\"https:\/\/www.naturparkmagazin.de\/nossentiner-schwinzer-heide\/treffen-der-lenkungsgruppe-fuer-den-naturparkplan\/\"]}]},{\"@type\":\"BreadcrumbList\",\"@id\":\"https:\/\/www.naturparkmagazin.de\/nossentiner-schwinzer-heide\/treffen-der-lenkungsgruppe-fuer-den-naturparkplan\/#breadcrumb\",\"itemListElement\":[{\"@type\":\"ListItem\",\"position\":1,\"name\":\"Home\",\"item\":\"https:\/\/www.naturparkmagazin.de\/nossentiner-schwinzer-heide\/\"},{\"@type\":\"ListItem\",\"position\":2,\"name\":\"Treffen der Lenkungsgruppe f\u00fcr den Naturparkplan\"}]},{\"@type\":\"WebSite\",\"@id\":\"https:\/\/www.naturparkmagazin.de\/nossentiner-schwinzer-heide\/#website\",\"url\":\"https:\/\/www.naturparkmagazin.de\/nossentiner-schwinzer-heide\/\",\"name\":\"Naturpark Nossentiner\/Schwinzer Heide\",\"description\":\"\",\"potentialAction\":[{\"@type\":\"SearchAction\",\"target\":{\"@type\":\"EntryPoint\",\"urlTemplate\":\"https:\/\/www.naturparkmagazin.de\/nossentiner-schwinzer-heide\/?s={search_term_string}\"},\"query-input\":\"required name=search_term_string\"}],\"inLanguage\":\"de\"},{\"@type\":\"Person\",\"@id\":\"https:\/\/www.naturparkmagazin.de\/nossentiner-schwinzer-heide\/#\/schema\/person\/d71357578c318b6db03be60b1f60396b\",\"name\":\"beatrixlosem\",\"url\":\"https:\/\/www.naturparkmagazin.de\/nossentiner-schwinzer-heide\/author\/beatrixlosem\/\"}]}<\/script>\n<!-- \/ Yoast SEO plugin. -->","yoast_head_json":{"title":"Treffen der Lenkungsgruppe f\u00fcr den Naturparkplan - Naturpark Nossentiner\/Schwinzer Heide","robots":{"index":"index","follow":"follow","max-snippet":"max-snippet:-1","max-image-preview":"max-image-preview:large","max-video-preview":"max-video-preview:-1"},"canonical":"https:\/\/www.naturparkmagazin.de\/nossentiner-schwinzer-heide\/treffen-der-lenkungsgruppe-fuer-den-naturparkplan\/","og_locale":"de_DE","og_type":"article","og_title":"Treffen der Lenkungsgruppe f\u00fcr den Naturparkplan - Naturpark Nossentiner\/Schwinzer Heide","og_description":"Am 24. 6. beriet das Gremium und \u00fcberarbeitete den Naturparkplanentwurf.","og_url":"https:\/\/www.naturparkmagazin.de\/nossentiner-schwinzer-heide\/treffen-der-lenkungsgruppe-fuer-den-naturparkplan\/","og_site_name":"Naturpark Nossentiner\/Schwinzer Heide","article_published_time":"2014-06-18T09:15:46+00:00","article_modified_time":"2014-06-26T09:50:43+00:00","og_image":[{"width":180,"height":135,"url":"https:\/\/www.naturparkmagazin.de\/nossentiner-schwinzer-heide\/wp-content\/uploads\/sites\/28\/kas_herbst_027_Beitragsbild.jpg","type":"image\/jpeg"}],"author":"beatrixlosem","twitter_misc":{"Verfasst von":"beatrixlosem","Gesch\u00e4tzte Lesezeit":"1\u00a0Minute"},"schema":{"@context":"https:\/\/schema.org","@graph":[{"@type":"WebPage","@id":"https:\/\/www.naturparkmagazin.de\/nossentiner-schwinzer-heide\/treffen-der-lenkungsgruppe-fuer-den-naturparkplan\/","url":"https:\/\/www.naturparkmagazin.de\/nossentiner-schwinzer-heide\/treffen-der-lenkungsgruppe-fuer-den-naturparkplan\/","name":"Treffen der Lenkungsgruppe f\u00fcr den Naturparkplan - Naturpark Nossentiner\/Schwinzer Heide","isPartOf":{"@id":"https:\/\/www.naturparkmagazin.de\/nossentiner-schwinzer-heide\/#website"},"datePublished":"2014-06-18T09:15:46+00:00","dateModified":"2014-06-26T09:50:43+00:00","author":{"@id":"https:\/\/www.naturparkmagazin.de\/nossentiner-schwinzer-heide\/#\/schema\/person\/d71357578c318b6db03be60b1f60396b"},"breadcrumb":{"@id":"https:\/\/www.naturparkmagazin.de\/nossentiner-schwinzer-heide\/treffen-der-lenkungsgruppe-fuer-den-naturparkplan\/#breadcrumb"},"inLanguage":"de","potentialAction":[{"@type":"ReadAction","target":["https:\/\/www.naturparkmagazin.de\/nossentiner-schwinzer-heide\/treffen-der-lenkungsgruppe-fuer-den-naturparkplan\/"]}]},{"@type":"BreadcrumbList","@id":"https:\/\/www.naturparkmagazin.de\/nossentiner-schwinzer-heide\/treffen-der-lenkungsgruppe-fuer-den-naturparkplan\/#breadcrumb","itemListElement":[{"@type":"ListItem","position":1,"name":"Home","item":"https:\/\/www.naturparkmagazin.de\/nossentiner-schwinzer-heide\/"},{"@type":"ListItem","position":2,"name":"Treffen der Lenkungsgruppe f\u00fcr den Naturparkplan"}]},{"@type":"WebSite","@id":"https:\/\/www.naturparkmagazin.de\/nossentiner-schwinzer-heide\/#website","url":"https:\/\/www.naturparkmagazin.de\/nossentiner-schwinzer-heide\/","name":"Naturpark Nossentiner\/Schwinzer Heide","description":"","potentialAction":[{"@type":"SearchAction","target":{"@type":"EntryPoint","urlTemplate":"https:\/\/www.naturparkmagazin.de\/nossentiner-schwinzer-heide\/?s={search_term_string}"},"query-input":"required name=search_term_string"}],"inLanguage":"de"},{"@type":"Person","@id":"https:\/\/www.naturparkmagazin.de\/nossentiner-schwinzer-heide\/#\/schema\/person\/d71357578c318b6db03be60b1f60396b","name":"beatrixlosem","url":"https:\/\/www.naturparkmagazin.de\/nossentiner-schwinzer-heide\/author\/beatrixlosem\/"}]}},"_links":{"self":[{"href":"https:\/\/www.naturparkmagazin.de\/nossentiner-schwinzer-heide\/wp-json\/wp\/v2\/posts\/491"}],"collection":[{"href":"https:\/\/www.naturparkmagazin.de\/nossentiner-schwinzer-heide\/wp-json\/wp\/v2\/posts"}],"about":[{"href":"https:\/\/www.naturparkmagazin.de\/nossentiner-schwinzer-heide\/wp-json\/wp\/v2\/types\/post"}],"author":[{"embeddable":true,"href":"https:\/\/www.naturparkmagazin.de\/nossentiner-schwinzer-heide\/wp-json\/wp\/v2\/users\/51"}],"replies":[{"embeddable":true,"href":"https:\/\/www.naturparkmagazin.de\/nossentiner-schwinzer-heide\/wp-json\/wp\/v2\/comments?post=491"}],"version-history":[{"count":5,"href":"https:\/\/www.naturparkmagazin.de\/nossentiner-schwinzer-heide\/wp-json\/wp\/v2\/posts\/491\/revisions"}],"predecessor-version":[{"id":502,"href":"https:\/\/www.naturparkmagazin.de\/nossentiner-schwinzer-heide\/wp-json\/wp\/v2\/posts\/491\/revisions\/502"}],"wp:featuredmedia":[{"embeddable":true,"href":"https:\/\/www.naturparkmagazin.de\/nossentiner-schwinzer-heide\/wp-json\/wp\/v2\/media\/499"}],"wp:attachment":[{"href":"https:\/\/www.naturparkmagazin.de\/nossentiner-schwinzer-heide\/wp-json\/wp\/v2\/media?parent=491"}],"wp:term":[{"taxonomy":"category","embeddable":true,"href":"https:\/\/www.naturparkmagazin.de\/nossentiner-schwinzer-heide\/wp-json\/wp\/v2\/categories?post=491"},{"taxonomy":"post_tag","embeddable":true,"href":"https:\/\/www.naturparkmagazin.de\/nossentiner-schwinzer-heide\/wp-json\/wp\/v2\/tags?post=491"}],"curies":[{"name":"wp","href":"https:\/\/api.w.org\/{rel}","templated":true}]}}