{"id":4945,"date":"2023-11-24T17:45:19","date_gmt":"2023-11-24T16:45:19","guid":{"rendered":"https:\/\/www.naturparkmagazin.de\/nossentiner-schwinzer-heide\/?p=4945"},"modified":"2023-11-28T17:45:39","modified_gmt":"2023-11-28T16:45:39","slug":"pflanzaktion-am-drewitzer-see","status":"publish","type":"post","link":"https:\/\/www.naturparkmagazin.de\/nossentiner-schwinzer-heide\/pflanzaktion-am-drewitzer-see\/","title":{"rendered":"Pflanzaktion am Drewitzer See"},"content":{"rendered":"<pre class=\"l-col-item m-text-image__teaser\">Dezember 2023<\/pre>\n<div class=\"l-col-item m-text-image__content\">\n<h2>Aufforstung l\u00e4uft erfolgreich<\/h2>\n<p>Mit dem Projekt <a href=\"https:\/\/www.optimal-media.com\/naturschutzprojekt-001\/\" target=\"_self\" rel=\"noopener\">\u201eJunge Riesen f\u00fcr die n\u00e4chsten 100 Jahre\u201c<\/a> bietet die optimal media GmbH in Kooperation mit dem Naturpark Nossentiner\/Schwinzer Heide seit mehr als drei Jahren Kunden die M\u00f6glichkeit, ein regionales Naturschutzprojekt in unmittelbarer N\u00e4he zum Produktionsstandort zu unterst\u00fctzen.<\/p>\n<div id=\"attachment_4948\" style=\"width: 630px\" class=\"wp-caption alignnone\"><a href=\"https:\/\/www.naturparkmagazin.de\/nossentiner-schwinzer-heide\/wp-content\/uploads\/sites\/28\/OM_NSH_Pflanzaktion_MA_2023_News_05.jpg\"><img aria-describedby=\"caption-attachment-4948\" decoding=\"async\" loading=\"lazy\" class=\"wp-image-4948 size-medium\" src=\"https:\/\/www.naturparkmagazin.de\/nossentiner-schwinzer-heide\/wp-content\/uploads\/sites\/28\/OM_NSH_Pflanzaktion_MA_2023_News_05-620x413.jpg\" alt=\"\" width=\"620\" height=\"413\" srcset=\"https:\/\/www.naturparkmagazin.de\/nossentiner-schwinzer-heide\/wp-content\/uploads\/sites\/28\/OM_NSH_Pflanzaktion_MA_2023_News_05-620x413.jpg 620w, https:\/\/www.naturparkmagazin.de\/nossentiner-schwinzer-heide\/wp-content\/uploads\/sites\/28\/OM_NSH_Pflanzaktion_MA_2023_News_05-940x627.jpg 940w, https:\/\/www.naturparkmagazin.de\/nossentiner-schwinzer-heide\/wp-content\/uploads\/sites\/28\/OM_NSH_Pflanzaktion_MA_2023_News_05-300x200.jpg 300w, https:\/\/www.naturparkmagazin.de\/nossentiner-schwinzer-heide\/wp-content\/uploads\/sites\/28\/OM_NSH_Pflanzaktion_MA_2023_News_05-1536x1024.jpg 1536w, https:\/\/www.naturparkmagazin.de\/nossentiner-schwinzer-heide\/wp-content\/uploads\/sites\/28\/OM_NSH_Pflanzaktion_MA_2023_News_05-670x447.jpg 670w, https:\/\/www.naturparkmagazin.de\/nossentiner-schwinzer-heide\/wp-content\/uploads\/sites\/28\/OM_NSH_Pflanzaktion_MA_2023_News_05-200x133.jpg 200w, https:\/\/www.naturparkmagazin.de\/nossentiner-schwinzer-heide\/wp-content\/uploads\/sites\/28\/OM_NSH_Pflanzaktion_MA_2023_News_05.jpg 1920w\" sizes=\"(max-width: 620px) 100vw, 620px\" \/><\/a><p id=\"caption-attachment-4948\" class=\"wp-caption-text\">Inmitten des weitl\u00e4ufigen Kiefernforstes werden Laubbauminseln gepflanzt. So wird nach und nach der monotone Kiefernforst in einen klimastabilen Laubmischwald umgewandelt. Foto: optimal media GmbH<\/p><\/div>\n<p>Gegen einen geringen Aufpreis zum Auftragswert f\u00fcr die Herstellung von B\u00fcchern, Drucksachen Schallplatten oder anderen Datentr\u00e4gern, erhalten Kunden ein nachhaltiges Produkt und der entsprechende Beitrag wird in die Aufforstung investiert. Langfristig wird so durch die Bepflanzung ein monotoner Kiefernwald auf einem Areal von 30 Hektar in einen klimastabilen Laubmischwald umgewandelt. Verwendet werden daf\u00fcr dreij\u00e4hrige\u00a0 Laubgeh\u00f6lze wie Buche, Eiche, Bergahorn, Hainbuche, Winterlinde und Birke, die zum Teil von besonders widerstandsf\u00e4higen und alten B\u00e4umen, sogenannten \u201eRiesen\u201c, aus dem Naturpark gewonnen und in der eigenen Baumschule herangezogen werden.<\/p>\n<p>Seit Beginn wird das Projekt von den Kunden gut angenommen \u2013 viele Buchverlage, Industrie-unternehmen und Musiklabel engagieren sich regelm\u00e4\u00dfig ebenso wie optimal media selbst.<\/p>\n<p><a href=\"https:\/\/www.naturparkmagazin.de\/nossentiner-schwinzer-heide\/wp-content\/uploads\/sites\/28\/OM_NSH_Pflanzaktion_MA_2023_News_10.jpg\"><img decoding=\"async\" loading=\"lazy\" class=\"alignnone size-medium wp-image-4953\" src=\"https:\/\/www.naturparkmagazin.de\/nossentiner-schwinzer-heide\/wp-content\/uploads\/sites\/28\/OM_NSH_Pflanzaktion_MA_2023_News_10-620x413.jpg\" alt=\"\" width=\"620\" height=\"413\" srcset=\"https:\/\/www.naturparkmagazin.de\/nossentiner-schwinzer-heide\/wp-content\/uploads\/sites\/28\/OM_NSH_Pflanzaktion_MA_2023_News_10-620x413.jpg 620w, https:\/\/www.naturparkmagazin.de\/nossentiner-schwinzer-heide\/wp-content\/uploads\/sites\/28\/OM_NSH_Pflanzaktion_MA_2023_News_10-940x627.jpg 940w, https:\/\/www.naturparkmagazin.de\/nossentiner-schwinzer-heide\/wp-content\/uploads\/sites\/28\/OM_NSH_Pflanzaktion_MA_2023_News_10-300x200.jpg 300w, https:\/\/www.naturparkmagazin.de\/nossentiner-schwinzer-heide\/wp-content\/uploads\/sites\/28\/OM_NSH_Pflanzaktion_MA_2023_News_10-1536x1024.jpg 1536w, https:\/\/www.naturparkmagazin.de\/nossentiner-schwinzer-heide\/wp-content\/uploads\/sites\/28\/OM_NSH_Pflanzaktion_MA_2023_News_10-670x447.jpg 670w, https:\/\/www.naturparkmagazin.de\/nossentiner-schwinzer-heide\/wp-content\/uploads\/sites\/28\/OM_NSH_Pflanzaktion_MA_2023_News_10-200x133.jpg 200w, https:\/\/www.naturparkmagazin.de\/nossentiner-schwinzer-heide\/wp-content\/uploads\/sites\/28\/OM_NSH_Pflanzaktion_MA_2023_News_10.jpg 1920w\" sizes=\"(max-width: 620px) 100vw, 620px\" \/><\/a><\/p>\n<p>Eine erste Pflanzung fand im M\u00e4rz 2021 statt, weitere folgten mit Vertretern von optimal media und Kunden. So sind bislang mehr als 2.500 \u201ejunge Riesen\u201c gesetzt, vor Wildverbiss gesch\u00fctzt und f\u00fcr einen optimalen Anwuchs gepflegt worden. Die Anwachsquote aus den drei zur\u00fcckliegenden Jahren ist dabei mit ca. 80 Prozent au\u00dferordentlich hoch.<\/p>\n<p><a href=\"https:\/\/www.naturparkmagazin.de\/nossentiner-schwinzer-heide\/wp-content\/uploads\/sites\/28\/OM_NSH_Pflanzaktion_MA_2023_News_07.jpg\"><img decoding=\"async\" loading=\"lazy\" class=\"alignnone size-medium wp-image-4950\" src=\"https:\/\/www.naturparkmagazin.de\/nossentiner-schwinzer-heide\/wp-content\/uploads\/sites\/28\/OM_NSH_Pflanzaktion_MA_2023_News_07-620x413.jpg\" alt=\"\" width=\"620\" height=\"413\" srcset=\"https:\/\/www.naturparkmagazin.de\/nossentiner-schwinzer-heide\/wp-content\/uploads\/sites\/28\/OM_NSH_Pflanzaktion_MA_2023_News_07-620x413.jpg 620w, https:\/\/www.naturparkmagazin.de\/nossentiner-schwinzer-heide\/wp-content\/uploads\/sites\/28\/OM_NSH_Pflanzaktion_MA_2023_News_07-940x627.jpg 940w, https:\/\/www.naturparkmagazin.de\/nossentiner-schwinzer-heide\/wp-content\/uploads\/sites\/28\/OM_NSH_Pflanzaktion_MA_2023_News_07-300x200.jpg 300w, https:\/\/www.naturparkmagazin.de\/nossentiner-schwinzer-heide\/wp-content\/uploads\/sites\/28\/OM_NSH_Pflanzaktion_MA_2023_News_07-1536x1024.jpg 1536w, https:\/\/www.naturparkmagazin.de\/nossentiner-schwinzer-heide\/wp-content\/uploads\/sites\/28\/OM_NSH_Pflanzaktion_MA_2023_News_07-670x447.jpg 670w, https:\/\/www.naturparkmagazin.de\/nossentiner-schwinzer-heide\/wp-content\/uploads\/sites\/28\/OM_NSH_Pflanzaktion_MA_2023_News_07-200x133.jpg 200w, https:\/\/www.naturparkmagazin.de\/nossentiner-schwinzer-heide\/wp-content\/uploads\/sites\/28\/OM_NSH_Pflanzaktion_MA_2023_News_07.jpg 1920w\" sizes=\"(max-width: 620px) 100vw, 620px\" \/><\/a><\/p>\n<p>Am vergangenen Wochenende trafen sich Mitarbeiter des Unternehmens mit ihren Familienangeh\u00f6ren und Vertretern des Naturparks Nossentiner\/Schwinzer Heide, um die Aufforstung zum klimastabilen Laubmischwald fortzusetzen. Etwa 900 weitere B\u00e4ume konnten dank der Unterst\u00fctzung vieler Kundenprojekte gepflanzt werden.<\/p>\n<p><a href=\"https:\/\/www.naturparkmagazin.de\/nossentiner-schwinzer-heide\/wp-content\/uploads\/sites\/28\/OM_NSH_Pflanzaktion_MA_2023_News_11.jpg\"><img decoding=\"async\" loading=\"lazy\" class=\"alignnone size-medium wp-image-4954\" src=\"https:\/\/www.naturparkmagazin.de\/nossentiner-schwinzer-heide\/wp-content\/uploads\/sites\/28\/OM_NSH_Pflanzaktion_MA_2023_News_11-620x413.jpg\" alt=\"\" width=\"620\" height=\"413\" srcset=\"https:\/\/www.naturparkmagazin.de\/nossentiner-schwinzer-heide\/wp-content\/uploads\/sites\/28\/OM_NSH_Pflanzaktion_MA_2023_News_11-620x413.jpg 620w, https:\/\/www.naturparkmagazin.de\/nossentiner-schwinzer-heide\/wp-content\/uploads\/sites\/28\/OM_NSH_Pflanzaktion_MA_2023_News_11-940x627.jpg 940w, https:\/\/www.naturparkmagazin.de\/nossentiner-schwinzer-heide\/wp-content\/uploads\/sites\/28\/OM_NSH_Pflanzaktion_MA_2023_News_11-300x200.jpg 300w, https:\/\/www.naturparkmagazin.de\/nossentiner-schwinzer-heide\/wp-content\/uploads\/sites\/28\/OM_NSH_Pflanzaktion_MA_2023_News_11-1536x1024.jpg 1536w, https:\/\/www.naturparkmagazin.de\/nossentiner-schwinzer-heide\/wp-content\/uploads\/sites\/28\/OM_NSH_Pflanzaktion_MA_2023_News_11-670x447.jpg 670w, https:\/\/www.naturparkmagazin.de\/nossentiner-schwinzer-heide\/wp-content\/uploads\/sites\/28\/OM_NSH_Pflanzaktion_MA_2023_News_11-200x133.jpg 200w, https:\/\/www.naturparkmagazin.de\/nossentiner-schwinzer-heide\/wp-content\/uploads\/sites\/28\/OM_NSH_Pflanzaktion_MA_2023_News_11.jpg 1920w\" sizes=\"(max-width: 620px) 100vw, 620px\" \/><\/a><\/p>\n<p>Auf der Webseite unseres Partners optimal media GmbH k\u00f6nnen Sie sich weiter informieren:<\/p>\n<p><a href=\"https:\/\/www.optimal-media.com\/naturschutzprojekt-001\/\">https:\/\/www.optimal-media.com\/naturschutzprojekt-001\/<\/a><\/p>\n<p>Alle Fotos: optimal media GmbH<\/p>\n<p><a href=\"https:\/\/www.naturparkmagazin.de\/nossentiner-schwinzer-heide\/wp-content\/uploads\/sites\/28\/OM_NSH_Pflanzaktion_MA_2023_News_06.jpg\"><img decoding=\"async\" loading=\"lazy\" class=\"alignnone size-medium wp-image-4949\" src=\"https:\/\/www.naturparkmagazin.de\/nossentiner-schwinzer-heide\/wp-content\/uploads\/sites\/28\/OM_NSH_Pflanzaktion_MA_2023_News_06-620x413.jpg\" alt=\"\" width=\"620\" height=\"413\" srcset=\"https:\/\/www.naturparkmagazin.de\/nossentiner-schwinzer-heide\/wp-content\/uploads\/sites\/28\/OM_NSH_Pflanzaktion_MA_2023_News_06-620x413.jpg 620w, https:\/\/www.naturparkmagazin.de\/nossentiner-schwinzer-heide\/wp-content\/uploads\/sites\/28\/OM_NSH_Pflanzaktion_MA_2023_News_06-940x627.jpg 940w, https:\/\/www.naturparkmagazin.de\/nossentiner-schwinzer-heide\/wp-content\/uploads\/sites\/28\/OM_NSH_Pflanzaktion_MA_2023_News_06-300x200.jpg 300w, https:\/\/www.naturparkmagazin.de\/nossentiner-schwinzer-heide\/wp-content\/uploads\/sites\/28\/OM_NSH_Pflanzaktion_MA_2023_News_06-1536x1024.jpg 1536w, https:\/\/www.naturparkmagazin.de\/nossentiner-schwinzer-heide\/wp-content\/uploads\/sites\/28\/OM_NSH_Pflanzaktion_MA_2023_News_06-670x447.jpg 670w, https:\/\/www.naturparkmagazin.de\/nossentiner-schwinzer-heide\/wp-content\/uploads\/sites\/28\/OM_NSH_Pflanzaktion_MA_2023_News_06-200x133.jpg 200w, https:\/\/www.naturparkmagazin.de\/nossentiner-schwinzer-heide\/wp-content\/uploads\/sites\/28\/OM_NSH_Pflanzaktion_MA_2023_News_06.jpg 1920w\" sizes=\"(max-width: 620px) 100vw, 620px\" \/><\/a><\/p>\n<p><a href=\"https:\/\/www.naturparkmagazin.de\/nossentiner-schwinzer-heide\/wp-content\/uploads\/sites\/28\/OM_NSH_Pflanzaktion_MA_2023_News_01.jpg\"><img decoding=\"async\" loading=\"lazy\" class=\"alignnone size-medium wp-image-4947\" src=\"https:\/\/www.naturparkmagazin.de\/nossentiner-schwinzer-heide\/wp-content\/uploads\/sites\/28\/OM_NSH_Pflanzaktion_MA_2023_News_01-620x413.jpg\" alt=\"\" width=\"620\" height=\"413\" srcset=\"https:\/\/www.naturparkmagazin.de\/nossentiner-schwinzer-heide\/wp-content\/uploads\/sites\/28\/OM_NSH_Pflanzaktion_MA_2023_News_01-620x413.jpg 620w, https:\/\/www.naturparkmagazin.de\/nossentiner-schwinzer-heide\/wp-content\/uploads\/sites\/28\/OM_NSH_Pflanzaktion_MA_2023_News_01-940x627.jpg 940w, https:\/\/www.naturparkmagazin.de\/nossentiner-schwinzer-heide\/wp-content\/uploads\/sites\/28\/OM_NSH_Pflanzaktion_MA_2023_News_01-300x200.jpg 300w, https:\/\/www.naturparkmagazin.de\/nossentiner-schwinzer-heide\/wp-content\/uploads\/sites\/28\/OM_NSH_Pflanzaktion_MA_2023_News_01-1536x1024.jpg 1536w, https:\/\/www.naturparkmagazin.de\/nossentiner-schwinzer-heide\/wp-content\/uploads\/sites\/28\/OM_NSH_Pflanzaktion_MA_2023_News_01-670x447.jpg 670w, https:\/\/www.naturparkmagazin.de\/nossentiner-schwinzer-heide\/wp-content\/uploads\/sites\/28\/OM_NSH_Pflanzaktion_MA_2023_News_01-200x133.jpg 200w, https:\/\/www.naturparkmagazin.de\/nossentiner-schwinzer-heide\/wp-content\/uploads\/sites\/28\/OM_NSH_Pflanzaktion_MA_2023_News_01.jpg 1920w\" sizes=\"(max-width: 620px) 100vw, 620px\" \/><\/a><\/p>\n<\/div>\n","protected":false},"excerpt":{"rendered":"<p>Dezember 2023 Aufforstung l\u00e4uft erfolgreich Mit dem Projekt \u201eJunge Riesen f\u00fcr die n\u00e4chsten 100 Jahre\u201c bietet die optimal media GmbH in Kooperation mit dem Naturpark Nossentiner\/Schwinzer Heide seit mehr als drei Jahren Kunden die M\u00f6glichkeit, ein regionales Naturschutzprojekt in unmittelbarer N\u00e4he zum Produktionsstandort zu unterst\u00fctzen. Gegen einen geringen Aufpreis zum Auftragswert f\u00fcr die Herstellung von<\/p>\n","protected":false},"author":84,"featured_media":4950,"comment_status":"open","ping_status":"open","sticky":false,"template":"","format":"standard","meta":[],"categories":[7],"tags":[],"yoast_head":"<!-- This site is optimized with the Yoast SEO plugin v19.10 - https:\/\/yoast.com\/wordpress\/plugins\/seo\/ -->\n<title>Pflanzaktion am Drewitzer See - Naturpark Nossentiner\/Schwinzer Heide<\/title>\n<meta name=\"robots\" content=\"index, follow, max-snippet:-1, max-image-preview:large, max-video-preview:-1\" \/>\n<link rel=\"canonical\" href=\"https:\/\/www.naturparkmagazin.de\/nossentiner-schwinzer-heide\/pflanzaktion-am-drewitzer-see\/\" \/>\n<meta property=\"og:locale\" content=\"de_DE\" \/>\n<meta property=\"og:type\" content=\"article\" \/>\n<meta property=\"og:title\" content=\"Pflanzaktion am Drewitzer See - Naturpark Nossentiner\/Schwinzer Heide\" \/>\n<meta property=\"og:description\" content=\"Dezember 2023 Aufforstung l\u00e4uft erfolgreich Mit dem Projekt \u201eJunge Riesen f\u00fcr die n\u00e4chsten 100 Jahre\u201c bietet die optimal media GmbH in Kooperation mit dem Naturpark Nossentiner\/Schwinzer Heide seit mehr als drei Jahren Kunden die M\u00f6glichkeit, ein regionales Naturschutzprojekt in unmittelbarer N\u00e4he zum Produktionsstandort zu unterst\u00fctzen. Gegen einen geringen Aufpreis zum Auftragswert f\u00fcr die Herstellung von\" \/>\n<meta property=\"og:url\" content=\"https:\/\/www.naturparkmagazin.de\/nossentiner-schwinzer-heide\/pflanzaktion-am-drewitzer-see\/\" \/>\n<meta property=\"og:site_name\" content=\"Naturpark Nossentiner\/Schwinzer Heide\" \/>\n<meta property=\"article:published_time\" content=\"2023-11-24T16:45:19+00:00\" \/>\n<meta property=\"article:modified_time\" content=\"2023-11-28T16:45:39+00:00\" \/>\n<meta property=\"og:image\" content=\"https:\/\/www.naturparkmagazin.de\/nossentiner-schwinzer-heide\/wp-content\/uploads\/sites\/28\/OM_NSH_Pflanzaktion_MA_2023_News_07.jpg\" \/>\n\t<meta property=\"og:image:width\" content=\"1920\" \/>\n\t<meta property=\"og:image:height\" content=\"1280\" \/>\n\t<meta property=\"og:image:type\" content=\"image\/jpeg\" \/>\n<meta name=\"author\" content=\"evelinkartheuser\" \/>\n<meta name=\"twitter:label1\" content=\"Verfasst von\" \/>\n\t<meta name=\"twitter:data1\" content=\"evelinkartheuser\" \/>\n\t<meta name=\"twitter:label2\" content=\"Gesch\u00e4tzte Lesezeit\" \/>\n\t<meta name=\"twitter:data2\" content=\"3\u00a0Minuten\" \/>\n<script type=\"application\/ld+json\" class=\"yoast-schema-graph\">{\"@context\":\"https:\/\/schema.org\",\"@graph\":[{\"@type\":\"WebPage\",\"@id\":\"https:\/\/www.naturparkmagazin.de\/nossentiner-schwinzer-heide\/pflanzaktion-am-drewitzer-see\/\",\"url\":\"https:\/\/www.naturparkmagazin.de\/nossentiner-schwinzer-heide\/pflanzaktion-am-drewitzer-see\/\",\"name\":\"Pflanzaktion am Drewitzer See - Naturpark Nossentiner\/Schwinzer Heide\",\"isPartOf\":{\"@id\":\"https:\/\/www.naturparkmagazin.de\/nossentiner-schwinzer-heide\/#website\"},\"datePublished\":\"2023-11-24T16:45:19+00:00\",\"dateModified\":\"2023-11-28T16:45:39+00:00\",\"author\":{\"@id\":\"https:\/\/www.naturparkmagazin.de\/nossentiner-schwinzer-heide\/#\/schema\/person\/6e5721221b13b6f827e696f29ff18008\"},\"breadcrumb\":{\"@id\":\"https:\/\/www.naturparkmagazin.de\/nossentiner-schwinzer-heide\/pflanzaktion-am-drewitzer-see\/#breadcrumb\"},\"inLanguage\":\"de\",\"potentialAction\":[{\"@type\":\"ReadAction\",\"target\":[\"https:\/\/www.naturparkmagazin.de\/nossentiner-schwinzer-heide\/pflanzaktion-am-drewitzer-see\/\"]}]},{\"@type\":\"BreadcrumbList\",\"@id\":\"https:\/\/www.naturparkmagazin.de\/nossentiner-schwinzer-heide\/pflanzaktion-am-drewitzer-see\/#breadcrumb\",\"itemListElement\":[{\"@type\":\"ListItem\",\"position\":1,\"name\":\"Home\",\"item\":\"https:\/\/www.naturparkmagazin.de\/nossentiner-schwinzer-heide\/\"},{\"@type\":\"ListItem\",\"position\":2,\"name\":\"Pflanzaktion am Drewitzer See\"}]},{\"@type\":\"WebSite\",\"@id\":\"https:\/\/www.naturparkmagazin.de\/nossentiner-schwinzer-heide\/#website\",\"url\":\"https:\/\/www.naturparkmagazin.de\/nossentiner-schwinzer-heide\/\",\"name\":\"Naturpark Nossentiner\/Schwinzer Heide\",\"description\":\"\",\"potentialAction\":[{\"@type\":\"SearchAction\",\"target\":{\"@type\":\"EntryPoint\",\"urlTemplate\":\"https:\/\/www.naturparkmagazin.de\/nossentiner-schwinzer-heide\/?s={search_term_string}\"},\"query-input\":\"required name=search_term_string\"}],\"inLanguage\":\"de\"},{\"@type\":\"Person\",\"@id\":\"https:\/\/www.naturparkmagazin.de\/nossentiner-schwinzer-heide\/#\/schema\/person\/6e5721221b13b6f827e696f29ff18008\",\"name\":\"evelinkartheuser\",\"url\":\"https:\/\/www.naturparkmagazin.de\/nossentiner-schwinzer-heide\/author\/evelinkartheuser\/\"}]}<\/script>\n<!-- \/ Yoast SEO plugin. -->","yoast_head_json":{"title":"Pflanzaktion am Drewitzer See - Naturpark Nossentiner\/Schwinzer Heide","robots":{"index":"index","follow":"follow","max-snippet":"max-snippet:-1","max-image-preview":"max-image-preview:large","max-video-preview":"max-video-preview:-1"},"canonical":"https:\/\/www.naturparkmagazin.de\/nossentiner-schwinzer-heide\/pflanzaktion-am-drewitzer-see\/","og_locale":"de_DE","og_type":"article","og_title":"Pflanzaktion am Drewitzer See - Naturpark Nossentiner\/Schwinzer Heide","og_description":"Dezember 2023 Aufforstung l\u00e4uft erfolgreich Mit dem Projekt \u201eJunge Riesen f\u00fcr die n\u00e4chsten 100 Jahre\u201c bietet die optimal media GmbH in Kooperation mit dem Naturpark Nossentiner\/Schwinzer Heide seit mehr als drei Jahren Kunden die M\u00f6glichkeit, ein regionales Naturschutzprojekt in unmittelbarer N\u00e4he zum Produktionsstandort zu unterst\u00fctzen. Gegen einen geringen Aufpreis zum Auftragswert f\u00fcr die Herstellung von","og_url":"https:\/\/www.naturparkmagazin.de\/nossentiner-schwinzer-heide\/pflanzaktion-am-drewitzer-see\/","og_site_name":"Naturpark Nossentiner\/Schwinzer Heide","article_published_time":"2023-11-24T16:45:19+00:00","article_modified_time":"2023-11-28T16:45:39+00:00","og_image":[{"width":1920,"height":1280,"url":"https:\/\/www.naturparkmagazin.de\/nossentiner-schwinzer-heide\/wp-content\/uploads\/sites\/28\/OM_NSH_Pflanzaktion_MA_2023_News_07.jpg","type":"image\/jpeg"}],"author":"evelinkartheuser","twitter_misc":{"Verfasst von":"evelinkartheuser","Gesch\u00e4tzte Lesezeit":"3\u00a0Minuten"},"schema":{"@context":"https:\/\/schema.org","@graph":[{"@type":"WebPage","@id":"https:\/\/www.naturparkmagazin.de\/nossentiner-schwinzer-heide\/pflanzaktion-am-drewitzer-see\/","url":"https:\/\/www.naturparkmagazin.de\/nossentiner-schwinzer-heide\/pflanzaktion-am-drewitzer-see\/","name":"Pflanzaktion am Drewitzer See - Naturpark Nossentiner\/Schwinzer Heide","isPartOf":{"@id":"https:\/\/www.naturparkmagazin.de\/nossentiner-schwinzer-heide\/#website"},"datePublished":"2023-11-24T16:45:19+00:00","dateModified":"2023-11-28T16:45:39+00:00","author":{"@id":"https:\/\/www.naturparkmagazin.de\/nossentiner-schwinzer-heide\/#\/schema\/person\/6e5721221b13b6f827e696f29ff18008"},"breadcrumb":{"@id":"https:\/\/www.naturparkmagazin.de\/nossentiner-schwinzer-heide\/pflanzaktion-am-drewitzer-see\/#breadcrumb"},"inLanguage":"de","potentialAction":[{"@type":"ReadAction","target":["https:\/\/www.naturparkmagazin.de\/nossentiner-schwinzer-heide\/pflanzaktion-am-drewitzer-see\/"]}]},{"@type":"BreadcrumbList","@id":"https:\/\/www.naturparkmagazin.de\/nossentiner-schwinzer-heide\/pflanzaktion-am-drewitzer-see\/#breadcrumb","itemListElement":[{"@type":"ListItem","position":1,"name":"Home","item":"https:\/\/www.naturparkmagazin.de\/nossentiner-schwinzer-heide\/"},{"@type":"ListItem","position":2,"name":"Pflanzaktion am Drewitzer See"}]},{"@type":"WebSite","@id":"https:\/\/www.naturparkmagazin.de\/nossentiner-schwinzer-heide\/#website","url":"https:\/\/www.naturparkmagazin.de\/nossentiner-schwinzer-heide\/","name":"Naturpark Nossentiner\/Schwinzer Heide","description":"","potentialAction":[{"@type":"SearchAction","target":{"@type":"EntryPoint","urlTemplate":"https:\/\/www.naturparkmagazin.de\/nossentiner-schwinzer-heide\/?s={search_term_string}"},"query-input":"required name=search_term_string"}],"inLanguage":"de"},{"@type":"Person","@id":"https:\/\/www.naturparkmagazin.de\/nossentiner-schwinzer-heide\/#\/schema\/person\/6e5721221b13b6f827e696f29ff18008","name":"evelinkartheuser","url":"https:\/\/www.naturparkmagazin.de\/nossentiner-schwinzer-heide\/author\/evelinkartheuser\/"}]}},"_links":{"self":[{"href":"https:\/\/www.naturparkmagazin.de\/nossentiner-schwinzer-heide\/wp-json\/wp\/v2\/posts\/4945"}],"collection":[{"href":"https:\/\/www.naturparkmagazin.de\/nossentiner-schwinzer-heide\/wp-json\/wp\/v2\/posts"}],"about":[{"href":"https:\/\/www.naturparkmagazin.de\/nossentiner-schwinzer-heide\/wp-json\/wp\/v2\/types\/post"}],"author":[{"embeddable":true,"href":"https:\/\/www.naturparkmagazin.de\/nossentiner-schwinzer-heide\/wp-json\/wp\/v2\/users\/84"}],"replies":[{"embeddable":true,"href":"https:\/\/www.naturparkmagazin.de\/nossentiner-schwinzer-heide\/wp-json\/wp\/v2\/comments?post=4945"}],"version-history":[{"count":2,"href":"https:\/\/www.naturparkmagazin.de\/nossentiner-schwinzer-heide\/wp-json\/wp\/v2\/posts\/4945\/revisions"}],"predecessor-version":[{"id":4955,"href":"https:\/\/www.naturparkmagazin.de\/nossentiner-schwinzer-heide\/wp-json\/wp\/v2\/posts\/4945\/revisions\/4955"}],"wp:featuredmedia":[{"embeddable":true,"href":"https:\/\/www.naturparkmagazin.de\/nossentiner-schwinzer-heide\/wp-json\/wp\/v2\/media\/4950"}],"wp:attachment":[{"href":"https:\/\/www.naturparkmagazin.de\/nossentiner-schwinzer-heide\/wp-json\/wp\/v2\/media?parent=4945"}],"wp:term":[{"taxonomy":"category","embeddable":true,"href":"https:\/\/www.naturparkmagazin.de\/nossentiner-schwinzer-heide\/wp-json\/wp\/v2\/categories?post=4945"},{"taxonomy":"post_tag","embeddable":true,"href":"https:\/\/www.naturparkmagazin.de\/nossentiner-schwinzer-heide\/wp-json\/wp\/v2\/tags?post=4945"}],"curies":[{"name":"wp","href":"https:\/\/api.w.org\/{rel}","templated":true}]}}