{"id":505,"date":"2014-07-23T14:39:12","date_gmt":"2014-07-23T12:39:12","guid":{"rendered":"http:\/\/www.naturparkmagazin.de\/nossentiner-schwinzer-heide\/?p=505"},"modified":"2014-07-28T15:06:10","modified_gmt":"2014-07-28T13:06:10","slug":"farbmarkierung-und-besenderung-von-kranichen-in-der-region-des-naturparks-nossentinerschwinzer-heide","status":"publish","type":"post","link":"https:\/\/www.naturparkmagazin.de\/nossentiner-schwinzer-heide\/farbmarkierung-und-besenderung-von-kranichen-in-der-region-des-naturparks-nossentinerschwinzer-heide\/","title":{"rendered":"Farbmarkierung und Besenderung von Kranichen in der Region des Naturparks Nossentiner\/Schwinzer Heide"},"content":{"rendered":"<div id=\"attachment_506\" style=\"width: 510px\" class=\"wp-caption alignnone\"><a href=\"https:\/\/www.naturparkmagazin.de\/nossentiner-schwinzer-heide\/wp-content\/uploads\/sites\/28\/Freilassung-Jungkranich-NP-Nossentiner-Schwinzer-Heide-G\u00fcnter-Nowald-2014.jpg\"><img aria-describedby=\"caption-attachment-506\" decoding=\"async\" loading=\"lazy\" class=\"size-full wp-image-506\" alt=\"Nach nur etwa 10 Minuten wird der soeben farbmarkierte Kranich von Gemeda Dessalegen freigelassen (Foto: Dr. G\u00fcnter Nowald).\" src=\"https:\/\/www.naturparkmagazin.de\/nossentiner-schwinzer-heide\/wp-content\/uploads\/sites\/28\/Freilassung-Jungkranich-NP-Nossentiner-Schwinzer-Heide-G\u00fcnter-Nowald-2014.jpg\" width=\"500\" height=\"300\" \/><\/a><p id=\"caption-attachment-506\" class=\"wp-caption-text\">Nach nur etwa 10 Minuten wird der soeben farbmarkierte Kranich von Gemeda Dessalegen freigelassen (Foto: Dr. G\u00fcnter Nowald).<\/p><\/div>\n<p>Seit 1995 werden j\u00e4hrlich in der zweiten Junih\u00e4lfte sechs bis acht Wochen alte, noch flugunf\u00e4hige Kraniche von einem internationalem Kranichfangteam individuell markiert.\u00a0 Am 23. Juni startete das Team seine Arbeit. Javier Alonso (Spanien), Xavier Chauby (Frankreich), Micha Modrow und Ronja Wildermuth (beide aus Deutschland) wiesen in diesem Jahr die beiden \u00e4thiopischen Kollegen Gemeda Dessalegen und Tariku Gutema unter Leitung von G\u00fcnter Nowald in die Methoden des Kranichfangs und der Beringung mit farbigen ELSA-Ringen nach den Konventionen der European Crane Banding Group ein. Aufgrund des guten Reproduktionserfolges im Vergleich zu den Vorjahren wurden in 2014 zwei mausernde Altv\u00f6gel und 39 Jungkraniche in W\u00e4ldern und auf Wiesen und Feldern beringt. Dabei werden die V\u00f6gel auch auf den Ern\u00e4hrungszustand, auf Parasiten und Verletzungen untersucht. Mit Hilfe der individuell zu erkennenden V\u00f6gel werden die Lebensraumanspr\u00fcche in den Brut-, Rast- und \u00dcberwinterungsgebieten sowie die Einfl\u00fcsse der intensiven Landwirtschaft erforscht. Im Fokus stehen in den letzten Jahren auch die Auswirkungen der Wetterextreme mit ausgepr\u00e4gten Trockenperioden oder Starkregenf\u00e4llen.<\/p>\n<p>Herzlichen Dank an die Verwaltung und an den F\u00f6rderverein des Naturparks Nossentiner\/Schwinzer Heide.<\/p>\n<p>Dr. G\u00fcnter Nowald, Gesch\u00e4ftsf\u00fchrer Kranichschutz Deutschland gGmbH \/ Leiter Kranich-Informationszentrum, <a href=\"www.nabu-wwf-kranichzentrum.de\">www.nabu-wwf-kranichzentrum.de<\/a><\/p>\n","protected":false},"excerpt":{"rendered":"<p>Seit 1995 fangen j\u00e4hrlich internationale Teams in der Region des Naturparks Nossentiner\/Schwinzer Heide junge und mausernde Kraniche zu wissenschaftlichen Zwecken. Vom 23.06. bis 01.07.2014 wurden insgesamt 41 Kraniche mit Farbringen markiert.<\/p>\n","protected":false},"author":28,"featured_media":0,"comment_status":"open","ping_status":"open","sticky":false,"template":"","format":"standard","meta":[],"categories":[7],"tags":[],"yoast_head":"<!-- This site is optimized with the Yoast SEO plugin v19.10 - https:\/\/yoast.com\/wordpress\/plugins\/seo\/ -->\n<title>Farbmarkierung und Besenderung von Kranichen in der Region des Naturparks Nossentiner\/Schwinzer Heide - Naturpark Nossentiner\/Schwinzer Heide<\/title>\n<meta name=\"robots\" content=\"index, follow, max-snippet:-1, max-image-preview:large, max-video-preview:-1\" \/>\n<link rel=\"canonical\" href=\"https:\/\/www.naturparkmagazin.de\/nossentiner-schwinzer-heide\/farbmarkierung-und-besenderung-von-kranichen-in-der-region-des-naturparks-nossentinerschwinzer-heide\/\" \/>\n<meta property=\"og:locale\" content=\"de_DE\" \/>\n<meta property=\"og:type\" content=\"article\" \/>\n<meta property=\"og:title\" content=\"Farbmarkierung und Besenderung von Kranichen in der Region des Naturparks Nossentiner\/Schwinzer Heide - Naturpark Nossentiner\/Schwinzer Heide\" \/>\n<meta property=\"og:description\" content=\"Seit 1995 fangen j\u00e4hrlich internationale Teams in der Region des Naturparks Nossentiner\/Schwinzer Heide junge und mausernde Kraniche zu wissenschaftlichen Zwecken. Vom 23.06. bis 01.07.2014 wurden insgesamt 41 Kraniche mit Farbringen markiert.\" \/>\n<meta property=\"og:url\" content=\"https:\/\/www.naturparkmagazin.de\/nossentiner-schwinzer-heide\/farbmarkierung-und-besenderung-von-kranichen-in-der-region-des-naturparks-nossentinerschwinzer-heide\/\" \/>\n<meta property=\"og:site_name\" content=\"Naturpark Nossentiner\/Schwinzer Heide\" \/>\n<meta property=\"article:published_time\" content=\"2014-07-23T12:39:12+00:00\" \/>\n<meta property=\"article:modified_time\" content=\"2014-07-28T13:06:10+00:00\" \/>\n<meta name=\"twitter:label1\" content=\"Verfasst von\" \/>\n\t<meta name=\"twitter:data1\" content=\"\" \/>\n\t<meta name=\"twitter:label2\" content=\"Gesch\u00e4tzte Lesezeit\" \/>\n\t<meta name=\"twitter:data2\" content=\"1\u00a0Minute\" \/>\n<script type=\"application\/ld+json\" class=\"yoast-schema-graph\">{\"@context\":\"https:\/\/schema.org\",\"@graph\":[{\"@type\":\"WebPage\",\"@id\":\"https:\/\/www.naturparkmagazin.de\/nossentiner-schwinzer-heide\/farbmarkierung-und-besenderung-von-kranichen-in-der-region-des-naturparks-nossentinerschwinzer-heide\/\",\"url\":\"https:\/\/www.naturparkmagazin.de\/nossentiner-schwinzer-heide\/farbmarkierung-und-besenderung-von-kranichen-in-der-region-des-naturparks-nossentinerschwinzer-heide\/\",\"name\":\"Farbmarkierung und Besenderung von Kranichen in der Region des Naturparks Nossentiner\/Schwinzer Heide - Naturpark Nossentiner\/Schwinzer Heide\",\"isPartOf\":{\"@id\":\"https:\/\/www.naturparkmagazin.de\/nossentiner-schwinzer-heide\/#website\"},\"datePublished\":\"2014-07-23T12:39:12+00:00\",\"dateModified\":\"2014-07-28T13:06:10+00:00\",\"author\":{\"@id\":\"\"},\"breadcrumb\":{\"@id\":\"https:\/\/www.naturparkmagazin.de\/nossentiner-schwinzer-heide\/farbmarkierung-und-besenderung-von-kranichen-in-der-region-des-naturparks-nossentinerschwinzer-heide\/#breadcrumb\"},\"inLanguage\":\"de\",\"potentialAction\":[{\"@type\":\"ReadAction\",\"target\":[\"https:\/\/www.naturparkmagazin.de\/nossentiner-schwinzer-heide\/farbmarkierung-und-besenderung-von-kranichen-in-der-region-des-naturparks-nossentinerschwinzer-heide\/\"]}]},{\"@type\":\"BreadcrumbList\",\"@id\":\"https:\/\/www.naturparkmagazin.de\/nossentiner-schwinzer-heide\/farbmarkierung-und-besenderung-von-kranichen-in-der-region-des-naturparks-nossentinerschwinzer-heide\/#breadcrumb\",\"itemListElement\":[{\"@type\":\"ListItem\",\"position\":1,\"name\":\"Home\",\"item\":\"https:\/\/www.naturparkmagazin.de\/nossentiner-schwinzer-heide\/\"},{\"@type\":\"ListItem\",\"position\":2,\"name\":\"Farbmarkierung und Besenderung von Kranichen in der Region des Naturparks Nossentiner\/Schwinzer Heide\"}]},{\"@type\":\"WebSite\",\"@id\":\"https:\/\/www.naturparkmagazin.de\/nossentiner-schwinzer-heide\/#website\",\"url\":\"https:\/\/www.naturparkmagazin.de\/nossentiner-schwinzer-heide\/\",\"name\":\"Naturpark Nossentiner\/Schwinzer Heide\",\"description\":\"\",\"potentialAction\":[{\"@type\":\"SearchAction\",\"target\":{\"@type\":\"EntryPoint\",\"urlTemplate\":\"https:\/\/www.naturparkmagazin.de\/nossentiner-schwinzer-heide\/?s={search_term_string}\"},\"query-input\":\"required name=search_term_string\"}],\"inLanguage\":\"de\"},{\"@type\":\"Person\",\"@id\":\"\",\"url\":\"https:\/\/www.naturparkmagazin.de\/nossentiner-schwinzer-heide\/author\/\"}]}<\/script>\n<!-- \/ Yoast SEO plugin. -->","yoast_head_json":{"title":"Farbmarkierung und Besenderung von Kranichen in der Region des Naturparks Nossentiner\/Schwinzer Heide - Naturpark Nossentiner\/Schwinzer Heide","robots":{"index":"index","follow":"follow","max-snippet":"max-snippet:-1","max-image-preview":"max-image-preview:large","max-video-preview":"max-video-preview:-1"},"canonical":"https:\/\/www.naturparkmagazin.de\/nossentiner-schwinzer-heide\/farbmarkierung-und-besenderung-von-kranichen-in-der-region-des-naturparks-nossentinerschwinzer-heide\/","og_locale":"de_DE","og_type":"article","og_title":"Farbmarkierung und Besenderung von Kranichen in der Region des Naturparks Nossentiner\/Schwinzer Heide - Naturpark Nossentiner\/Schwinzer Heide","og_description":"Seit 1995 fangen j\u00e4hrlich internationale Teams in der Region des Naturparks Nossentiner\/Schwinzer Heide junge und mausernde Kraniche zu wissenschaftlichen Zwecken. Vom 23.06. bis 01.07.2014 wurden insgesamt 41 Kraniche mit Farbringen markiert.","og_url":"https:\/\/www.naturparkmagazin.de\/nossentiner-schwinzer-heide\/farbmarkierung-und-besenderung-von-kranichen-in-der-region-des-naturparks-nossentinerschwinzer-heide\/","og_site_name":"Naturpark Nossentiner\/Schwinzer Heide","article_published_time":"2014-07-23T12:39:12+00:00","article_modified_time":"2014-07-28T13:06:10+00:00","twitter_misc":{"Verfasst von":"","Gesch\u00e4tzte Lesezeit":"1\u00a0Minute"},"schema":{"@context":"https:\/\/schema.org","@graph":[{"@type":"WebPage","@id":"https:\/\/www.naturparkmagazin.de\/nossentiner-schwinzer-heide\/farbmarkierung-und-besenderung-von-kranichen-in-der-region-des-naturparks-nossentinerschwinzer-heide\/","url":"https:\/\/www.naturparkmagazin.de\/nossentiner-schwinzer-heide\/farbmarkierung-und-besenderung-von-kranichen-in-der-region-des-naturparks-nossentinerschwinzer-heide\/","name":"Farbmarkierung und Besenderung von Kranichen in der Region des Naturparks Nossentiner\/Schwinzer Heide - Naturpark Nossentiner\/Schwinzer Heide","isPartOf":{"@id":"https:\/\/www.naturparkmagazin.de\/nossentiner-schwinzer-heide\/#website"},"datePublished":"2014-07-23T12:39:12+00:00","dateModified":"2014-07-28T13:06:10+00:00","author":{"@id":""},"breadcrumb":{"@id":"https:\/\/www.naturparkmagazin.de\/nossentiner-schwinzer-heide\/farbmarkierung-und-besenderung-von-kranichen-in-der-region-des-naturparks-nossentinerschwinzer-heide\/#breadcrumb"},"inLanguage":"de","potentialAction":[{"@type":"ReadAction","target":["https:\/\/www.naturparkmagazin.de\/nossentiner-schwinzer-heide\/farbmarkierung-und-besenderung-von-kranichen-in-der-region-des-naturparks-nossentinerschwinzer-heide\/"]}]},{"@type":"BreadcrumbList","@id":"https:\/\/www.naturparkmagazin.de\/nossentiner-schwinzer-heide\/farbmarkierung-und-besenderung-von-kranichen-in-der-region-des-naturparks-nossentinerschwinzer-heide\/#breadcrumb","itemListElement":[{"@type":"ListItem","position":1,"name":"Home","item":"https:\/\/www.naturparkmagazin.de\/nossentiner-schwinzer-heide\/"},{"@type":"ListItem","position":2,"name":"Farbmarkierung und Besenderung von Kranichen in der Region des Naturparks Nossentiner\/Schwinzer Heide"}]},{"@type":"WebSite","@id":"https:\/\/www.naturparkmagazin.de\/nossentiner-schwinzer-heide\/#website","url":"https:\/\/www.naturparkmagazin.de\/nossentiner-schwinzer-heide\/","name":"Naturpark Nossentiner\/Schwinzer Heide","description":"","potentialAction":[{"@type":"SearchAction","target":{"@type":"EntryPoint","urlTemplate":"https:\/\/www.naturparkmagazin.de\/nossentiner-schwinzer-heide\/?s={search_term_string}"},"query-input":"required name=search_term_string"}],"inLanguage":"de"},{"@type":"Person","@id":"","url":"https:\/\/www.naturparkmagazin.de\/nossentiner-schwinzer-heide\/author\/"}]}},"_links":{"self":[{"href":"https:\/\/www.naturparkmagazin.de\/nossentiner-schwinzer-heide\/wp-json\/wp\/v2\/posts\/505"}],"collection":[{"href":"https:\/\/www.naturparkmagazin.de\/nossentiner-schwinzer-heide\/wp-json\/wp\/v2\/posts"}],"about":[{"href":"https:\/\/www.naturparkmagazin.de\/nossentiner-schwinzer-heide\/wp-json\/wp\/v2\/types\/post"}],"author":[{"embeddable":true,"href":"https:\/\/www.naturparkmagazin.de\/nossentiner-schwinzer-heide\/wp-json\/wp\/v2\/users\/28"}],"replies":[{"embeddable":true,"href":"https:\/\/www.naturparkmagazin.de\/nossentiner-schwinzer-heide\/wp-json\/wp\/v2\/comments?post=505"}],"version-history":[{"count":2,"href":"https:\/\/www.naturparkmagazin.de\/nossentiner-schwinzer-heide\/wp-json\/wp\/v2\/posts\/505\/revisions"}],"predecessor-version":[{"id":510,"href":"https:\/\/www.naturparkmagazin.de\/nossentiner-schwinzer-heide\/wp-json\/wp\/v2\/posts\/505\/revisions\/510"}],"wp:attachment":[{"href":"https:\/\/www.naturparkmagazin.de\/nossentiner-schwinzer-heide\/wp-json\/wp\/v2\/media?parent=505"}],"wp:term":[{"taxonomy":"category","embeddable":true,"href":"https:\/\/www.naturparkmagazin.de\/nossentiner-schwinzer-heide\/wp-json\/wp\/v2\/categories?post=505"},{"taxonomy":"post_tag","embeddable":true,"href":"https:\/\/www.naturparkmagazin.de\/nossentiner-schwinzer-heide\/wp-json\/wp\/v2\/tags?post=505"}],"curies":[{"name":"wp","href":"https:\/\/api.w.org\/{rel}","templated":true}]}}