{"id":514,"date":"2014-07-23T09:33:24","date_gmt":"2014-07-23T07:33:24","guid":{"rendered":"http:\/\/www.naturparkmagazin.de\/nossentiner-schwinzer-heide\/?p=514"},"modified":"2014-07-28T15:06:29","modified_gmt":"2014-07-28T13:06:29","slug":"gemeinsam-fuer-den-naturschutz","status":"publish","type":"post","link":"https:\/\/www.naturparkmagazin.de\/nossentiner-schwinzer-heide\/gemeinsam-fuer-den-naturschutz\/","title":{"rendered":"Gemeinsam f\u00fcr den Naturschutz"},"content":{"rendered":"<p>Eine Schutzstation f\u00fcr Natur und Umwelt mitten in der Natur \u2013 eine bessere Voraussetzung k\u00f6nnte es f\u00fcr ein solches Objekt gar nicht geben. In Wooster Teerofen wurde eine solche Station vor wenigen Tagen durch den stellvertretenden Landrat des Landkreises Ludwigslust-Parchim G\u00fcnter Matscho\u00df, im Beisein von F\u00f6rderern, Sponsoren, Baufirmen, Vereinsmitgliedern und Einwohnern des Ortes, eingeweiht. Im Newsletter wurde bereits mehrfach vom Fortgang der Arbeiten berichtet.<\/p>\n<div id=\"attachment_515\" style=\"width: 510px\" class=\"wp-caption alignnone\"><a href=\"https:\/\/www.naturparkmagazin.de\/nossentiner-schwinzer-heide\/wp-content\/uploads\/sites\/28\/G\u00fcnter-Matscho\u00df-und-Gerhard-Cornelssen-Naturschutzstation-Wooster-Teerofen-Nossentiner-Schwinzer-Heide-J\u00f6rg-Gast-2014.jpg\"><img aria-describedby=\"caption-attachment-515\" decoding=\"async\" loading=\"lazy\" class=\"size-full wp-image-515\" alt=\"G\u00fcnter Matscho\u00df, stellv. Landrat (links) und der Namensgeber f\u00fcr die Station Gerhard Cornelssen enth\u00fcllen das Namensschild.\" src=\"https:\/\/www.naturparkmagazin.de\/nossentiner-schwinzer-heide\/wp-content\/uploads\/sites\/28\/G\u00fcnter-Matscho\u00df-und-Gerhard-Cornelssen-Naturschutzstation-Wooster-Teerofen-Nossentiner-Schwinzer-Heide-J\u00f6rg-Gast-2014.jpg\" width=\"500\" height=\"300\" \/><\/a><p id=\"caption-attachment-515\" class=\"wp-caption-text\">G\u00fcnter Matscho\u00df, stellv. Landrat (links) und der Namensgeber f\u00fcr die Station Gerhard Cornelssen enth\u00fcllen das Namensschild.<\/p><\/div>\n<p>Im August 2013 begannen die Arbeiten an dem etwa 140 Jahre altem Geb\u00e4ude. Der Dachstuhl wurde erneuert, die W\u00e4nde saniert und mit Lehm geputzt, die D\u00e4mmung erfolgte mit Hanf und neue Holzfenster wurden eingesetzt. Die Solaranlage auf dem Dach sorgt f\u00fcr warmes Wasser und eine Regenwassernutzungsanlage liefert das Wasser f\u00fcr die Waschmaschine und die sanit\u00e4ren Einrichtungen. Im Geb\u00e4ude ist ein gr\u00f6\u00dferer Seminarraum entstanden, zwei Arbeitszimmer sowie eine K\u00fcche. Der Dachstuhl soll in den n\u00e4chsten Monaten als Schlaflager ausgebaut werden.<\/p>\n<div id=\"attachment_517\" style=\"width: 510px\" class=\"wp-caption alignnone\"><a href=\"https:\/\/www.naturparkmagazin.de\/nossentiner-schwinzer-heide\/wp-content\/uploads\/sites\/28\/Naturschutzstation-Wooster-Teerofen1-Nossentiner-Schwinzer-Heide-J\u00f6rg-Gast-2014.jpg\"><img aria-describedby=\"caption-attachment-517\" decoding=\"async\" loading=\"lazy\" class=\"size-full wp-image-517\" alt=\"G\u00e4ste der Einweihungsfeier.\" src=\"https:\/\/www.naturparkmagazin.de\/nossentiner-schwinzer-heide\/wp-content\/uploads\/sites\/28\/Naturschutzstation-Wooster-Teerofen1-Nossentiner-Schwinzer-Heide-J\u00f6rg-Gast-2014.jpg\" width=\"500\" height=\"300\" \/><\/a><p id=\"caption-attachment-517\" class=\"wp-caption-text\">G\u00e4ste der Einweihungsfeier.<\/p><\/div>\n<p>Haupts\u00e4chlich Kinder, Studenten und junge Wissenschaftler sollen das Zentrum f\u00fcr Naturschutz k\u00fcnftig nutzen. Daf\u00fcr will sich auch der Namensgeber Gerhard Cornelssen (Oberf\u00f6rster i.R.) einsetzen, der gemeinsam mit G\u00fcnter Matscho\u00df das Namensschild enth\u00fcllte. Der stellvertretende Vorsitzende des F\u00f6rdervereins Naturpark Nossentiner\/Schwinzer Heide e.V. Wulf Hahne dankte allen, die in irgend einer Art und Weise zum Gelingen des Projektes beigetragen haben. Insbesondere w\u00fcrdigte er den Einsatz des Gesch\u00e4ftsf\u00fchrers des F\u00f6rdervereins, Ralf Koch.<\/p>\n<div id=\"attachment_518\" style=\"width: 510px\" class=\"wp-caption alignnone\"><a href=\"https:\/\/www.naturparkmagazin.de\/nossentiner-schwinzer-heide\/wp-content\/uploads\/sites\/28\/Ralf-Koch-und-Christoph-Tress-Naturschutzstation-Wooster-Teerofen-Nossentiner-Schwinzer-Heide-J\u00f6rg-Gast-2014.jpg\"><img aria-describedby=\"caption-attachment-518\" decoding=\"async\" loading=\"lazy\" class=\"size-full wp-image-518\" alt=\"Christoph Tress (rechts) von den th\u00fcringer Fledermausforschern bedankt sich bei Ralf Koch f\u00fcr sein Engagement.\" src=\"https:\/\/www.naturparkmagazin.de\/nossentiner-schwinzer-heide\/wp-content\/uploads\/sites\/28\/Ralf-Koch-und-Christoph-Tress-Naturschutzstation-Wooster-Teerofen-Nossentiner-Schwinzer-Heide-J\u00f6rg-Gast-2014.jpg\" width=\"500\" height=\"300\" \/><\/a><p id=\"caption-attachment-518\" class=\"wp-caption-text\">Christoph Tress (rechts) von den th\u00fcringer Fledermausforschern bedankt sich bei Ralf Koch f\u00fcr sein Engagement.<\/p><\/div>\n<p>Schulen, Hochschulen und Universit\u00e4ten k\u00f6nnen hier Lehrg\u00e4nge und Workshops \u00fcber Natur- und Artenschutz, nachhaltige Landnutzung oder andere artverwandte Themen durchf\u00fchren. Ziel ist es auch, diese Station als Basis f\u00fcr eine geplante Junior-Rangergruppe zu nutzen.<\/p>\n<p>Als erste Nutzer weilten bereits ein internationales Kranichforscherteam, eine th\u00fcringer Fledermausforschergruppe sowie eine Gruppe von Biologiestudenten der Ernst-Moritz-Arndt Universit\u00e4t Greifswald im Gerhard-Cornelssen-Haus. Im Rahmen eines internationalen Jugendlagers im September werden Jugendliche weiter an der Gestaltung des Freigel\u00e4ndes sowie am Ausbau des Dachbodens arbeiten.<\/p>\n<div id=\"attachment_519\" style=\"width: 510px\" class=\"wp-caption alignnone\"><a href=\"https:\/\/www.naturparkmagazin.de\/nossentiner-schwinzer-heide\/wp-content\/uploads\/sites\/28\/Ralf-Koch-und-Gerhard-Cornelssen-Naturschutzstation-Wooster-Teerofen-Nossentiner-Schwinzer-Heide-J\u00f6rg-Gast-2014.jpg\"><img aria-describedby=\"caption-attachment-519\" decoding=\"async\" loading=\"lazy\" class=\"size-full wp-image-519\" alt=\"Ralf Koch (links) und Gerhard Cornelssen.\" src=\"https:\/\/www.naturparkmagazin.de\/nossentiner-schwinzer-heide\/wp-content\/uploads\/sites\/28\/Ralf-Koch-und-Gerhard-Cornelssen-Naturschutzstation-Wooster-Teerofen-Nossentiner-Schwinzer-Heide-J\u00f6rg-Gast-2014.jpg\" width=\"500\" height=\"300\" \/><\/a><p id=\"caption-attachment-519\" class=\"wp-caption-text\">Ralf Koch (links) und Gerhard Cornelssen.<\/p><\/div>\n","protected":false},"excerpt":{"rendered":"<p>Durch die Hilfe zahlreicher Ehrenamtler, F\u00f6rderer und Sponsoren konnte das Gerhard-Cornelssen-Haus des F\u00f6rdervereins Naturpark Nossentiner\/Schwinzer Heide e.V. jetzt eingeweiht werden.<\/p>\n","protected":false},"author":28,"featured_media":0,"comment_status":"open","ping_status":"open","sticky":false,"template":"","format":"standard","meta":[],"categories":[7],"tags":[],"yoast_head":"<!-- This site is optimized with the Yoast SEO plugin v19.10 - https:\/\/yoast.com\/wordpress\/plugins\/seo\/ -->\n<title>Gemeinsam f\u00fcr den Naturschutz - Naturpark Nossentiner\/Schwinzer Heide<\/title>\n<meta name=\"robots\" content=\"index, follow, max-snippet:-1, max-image-preview:large, max-video-preview:-1\" \/>\n<link rel=\"canonical\" href=\"https:\/\/www.naturparkmagazin.de\/nossentiner-schwinzer-heide\/gemeinsam-fuer-den-naturschutz\/\" \/>\n<meta property=\"og:locale\" content=\"de_DE\" \/>\n<meta property=\"og:type\" content=\"article\" \/>\n<meta property=\"og:title\" content=\"Gemeinsam f\u00fcr den Naturschutz - Naturpark Nossentiner\/Schwinzer Heide\" \/>\n<meta property=\"og:description\" content=\"Durch die Hilfe zahlreicher Ehrenamtler, F\u00f6rderer und Sponsoren konnte das Gerhard-Cornelssen-Haus des F\u00f6rdervereins Naturpark Nossentiner\/Schwinzer Heide e.V. jetzt eingeweiht werden.\" \/>\n<meta property=\"og:url\" content=\"https:\/\/www.naturparkmagazin.de\/nossentiner-schwinzer-heide\/gemeinsam-fuer-den-naturschutz\/\" \/>\n<meta property=\"og:site_name\" content=\"Naturpark Nossentiner\/Schwinzer Heide\" \/>\n<meta property=\"article:published_time\" content=\"2014-07-23T07:33:24+00:00\" \/>\n<meta property=\"article:modified_time\" content=\"2014-07-28T13:06:29+00:00\" \/>\n<meta name=\"twitter:label1\" content=\"Verfasst von\" \/>\n\t<meta name=\"twitter:data1\" content=\"\" \/>\n\t<meta name=\"twitter:label2\" content=\"Gesch\u00e4tzte Lesezeit\" \/>\n\t<meta name=\"twitter:data2\" content=\"2\u00a0Minuten\" \/>\n<script type=\"application\/ld+json\" class=\"yoast-schema-graph\">{\"@context\":\"https:\/\/schema.org\",\"@graph\":[{\"@type\":\"WebPage\",\"@id\":\"https:\/\/www.naturparkmagazin.de\/nossentiner-schwinzer-heide\/gemeinsam-fuer-den-naturschutz\/\",\"url\":\"https:\/\/www.naturparkmagazin.de\/nossentiner-schwinzer-heide\/gemeinsam-fuer-den-naturschutz\/\",\"name\":\"Gemeinsam f\u00fcr den Naturschutz - Naturpark Nossentiner\/Schwinzer Heide\",\"isPartOf\":{\"@id\":\"https:\/\/www.naturparkmagazin.de\/nossentiner-schwinzer-heide\/#website\"},\"datePublished\":\"2014-07-23T07:33:24+00:00\",\"dateModified\":\"2014-07-28T13:06:29+00:00\",\"author\":{\"@id\":\"\"},\"breadcrumb\":{\"@id\":\"https:\/\/www.naturparkmagazin.de\/nossentiner-schwinzer-heide\/gemeinsam-fuer-den-naturschutz\/#breadcrumb\"},\"inLanguage\":\"de\",\"potentialAction\":[{\"@type\":\"ReadAction\",\"target\":[\"https:\/\/www.naturparkmagazin.de\/nossentiner-schwinzer-heide\/gemeinsam-fuer-den-naturschutz\/\"]}]},{\"@type\":\"BreadcrumbList\",\"@id\":\"https:\/\/www.naturparkmagazin.de\/nossentiner-schwinzer-heide\/gemeinsam-fuer-den-naturschutz\/#breadcrumb\",\"itemListElement\":[{\"@type\":\"ListItem\",\"position\":1,\"name\":\"Home\",\"item\":\"https:\/\/www.naturparkmagazin.de\/nossentiner-schwinzer-heide\/\"},{\"@type\":\"ListItem\",\"position\":2,\"name\":\"Gemeinsam f\u00fcr den Naturschutz\"}]},{\"@type\":\"WebSite\",\"@id\":\"https:\/\/www.naturparkmagazin.de\/nossentiner-schwinzer-heide\/#website\",\"url\":\"https:\/\/www.naturparkmagazin.de\/nossentiner-schwinzer-heide\/\",\"name\":\"Naturpark Nossentiner\/Schwinzer Heide\",\"description\":\"\",\"potentialAction\":[{\"@type\":\"SearchAction\",\"target\":{\"@type\":\"EntryPoint\",\"urlTemplate\":\"https:\/\/www.naturparkmagazin.de\/nossentiner-schwinzer-heide\/?s={search_term_string}\"},\"query-input\":\"required name=search_term_string\"}],\"inLanguage\":\"de\"},{\"@type\":\"Person\",\"@id\":\"\",\"url\":\"https:\/\/www.naturparkmagazin.de\/nossentiner-schwinzer-heide\/author\/\"}]}<\/script>\n<!-- \/ Yoast SEO plugin. -->","yoast_head_json":{"title":"Gemeinsam f\u00fcr den Naturschutz - Naturpark Nossentiner\/Schwinzer Heide","robots":{"index":"index","follow":"follow","max-snippet":"max-snippet:-1","max-image-preview":"max-image-preview:large","max-video-preview":"max-video-preview:-1"},"canonical":"https:\/\/www.naturparkmagazin.de\/nossentiner-schwinzer-heide\/gemeinsam-fuer-den-naturschutz\/","og_locale":"de_DE","og_type":"article","og_title":"Gemeinsam f\u00fcr den Naturschutz - Naturpark Nossentiner\/Schwinzer Heide","og_description":"Durch die Hilfe zahlreicher Ehrenamtler, F\u00f6rderer und Sponsoren konnte das Gerhard-Cornelssen-Haus des F\u00f6rdervereins Naturpark Nossentiner\/Schwinzer Heide e.V. jetzt eingeweiht werden.","og_url":"https:\/\/www.naturparkmagazin.de\/nossentiner-schwinzer-heide\/gemeinsam-fuer-den-naturschutz\/","og_site_name":"Naturpark Nossentiner\/Schwinzer Heide","article_published_time":"2014-07-23T07:33:24+00:00","article_modified_time":"2014-07-28T13:06:29+00:00","twitter_misc":{"Verfasst von":"","Gesch\u00e4tzte Lesezeit":"2\u00a0Minuten"},"schema":{"@context":"https:\/\/schema.org","@graph":[{"@type":"WebPage","@id":"https:\/\/www.naturparkmagazin.de\/nossentiner-schwinzer-heide\/gemeinsam-fuer-den-naturschutz\/","url":"https:\/\/www.naturparkmagazin.de\/nossentiner-schwinzer-heide\/gemeinsam-fuer-den-naturschutz\/","name":"Gemeinsam f\u00fcr den Naturschutz - Naturpark Nossentiner\/Schwinzer Heide","isPartOf":{"@id":"https:\/\/www.naturparkmagazin.de\/nossentiner-schwinzer-heide\/#website"},"datePublished":"2014-07-23T07:33:24+00:00","dateModified":"2014-07-28T13:06:29+00:00","author":{"@id":""},"breadcrumb":{"@id":"https:\/\/www.naturparkmagazin.de\/nossentiner-schwinzer-heide\/gemeinsam-fuer-den-naturschutz\/#breadcrumb"},"inLanguage":"de","potentialAction":[{"@type":"ReadAction","target":["https:\/\/www.naturparkmagazin.de\/nossentiner-schwinzer-heide\/gemeinsam-fuer-den-naturschutz\/"]}]},{"@type":"BreadcrumbList","@id":"https:\/\/www.naturparkmagazin.de\/nossentiner-schwinzer-heide\/gemeinsam-fuer-den-naturschutz\/#breadcrumb","itemListElement":[{"@type":"ListItem","position":1,"name":"Home","item":"https:\/\/www.naturparkmagazin.de\/nossentiner-schwinzer-heide\/"},{"@type":"ListItem","position":2,"name":"Gemeinsam f\u00fcr den Naturschutz"}]},{"@type":"WebSite","@id":"https:\/\/www.naturparkmagazin.de\/nossentiner-schwinzer-heide\/#website","url":"https:\/\/www.naturparkmagazin.de\/nossentiner-schwinzer-heide\/","name":"Naturpark Nossentiner\/Schwinzer Heide","description":"","potentialAction":[{"@type":"SearchAction","target":{"@type":"EntryPoint","urlTemplate":"https:\/\/www.naturparkmagazin.de\/nossentiner-schwinzer-heide\/?s={search_term_string}"},"query-input":"required name=search_term_string"}],"inLanguage":"de"},{"@type":"Person","@id":"","url":"https:\/\/www.naturparkmagazin.de\/nossentiner-schwinzer-heide\/author\/"}]}},"_links":{"self":[{"href":"https:\/\/www.naturparkmagazin.de\/nossentiner-schwinzer-heide\/wp-json\/wp\/v2\/posts\/514"}],"collection":[{"href":"https:\/\/www.naturparkmagazin.de\/nossentiner-schwinzer-heide\/wp-json\/wp\/v2\/posts"}],"about":[{"href":"https:\/\/www.naturparkmagazin.de\/nossentiner-schwinzer-heide\/wp-json\/wp\/v2\/types\/post"}],"author":[{"embeddable":true,"href":"https:\/\/www.naturparkmagazin.de\/nossentiner-schwinzer-heide\/wp-json\/wp\/v2\/users\/28"}],"replies":[{"embeddable":true,"href":"https:\/\/www.naturparkmagazin.de\/nossentiner-schwinzer-heide\/wp-json\/wp\/v2\/comments?post=514"}],"version-history":[{"count":2,"href":"https:\/\/www.naturparkmagazin.de\/nossentiner-schwinzer-heide\/wp-json\/wp\/v2\/posts\/514\/revisions"}],"predecessor-version":[{"id":521,"href":"https:\/\/www.naturparkmagazin.de\/nossentiner-schwinzer-heide\/wp-json\/wp\/v2\/posts\/514\/revisions\/521"}],"wp:attachment":[{"href":"https:\/\/www.naturparkmagazin.de\/nossentiner-schwinzer-heide\/wp-json\/wp\/v2\/media?parent=514"}],"wp:term":[{"taxonomy":"category","embeddable":true,"href":"https:\/\/www.naturparkmagazin.de\/nossentiner-schwinzer-heide\/wp-json\/wp\/v2\/categories?post=514"},{"taxonomy":"post_tag","embeddable":true,"href":"https:\/\/www.naturparkmagazin.de\/nossentiner-schwinzer-heide\/wp-json\/wp\/v2\/tags?post=514"}],"curies":[{"name":"wp","href":"https:\/\/api.w.org\/{rel}","templated":true}]}}