{"id":522,"date":"2014-07-23T09:53:19","date_gmt":"2014-07-23T07:53:19","guid":{"rendered":"http:\/\/www.naturparkmagazin.de\/nossentiner-schwinzer-heide\/?p=522"},"modified":"2014-07-28T15:01:57","modified_gmt":"2014-07-28T13:01:57","slug":"seeadlerstunde","status":"publish","type":"post","link":"https:\/\/www.naturparkmagazin.de\/nossentiner-schwinzer-heide\/seeadlerstunde\/","title":{"rendered":"Seeadlerstunde"},"content":{"rendered":"<p align=\"LEFT\">Wenn Sie schon immer eine Biologin alles m\u00f6gliche zum Seeadler fragen wollten&#8230;<\/p>\n<p align=\"LEFT\">Dies ist die Gelegenheit!<a href=\"https:\/\/www.naturparkmagazin.de\/nossentiner-schwinzer-heide\/wp-content\/uploads\/sites\/28\/ad-Seeadler-Nossentiner-Schwinzer-Heide-J\u00f6rg-Gast.jpg\"><img decoding=\"async\" loading=\"lazy\" class=\"alignnone size-full wp-image-523\" alt=\"ad Seeadler, Nossentiner-Schwinzer Heide, J\u00f6rg Gast\" src=\"https:\/\/www.naturparkmagazin.de\/nossentiner-schwinzer-heide\/wp-content\/uploads\/sites\/28\/ad-Seeadler-Nossentiner-Schwinzer-Heide-J\u00f6rg-Gast.jpg\" width=\"500\" height=\"300\" \/><\/a><\/p>\n<p align=\"LEFT\">Wir begeben uns zu einem Aussichtspunkt, von dem aus wir mit gro\u00dfer Wahrscheinlichkeit dieses einmalige Tier gut beobachten k\u00f6nnen. Hier wollen wir einen genauen Blick auf ihre Majest\u00e4t werfen und mehr \u00fcber Lebensweise, besondere F\u00e4higkeiten und aktuelle Forschungsergebnisse erfahren.<\/p>\n<p align=\"LEFT\">Spektiv und Anschauungsmaterial bringe ich nat\u00fcrlich mit.<\/p>\n<p>Kostenpunkt: Das, was es Ihnen am Ende der Aktion wert ist.<\/p>\n<p align=\"LEFT\">Seeadlerstunden sind an folgenden Donnerstagen:<\/p>\n<p align=\"LEFT\">14., 21. und 28. August, jeweils um 10:00 Uhr, Treffpunkt am Karower Meiler.<\/p>\n<p align=\"LEFT\">Fernglas &#8211; falls vorhanden &#8211; nicht vergessen!<\/p>\n<p align=\"LEFT\">Die Pl\u00e4tze sind begrenzt! Bitte anmelden unter: Tel. 0 38 43 &#8211; 46 43 58 (Seeadlerstunde)<\/p>\n<p align=\"LEFT\">Ein Angebot von und mit Dipl. Biologin Meike-Christine Karl, www.schneckenspur.de<a href=\"https:\/\/www.naturparkmagazin.de\/nossentiner-schwinzer-heide\/wp-content\/uploads\/sites\/28\/immat-Seeadler-Nossentiner-Schwinzer-Heide-J\u00f6rg-Gast.jpg\"><img decoding=\"async\" loading=\"lazy\" class=\"alignnone size-full wp-image-525\" alt=\"immat Seeadler, Nossentiner-Schwinzer Heide, J\u00f6rg Gast\" src=\"https:\/\/www.naturparkmagazin.de\/nossentiner-schwinzer-heide\/wp-content\/uploads\/sites\/28\/immat-Seeadler-Nossentiner-Schwinzer-Heide-J\u00f6rg-Gast.jpg\" width=\"500\" height=\"300\" \/><\/a><\/p>\n","protected":false},"excerpt":{"rendered":"<p>Seeadlerbeobachtung mit Meike-Christine Karl<\/p>\n","protected":false},"author":28,"featured_media":0,"comment_status":"open","ping_status":"open","sticky":false,"template":"","format":"standard","meta":[],"categories":[11],"tags":[],"yoast_head":"<!-- This site is optimized with the Yoast SEO plugin v19.10 - https:\/\/yoast.com\/wordpress\/plugins\/seo\/ -->\n<title>Seeadlerstunde - Naturpark Nossentiner\/Schwinzer Heide<\/title>\n<meta name=\"robots\" content=\"index, follow, max-snippet:-1, max-image-preview:large, max-video-preview:-1\" \/>\n<link rel=\"canonical\" href=\"https:\/\/www.naturparkmagazin.de\/nossentiner-schwinzer-heide\/seeadlerstunde\/\" \/>\n<meta property=\"og:locale\" content=\"de_DE\" \/>\n<meta property=\"og:type\" content=\"article\" \/>\n<meta property=\"og:title\" content=\"Seeadlerstunde - Naturpark Nossentiner\/Schwinzer Heide\" \/>\n<meta property=\"og:description\" content=\"Seeadlerbeobachtung mit Meike-Christine Karl\" \/>\n<meta property=\"og:url\" content=\"https:\/\/www.naturparkmagazin.de\/nossentiner-schwinzer-heide\/seeadlerstunde\/\" \/>\n<meta property=\"og:site_name\" content=\"Naturpark Nossentiner\/Schwinzer Heide\" \/>\n<meta property=\"article:published_time\" content=\"2014-07-23T07:53:19+00:00\" \/>\n<meta property=\"article:modified_time\" content=\"2014-07-28T13:01:57+00:00\" \/>\n<meta name=\"twitter:label1\" content=\"Verfasst von\" \/>\n\t<meta name=\"twitter:data1\" content=\"\" \/>\n\t<meta name=\"twitter:label2\" content=\"Gesch\u00e4tzte Lesezeit\" \/>\n\t<meta name=\"twitter:data2\" content=\"1\u00a0Minute\" \/>\n<script type=\"application\/ld+json\" class=\"yoast-schema-graph\">{\"@context\":\"https:\/\/schema.org\",\"@graph\":[{\"@type\":\"WebPage\",\"@id\":\"https:\/\/www.naturparkmagazin.de\/nossentiner-schwinzer-heide\/seeadlerstunde\/\",\"url\":\"https:\/\/www.naturparkmagazin.de\/nossentiner-schwinzer-heide\/seeadlerstunde\/\",\"name\":\"Seeadlerstunde - Naturpark Nossentiner\/Schwinzer Heide\",\"isPartOf\":{\"@id\":\"https:\/\/www.naturparkmagazin.de\/nossentiner-schwinzer-heide\/#website\"},\"datePublished\":\"2014-07-23T07:53:19+00:00\",\"dateModified\":\"2014-07-28T13:01:57+00:00\",\"author\":{\"@id\":\"\"},\"breadcrumb\":{\"@id\":\"https:\/\/www.naturparkmagazin.de\/nossentiner-schwinzer-heide\/seeadlerstunde\/#breadcrumb\"},\"inLanguage\":\"de\",\"potentialAction\":[{\"@type\":\"ReadAction\",\"target\":[\"https:\/\/www.naturparkmagazin.de\/nossentiner-schwinzer-heide\/seeadlerstunde\/\"]}]},{\"@type\":\"BreadcrumbList\",\"@id\":\"https:\/\/www.naturparkmagazin.de\/nossentiner-schwinzer-heide\/seeadlerstunde\/#breadcrumb\",\"itemListElement\":[{\"@type\":\"ListItem\",\"position\":1,\"name\":\"Home\",\"item\":\"https:\/\/www.naturparkmagazin.de\/nossentiner-schwinzer-heide\/\"},{\"@type\":\"ListItem\",\"position\":2,\"name\":\"Seeadlerstunde\"}]},{\"@type\":\"WebSite\",\"@id\":\"https:\/\/www.naturparkmagazin.de\/nossentiner-schwinzer-heide\/#website\",\"url\":\"https:\/\/www.naturparkmagazin.de\/nossentiner-schwinzer-heide\/\",\"name\":\"Naturpark Nossentiner\/Schwinzer Heide\",\"description\":\"\",\"potentialAction\":[{\"@type\":\"SearchAction\",\"target\":{\"@type\":\"EntryPoint\",\"urlTemplate\":\"https:\/\/www.naturparkmagazin.de\/nossentiner-schwinzer-heide\/?s={search_term_string}\"},\"query-input\":\"required name=search_term_string\"}],\"inLanguage\":\"de\"},{\"@type\":\"Person\",\"@id\":\"\",\"url\":\"https:\/\/www.naturparkmagazin.de\/nossentiner-schwinzer-heide\/author\/\"}]}<\/script>\n<!-- \/ Yoast SEO plugin. -->","yoast_head_json":{"title":"Seeadlerstunde - Naturpark Nossentiner\/Schwinzer Heide","robots":{"index":"index","follow":"follow","max-snippet":"max-snippet:-1","max-image-preview":"max-image-preview:large","max-video-preview":"max-video-preview:-1"},"canonical":"https:\/\/www.naturparkmagazin.de\/nossentiner-schwinzer-heide\/seeadlerstunde\/","og_locale":"de_DE","og_type":"article","og_title":"Seeadlerstunde - Naturpark Nossentiner\/Schwinzer Heide","og_description":"Seeadlerbeobachtung mit Meike-Christine Karl","og_url":"https:\/\/www.naturparkmagazin.de\/nossentiner-schwinzer-heide\/seeadlerstunde\/","og_site_name":"Naturpark Nossentiner\/Schwinzer Heide","article_published_time":"2014-07-23T07:53:19+00:00","article_modified_time":"2014-07-28T13:01:57+00:00","twitter_misc":{"Verfasst von":"","Gesch\u00e4tzte Lesezeit":"1\u00a0Minute"},"schema":{"@context":"https:\/\/schema.org","@graph":[{"@type":"WebPage","@id":"https:\/\/www.naturparkmagazin.de\/nossentiner-schwinzer-heide\/seeadlerstunde\/","url":"https:\/\/www.naturparkmagazin.de\/nossentiner-schwinzer-heide\/seeadlerstunde\/","name":"Seeadlerstunde - Naturpark Nossentiner\/Schwinzer Heide","isPartOf":{"@id":"https:\/\/www.naturparkmagazin.de\/nossentiner-schwinzer-heide\/#website"},"datePublished":"2014-07-23T07:53:19+00:00","dateModified":"2014-07-28T13:01:57+00:00","author":{"@id":""},"breadcrumb":{"@id":"https:\/\/www.naturparkmagazin.de\/nossentiner-schwinzer-heide\/seeadlerstunde\/#breadcrumb"},"inLanguage":"de","potentialAction":[{"@type":"ReadAction","target":["https:\/\/www.naturparkmagazin.de\/nossentiner-schwinzer-heide\/seeadlerstunde\/"]}]},{"@type":"BreadcrumbList","@id":"https:\/\/www.naturparkmagazin.de\/nossentiner-schwinzer-heide\/seeadlerstunde\/#breadcrumb","itemListElement":[{"@type":"ListItem","position":1,"name":"Home","item":"https:\/\/www.naturparkmagazin.de\/nossentiner-schwinzer-heide\/"},{"@type":"ListItem","position":2,"name":"Seeadlerstunde"}]},{"@type":"WebSite","@id":"https:\/\/www.naturparkmagazin.de\/nossentiner-schwinzer-heide\/#website","url":"https:\/\/www.naturparkmagazin.de\/nossentiner-schwinzer-heide\/","name":"Naturpark Nossentiner\/Schwinzer Heide","description":"","potentialAction":[{"@type":"SearchAction","target":{"@type":"EntryPoint","urlTemplate":"https:\/\/www.naturparkmagazin.de\/nossentiner-schwinzer-heide\/?s={search_term_string}"},"query-input":"required name=search_term_string"}],"inLanguage":"de"},{"@type":"Person","@id":"","url":"https:\/\/www.naturparkmagazin.de\/nossentiner-schwinzer-heide\/author\/"}]}},"_links":{"self":[{"href":"https:\/\/www.naturparkmagazin.de\/nossentiner-schwinzer-heide\/wp-json\/wp\/v2\/posts\/522"}],"collection":[{"href":"https:\/\/www.naturparkmagazin.de\/nossentiner-schwinzer-heide\/wp-json\/wp\/v2\/posts"}],"about":[{"href":"https:\/\/www.naturparkmagazin.de\/nossentiner-schwinzer-heide\/wp-json\/wp\/v2\/types\/post"}],"author":[{"embeddable":true,"href":"https:\/\/www.naturparkmagazin.de\/nossentiner-schwinzer-heide\/wp-json\/wp\/v2\/users\/28"}],"replies":[{"embeddable":true,"href":"https:\/\/www.naturparkmagazin.de\/nossentiner-schwinzer-heide\/wp-json\/wp\/v2\/comments?post=522"}],"version-history":[{"count":1,"href":"https:\/\/www.naturparkmagazin.de\/nossentiner-schwinzer-heide\/wp-json\/wp\/v2\/posts\/522\/revisions"}],"predecessor-version":[{"id":526,"href":"https:\/\/www.naturparkmagazin.de\/nossentiner-schwinzer-heide\/wp-json\/wp\/v2\/posts\/522\/revisions\/526"}],"wp:attachment":[{"href":"https:\/\/www.naturparkmagazin.de\/nossentiner-schwinzer-heide\/wp-json\/wp\/v2\/media?parent=522"}],"wp:term":[{"taxonomy":"category","embeddable":true,"href":"https:\/\/www.naturparkmagazin.de\/nossentiner-schwinzer-heide\/wp-json\/wp\/v2\/categories?post=522"},{"taxonomy":"post_tag","embeddable":true,"href":"https:\/\/www.naturparkmagazin.de\/nossentiner-schwinzer-heide\/wp-json\/wp\/v2\/tags?post=522"}],"curies":[{"name":"wp","href":"https:\/\/api.w.org\/{rel}","templated":true}]}}