{"id":534,"date":"2014-08-20T11:52:37","date_gmt":"2014-08-20T09:52:37","guid":{"rendered":"http:\/\/www.naturparkmagazin.de\/nossentiner-schwinzer-heide\/?p=534"},"modified":"2014-08-27T15:49:48","modified_gmt":"2014-08-27T13:49:48","slug":"naturparkfest","status":"publish","type":"post","link":"https:\/\/www.naturparkmagazin.de\/nossentiner-schwinzer-heide\/naturparkfest\/","title":{"rendered":"Naturparkfest"},"content":{"rendered":"<p>Am Samstag, den 27. September 2014 findet von 10 bis 17 Uhr im und rund um das Kultur- und Informationszentrum Karower Meiler ein erlebnisreicher Tag statt.<\/p>\n<p>Hier einige Programmpunkte:<\/p>\n<ul>\n<li>Das Umweltmobil pr\u00e4sentiert das &#8222;Erlebnis Umwelt&#8220; f\u00fcr gro\u00df und klein. Mit dabei ist auch der Uhu Ben. Das &#8222;Erlebnis Umwelt&#8220; ist ein Gemeinschaftsprojekt der Fa. Kaufland mit dem Verband Deutscher Naturparke (VDN).<\/li>\n<li>Der Pomologenverein Mecklenburg-Vorpommern e.V. zeigt eine Ausstellung mit diversen Apfel- bzw. Birnensorten. Au\u00dferdem wird eine Sortenbestimmung durchgef\u00fchrt. Dazu sollten Interessenten mindestens vier einwandfreie \u00c4pfel bzw. Birnen pro Sorte in K\u00f6rbchen, Kartons oder Papiert\u00fcten mitbringen (keine Plastikt\u00fcten, die Fr\u00fcchte werden schmierig).<\/li>\n<li>Rund um den Karower Meiler bietet Frau Gruhne, die Kr\u00e4uterhexe aus Laage, eine kleine\u00a0Kr\u00e4uterf\u00fchrung an. Daneben werden auch Produkte aus ihrer Kr\u00e4uterk\u00fcche angeboten.<\/li>\n<li>Bereits um 9:30 Uhr treffen sich die Pilzsammler zu einer Pilzwanderung rund um Karow. Anschlie\u00dfend mit einer Pr\u00e4sentation des Sammelerfolges und der entsprechenden Pilzberatung.<\/li>\n<li>Basteln mit Naturmaterialien und Bau von Nistk\u00e4sten<\/li>\n<li>Produkte vom Bio-Hof Trampota in Wendisch Waren sowie Marmeladen und Gestecke aus der Manufaktur Koch in Sandhof<\/li>\n<li>Fotoausstellung &#8222;Sehnsucht Natur&#8220; der Fotogruppe G\u00fcstrow unter Leitung von Monika Lawrenz<\/li>\n<li>Musikalisches Programm<\/li>\n<li>H\u00fcpfburg f\u00fcr die Kinder<\/li>\n<\/ul>\n<p>F\u00fcr das leibliche Wohl ist ebenfalls gesorgt.<\/p>\n<p>Interessenten sind herzlich eingeladen.<\/p>\n<p><a href=\"https:\/\/www.naturparkmagazin.de\/nossentiner-schwinzer-heide\/wp-content\/uploads\/sites\/28\/Basteln-mit-Naturmaterialien-NP-NSH-J\u00f6rg-Gast.jpg\"><img decoding=\"async\" loading=\"lazy\" class=\"alignnone size-full wp-image-537\" alt=\"Basteln mit Naturmaterialien, NP NSH, J\u00f6rg Gast\" src=\"https:\/\/www.naturparkmagazin.de\/nossentiner-schwinzer-heide\/wp-content\/uploads\/sites\/28\/Basteln-mit-Naturmaterialien-NP-NSH-J\u00f6rg-Gast.jpg\" width=\"500\" height=\"300\" \/><\/a><\/p>\n<p>&nbsp;<\/p>\n","protected":false},"excerpt":{"rendered":"<p>Am Samstag, den 27. September 2014 findet von 10 bis 17 Uhr im und rund um das Kultur- und Informationszentrum Karower Meiler ein erlebnisreicher Tag statt.<\/p>\n","protected":false},"author":28,"featured_media":0,"comment_status":"open","ping_status":"open","sticky":false,"template":"","format":"standard","meta":[],"categories":[7],"tags":[],"yoast_head":"<!-- This site is optimized with the Yoast SEO plugin v19.10 - https:\/\/yoast.com\/wordpress\/plugins\/seo\/ -->\n<title>Naturparkfest - Naturpark Nossentiner\/Schwinzer Heide<\/title>\n<meta name=\"robots\" content=\"index, follow, max-snippet:-1, max-image-preview:large, max-video-preview:-1\" \/>\n<link rel=\"canonical\" href=\"https:\/\/www.naturparkmagazin.de\/nossentiner-schwinzer-heide\/naturparkfest\/\" \/>\n<meta property=\"og:locale\" content=\"de_DE\" \/>\n<meta property=\"og:type\" content=\"article\" \/>\n<meta property=\"og:title\" content=\"Naturparkfest - Naturpark Nossentiner\/Schwinzer Heide\" \/>\n<meta property=\"og:description\" content=\"Am Samstag, den 27. September 2014 findet von 10 bis 17 Uhr im und rund um das Kultur- und Informationszentrum Karower Meiler ein erlebnisreicher Tag statt.\" \/>\n<meta property=\"og:url\" content=\"https:\/\/www.naturparkmagazin.de\/nossentiner-schwinzer-heide\/naturparkfest\/\" \/>\n<meta property=\"og:site_name\" content=\"Naturpark Nossentiner\/Schwinzer Heide\" \/>\n<meta property=\"article:published_time\" content=\"2014-08-20T09:52:37+00:00\" \/>\n<meta property=\"article:modified_time\" content=\"2014-08-27T13:49:48+00:00\" \/>\n<meta name=\"twitter:label1\" content=\"Verfasst von\" \/>\n\t<meta name=\"twitter:data1\" content=\"\" \/>\n\t<meta name=\"twitter:label2\" content=\"Gesch\u00e4tzte Lesezeit\" \/>\n\t<meta name=\"twitter:data2\" content=\"1\u00a0Minute\" \/>\n<script type=\"application\/ld+json\" class=\"yoast-schema-graph\">{\"@context\":\"https:\/\/schema.org\",\"@graph\":[{\"@type\":\"WebPage\",\"@id\":\"https:\/\/www.naturparkmagazin.de\/nossentiner-schwinzer-heide\/naturparkfest\/\",\"url\":\"https:\/\/www.naturparkmagazin.de\/nossentiner-schwinzer-heide\/naturparkfest\/\",\"name\":\"Naturparkfest - Naturpark Nossentiner\/Schwinzer Heide\",\"isPartOf\":{\"@id\":\"https:\/\/www.naturparkmagazin.de\/nossentiner-schwinzer-heide\/#website\"},\"datePublished\":\"2014-08-20T09:52:37+00:00\",\"dateModified\":\"2014-08-27T13:49:48+00:00\",\"author\":{\"@id\":\"\"},\"breadcrumb\":{\"@id\":\"https:\/\/www.naturparkmagazin.de\/nossentiner-schwinzer-heide\/naturparkfest\/#breadcrumb\"},\"inLanguage\":\"de\",\"potentialAction\":[{\"@type\":\"ReadAction\",\"target\":[\"https:\/\/www.naturparkmagazin.de\/nossentiner-schwinzer-heide\/naturparkfest\/\"]}]},{\"@type\":\"BreadcrumbList\",\"@id\":\"https:\/\/www.naturparkmagazin.de\/nossentiner-schwinzer-heide\/naturparkfest\/#breadcrumb\",\"itemListElement\":[{\"@type\":\"ListItem\",\"position\":1,\"name\":\"Home\",\"item\":\"https:\/\/www.naturparkmagazin.de\/nossentiner-schwinzer-heide\/\"},{\"@type\":\"ListItem\",\"position\":2,\"name\":\"Naturparkfest\"}]},{\"@type\":\"WebSite\",\"@id\":\"https:\/\/www.naturparkmagazin.de\/nossentiner-schwinzer-heide\/#website\",\"url\":\"https:\/\/www.naturparkmagazin.de\/nossentiner-schwinzer-heide\/\",\"name\":\"Naturpark Nossentiner\/Schwinzer Heide\",\"description\":\"\",\"potentialAction\":[{\"@type\":\"SearchAction\",\"target\":{\"@type\":\"EntryPoint\",\"urlTemplate\":\"https:\/\/www.naturparkmagazin.de\/nossentiner-schwinzer-heide\/?s={search_term_string}\"},\"query-input\":\"required name=search_term_string\"}],\"inLanguage\":\"de\"},{\"@type\":\"Person\",\"@id\":\"\",\"url\":\"https:\/\/www.naturparkmagazin.de\/nossentiner-schwinzer-heide\/author\/\"}]}<\/script>\n<!-- \/ Yoast SEO plugin. -->","yoast_head_json":{"title":"Naturparkfest - Naturpark Nossentiner\/Schwinzer Heide","robots":{"index":"index","follow":"follow","max-snippet":"max-snippet:-1","max-image-preview":"max-image-preview:large","max-video-preview":"max-video-preview:-1"},"canonical":"https:\/\/www.naturparkmagazin.de\/nossentiner-schwinzer-heide\/naturparkfest\/","og_locale":"de_DE","og_type":"article","og_title":"Naturparkfest - Naturpark Nossentiner\/Schwinzer Heide","og_description":"Am Samstag, den 27. September 2014 findet von 10 bis 17 Uhr im und rund um das Kultur- und Informationszentrum Karower Meiler ein erlebnisreicher Tag statt.","og_url":"https:\/\/www.naturparkmagazin.de\/nossentiner-schwinzer-heide\/naturparkfest\/","og_site_name":"Naturpark Nossentiner\/Schwinzer Heide","article_published_time":"2014-08-20T09:52:37+00:00","article_modified_time":"2014-08-27T13:49:48+00:00","twitter_misc":{"Verfasst von":"","Gesch\u00e4tzte Lesezeit":"1\u00a0Minute"},"schema":{"@context":"https:\/\/schema.org","@graph":[{"@type":"WebPage","@id":"https:\/\/www.naturparkmagazin.de\/nossentiner-schwinzer-heide\/naturparkfest\/","url":"https:\/\/www.naturparkmagazin.de\/nossentiner-schwinzer-heide\/naturparkfest\/","name":"Naturparkfest - Naturpark Nossentiner\/Schwinzer Heide","isPartOf":{"@id":"https:\/\/www.naturparkmagazin.de\/nossentiner-schwinzer-heide\/#website"},"datePublished":"2014-08-20T09:52:37+00:00","dateModified":"2014-08-27T13:49:48+00:00","author":{"@id":""},"breadcrumb":{"@id":"https:\/\/www.naturparkmagazin.de\/nossentiner-schwinzer-heide\/naturparkfest\/#breadcrumb"},"inLanguage":"de","potentialAction":[{"@type":"ReadAction","target":["https:\/\/www.naturparkmagazin.de\/nossentiner-schwinzer-heide\/naturparkfest\/"]}]},{"@type":"BreadcrumbList","@id":"https:\/\/www.naturparkmagazin.de\/nossentiner-schwinzer-heide\/naturparkfest\/#breadcrumb","itemListElement":[{"@type":"ListItem","position":1,"name":"Home","item":"https:\/\/www.naturparkmagazin.de\/nossentiner-schwinzer-heide\/"},{"@type":"ListItem","position":2,"name":"Naturparkfest"}]},{"@type":"WebSite","@id":"https:\/\/www.naturparkmagazin.de\/nossentiner-schwinzer-heide\/#website","url":"https:\/\/www.naturparkmagazin.de\/nossentiner-schwinzer-heide\/","name":"Naturpark Nossentiner\/Schwinzer Heide","description":"","potentialAction":[{"@type":"SearchAction","target":{"@type":"EntryPoint","urlTemplate":"https:\/\/www.naturparkmagazin.de\/nossentiner-schwinzer-heide\/?s={search_term_string}"},"query-input":"required name=search_term_string"}],"inLanguage":"de"},{"@type":"Person","@id":"","url":"https:\/\/www.naturparkmagazin.de\/nossentiner-schwinzer-heide\/author\/"}]}},"_links":{"self":[{"href":"https:\/\/www.naturparkmagazin.de\/nossentiner-schwinzer-heide\/wp-json\/wp\/v2\/posts\/534"}],"collection":[{"href":"https:\/\/www.naturparkmagazin.de\/nossentiner-schwinzer-heide\/wp-json\/wp\/v2\/posts"}],"about":[{"href":"https:\/\/www.naturparkmagazin.de\/nossentiner-schwinzer-heide\/wp-json\/wp\/v2\/types\/post"}],"author":[{"embeddable":true,"href":"https:\/\/www.naturparkmagazin.de\/nossentiner-schwinzer-heide\/wp-json\/wp\/v2\/users\/28"}],"replies":[{"embeddable":true,"href":"https:\/\/www.naturparkmagazin.de\/nossentiner-schwinzer-heide\/wp-json\/wp\/v2\/comments?post=534"}],"version-history":[{"count":3,"href":"https:\/\/www.naturparkmagazin.de\/nossentiner-schwinzer-heide\/wp-json\/wp\/v2\/posts\/534\/revisions"}],"predecessor-version":[{"id":548,"href":"https:\/\/www.naturparkmagazin.de\/nossentiner-schwinzer-heide\/wp-json\/wp\/v2\/posts\/534\/revisions\/548"}],"wp:attachment":[{"href":"https:\/\/www.naturparkmagazin.de\/nossentiner-schwinzer-heide\/wp-json\/wp\/v2\/media?parent=534"}],"wp:term":[{"taxonomy":"category","embeddable":true,"href":"https:\/\/www.naturparkmagazin.de\/nossentiner-schwinzer-heide\/wp-json\/wp\/v2\/categories?post=534"},{"taxonomy":"post_tag","embeddable":true,"href":"https:\/\/www.naturparkmagazin.de\/nossentiner-schwinzer-heide\/wp-json\/wp\/v2\/tags?post=534"}],"curies":[{"name":"wp","href":"https:\/\/api.w.org\/{rel}","templated":true}]}}