{"id":540,"date":"2014-08-20T12:08:50","date_gmt":"2014-08-20T10:08:50","guid":{"rendered":"http:\/\/www.naturparkmagazin.de\/nossentiner-schwinzer-heide\/?p=540"},"modified":"2014-08-27T13:28:31","modified_gmt":"2014-08-27T11:28:31","slug":"fotoausstellung-im-karower-meiler","status":"publish","type":"post","link":"https:\/\/www.naturparkmagazin.de\/nossentiner-schwinzer-heide\/fotoausstellung-im-karower-meiler\/","title":{"rendered":"Fotoausstellung im Karower Meiler"},"content":{"rendered":"<p>&#8222;Das eine Auge des Fotografen schaut weit ge\u00f6ffnet durch den Sucher, das andere, das geschlossene, blickt in die eigene Seele.&#8220; Diese Worte von Henri Cartier Bressson bringen das Fotografieren auf den Punkt.<\/p>\n<p>Die Fotogruppe G\u00fcstrow unter der Leitung der Fotografin Monika Lawrenz besteht aus 6 engagierten Hobbyfotografinnen. Eine Auswahl ihrer Bilder pr\u00e4sentieren sie nun in einer Ausstellung. Zur\u00a0 Ausstellungser\u00f6ffnung\u00a0 am 29. August 2014 um 17 Uhr, 19395 Plau am See, Ziegenhorn 1 Naturpark Nossentiner\/Schwinzer Heide sind interessierte G\u00e4ste herzlich eingeladen.<\/p>\n<p>Fotografieren ist nicht knipsen. Bei jedem Bild schauen wir bevor wir den Ausl\u00f6ser dr\u00fccken auf die Bildkomposition. Wir \u00fcberlegen und probieren aus, welche Blende und welche Belichtungszeit wir vorw\u00e4hlen, ob wir noch ein paar Zentimeter mit der Kamera und dem Stativ nach rechts oder nach links gehen, damit das Hauptmotiv wirklich in seiner ganzen Sch\u00f6nheit abgebildet werden kann. Zum Beispiel DER FARN von Annette Baranyai wurde bewusst als Diagonale ins Bild gesetzt und mit einer sehr kleinen Blendenzahl nur auf die Spitze des noch eingerollten Blattes die Sch\u00e4rfe fokussiert. So entsteht eine Spannung im fotografierten Bild, wie es das menschliche Auge in der Natur nicht sieht. Ganz anders aber doch genauso interessant gestaltet ist das Bild von Lorita J\u00e4ger, in dem sie die Linien der Getreidestoppeln auf dem Feld bei Lohmen grafisch und simmetrisch ins Bild gesetzt hat.<\/p>\n<p><a href=\"https:\/\/www.naturparkmagazin.de\/nossentiner-schwinzer-heide\/wp-content\/uploads\/sites\/28\/Ernte-NP-NSH-Lorita-J\u00e4ger.jpg\"><img decoding=\"async\" loading=\"lazy\" class=\"alignnone size-full wp-image-542\" alt=\"Ernte, NP NSH, Lorita J\u00e4ger\" src=\"https:\/\/www.naturparkmagazin.de\/nossentiner-schwinzer-heide\/wp-content\/uploads\/sites\/28\/Ernte-NP-NSH-Lorita-J\u00e4ger.jpg\" width=\"500\" height=\"300\" \/><\/a><\/p>\n<p>Diese Bilder zeigen die Poesie in unserem Alltag. Und das Besondere in unserem unmittelbaren Umfeld SEHEN zu sehen, bereichert unseren Alltag enorm.<\/p>\n<p>Mitglieder der Fotogruppe:<\/p>\n<p>Lorita J\u00e4ger,<\/p>\n<p>Annette Baranyai,<\/p>\n<p>Kerstin Randt,<\/p>\n<p>Manuela Madaus,<\/p>\n<p>Gabi Laddach<\/p>\n<p>Katja Zabel<\/p>\n<p>Gerne nehmen wir auch neue interessierte Hobbyfotografen in unserer Gruppe auf. Ansprechpartnerin: 03843 8 23 19 Lorita J\u00e4ger<\/p>\n<p>Die Fotoausstellung ist bis Ende Oktober zu den \u00d6ffnungszeiten des Karower Meilers zu sehen.<\/p>\n","protected":false},"excerpt":{"rendered":"<p>Die Fotogruppe G\u00fcstrow unter der Leitung der Fotografin Monika Lawrenz besteht aus 6 engagierten Hobbyfotografinnen. Eine Auswahl ihrer Bilder pr\u00e4sentieren sie nun in einer Ausstellung im Karower Meiler.<\/p>\n","protected":false},"author":28,"featured_media":0,"comment_status":"open","ping_status":"open","sticky":false,"template":"","format":"standard","meta":[],"categories":[11],"tags":[],"yoast_head":"<!-- This site is optimized with the Yoast SEO plugin v19.10 - https:\/\/yoast.com\/wordpress\/plugins\/seo\/ -->\n<title>Fotoausstellung im Karower Meiler - Naturpark Nossentiner\/Schwinzer Heide<\/title>\n<meta name=\"robots\" content=\"index, follow, max-snippet:-1, max-image-preview:large, max-video-preview:-1\" \/>\n<link rel=\"canonical\" href=\"https:\/\/www.naturparkmagazin.de\/nossentiner-schwinzer-heide\/fotoausstellung-im-karower-meiler\/\" \/>\n<meta property=\"og:locale\" content=\"de_DE\" \/>\n<meta property=\"og:type\" content=\"article\" \/>\n<meta property=\"og:title\" content=\"Fotoausstellung im Karower Meiler - Naturpark Nossentiner\/Schwinzer Heide\" \/>\n<meta property=\"og:description\" content=\"Die Fotogruppe G\u00fcstrow unter der Leitung der Fotografin Monika Lawrenz besteht aus 6 engagierten Hobbyfotografinnen. Eine Auswahl ihrer Bilder pr\u00e4sentieren sie nun in einer Ausstellung im Karower Meiler.\" \/>\n<meta property=\"og:url\" content=\"https:\/\/www.naturparkmagazin.de\/nossentiner-schwinzer-heide\/fotoausstellung-im-karower-meiler\/\" \/>\n<meta property=\"og:site_name\" content=\"Naturpark Nossentiner\/Schwinzer Heide\" \/>\n<meta property=\"article:published_time\" content=\"2014-08-20T10:08:50+00:00\" \/>\n<meta property=\"article:modified_time\" content=\"2014-08-27T11:28:31+00:00\" \/>\n<meta name=\"twitter:label1\" content=\"Verfasst von\" \/>\n\t<meta name=\"twitter:data1\" content=\"\" \/>\n\t<meta name=\"twitter:label2\" content=\"Gesch\u00e4tzte Lesezeit\" \/>\n\t<meta name=\"twitter:data2\" content=\"1\u00a0Minute\" \/>\n<script type=\"application\/ld+json\" class=\"yoast-schema-graph\">{\"@context\":\"https:\/\/schema.org\",\"@graph\":[{\"@type\":\"WebPage\",\"@id\":\"https:\/\/www.naturparkmagazin.de\/nossentiner-schwinzer-heide\/fotoausstellung-im-karower-meiler\/\",\"url\":\"https:\/\/www.naturparkmagazin.de\/nossentiner-schwinzer-heide\/fotoausstellung-im-karower-meiler\/\",\"name\":\"Fotoausstellung im Karower Meiler - Naturpark Nossentiner\/Schwinzer Heide\",\"isPartOf\":{\"@id\":\"https:\/\/www.naturparkmagazin.de\/nossentiner-schwinzer-heide\/#website\"},\"datePublished\":\"2014-08-20T10:08:50+00:00\",\"dateModified\":\"2014-08-27T11:28:31+00:00\",\"author\":{\"@id\":\"\"},\"breadcrumb\":{\"@id\":\"https:\/\/www.naturparkmagazin.de\/nossentiner-schwinzer-heide\/fotoausstellung-im-karower-meiler\/#breadcrumb\"},\"inLanguage\":\"de\",\"potentialAction\":[{\"@type\":\"ReadAction\",\"target\":[\"https:\/\/www.naturparkmagazin.de\/nossentiner-schwinzer-heide\/fotoausstellung-im-karower-meiler\/\"]}]},{\"@type\":\"BreadcrumbList\",\"@id\":\"https:\/\/www.naturparkmagazin.de\/nossentiner-schwinzer-heide\/fotoausstellung-im-karower-meiler\/#breadcrumb\",\"itemListElement\":[{\"@type\":\"ListItem\",\"position\":1,\"name\":\"Home\",\"item\":\"https:\/\/www.naturparkmagazin.de\/nossentiner-schwinzer-heide\/\"},{\"@type\":\"ListItem\",\"position\":2,\"name\":\"Fotoausstellung im Karower Meiler\"}]},{\"@type\":\"WebSite\",\"@id\":\"https:\/\/www.naturparkmagazin.de\/nossentiner-schwinzer-heide\/#website\",\"url\":\"https:\/\/www.naturparkmagazin.de\/nossentiner-schwinzer-heide\/\",\"name\":\"Naturpark Nossentiner\/Schwinzer Heide\",\"description\":\"\",\"potentialAction\":[{\"@type\":\"SearchAction\",\"target\":{\"@type\":\"EntryPoint\",\"urlTemplate\":\"https:\/\/www.naturparkmagazin.de\/nossentiner-schwinzer-heide\/?s={search_term_string}\"},\"query-input\":\"required name=search_term_string\"}],\"inLanguage\":\"de\"},{\"@type\":\"Person\",\"@id\":\"\",\"url\":\"https:\/\/www.naturparkmagazin.de\/nossentiner-schwinzer-heide\/author\/\"}]}<\/script>\n<!-- \/ Yoast SEO plugin. -->","yoast_head_json":{"title":"Fotoausstellung im Karower Meiler - Naturpark Nossentiner\/Schwinzer Heide","robots":{"index":"index","follow":"follow","max-snippet":"max-snippet:-1","max-image-preview":"max-image-preview:large","max-video-preview":"max-video-preview:-1"},"canonical":"https:\/\/www.naturparkmagazin.de\/nossentiner-schwinzer-heide\/fotoausstellung-im-karower-meiler\/","og_locale":"de_DE","og_type":"article","og_title":"Fotoausstellung im Karower Meiler - Naturpark Nossentiner\/Schwinzer Heide","og_description":"Die Fotogruppe G\u00fcstrow unter der Leitung der Fotografin Monika Lawrenz besteht aus 6 engagierten Hobbyfotografinnen. Eine Auswahl ihrer Bilder pr\u00e4sentieren sie nun in einer Ausstellung im Karower Meiler.","og_url":"https:\/\/www.naturparkmagazin.de\/nossentiner-schwinzer-heide\/fotoausstellung-im-karower-meiler\/","og_site_name":"Naturpark Nossentiner\/Schwinzer Heide","article_published_time":"2014-08-20T10:08:50+00:00","article_modified_time":"2014-08-27T11:28:31+00:00","twitter_misc":{"Verfasst von":"","Gesch\u00e4tzte Lesezeit":"1\u00a0Minute"},"schema":{"@context":"https:\/\/schema.org","@graph":[{"@type":"WebPage","@id":"https:\/\/www.naturparkmagazin.de\/nossentiner-schwinzer-heide\/fotoausstellung-im-karower-meiler\/","url":"https:\/\/www.naturparkmagazin.de\/nossentiner-schwinzer-heide\/fotoausstellung-im-karower-meiler\/","name":"Fotoausstellung im Karower Meiler - Naturpark Nossentiner\/Schwinzer Heide","isPartOf":{"@id":"https:\/\/www.naturparkmagazin.de\/nossentiner-schwinzer-heide\/#website"},"datePublished":"2014-08-20T10:08:50+00:00","dateModified":"2014-08-27T11:28:31+00:00","author":{"@id":""},"breadcrumb":{"@id":"https:\/\/www.naturparkmagazin.de\/nossentiner-schwinzer-heide\/fotoausstellung-im-karower-meiler\/#breadcrumb"},"inLanguage":"de","potentialAction":[{"@type":"ReadAction","target":["https:\/\/www.naturparkmagazin.de\/nossentiner-schwinzer-heide\/fotoausstellung-im-karower-meiler\/"]}]},{"@type":"BreadcrumbList","@id":"https:\/\/www.naturparkmagazin.de\/nossentiner-schwinzer-heide\/fotoausstellung-im-karower-meiler\/#breadcrumb","itemListElement":[{"@type":"ListItem","position":1,"name":"Home","item":"https:\/\/www.naturparkmagazin.de\/nossentiner-schwinzer-heide\/"},{"@type":"ListItem","position":2,"name":"Fotoausstellung im Karower Meiler"}]},{"@type":"WebSite","@id":"https:\/\/www.naturparkmagazin.de\/nossentiner-schwinzer-heide\/#website","url":"https:\/\/www.naturparkmagazin.de\/nossentiner-schwinzer-heide\/","name":"Naturpark Nossentiner\/Schwinzer Heide","description":"","potentialAction":[{"@type":"SearchAction","target":{"@type":"EntryPoint","urlTemplate":"https:\/\/www.naturparkmagazin.de\/nossentiner-schwinzer-heide\/?s={search_term_string}"},"query-input":"required name=search_term_string"}],"inLanguage":"de"},{"@type":"Person","@id":"","url":"https:\/\/www.naturparkmagazin.de\/nossentiner-schwinzer-heide\/author\/"}]}},"_links":{"self":[{"href":"https:\/\/www.naturparkmagazin.de\/nossentiner-schwinzer-heide\/wp-json\/wp\/v2\/posts\/540"}],"collection":[{"href":"https:\/\/www.naturparkmagazin.de\/nossentiner-schwinzer-heide\/wp-json\/wp\/v2\/posts"}],"about":[{"href":"https:\/\/www.naturparkmagazin.de\/nossentiner-schwinzer-heide\/wp-json\/wp\/v2\/types\/post"}],"author":[{"embeddable":true,"href":"https:\/\/www.naturparkmagazin.de\/nossentiner-schwinzer-heide\/wp-json\/wp\/v2\/users\/28"}],"replies":[{"embeddable":true,"href":"https:\/\/www.naturparkmagazin.de\/nossentiner-schwinzer-heide\/wp-json\/wp\/v2\/comments?post=540"}],"version-history":[{"count":1,"href":"https:\/\/www.naturparkmagazin.de\/nossentiner-schwinzer-heide\/wp-json\/wp\/v2\/posts\/540\/revisions"}],"predecessor-version":[{"id":543,"href":"https:\/\/www.naturparkmagazin.de\/nossentiner-schwinzer-heide\/wp-json\/wp\/v2\/posts\/540\/revisions\/543"}],"wp:attachment":[{"href":"https:\/\/www.naturparkmagazin.de\/nossentiner-schwinzer-heide\/wp-json\/wp\/v2\/media?parent=540"}],"wp:term":[{"taxonomy":"category","embeddable":true,"href":"https:\/\/www.naturparkmagazin.de\/nossentiner-schwinzer-heide\/wp-json\/wp\/v2\/categories?post=540"},{"taxonomy":"post_tag","embeddable":true,"href":"https:\/\/www.naturparkmagazin.de\/nossentiner-schwinzer-heide\/wp-json\/wp\/v2\/tags?post=540"}],"curies":[{"name":"wp","href":"https:\/\/api.w.org\/{rel}","templated":true}]}}