{"id":558,"date":"2014-09-19T11:40:54","date_gmt":"2014-09-19T09:40:54","guid":{"rendered":"http:\/\/www.naturparkmagazin.de\/nossentiner-schwinzer-heide\/?p=558"},"modified":"2014-09-30T11:46:15","modified_gmt":"2014-09-30T09:46:15","slug":"tag-des-geotops-kreideberg-bei-nossentin","status":"publish","type":"post","link":"https:\/\/www.naturparkmagazin.de\/nossentiner-schwinzer-heide\/tag-des-geotops-kreideberg-bei-nossentin\/","title":{"rendered":"Tag des Geotops: Kreideberg bei Nossentin"},"content":{"rendered":"<div id=\"attachment_559\" style=\"width: 510px\" class=\"wp-caption aligncenter\"><a href=\"https:\/\/www.naturparkmagazin.de\/nossentiner-schwinzer-heide\/wp-content\/uploads\/sites\/28\/IMG_0176_beitrag.jpg\"><img aria-describedby=\"caption-attachment-559\" decoding=\"async\" loading=\"lazy\" class=\"size-full wp-image-559\" title=\"F\u00fchrung auf dem Kreideberg - Copyright: Naturpark Nossentiner\/Schwinzer Heide\" alt=\"F\u00fchrung auf dem Kreideberg - Copyright: Naturpark Nossentiner\/Schwinzer Heide\" src=\"https:\/\/www.naturparkmagazin.de\/nossentiner-schwinzer-heide\/wp-content\/uploads\/sites\/28\/IMG_0176_beitrag.jpg\" width=\"500\" height=\"300\" srcset=\"https:\/\/www.naturparkmagazin.de\/nossentiner-schwinzer-heide\/wp-content\/uploads\/sites\/28\/IMG_0176_beitrag.jpg 500w, https:\/\/www.naturparkmagazin.de\/nossentiner-schwinzer-heide\/wp-content\/uploads\/sites\/28\/IMG_0176_beitrag-300x180.jpg 300w, https:\/\/www.naturparkmagazin.de\/nossentiner-schwinzer-heide\/wp-content\/uploads\/sites\/28\/IMG_0176_beitrag-200x120.jpg 200w\" sizes=\"(max-width: 500px) 100vw, 500px\" \/><\/a><p id=\"caption-attachment-559\" class=\"wp-caption-text\">F\u00fchrung auf dem Kreideberg &#8211; Copyright: Naturpark Nossentiner\/Schwinzer Heide<\/p><\/div>\n<p>Neben der LIAS-Tongrube bei Dobbertin gibt es im Naturpark Nossentiner\/Schwinzer Heide eine zweite geologische Besonderheit \u2013 den Kreideberg von Nossentin. Das Kalkvorkommen stammt aus dem Turon (Untere Oberkreide, ca. 90 Millionen Jahre alt) und wurde durch die Eismassen letzte Eiszeit vermutlich aus dem Malchiner Raum nach Nossentin verlagert. Das Kreidevorkommen, welches in der Qualit\u00e4t durchaus mit der R\u00fcgener Kreide konkurrieren konnte, wurde seit Mitte des 19. Jahrhundert abgebaut und vor Ort in einem Kalkofen gebrannt, bevor es als Branntkalk im H\u00e4userbau oder als D\u00fcngemittel in Mecklenburg und dar\u00fcber hinaus Verwendung fand. Der unter der Kreide lagernde magere, blaugraue und glimmerreiche\u00a0 Ton wurde ebenfalls abgebaut und in einer Ziegelei vor Ort verarbeitet. Zeitweilig und partiell\u00a0 wurde die Ton- und Kreidegrube nach der Nutzungsaufgabe mit M\u00fcll verf\u00fcllt.<\/p>\n<p>In den n\u00e4chsten Jahren soll in Zusammenarbeit mit der Gemeinde Silz und dem Fl\u00e4cheneigent\u00fcmer die geologische Besonderheit der Region f\u00fcr G\u00e4ste und Einheimische zug\u00e4nglich gemacht werden. Neben der Beseitigung des M\u00fclls sollen Informationstafeln u.a. auf die \u00fcber 200 versteinerten Tierarten die in der Kreide nachgewiesen wurden und auf die Nutzungsgeschichte des Kalkofens und der Ziegelei hingewiesen werden.<\/p>\n","protected":false},"excerpt":{"rendered":"<p>Neben der LIAS-Tongrube bei Dobbertin gibt es im Naturpark Nossentiner\/Schwinzer Heide eine zweite geologische Besonderheit \u2013 den Kreideberg von Nossentin. In den n\u00e4chsten Jahren soll in Zusammenarbeit mit der Gemeinde Silz und dem Fl\u00e4cheneigent\u00fcmer die geologische Besonderheit der Region f\u00fcr G\u00e4ste und Einheimische zug\u00e4nglich gemacht werden. <\/p>\n","protected":false},"author":51,"featured_media":560,"comment_status":"open","ping_status":"open","sticky":false,"template":"","format":"standard","meta":[],"categories":[11],"tags":[],"yoast_head":"<!-- This site is optimized with the Yoast SEO plugin v19.10 - https:\/\/yoast.com\/wordpress\/plugins\/seo\/ -->\n<title>Tag des Geotops: Kreideberg bei Nossentin - Naturpark Nossentiner\/Schwinzer Heide<\/title>\n<meta name=\"robots\" content=\"index, follow, max-snippet:-1, max-image-preview:large, max-video-preview:-1\" \/>\n<link rel=\"canonical\" href=\"https:\/\/www.naturparkmagazin.de\/nossentiner-schwinzer-heide\/tag-des-geotops-kreideberg-bei-nossentin\/\" \/>\n<meta property=\"og:locale\" content=\"de_DE\" \/>\n<meta property=\"og:type\" content=\"article\" \/>\n<meta property=\"og:title\" content=\"Tag des Geotops: Kreideberg bei Nossentin - Naturpark Nossentiner\/Schwinzer Heide\" \/>\n<meta property=\"og:description\" content=\"Neben der LIAS-Tongrube bei Dobbertin gibt es im Naturpark Nossentiner\/Schwinzer Heide eine zweite geologische Besonderheit \u2013 den Kreideberg von Nossentin. In den n\u00e4chsten Jahren soll in Zusammenarbeit mit der Gemeinde Silz und dem Fl\u00e4cheneigent\u00fcmer die geologische Besonderheit der Region f\u00fcr G\u00e4ste und Einheimische zug\u00e4nglich gemacht werden.\" \/>\n<meta property=\"og:url\" content=\"https:\/\/www.naturparkmagazin.de\/nossentiner-schwinzer-heide\/tag-des-geotops-kreideberg-bei-nossentin\/\" \/>\n<meta property=\"og:site_name\" content=\"Naturpark Nossentiner\/Schwinzer Heide\" \/>\n<meta property=\"article:published_time\" content=\"2014-09-19T09:40:54+00:00\" \/>\n<meta property=\"article:modified_time\" content=\"2014-09-30T09:46:15+00:00\" \/>\n<meta property=\"og:image\" content=\"https:\/\/www.naturparkmagazin.de\/nossentiner-schwinzer-heide\/wp-content\/uploads\/sites\/28\/IMG_0176_beitragsbild.jpg\" \/>\n\t<meta property=\"og:image:width\" content=\"180\" \/>\n\t<meta property=\"og:image:height\" content=\"135\" \/>\n\t<meta property=\"og:image:type\" content=\"image\/jpeg\" \/>\n<meta name=\"author\" content=\"beatrixlosem\" \/>\n<meta name=\"twitter:label1\" content=\"Verfasst von\" \/>\n\t<meta name=\"twitter:data1\" content=\"beatrixlosem\" \/>\n\t<meta name=\"twitter:label2\" content=\"Gesch\u00e4tzte Lesezeit\" \/>\n\t<meta name=\"twitter:data2\" content=\"1\u00a0Minute\" \/>\n<script type=\"application\/ld+json\" class=\"yoast-schema-graph\">{\"@context\":\"https:\/\/schema.org\",\"@graph\":[{\"@type\":\"WebPage\",\"@id\":\"https:\/\/www.naturparkmagazin.de\/nossentiner-schwinzer-heide\/tag-des-geotops-kreideberg-bei-nossentin\/\",\"url\":\"https:\/\/www.naturparkmagazin.de\/nossentiner-schwinzer-heide\/tag-des-geotops-kreideberg-bei-nossentin\/\",\"name\":\"Tag des Geotops: Kreideberg bei Nossentin - Naturpark Nossentiner\/Schwinzer Heide\",\"isPartOf\":{\"@id\":\"https:\/\/www.naturparkmagazin.de\/nossentiner-schwinzer-heide\/#website\"},\"datePublished\":\"2014-09-19T09:40:54+00:00\",\"dateModified\":\"2014-09-30T09:46:15+00:00\",\"author\":{\"@id\":\"https:\/\/www.naturparkmagazin.de\/nossentiner-schwinzer-heide\/#\/schema\/person\/d71357578c318b6db03be60b1f60396b\"},\"breadcrumb\":{\"@id\":\"https:\/\/www.naturparkmagazin.de\/nossentiner-schwinzer-heide\/tag-des-geotops-kreideberg-bei-nossentin\/#breadcrumb\"},\"inLanguage\":\"de\",\"potentialAction\":[{\"@type\":\"ReadAction\",\"target\":[\"https:\/\/www.naturparkmagazin.de\/nossentiner-schwinzer-heide\/tag-des-geotops-kreideberg-bei-nossentin\/\"]}]},{\"@type\":\"BreadcrumbList\",\"@id\":\"https:\/\/www.naturparkmagazin.de\/nossentiner-schwinzer-heide\/tag-des-geotops-kreideberg-bei-nossentin\/#breadcrumb\",\"itemListElement\":[{\"@type\":\"ListItem\",\"position\":1,\"name\":\"Home\",\"item\":\"https:\/\/www.naturparkmagazin.de\/nossentiner-schwinzer-heide\/\"},{\"@type\":\"ListItem\",\"position\":2,\"name\":\"Tag des Geotops: Kreideberg bei Nossentin\"}]},{\"@type\":\"WebSite\",\"@id\":\"https:\/\/www.naturparkmagazin.de\/nossentiner-schwinzer-heide\/#website\",\"url\":\"https:\/\/www.naturparkmagazin.de\/nossentiner-schwinzer-heide\/\",\"name\":\"Naturpark Nossentiner\/Schwinzer Heide\",\"description\":\"\",\"potentialAction\":[{\"@type\":\"SearchAction\",\"target\":{\"@type\":\"EntryPoint\",\"urlTemplate\":\"https:\/\/www.naturparkmagazin.de\/nossentiner-schwinzer-heide\/?s={search_term_string}\"},\"query-input\":\"required name=search_term_string\"}],\"inLanguage\":\"de\"},{\"@type\":\"Person\",\"@id\":\"https:\/\/www.naturparkmagazin.de\/nossentiner-schwinzer-heide\/#\/schema\/person\/d71357578c318b6db03be60b1f60396b\",\"name\":\"beatrixlosem\",\"url\":\"https:\/\/www.naturparkmagazin.de\/nossentiner-schwinzer-heide\/author\/beatrixlosem\/\"}]}<\/script>\n<!-- \/ Yoast SEO plugin. -->","yoast_head_json":{"title":"Tag des Geotops: Kreideberg bei Nossentin - Naturpark Nossentiner\/Schwinzer Heide","robots":{"index":"index","follow":"follow","max-snippet":"max-snippet:-1","max-image-preview":"max-image-preview:large","max-video-preview":"max-video-preview:-1"},"canonical":"https:\/\/www.naturparkmagazin.de\/nossentiner-schwinzer-heide\/tag-des-geotops-kreideberg-bei-nossentin\/","og_locale":"de_DE","og_type":"article","og_title":"Tag des Geotops: Kreideberg bei Nossentin - Naturpark Nossentiner\/Schwinzer Heide","og_description":"Neben der LIAS-Tongrube bei Dobbertin gibt es im Naturpark Nossentiner\/Schwinzer Heide eine zweite geologische Besonderheit \u2013 den Kreideberg von Nossentin. In den n\u00e4chsten Jahren soll in Zusammenarbeit mit der Gemeinde Silz und dem Fl\u00e4cheneigent\u00fcmer die geologische Besonderheit der Region f\u00fcr G\u00e4ste und Einheimische zug\u00e4nglich gemacht werden.","og_url":"https:\/\/www.naturparkmagazin.de\/nossentiner-schwinzer-heide\/tag-des-geotops-kreideberg-bei-nossentin\/","og_site_name":"Naturpark Nossentiner\/Schwinzer Heide","article_published_time":"2014-09-19T09:40:54+00:00","article_modified_time":"2014-09-30T09:46:15+00:00","og_image":[{"width":180,"height":135,"url":"https:\/\/www.naturparkmagazin.de\/nossentiner-schwinzer-heide\/wp-content\/uploads\/sites\/28\/IMG_0176_beitragsbild.jpg","type":"image\/jpeg"}],"author":"beatrixlosem","twitter_misc":{"Verfasst von":"beatrixlosem","Gesch\u00e4tzte Lesezeit":"1\u00a0Minute"},"schema":{"@context":"https:\/\/schema.org","@graph":[{"@type":"WebPage","@id":"https:\/\/www.naturparkmagazin.de\/nossentiner-schwinzer-heide\/tag-des-geotops-kreideberg-bei-nossentin\/","url":"https:\/\/www.naturparkmagazin.de\/nossentiner-schwinzer-heide\/tag-des-geotops-kreideberg-bei-nossentin\/","name":"Tag des Geotops: Kreideberg bei Nossentin - Naturpark Nossentiner\/Schwinzer Heide","isPartOf":{"@id":"https:\/\/www.naturparkmagazin.de\/nossentiner-schwinzer-heide\/#website"},"datePublished":"2014-09-19T09:40:54+00:00","dateModified":"2014-09-30T09:46:15+00:00","author":{"@id":"https:\/\/www.naturparkmagazin.de\/nossentiner-schwinzer-heide\/#\/schema\/person\/d71357578c318b6db03be60b1f60396b"},"breadcrumb":{"@id":"https:\/\/www.naturparkmagazin.de\/nossentiner-schwinzer-heide\/tag-des-geotops-kreideberg-bei-nossentin\/#breadcrumb"},"inLanguage":"de","potentialAction":[{"@type":"ReadAction","target":["https:\/\/www.naturparkmagazin.de\/nossentiner-schwinzer-heide\/tag-des-geotops-kreideberg-bei-nossentin\/"]}]},{"@type":"BreadcrumbList","@id":"https:\/\/www.naturparkmagazin.de\/nossentiner-schwinzer-heide\/tag-des-geotops-kreideberg-bei-nossentin\/#breadcrumb","itemListElement":[{"@type":"ListItem","position":1,"name":"Home","item":"https:\/\/www.naturparkmagazin.de\/nossentiner-schwinzer-heide\/"},{"@type":"ListItem","position":2,"name":"Tag des Geotops: Kreideberg bei Nossentin"}]},{"@type":"WebSite","@id":"https:\/\/www.naturparkmagazin.de\/nossentiner-schwinzer-heide\/#website","url":"https:\/\/www.naturparkmagazin.de\/nossentiner-schwinzer-heide\/","name":"Naturpark Nossentiner\/Schwinzer Heide","description":"","potentialAction":[{"@type":"SearchAction","target":{"@type":"EntryPoint","urlTemplate":"https:\/\/www.naturparkmagazin.de\/nossentiner-schwinzer-heide\/?s={search_term_string}"},"query-input":"required name=search_term_string"}],"inLanguage":"de"},{"@type":"Person","@id":"https:\/\/www.naturparkmagazin.de\/nossentiner-schwinzer-heide\/#\/schema\/person\/d71357578c318b6db03be60b1f60396b","name":"beatrixlosem","url":"https:\/\/www.naturparkmagazin.de\/nossentiner-schwinzer-heide\/author\/beatrixlosem\/"}]}},"_links":{"self":[{"href":"https:\/\/www.naturparkmagazin.de\/nossentiner-schwinzer-heide\/wp-json\/wp\/v2\/posts\/558"}],"collection":[{"href":"https:\/\/www.naturparkmagazin.de\/nossentiner-schwinzer-heide\/wp-json\/wp\/v2\/posts"}],"about":[{"href":"https:\/\/www.naturparkmagazin.de\/nossentiner-schwinzer-heide\/wp-json\/wp\/v2\/types\/post"}],"author":[{"embeddable":true,"href":"https:\/\/www.naturparkmagazin.de\/nossentiner-schwinzer-heide\/wp-json\/wp\/v2\/users\/51"}],"replies":[{"embeddable":true,"href":"https:\/\/www.naturparkmagazin.de\/nossentiner-schwinzer-heide\/wp-json\/wp\/v2\/comments?post=558"}],"version-history":[{"count":3,"href":"https:\/\/www.naturparkmagazin.de\/nossentiner-schwinzer-heide\/wp-json\/wp\/v2\/posts\/558\/revisions"}],"predecessor-version":[{"id":563,"href":"https:\/\/www.naturparkmagazin.de\/nossentiner-schwinzer-heide\/wp-json\/wp\/v2\/posts\/558\/revisions\/563"}],"wp:featuredmedia":[{"embeddable":true,"href":"https:\/\/www.naturparkmagazin.de\/nossentiner-schwinzer-heide\/wp-json\/wp\/v2\/media\/560"}],"wp:attachment":[{"href":"https:\/\/www.naturparkmagazin.de\/nossentiner-schwinzer-heide\/wp-json\/wp\/v2\/media?parent=558"}],"wp:term":[{"taxonomy":"category","embeddable":true,"href":"https:\/\/www.naturparkmagazin.de\/nossentiner-schwinzer-heide\/wp-json\/wp\/v2\/categories?post=558"},{"taxonomy":"post_tag","embeddable":true,"href":"https:\/\/www.naturparkmagazin.de\/nossentiner-schwinzer-heide\/wp-json\/wp\/v2\/tags?post=558"}],"curies":[{"name":"wp","href":"https:\/\/api.w.org\/{rel}","templated":true}]}}