{"id":580,"date":"2014-10-23T15:01:41","date_gmt":"2014-10-23T13:01:41","guid":{"rendered":"http:\/\/www.naturparkmagazin.de\/nossentiner-schwinzer-heide\/?p=580"},"modified":"2014-10-23T15:01:41","modified_gmt":"2014-10-23T13:01:41","slug":"der-loeffler-eine-neue-vogelart-im-naturpark","status":"publish","type":"post","link":"https:\/\/www.naturparkmagazin.de\/nossentiner-schwinzer-heide\/der-loeffler-eine-neue-vogelart-im-naturpark\/","title":{"rendered":"Der L\u00f6ffler &#8211; eine neue Vogelart im Naturpark"},"content":{"rendered":"<p>Folgende interessante Mail ging vor wenigen Tagen bei der Naturparkverwaltung ein:<\/p>\n<p>&#8222;Ich war in den letzten beiden Wochen ferienhalber in der N\u00e4he von Dobbertin. Als ornithologisch interessierter Mensch habe ich mehrmals den Beobachtungsturm \u201eMoorochse\u201c am Nordufer des Plauer Sees aufgesucht. Dabei konnte ich am Freitag, den 10.10., ab 15:00 bis zum Einbruch der Nacht, 2 rastende L\u00f6ffler beobachten. Sie teilten sich eine schilffreie \u201eHalbinsel\u201c, vom Turm aus gesehen ganz rechts am Ufer, mit 3-5 Silberreihern. Kurz vor Einbruch der Dunkelheit nutzte diese Stelle dann mehrmals auch ein Kranichpaar als Schlafplatz. Leider konnte ich von den L\u00f6fflern kein Foto machen, da sie sich \u00fcberwiegend hinter den Zweigen des Geb\u00fcschs rechts vom Turm \u201eversteckten\u201c und daher kein einigermassen passables Bild zu erzielen war.<\/p>\n<p>Da sich im Band 6 der Schriftenreihe \u201eAus Kultur und Wissenschaft\u201c, Die Vogelwelt des Naturparks, kein Hinweis auf L\u00f6ffler findet, scheinen derartige Beobachtungen im Naturpark offenbar sehr selten. Ich bitte Sie daher, dieses Mail an den\/die entsprechenden Betreuer der Avifauna des Gebiets bzw. die Autoren des Heftes weiterzuleiten.<\/p>\n<p>Besten Dank f\u00fcr Ihre M\u00fchen und freundliche Gr\u00fcsse aus dem F\u00fcrstentum Liechtenstein,<\/p>\n<p>Wolfgang Caspers&#8220;<\/p>\n<p><a href=\"https:\/\/www.naturparkmagazin.de\/nossentiner-schwinzer-heide\/wp-content\/uploads\/sites\/28\/L\u00f6ffler-1-Holland-J\u00f6rg-Gast.jpg\"><img decoding=\"async\" loading=\"lazy\" class=\"alignnone size-full wp-image-581\" alt=\"L\u00f6ffler (1), Holland, J\u00f6rg Gast\" src=\"https:\/\/www.naturparkmagazin.de\/nossentiner-schwinzer-heide\/wp-content\/uploads\/sites\/28\/L\u00f6ffler-1-Holland-J\u00f6rg-Gast.jpg\" width=\"500\" height=\"300\" \/><\/a><\/p>\n<p>Seitens der Naturparkverwaltung und auch der Autoren der &#8222;Vogelwelt&#8220;, an welche die Mail weitergeleitet wurde, m\u00f6chte ich hiermit bei Herrn Caspers ganz herzlich bedanken. Die Leser des Newsletters m\u00f6chte ich gleichzeitig auffordern und animieren, ihre besonderen Beobachtungen ebenfalls\u00a0mitzuteilen. (Die Fotos stammen aus Holland)<\/p>\n<p>J\u00f6rg Gast<\/p>\n","protected":false},"excerpt":{"rendered":"<p>Am 10.10.2014 beobachtete Herr Wolfgang Caspers zwei L\u00f6ffler im NSG Nordufer Plauer See. Es ist die 233. Vogelart, welche nach 1990 im Naturpark festgestellt wurde.<\/p>\n","protected":false},"author":28,"featured_media":0,"comment_status":"open","ping_status":"open","sticky":false,"template":"","format":"standard","meta":[],"categories":[617],"tags":[],"yoast_head":"<!-- This site is optimized with the Yoast SEO plugin v19.10 - https:\/\/yoast.com\/wordpress\/plugins\/seo\/ -->\n<title>Der L\u00f6ffler - eine neue Vogelart im Naturpark - Naturpark Nossentiner\/Schwinzer Heide<\/title>\n<meta name=\"robots\" content=\"index, follow, max-snippet:-1, max-image-preview:large, max-video-preview:-1\" \/>\n<link rel=\"canonical\" href=\"https:\/\/www.naturparkmagazin.de\/nossentiner-schwinzer-heide\/der-loeffler-eine-neue-vogelart-im-naturpark\/\" \/>\n<meta property=\"og:locale\" content=\"de_DE\" \/>\n<meta property=\"og:type\" content=\"article\" \/>\n<meta property=\"og:title\" content=\"Der L\u00f6ffler - eine neue Vogelart im Naturpark - Naturpark Nossentiner\/Schwinzer Heide\" \/>\n<meta property=\"og:description\" content=\"Am 10.10.2014 beobachtete Herr Wolfgang Caspers zwei L\u00f6ffler im NSG Nordufer Plauer See. Es ist die 233. Vogelart, welche nach 1990 im Naturpark festgestellt wurde.\" \/>\n<meta property=\"og:url\" content=\"https:\/\/www.naturparkmagazin.de\/nossentiner-schwinzer-heide\/der-loeffler-eine-neue-vogelart-im-naturpark\/\" \/>\n<meta property=\"og:site_name\" content=\"Naturpark Nossentiner\/Schwinzer Heide\" \/>\n<meta property=\"article:published_time\" content=\"2014-10-23T13:01:41+00:00\" \/>\n<meta name=\"twitter:label1\" content=\"Verfasst von\" \/>\n\t<meta name=\"twitter:data1\" content=\"\" \/>\n\t<meta name=\"twitter:label2\" content=\"Gesch\u00e4tzte Lesezeit\" \/>\n\t<meta name=\"twitter:data2\" content=\"1\u00a0Minute\" \/>\n<script type=\"application\/ld+json\" class=\"yoast-schema-graph\">{\"@context\":\"https:\/\/schema.org\",\"@graph\":[{\"@type\":\"WebPage\",\"@id\":\"https:\/\/www.naturparkmagazin.de\/nossentiner-schwinzer-heide\/der-loeffler-eine-neue-vogelart-im-naturpark\/\",\"url\":\"https:\/\/www.naturparkmagazin.de\/nossentiner-schwinzer-heide\/der-loeffler-eine-neue-vogelart-im-naturpark\/\",\"name\":\"Der L\u00f6ffler - eine neue Vogelart im Naturpark - Naturpark Nossentiner\/Schwinzer Heide\",\"isPartOf\":{\"@id\":\"https:\/\/www.naturparkmagazin.de\/nossentiner-schwinzer-heide\/#website\"},\"datePublished\":\"2014-10-23T13:01:41+00:00\",\"dateModified\":\"2014-10-23T13:01:41+00:00\",\"author\":{\"@id\":\"\"},\"breadcrumb\":{\"@id\":\"https:\/\/www.naturparkmagazin.de\/nossentiner-schwinzer-heide\/der-loeffler-eine-neue-vogelart-im-naturpark\/#breadcrumb\"},\"inLanguage\":\"de\",\"potentialAction\":[{\"@type\":\"ReadAction\",\"target\":[\"https:\/\/www.naturparkmagazin.de\/nossentiner-schwinzer-heide\/der-loeffler-eine-neue-vogelart-im-naturpark\/\"]}]},{\"@type\":\"BreadcrumbList\",\"@id\":\"https:\/\/www.naturparkmagazin.de\/nossentiner-schwinzer-heide\/der-loeffler-eine-neue-vogelart-im-naturpark\/#breadcrumb\",\"itemListElement\":[{\"@type\":\"ListItem\",\"position\":1,\"name\":\"Home\",\"item\":\"https:\/\/www.naturparkmagazin.de\/nossentiner-schwinzer-heide\/\"},{\"@type\":\"ListItem\",\"position\":2,\"name\":\"Der L\u00f6ffler &#8211; eine neue Vogelart im Naturpark\"}]},{\"@type\":\"WebSite\",\"@id\":\"https:\/\/www.naturparkmagazin.de\/nossentiner-schwinzer-heide\/#website\",\"url\":\"https:\/\/www.naturparkmagazin.de\/nossentiner-schwinzer-heide\/\",\"name\":\"Naturpark Nossentiner\/Schwinzer Heide\",\"description\":\"\",\"potentialAction\":[{\"@type\":\"SearchAction\",\"target\":{\"@type\":\"EntryPoint\",\"urlTemplate\":\"https:\/\/www.naturparkmagazin.de\/nossentiner-schwinzer-heide\/?s={search_term_string}\"},\"query-input\":\"required name=search_term_string\"}],\"inLanguage\":\"de\"},{\"@type\":\"Person\",\"@id\":\"\",\"url\":\"https:\/\/www.naturparkmagazin.de\/nossentiner-schwinzer-heide\/author\/\"}]}<\/script>\n<!-- \/ Yoast SEO plugin. -->","yoast_head_json":{"title":"Der L\u00f6ffler - eine neue Vogelart im Naturpark - Naturpark Nossentiner\/Schwinzer Heide","robots":{"index":"index","follow":"follow","max-snippet":"max-snippet:-1","max-image-preview":"max-image-preview:large","max-video-preview":"max-video-preview:-1"},"canonical":"https:\/\/www.naturparkmagazin.de\/nossentiner-schwinzer-heide\/der-loeffler-eine-neue-vogelart-im-naturpark\/","og_locale":"de_DE","og_type":"article","og_title":"Der L\u00f6ffler - eine neue Vogelart im Naturpark - Naturpark Nossentiner\/Schwinzer Heide","og_description":"Am 10.10.2014 beobachtete Herr Wolfgang Caspers zwei L\u00f6ffler im NSG Nordufer Plauer See. Es ist die 233. Vogelart, welche nach 1990 im Naturpark festgestellt wurde.","og_url":"https:\/\/www.naturparkmagazin.de\/nossentiner-schwinzer-heide\/der-loeffler-eine-neue-vogelart-im-naturpark\/","og_site_name":"Naturpark Nossentiner\/Schwinzer Heide","article_published_time":"2014-10-23T13:01:41+00:00","twitter_misc":{"Verfasst von":"","Gesch\u00e4tzte Lesezeit":"1\u00a0Minute"},"schema":{"@context":"https:\/\/schema.org","@graph":[{"@type":"WebPage","@id":"https:\/\/www.naturparkmagazin.de\/nossentiner-schwinzer-heide\/der-loeffler-eine-neue-vogelart-im-naturpark\/","url":"https:\/\/www.naturparkmagazin.de\/nossentiner-schwinzer-heide\/der-loeffler-eine-neue-vogelart-im-naturpark\/","name":"Der L\u00f6ffler - eine neue Vogelart im Naturpark - Naturpark Nossentiner\/Schwinzer Heide","isPartOf":{"@id":"https:\/\/www.naturparkmagazin.de\/nossentiner-schwinzer-heide\/#website"},"datePublished":"2014-10-23T13:01:41+00:00","dateModified":"2014-10-23T13:01:41+00:00","author":{"@id":""},"breadcrumb":{"@id":"https:\/\/www.naturparkmagazin.de\/nossentiner-schwinzer-heide\/der-loeffler-eine-neue-vogelart-im-naturpark\/#breadcrumb"},"inLanguage":"de","potentialAction":[{"@type":"ReadAction","target":["https:\/\/www.naturparkmagazin.de\/nossentiner-schwinzer-heide\/der-loeffler-eine-neue-vogelart-im-naturpark\/"]}]},{"@type":"BreadcrumbList","@id":"https:\/\/www.naturparkmagazin.de\/nossentiner-schwinzer-heide\/der-loeffler-eine-neue-vogelart-im-naturpark\/#breadcrumb","itemListElement":[{"@type":"ListItem","position":1,"name":"Home","item":"https:\/\/www.naturparkmagazin.de\/nossentiner-schwinzer-heide\/"},{"@type":"ListItem","position":2,"name":"Der L\u00f6ffler &#8211; eine neue Vogelart im Naturpark"}]},{"@type":"WebSite","@id":"https:\/\/www.naturparkmagazin.de\/nossentiner-schwinzer-heide\/#website","url":"https:\/\/www.naturparkmagazin.de\/nossentiner-schwinzer-heide\/","name":"Naturpark Nossentiner\/Schwinzer Heide","description":"","potentialAction":[{"@type":"SearchAction","target":{"@type":"EntryPoint","urlTemplate":"https:\/\/www.naturparkmagazin.de\/nossentiner-schwinzer-heide\/?s={search_term_string}"},"query-input":"required name=search_term_string"}],"inLanguage":"de"},{"@type":"Person","@id":"","url":"https:\/\/www.naturparkmagazin.de\/nossentiner-schwinzer-heide\/author\/"}]}},"_links":{"self":[{"href":"https:\/\/www.naturparkmagazin.de\/nossentiner-schwinzer-heide\/wp-json\/wp\/v2\/posts\/580"}],"collection":[{"href":"https:\/\/www.naturparkmagazin.de\/nossentiner-schwinzer-heide\/wp-json\/wp\/v2\/posts"}],"about":[{"href":"https:\/\/www.naturparkmagazin.de\/nossentiner-schwinzer-heide\/wp-json\/wp\/v2\/types\/post"}],"author":[{"embeddable":true,"href":"https:\/\/www.naturparkmagazin.de\/nossentiner-schwinzer-heide\/wp-json\/wp\/v2\/users\/28"}],"replies":[{"embeddable":true,"href":"https:\/\/www.naturparkmagazin.de\/nossentiner-schwinzer-heide\/wp-json\/wp\/v2\/comments?post=580"}],"version-history":[{"count":1,"href":"https:\/\/www.naturparkmagazin.de\/nossentiner-schwinzer-heide\/wp-json\/wp\/v2\/posts\/580\/revisions"}],"predecessor-version":[{"id":583,"href":"https:\/\/www.naturparkmagazin.de\/nossentiner-schwinzer-heide\/wp-json\/wp\/v2\/posts\/580\/revisions\/583"}],"wp:attachment":[{"href":"https:\/\/www.naturparkmagazin.de\/nossentiner-schwinzer-heide\/wp-json\/wp\/v2\/media?parent=580"}],"wp:term":[{"taxonomy":"category","embeddable":true,"href":"https:\/\/www.naturparkmagazin.de\/nossentiner-schwinzer-heide\/wp-json\/wp\/v2\/categories?post=580"},{"taxonomy":"post_tag","embeddable":true,"href":"https:\/\/www.naturparkmagazin.de\/nossentiner-schwinzer-heide\/wp-json\/wp\/v2\/tags?post=580"}],"curies":[{"name":"wp","href":"https:\/\/api.w.org\/{rel}","templated":true}]}}