{"id":585,"date":"2014-11-19T16:19:25","date_gmt":"2014-11-19T15:19:25","guid":{"rendered":"http:\/\/www.naturparkmagazin.de\/nossentiner-schwinzer-heide\/?p=585"},"modified":"2014-11-19T16:19:25","modified_gmt":"2014-11-19T15:19:25","slug":"ein-kurzer-rueckblick","status":"publish","type":"post","link":"https:\/\/www.naturparkmagazin.de\/nossentiner-schwinzer-heide\/ein-kurzer-rueckblick\/","title":{"rendered":"Ein kurzer R\u00fcckblick"},"content":{"rendered":"<p>Liebe Naturparkfreunde,<\/p>\n<p>nun neigt sich schon das Jahr 2014 seinem Ende zu. Auch in unserem Naturpark Nossentiner\/Schwinzer Heide hat sich in diesem Jahr eine ganze Menge getan.<\/p>\n<p>An erster Stelle stand die Fertigstellung des Naturparkplanes. Nachdem im vergangenen Jahr im Rahmen von Foren und Arbeitsgruppen die inhaltlichen Grundlagen f\u00fcr das Planwerk\u00a0geschaffen wurden, erfolgte in diesem Jahr die \u00f6ffentliche Auslegung des Planentwurfes und der Dokumentation der Strategischen Umweltpr\u00fcfung des Naturparkplans. B\u00fcrger, Kommunen, \u00c4mter, Vereine, Betriebe und sonstige Einrichtungen hatten die M\u00f6glichkeit Hinweise, Bedenken und Stellungnahmen abzugeben. Das wurde auch vielfach genutzt. Nach der Abw\u00e4gung erfolgte dann die endg\u00fcltige Formulierung der Dokumente durch die beauftragte Fa. Umweltplan aus Stralsund. Im Moment befinden sich die Manuskripte in der Druckerei, um am Anfang des Jahres das gesamte Planwerk der \u00d6ffentlichkeit vorzulegen und deren Inhalte darauf folgend in den n\u00e4chsten Jahren umzusetzen. Der genaue Termin der Pr\u00e4sentation wird noch bekannt gegeben.<\/p>\n<p><a href=\"https:\/\/www.naturparkmagazin.de\/nossentiner-schwinzer-heide\/wp-content\/uploads\/sites\/28\/Drewitzer-See_25-Feb-2011_6813.jpg\"><img decoding=\"async\" loading=\"lazy\" class=\"alignnone size-full wp-image-587\" alt=\"Drewitzer See, NP NossSchwHeide; J\u00f6rg Gast\" src=\"https:\/\/www.naturparkmagazin.de\/nossentiner-schwinzer-heide\/wp-content\/uploads\/sites\/28\/Drewitzer-See_25-Feb-2011_6813.jpg\" width=\"500\" height=\"300\" \/><\/a><\/p>\n<p>Im Bereich Naturschutz\/Pflege- und Entwicklungsma\u00dfnahmen wurden bew\u00e4hrte Projekte wie, die Waldweide im NSG Paschensee und auf dem Linstower Werder, Junge Riesen, die Pflege von Orchideenwiesen und Kopfweiden\u00a0sowie verschiedene Monitoringarbeiten (Grundwassermessung, Wasservogelz\u00e4hlungen, Taxierung Winterv\u00f6gel, Flederm\u00e4use, Fischotter, Amphibien, &#8230;) durch die Naturwacht fortgef\u00fchrt. Dr. Peter Reike kartierte in ausgew\u00e4hlten Habitaten die Blattk\u00e4fer und ermittelte dabei 271 Arten aus 36 Familien.<\/p>\n<p>Im Rahmen der Besucherlenkung war im NSG Obere Nebelseen ein Aussichts- und Beobachtungsturm geplant, der\u00a0auf Grund verschiedener Ursachen\u00a0nicht\u00a0errichtet werden konnte. Ein ma\u00dfgeblicher Teil der Kr\u00e4fte wurde in den Ersatz und die Pflege der etwa 700 Informationstafeln und die Wanderwegebeschilderung investiert.<\/p>\n<p>Die \u00d6ffentlichkeitsarbeit und Umweltbildung war, wie in jedem Jahr, ein Schwerpunkt der Arbeit. Der F\u00f6rderverein Naturpark Nossentiner\/Schwinzer Heide e.V. hat mit der Fertigstellung der Naturschutzstation Gerhard-Cornelssen-Haus in Wooster Teerofen eine Anlaufstelle f\u00fcr Kinder- und Jugendgruppen, Studenten und junge Wissenschaftler\u00a0geschaffen, welche schon intensiv genutzt wird. So wurden u.a.\u00a0hier\u00a0in diesem Jahr schon das internationale Jugendlager,\u00a0ein Kranich- und ein Fledermauscamp sowie ein Fledermausforschungslager durchgef\u00fchrt.\u00a0\u00a0Mit dem Einbau eines Ofens ist jetzt auch eine Nutzung in der kalten Jahreszeit m\u00f6glich. Verschiedene Kolloquien, 2x Flederm\u00e4use sowie zum ICLEA-Forschungsprojekt Tiefer See wurden durchgef\u00fchrt.<\/p>\n<p><a href=\"https:\/\/www.naturparkmagazin.de\/nossentiner-schwinzer-heide\/wp-content\/uploads\/sites\/28\/Blaumeise-3.jpg\"><img decoding=\"async\" loading=\"lazy\" class=\"alignnone size-full wp-image-588\" alt=\"Blaumeise, NP NossSchwHeide, J\u00f6rg Gast\" src=\"https:\/\/www.naturparkmagazin.de\/nossentiner-schwinzer-heide\/wp-content\/uploads\/sites\/28\/Blaumeise-3.jpg\" width=\"500\" height=\"300\" \/><\/a><\/p>\n<p>Im Kultur- und Informationszentrum wurden f\u00fcnf Sonderausstellungen gezeigt, diverse Faltbl\u00e4tter neu aufgelegt, ein Naturparkfest organisiert\u00a0sowie ein gro\u00dfer Wandertag und eine Wanderwoche durchgef\u00fchrt.<\/p>\n<p>Diese Aufz\u00e4hlung lie\u00dfe sich noch um viele &#8222;kleine&#8220; Ma\u00dfnahmen und Projekte fortsetzen.<\/p>\n<p>Ich m\u00f6chte mich bei allen Kollegen, Partnern, Unterst\u00fctzern und besonders bei den Mitgliedern des F\u00f6rdervereins ganz herzlich f\u00fcr die gute Zusammenarbeit bedanken.<\/p>\n<p>Allen ein Frohes Weihnachtsfest und ein Gesundes Neues Jahr!<\/p>\n<p>J\u00f6rg Gast<\/p>\n<p>&nbsp;<\/p>\n","protected":false},"excerpt":{"rendered":"<p>Liebe Naturparkfreunde,\nnun neigt sich schon das Jahr 2014 seinem Ende zu. Auch in unserem Naturpark Nossentiner\/Schwinzer Heide hat sich in diesem Jahr eine ganze Menge getan. <\/p>\n","protected":false},"author":28,"featured_media":0,"comment_status":"open","ping_status":"open","sticky":false,"template":"","format":"standard","meta":[],"categories":[7],"tags":[],"yoast_head":"<!-- This site is optimized with the Yoast SEO plugin v19.10 - https:\/\/yoast.com\/wordpress\/plugins\/seo\/ -->\n<title>Ein kurzer R\u00fcckblick - Naturpark Nossentiner\/Schwinzer Heide<\/title>\n<meta name=\"robots\" content=\"index, follow, max-snippet:-1, max-image-preview:large, max-video-preview:-1\" \/>\n<link rel=\"canonical\" href=\"https:\/\/www.naturparkmagazin.de\/nossentiner-schwinzer-heide\/ein-kurzer-rueckblick\/\" \/>\n<meta property=\"og:locale\" content=\"de_DE\" \/>\n<meta property=\"og:type\" content=\"article\" \/>\n<meta property=\"og:title\" content=\"Ein kurzer R\u00fcckblick - Naturpark Nossentiner\/Schwinzer Heide\" \/>\n<meta property=\"og:description\" content=\"Liebe Naturparkfreunde, nun neigt sich schon das Jahr 2014 seinem Ende zu. Auch in unserem Naturpark Nossentiner\/Schwinzer Heide hat sich in diesem Jahr eine ganze Menge getan.\" \/>\n<meta property=\"og:url\" content=\"https:\/\/www.naturparkmagazin.de\/nossentiner-schwinzer-heide\/ein-kurzer-rueckblick\/\" \/>\n<meta property=\"og:site_name\" content=\"Naturpark Nossentiner\/Schwinzer Heide\" \/>\n<meta property=\"article:published_time\" content=\"2014-11-19T15:19:25+00:00\" \/>\n<meta property=\"og:image\" content=\"https:\/\/www.naturparkmagazin.de\/nossentiner-schwinzer-heide\/wp-content\/uploads\/sites\/28\/Drewitzer-See_25-Feb-2011_6813.jpg\" \/>\n<meta name=\"twitter:label1\" content=\"Verfasst von\" \/>\n\t<meta name=\"twitter:data1\" content=\"\" \/>\n\t<meta name=\"twitter:label2\" content=\"Gesch\u00e4tzte Lesezeit\" \/>\n\t<meta name=\"twitter:data2\" content=\"2\u00a0Minuten\" \/>\n<script type=\"application\/ld+json\" class=\"yoast-schema-graph\">{\"@context\":\"https:\/\/schema.org\",\"@graph\":[{\"@type\":\"WebPage\",\"@id\":\"https:\/\/www.naturparkmagazin.de\/nossentiner-schwinzer-heide\/ein-kurzer-rueckblick\/\",\"url\":\"https:\/\/www.naturparkmagazin.de\/nossentiner-schwinzer-heide\/ein-kurzer-rueckblick\/\",\"name\":\"Ein kurzer R\u00fcckblick - Naturpark Nossentiner\/Schwinzer Heide\",\"isPartOf\":{\"@id\":\"https:\/\/www.naturparkmagazin.de\/nossentiner-schwinzer-heide\/#website\"},\"datePublished\":\"2014-11-19T15:19:25+00:00\",\"dateModified\":\"2014-11-19T15:19:25+00:00\",\"author\":{\"@id\":\"\"},\"breadcrumb\":{\"@id\":\"https:\/\/www.naturparkmagazin.de\/nossentiner-schwinzer-heide\/ein-kurzer-rueckblick\/#breadcrumb\"},\"inLanguage\":\"de\",\"potentialAction\":[{\"@type\":\"ReadAction\",\"target\":[\"https:\/\/www.naturparkmagazin.de\/nossentiner-schwinzer-heide\/ein-kurzer-rueckblick\/\"]}]},{\"@type\":\"BreadcrumbList\",\"@id\":\"https:\/\/www.naturparkmagazin.de\/nossentiner-schwinzer-heide\/ein-kurzer-rueckblick\/#breadcrumb\",\"itemListElement\":[{\"@type\":\"ListItem\",\"position\":1,\"name\":\"Home\",\"item\":\"https:\/\/www.naturparkmagazin.de\/nossentiner-schwinzer-heide\/\"},{\"@type\":\"ListItem\",\"position\":2,\"name\":\"Ein kurzer R\u00fcckblick\"}]},{\"@type\":\"WebSite\",\"@id\":\"https:\/\/www.naturparkmagazin.de\/nossentiner-schwinzer-heide\/#website\",\"url\":\"https:\/\/www.naturparkmagazin.de\/nossentiner-schwinzer-heide\/\",\"name\":\"Naturpark Nossentiner\/Schwinzer Heide\",\"description\":\"\",\"potentialAction\":[{\"@type\":\"SearchAction\",\"target\":{\"@type\":\"EntryPoint\",\"urlTemplate\":\"https:\/\/www.naturparkmagazin.de\/nossentiner-schwinzer-heide\/?s={search_term_string}\"},\"query-input\":\"required name=search_term_string\"}],\"inLanguage\":\"de\"},{\"@type\":\"Person\",\"@id\":\"\",\"url\":\"https:\/\/www.naturparkmagazin.de\/nossentiner-schwinzer-heide\/author\/\"}]}<\/script>\n<!-- \/ Yoast SEO plugin. -->","yoast_head_json":{"title":"Ein kurzer R\u00fcckblick - Naturpark Nossentiner\/Schwinzer Heide","robots":{"index":"index","follow":"follow","max-snippet":"max-snippet:-1","max-image-preview":"max-image-preview:large","max-video-preview":"max-video-preview:-1"},"canonical":"https:\/\/www.naturparkmagazin.de\/nossentiner-schwinzer-heide\/ein-kurzer-rueckblick\/","og_locale":"de_DE","og_type":"article","og_title":"Ein kurzer R\u00fcckblick - Naturpark Nossentiner\/Schwinzer Heide","og_description":"Liebe Naturparkfreunde, nun neigt sich schon das Jahr 2014 seinem Ende zu. Auch in unserem Naturpark Nossentiner\/Schwinzer Heide hat sich in diesem Jahr eine ganze Menge getan.","og_url":"https:\/\/www.naturparkmagazin.de\/nossentiner-schwinzer-heide\/ein-kurzer-rueckblick\/","og_site_name":"Naturpark Nossentiner\/Schwinzer Heide","article_published_time":"2014-11-19T15:19:25+00:00","og_image":[{"url":"https:\/\/www.naturparkmagazin.de\/nossentiner-schwinzer-heide\/wp-content\/uploads\/sites\/28\/Drewitzer-See_25-Feb-2011_6813.jpg"}],"twitter_misc":{"Verfasst von":"","Gesch\u00e4tzte Lesezeit":"2\u00a0Minuten"},"schema":{"@context":"https:\/\/schema.org","@graph":[{"@type":"WebPage","@id":"https:\/\/www.naturparkmagazin.de\/nossentiner-schwinzer-heide\/ein-kurzer-rueckblick\/","url":"https:\/\/www.naturparkmagazin.de\/nossentiner-schwinzer-heide\/ein-kurzer-rueckblick\/","name":"Ein kurzer R\u00fcckblick - Naturpark Nossentiner\/Schwinzer Heide","isPartOf":{"@id":"https:\/\/www.naturparkmagazin.de\/nossentiner-schwinzer-heide\/#website"},"datePublished":"2014-11-19T15:19:25+00:00","dateModified":"2014-11-19T15:19:25+00:00","author":{"@id":""},"breadcrumb":{"@id":"https:\/\/www.naturparkmagazin.de\/nossentiner-schwinzer-heide\/ein-kurzer-rueckblick\/#breadcrumb"},"inLanguage":"de","potentialAction":[{"@type":"ReadAction","target":["https:\/\/www.naturparkmagazin.de\/nossentiner-schwinzer-heide\/ein-kurzer-rueckblick\/"]}]},{"@type":"BreadcrumbList","@id":"https:\/\/www.naturparkmagazin.de\/nossentiner-schwinzer-heide\/ein-kurzer-rueckblick\/#breadcrumb","itemListElement":[{"@type":"ListItem","position":1,"name":"Home","item":"https:\/\/www.naturparkmagazin.de\/nossentiner-schwinzer-heide\/"},{"@type":"ListItem","position":2,"name":"Ein kurzer R\u00fcckblick"}]},{"@type":"WebSite","@id":"https:\/\/www.naturparkmagazin.de\/nossentiner-schwinzer-heide\/#website","url":"https:\/\/www.naturparkmagazin.de\/nossentiner-schwinzer-heide\/","name":"Naturpark Nossentiner\/Schwinzer Heide","description":"","potentialAction":[{"@type":"SearchAction","target":{"@type":"EntryPoint","urlTemplate":"https:\/\/www.naturparkmagazin.de\/nossentiner-schwinzer-heide\/?s={search_term_string}"},"query-input":"required name=search_term_string"}],"inLanguage":"de"},{"@type":"Person","@id":"","url":"https:\/\/www.naturparkmagazin.de\/nossentiner-schwinzer-heide\/author\/"}]}},"_links":{"self":[{"href":"https:\/\/www.naturparkmagazin.de\/nossentiner-schwinzer-heide\/wp-json\/wp\/v2\/posts\/585"}],"collection":[{"href":"https:\/\/www.naturparkmagazin.de\/nossentiner-schwinzer-heide\/wp-json\/wp\/v2\/posts"}],"about":[{"href":"https:\/\/www.naturparkmagazin.de\/nossentiner-schwinzer-heide\/wp-json\/wp\/v2\/types\/post"}],"author":[{"embeddable":true,"href":"https:\/\/www.naturparkmagazin.de\/nossentiner-schwinzer-heide\/wp-json\/wp\/v2\/users\/28"}],"replies":[{"embeddable":true,"href":"https:\/\/www.naturparkmagazin.de\/nossentiner-schwinzer-heide\/wp-json\/wp\/v2\/comments?post=585"}],"version-history":[{"count":1,"href":"https:\/\/www.naturparkmagazin.de\/nossentiner-schwinzer-heide\/wp-json\/wp\/v2\/posts\/585\/revisions"}],"predecessor-version":[{"id":589,"href":"https:\/\/www.naturparkmagazin.de\/nossentiner-schwinzer-heide\/wp-json\/wp\/v2\/posts\/585\/revisions\/589"}],"wp:attachment":[{"href":"https:\/\/www.naturparkmagazin.de\/nossentiner-schwinzer-heide\/wp-json\/wp\/v2\/media?parent=585"}],"wp:term":[{"taxonomy":"category","embeddable":true,"href":"https:\/\/www.naturparkmagazin.de\/nossentiner-schwinzer-heide\/wp-json\/wp\/v2\/categories?post=585"},{"taxonomy":"post_tag","embeddable":true,"href":"https:\/\/www.naturparkmagazin.de\/nossentiner-schwinzer-heide\/wp-json\/wp\/v2\/tags?post=585"}],"curies":[{"name":"wp","href":"https:\/\/api.w.org\/{rel}","templated":true}]}}