{"id":598,"date":"2015-01-19T10:39:52","date_gmt":"2015-01-19T09:39:52","guid":{"rendered":"http:\/\/www.naturparkmagazin.de\/nossentiner-schwinzer-heide\/?p=598"},"modified":"2015-01-28T16:55:34","modified_gmt":"2015-01-28T15:55:34","slug":"naturparkplan-ist-fertiggestellt","status":"publish","type":"post","link":"https:\/\/www.naturparkmagazin.de\/nossentiner-schwinzer-heide\/naturparkplan-ist-fertiggestellt\/","title":{"rendered":"Naturparkplan ist fertiggestellt"},"content":{"rendered":"<p>Nach \u00fcber 2 Jahren intensiver Diskussion, Arbeit und Abstimmung liegt nun der <b>\u201eNaturparkplan Nossentiner\/Schwinzer Heide\u201c <\/b>in seiner Endfassung vor. Entstanden ist ein komplexes Planwerk, welches den Weg f\u00fcr die zuk\u00fcnftige Naturparkarbeit weist und abgestimmte Projekte f\u00fcr die Naturparkregion beinhaltet.<\/p>\n<p>Zur feierlichen \u00dcbergabe des Naturparkplans an die Teilnehmer des Planungsprozesses sowie an die \u00d6ffentlichkeit am <b>Donnerstag, den 26. Februar 2015 um 15.00 Uhr im Tagungszentrum des Hotels <\/b><b>Ferienpark Plauer See, Wendorf 6 in 17214 Alt Schwerin <\/b>durch den Minister f\u00fcr Landwirtschaft, Umwelt und Verbraucherschutz, Herrn Dr. Till Backhaus,\u00a0wird herzlich eingeladen.<\/p>\n<p>Nach Gru\u00dfworten des Ministers Dr. Backhaus, der stellvertretenden Landr\u00e4tin des Landkreises Mecklenburgische Seenplatte Frau Bettina Paetsch und des B\u00fcrgermeisters von Plau am See Herrn Norbert Reier,\u00a0nehmen die mit der Planerarbeitung beauftragten B\u00fcros Umweltplan Stralsund und BTE Tourismus und Regionalberatung Berlin einen R\u00fcckblick auf den Prozess der Naturparkplanung vor.<\/p>\n<p>Im weiteren Verlauf der Veranstaltung wird der Minister das Planwerk an die \u00d6ffentlichkeit \u00fcbergeben. Mitarbeiter von drei Arbeitsgruppen stellen im Anschluss je ein bereits begonnenes Projekt aus der Planung vor.<\/p>\n<p>Die Veranstaltung wird durch die &#8222;Uhu&#8217;s&#8220;, einer Seniorenbl\u00e4sergruppe des Posaunenwerkes Mecklenburg-Vorpommern unter Leitung des Landesposaunenwartes Martin Huss, umrahmt.<\/p>\n<p>&nbsp;<\/p>\n<p>&nbsp;<\/p>\n","protected":false},"excerpt":{"rendered":"<p>Nach \u00fcber 2 Jahren intensiver Arbeit sind die Teilnehmer des Planungsprozesses sowie die \u00d6ffentlichkeit zur feierlichen \u00dcbergabe des Naturparkplans am 26. Februar herzlich eingeladen.<\/p>\n","protected":false},"author":28,"featured_media":0,"comment_status":"open","ping_status":"open","sticky":false,"template":"","format":"standard","meta":[],"categories":[7],"tags":[],"yoast_head":"<!-- This site is optimized with the Yoast SEO plugin v19.10 - https:\/\/yoast.com\/wordpress\/plugins\/seo\/ -->\n<title>Naturparkplan ist fertiggestellt - Naturpark Nossentiner\/Schwinzer Heide<\/title>\n<meta name=\"robots\" content=\"index, follow, max-snippet:-1, max-image-preview:large, max-video-preview:-1\" \/>\n<link rel=\"canonical\" href=\"https:\/\/www.naturparkmagazin.de\/nossentiner-schwinzer-heide\/naturparkplan-ist-fertiggestellt\/\" \/>\n<meta property=\"og:locale\" content=\"de_DE\" \/>\n<meta property=\"og:type\" content=\"article\" \/>\n<meta property=\"og:title\" content=\"Naturparkplan ist fertiggestellt - Naturpark Nossentiner\/Schwinzer Heide\" \/>\n<meta property=\"og:description\" content=\"Nach \u00fcber 2 Jahren intensiver Arbeit sind die Teilnehmer des Planungsprozesses sowie die \u00d6ffentlichkeit zur feierlichen \u00dcbergabe des Naturparkplans am 26. Februar herzlich eingeladen.\" \/>\n<meta property=\"og:url\" content=\"https:\/\/www.naturparkmagazin.de\/nossentiner-schwinzer-heide\/naturparkplan-ist-fertiggestellt\/\" \/>\n<meta property=\"og:site_name\" content=\"Naturpark Nossentiner\/Schwinzer Heide\" \/>\n<meta property=\"article:published_time\" content=\"2015-01-19T09:39:52+00:00\" \/>\n<meta property=\"article:modified_time\" content=\"2015-01-28T15:55:34+00:00\" \/>\n<meta name=\"twitter:label1\" content=\"Verfasst von\" \/>\n\t<meta name=\"twitter:data1\" content=\"\" \/>\n\t<meta name=\"twitter:label2\" content=\"Gesch\u00e4tzte Lesezeit\" \/>\n\t<meta name=\"twitter:data2\" content=\"1\u00a0Minute\" \/>\n<script type=\"application\/ld+json\" class=\"yoast-schema-graph\">{\"@context\":\"https:\/\/schema.org\",\"@graph\":[{\"@type\":\"WebPage\",\"@id\":\"https:\/\/www.naturparkmagazin.de\/nossentiner-schwinzer-heide\/naturparkplan-ist-fertiggestellt\/\",\"url\":\"https:\/\/www.naturparkmagazin.de\/nossentiner-schwinzer-heide\/naturparkplan-ist-fertiggestellt\/\",\"name\":\"Naturparkplan ist fertiggestellt - Naturpark Nossentiner\/Schwinzer Heide\",\"isPartOf\":{\"@id\":\"https:\/\/www.naturparkmagazin.de\/nossentiner-schwinzer-heide\/#website\"},\"datePublished\":\"2015-01-19T09:39:52+00:00\",\"dateModified\":\"2015-01-28T15:55:34+00:00\",\"author\":{\"@id\":\"\"},\"breadcrumb\":{\"@id\":\"https:\/\/www.naturparkmagazin.de\/nossentiner-schwinzer-heide\/naturparkplan-ist-fertiggestellt\/#breadcrumb\"},\"inLanguage\":\"de\",\"potentialAction\":[{\"@type\":\"ReadAction\",\"target\":[\"https:\/\/www.naturparkmagazin.de\/nossentiner-schwinzer-heide\/naturparkplan-ist-fertiggestellt\/\"]}]},{\"@type\":\"BreadcrumbList\",\"@id\":\"https:\/\/www.naturparkmagazin.de\/nossentiner-schwinzer-heide\/naturparkplan-ist-fertiggestellt\/#breadcrumb\",\"itemListElement\":[{\"@type\":\"ListItem\",\"position\":1,\"name\":\"Home\",\"item\":\"https:\/\/www.naturparkmagazin.de\/nossentiner-schwinzer-heide\/\"},{\"@type\":\"ListItem\",\"position\":2,\"name\":\"Naturparkplan ist fertiggestellt\"}]},{\"@type\":\"WebSite\",\"@id\":\"https:\/\/www.naturparkmagazin.de\/nossentiner-schwinzer-heide\/#website\",\"url\":\"https:\/\/www.naturparkmagazin.de\/nossentiner-schwinzer-heide\/\",\"name\":\"Naturpark Nossentiner\/Schwinzer Heide\",\"description\":\"\",\"potentialAction\":[{\"@type\":\"SearchAction\",\"target\":{\"@type\":\"EntryPoint\",\"urlTemplate\":\"https:\/\/www.naturparkmagazin.de\/nossentiner-schwinzer-heide\/?s={search_term_string}\"},\"query-input\":\"required name=search_term_string\"}],\"inLanguage\":\"de\"},{\"@type\":\"Person\",\"@id\":\"\",\"url\":\"https:\/\/www.naturparkmagazin.de\/nossentiner-schwinzer-heide\/author\/\"}]}<\/script>\n<!-- \/ Yoast SEO plugin. -->","yoast_head_json":{"title":"Naturparkplan ist fertiggestellt - Naturpark Nossentiner\/Schwinzer Heide","robots":{"index":"index","follow":"follow","max-snippet":"max-snippet:-1","max-image-preview":"max-image-preview:large","max-video-preview":"max-video-preview:-1"},"canonical":"https:\/\/www.naturparkmagazin.de\/nossentiner-schwinzer-heide\/naturparkplan-ist-fertiggestellt\/","og_locale":"de_DE","og_type":"article","og_title":"Naturparkplan ist fertiggestellt - Naturpark Nossentiner\/Schwinzer Heide","og_description":"Nach \u00fcber 2 Jahren intensiver Arbeit sind die Teilnehmer des Planungsprozesses sowie die \u00d6ffentlichkeit zur feierlichen \u00dcbergabe des Naturparkplans am 26. Februar herzlich eingeladen.","og_url":"https:\/\/www.naturparkmagazin.de\/nossentiner-schwinzer-heide\/naturparkplan-ist-fertiggestellt\/","og_site_name":"Naturpark Nossentiner\/Schwinzer Heide","article_published_time":"2015-01-19T09:39:52+00:00","article_modified_time":"2015-01-28T15:55:34+00:00","twitter_misc":{"Verfasst von":"","Gesch\u00e4tzte Lesezeit":"1\u00a0Minute"},"schema":{"@context":"https:\/\/schema.org","@graph":[{"@type":"WebPage","@id":"https:\/\/www.naturparkmagazin.de\/nossentiner-schwinzer-heide\/naturparkplan-ist-fertiggestellt\/","url":"https:\/\/www.naturparkmagazin.de\/nossentiner-schwinzer-heide\/naturparkplan-ist-fertiggestellt\/","name":"Naturparkplan ist fertiggestellt - Naturpark Nossentiner\/Schwinzer Heide","isPartOf":{"@id":"https:\/\/www.naturparkmagazin.de\/nossentiner-schwinzer-heide\/#website"},"datePublished":"2015-01-19T09:39:52+00:00","dateModified":"2015-01-28T15:55:34+00:00","author":{"@id":""},"breadcrumb":{"@id":"https:\/\/www.naturparkmagazin.de\/nossentiner-schwinzer-heide\/naturparkplan-ist-fertiggestellt\/#breadcrumb"},"inLanguage":"de","potentialAction":[{"@type":"ReadAction","target":["https:\/\/www.naturparkmagazin.de\/nossentiner-schwinzer-heide\/naturparkplan-ist-fertiggestellt\/"]}]},{"@type":"BreadcrumbList","@id":"https:\/\/www.naturparkmagazin.de\/nossentiner-schwinzer-heide\/naturparkplan-ist-fertiggestellt\/#breadcrumb","itemListElement":[{"@type":"ListItem","position":1,"name":"Home","item":"https:\/\/www.naturparkmagazin.de\/nossentiner-schwinzer-heide\/"},{"@type":"ListItem","position":2,"name":"Naturparkplan ist fertiggestellt"}]},{"@type":"WebSite","@id":"https:\/\/www.naturparkmagazin.de\/nossentiner-schwinzer-heide\/#website","url":"https:\/\/www.naturparkmagazin.de\/nossentiner-schwinzer-heide\/","name":"Naturpark Nossentiner\/Schwinzer Heide","description":"","potentialAction":[{"@type":"SearchAction","target":{"@type":"EntryPoint","urlTemplate":"https:\/\/www.naturparkmagazin.de\/nossentiner-schwinzer-heide\/?s={search_term_string}"},"query-input":"required name=search_term_string"}],"inLanguage":"de"},{"@type":"Person","@id":"","url":"https:\/\/www.naturparkmagazin.de\/nossentiner-schwinzer-heide\/author\/"}]}},"_links":{"self":[{"href":"https:\/\/www.naturparkmagazin.de\/nossentiner-schwinzer-heide\/wp-json\/wp\/v2\/posts\/598"}],"collection":[{"href":"https:\/\/www.naturparkmagazin.de\/nossentiner-schwinzer-heide\/wp-json\/wp\/v2\/posts"}],"about":[{"href":"https:\/\/www.naturparkmagazin.de\/nossentiner-schwinzer-heide\/wp-json\/wp\/v2\/types\/post"}],"author":[{"embeddable":true,"href":"https:\/\/www.naturparkmagazin.de\/nossentiner-schwinzer-heide\/wp-json\/wp\/v2\/users\/28"}],"replies":[{"embeddable":true,"href":"https:\/\/www.naturparkmagazin.de\/nossentiner-schwinzer-heide\/wp-json\/wp\/v2\/comments?post=598"}],"version-history":[{"count":7,"href":"https:\/\/www.naturparkmagazin.de\/nossentiner-schwinzer-heide\/wp-json\/wp\/v2\/posts\/598\/revisions"}],"predecessor-version":[{"id":603,"href":"https:\/\/www.naturparkmagazin.de\/nossentiner-schwinzer-heide\/wp-json\/wp\/v2\/posts\/598\/revisions\/603"}],"wp:attachment":[{"href":"https:\/\/www.naturparkmagazin.de\/nossentiner-schwinzer-heide\/wp-json\/wp\/v2\/media?parent=598"}],"wp:term":[{"taxonomy":"category","embeddable":true,"href":"https:\/\/www.naturparkmagazin.de\/nossentiner-schwinzer-heide\/wp-json\/wp\/v2\/categories?post=598"},{"taxonomy":"post_tag","embeddable":true,"href":"https:\/\/www.naturparkmagazin.de\/nossentiner-schwinzer-heide\/wp-json\/wp\/v2\/tags?post=598"}],"curies":[{"name":"wp","href":"https:\/\/api.w.org\/{rel}","templated":true}]}}