{"id":608,"date":"2015-02-18T13:12:41","date_gmt":"2015-02-18T12:12:41","guid":{"rendered":"http:\/\/www.naturparkmagazin.de\/nossentiner-schwinzer-heide\/?p=608"},"modified":"2015-02-19T17:42:09","modified_gmt":"2015-02-19T16:42:09","slug":"natur-des-jahres-2015","status":"publish","type":"post","link":"https:\/\/www.naturparkmagazin.de\/nossentiner-schwinzer-heide\/natur-des-jahres-2015\/","title":{"rendered":"Natur des Jahres 2015"},"content":{"rendered":"<p>Im Kultur- und Informatioinszentrum Karower Meiler ist aktuell die neue Sonderausstellung \u201eNatur 2015\u201c zu sehen. Auf sechzehn Postern hat Janosch Marian Vo\u00df, er leistet ein freiwilliges \u00f6kologisches Jahr im Naturpark, insgesamt dreizehn Arten der Natur des Jahres vorgestellt.<\/p>\n<p>Von der Recherche, \u00fcber die Gestaltung, den Druck bis hin zur Pr\u00e4sentation hat Janosch alle Arbeiten selbstst\u00e4ndig durchgef\u00fchrt und auch seine Gedanken in die Texte einflie\u00dfen lassen.<\/p>\n<div id=\"attachment_622\" style=\"width: 510px\" class=\"wp-caption alignnone\"><a href=\"https:\/\/www.naturparkmagazin.de\/nossentiner-schwinzer-heide\/wp-content\/uploads\/sites\/28\/Janosch-4-klein.jpg\"><img aria-describedby=\"caption-attachment-622\" decoding=\"async\" loading=\"lazy\" class=\"size-full wp-image-622\" alt=\"Janosch pr\u00e4sentiert seine Ausstellung im Karower Meiler\" src=\"https:\/\/www.naturparkmagazin.de\/nossentiner-schwinzer-heide\/wp-content\/uploads\/sites\/28\/Janosch-4-klein.jpg\" width=\"500\" height=\"300\" \/><\/a><p id=\"caption-attachment-622\" class=\"wp-caption-text\">Janosch pr\u00e4sentiert seine Ausstellung im Karower Meiler<\/p><\/div>\n<p>\u201eJedes Jahr finden sich Umweltverb\u00e4nde, Umweltbildungszentren, Institutionen und Gesellschaften zusammen, um \u00fcber die Natur des Jahres abzustimmen. Diese setzt sich aus verschiedensten Kategorien und Wesen zusammen, wie z.B. dem Vogel des Jahres, dem Fisch des Jahres, dem Baum des Jahres, der Blume des Jahres oder auch ganzen Landschaften wie dem Waldgebiet des Jahres und der Flusslandschaft des Jahres. Die Naturforscher und -kundler wollen die Gesellschaft auf bedrohte Arten und deren bedrohte Lebensr\u00e4ume aufmerksam machen. Derzeit spielt der Moorschutz eine \u00fcbergeordnete Rolle. Jedes Jahr werden mehr Sumpflandschaften trockengelegt, um Platz zu schaffen f\u00fcr Ackerfl\u00e4chen oder Siedlungen. Deswegen gibt es 2015 viele Jahreswesen, die mit den Mooren ihren Lebensraum verlieren und deren Best\u00e4nde dadurch (drastisch) sinken.<\/p>\n<p>Diese kleine aber feine Ausstellung soll Ihnen nun einige der Jahreswesen von 2015 steckbriefartig etwas n\u00e4herbringen.<\/p>\n<p>Viel Spa\u00df w\u00fcnscht Ihnen Janosch M. Vo\u00df, F\u00f6Jler im Naturpark.\u201c<a href=\"https:\/\/www.naturparkmagazin.de\/nossentiner-schwinzer-heide\/wp-content\/uploads\/sites\/28\/Sumpfschildkr\u00f6te.jpg\"><img decoding=\"async\" loading=\"lazy\" class=\"alignnone size-full wp-image-624\" alt=\"natur des jahres 2015.cdr\" src=\"https:\/\/www.naturparkmagazin.de\/nossentiner-schwinzer-heide\/wp-content\/uploads\/sites\/28\/Sumpfschildkr\u00f6te.jpg\" width=\"300\" height=\"500\" \/><\/a><\/p>\n<p>Die Sonderausstellung \u201eNatur 2015\u201c ist bis Mitte April zu sehen. Das Kultur- und Informationszentrum Karower Meiler ist im Februar und M\u00e4rz von Montag bis Freitag von 10 bis 16 Uhr und im April t\u00e4glich von 10 bis 16 Uhr ge\u00f6ffnet. Der Eintritt ist frei.<a href=\"https:\/\/www.naturparkmagazin.de\/nossentiner-schwinzer-heide\/wp-content\/uploads\/sites\/28\/Habicht.jpg\"><img decoding=\"async\" loading=\"lazy\" class=\"alignnone size-full wp-image-618\" alt=\"natur des jahres 2015.cdr\" src=\"https:\/\/www.naturparkmagazin.de\/nossentiner-schwinzer-heide\/wp-content\/uploads\/sites\/28\/Habicht.jpg\" width=\"500\" height=\"300\" \/><\/a><\/p>\n","protected":false},"excerpt":{"rendered":"<p>Bis Mitte April ist die Sonderausstellung &#8218;Natur 2015&#8216; von Janosch Marian Vo\u00df, der sein freiwilliges soziales Jahr im Naturpark leistet, zu sehen.<\/p>\n","protected":false},"author":28,"featured_media":0,"comment_status":"open","ping_status":"open","sticky":false,"template":"","format":"standard","meta":[],"categories":[11],"tags":[],"yoast_head":"<!-- This site is optimized with the Yoast SEO plugin v19.10 - https:\/\/yoast.com\/wordpress\/plugins\/seo\/ -->\n<title>Natur des Jahres 2015 - Naturpark Nossentiner\/Schwinzer Heide<\/title>\n<meta name=\"robots\" content=\"index, follow, max-snippet:-1, max-image-preview:large, max-video-preview:-1\" \/>\n<link rel=\"canonical\" href=\"https:\/\/www.naturparkmagazin.de\/nossentiner-schwinzer-heide\/natur-des-jahres-2015\/\" \/>\n<meta property=\"og:locale\" content=\"de_DE\" \/>\n<meta property=\"og:type\" content=\"article\" \/>\n<meta property=\"og:title\" content=\"Natur des Jahres 2015 - Naturpark Nossentiner\/Schwinzer Heide\" \/>\n<meta property=\"og:description\" content=\"Bis Mitte April ist die Sonderausstellung &#039;Natur 2015&#039; von Janosch Marian Vo\u00df, der sein freiwilliges soziales Jahr im Naturpark leistet, zu sehen.\" \/>\n<meta property=\"og:url\" content=\"https:\/\/www.naturparkmagazin.de\/nossentiner-schwinzer-heide\/natur-des-jahres-2015\/\" \/>\n<meta property=\"og:site_name\" content=\"Naturpark Nossentiner\/Schwinzer Heide\" \/>\n<meta property=\"article:published_time\" content=\"2015-02-18T12:12:41+00:00\" \/>\n<meta property=\"article:modified_time\" content=\"2015-02-19T16:42:09+00:00\" \/>\n<meta property=\"og:image\" content=\"https:\/\/www.naturparkmagazin.de\/nossentiner-schwinzer-heide\/wp-content\/uploads\/sites\/28\/Janosch-4-klein.jpg\" \/>\n<meta name=\"twitter:label1\" content=\"Verfasst von\" \/>\n\t<meta name=\"twitter:data1\" content=\"\" \/>\n\t<meta name=\"twitter:label2\" content=\"Gesch\u00e4tzte Lesezeit\" \/>\n\t<meta name=\"twitter:data2\" content=\"1\u00a0Minute\" \/>\n<script type=\"application\/ld+json\" class=\"yoast-schema-graph\">{\"@context\":\"https:\/\/schema.org\",\"@graph\":[{\"@type\":\"WebPage\",\"@id\":\"https:\/\/www.naturparkmagazin.de\/nossentiner-schwinzer-heide\/natur-des-jahres-2015\/\",\"url\":\"https:\/\/www.naturparkmagazin.de\/nossentiner-schwinzer-heide\/natur-des-jahres-2015\/\",\"name\":\"Natur des Jahres 2015 - Naturpark Nossentiner\/Schwinzer Heide\",\"isPartOf\":{\"@id\":\"https:\/\/www.naturparkmagazin.de\/nossentiner-schwinzer-heide\/#website\"},\"datePublished\":\"2015-02-18T12:12:41+00:00\",\"dateModified\":\"2015-02-19T16:42:09+00:00\",\"author\":{\"@id\":\"\"},\"breadcrumb\":{\"@id\":\"https:\/\/www.naturparkmagazin.de\/nossentiner-schwinzer-heide\/natur-des-jahres-2015\/#breadcrumb\"},\"inLanguage\":\"de\",\"potentialAction\":[{\"@type\":\"ReadAction\",\"target\":[\"https:\/\/www.naturparkmagazin.de\/nossentiner-schwinzer-heide\/natur-des-jahres-2015\/\"]}]},{\"@type\":\"BreadcrumbList\",\"@id\":\"https:\/\/www.naturparkmagazin.de\/nossentiner-schwinzer-heide\/natur-des-jahres-2015\/#breadcrumb\",\"itemListElement\":[{\"@type\":\"ListItem\",\"position\":1,\"name\":\"Home\",\"item\":\"https:\/\/www.naturparkmagazin.de\/nossentiner-schwinzer-heide\/\"},{\"@type\":\"ListItem\",\"position\":2,\"name\":\"Natur des Jahres 2015\"}]},{\"@type\":\"WebSite\",\"@id\":\"https:\/\/www.naturparkmagazin.de\/nossentiner-schwinzer-heide\/#website\",\"url\":\"https:\/\/www.naturparkmagazin.de\/nossentiner-schwinzer-heide\/\",\"name\":\"Naturpark Nossentiner\/Schwinzer Heide\",\"description\":\"\",\"potentialAction\":[{\"@type\":\"SearchAction\",\"target\":{\"@type\":\"EntryPoint\",\"urlTemplate\":\"https:\/\/www.naturparkmagazin.de\/nossentiner-schwinzer-heide\/?s={search_term_string}\"},\"query-input\":\"required name=search_term_string\"}],\"inLanguage\":\"de\"},{\"@type\":\"Person\",\"@id\":\"\",\"url\":\"https:\/\/www.naturparkmagazin.de\/nossentiner-schwinzer-heide\/author\/\"}]}<\/script>\n<!-- \/ Yoast SEO plugin. -->","yoast_head_json":{"title":"Natur des Jahres 2015 - Naturpark Nossentiner\/Schwinzer Heide","robots":{"index":"index","follow":"follow","max-snippet":"max-snippet:-1","max-image-preview":"max-image-preview:large","max-video-preview":"max-video-preview:-1"},"canonical":"https:\/\/www.naturparkmagazin.de\/nossentiner-schwinzer-heide\/natur-des-jahres-2015\/","og_locale":"de_DE","og_type":"article","og_title":"Natur des Jahres 2015 - Naturpark Nossentiner\/Schwinzer Heide","og_description":"Bis Mitte April ist die Sonderausstellung 'Natur 2015' von Janosch Marian Vo\u00df, der sein freiwilliges soziales Jahr im Naturpark leistet, zu sehen.","og_url":"https:\/\/www.naturparkmagazin.de\/nossentiner-schwinzer-heide\/natur-des-jahres-2015\/","og_site_name":"Naturpark Nossentiner\/Schwinzer Heide","article_published_time":"2015-02-18T12:12:41+00:00","article_modified_time":"2015-02-19T16:42:09+00:00","og_image":[{"url":"https:\/\/www.naturparkmagazin.de\/nossentiner-schwinzer-heide\/wp-content\/uploads\/sites\/28\/Janosch-4-klein.jpg"}],"twitter_misc":{"Verfasst von":"","Gesch\u00e4tzte Lesezeit":"1\u00a0Minute"},"schema":{"@context":"https:\/\/schema.org","@graph":[{"@type":"WebPage","@id":"https:\/\/www.naturparkmagazin.de\/nossentiner-schwinzer-heide\/natur-des-jahres-2015\/","url":"https:\/\/www.naturparkmagazin.de\/nossentiner-schwinzer-heide\/natur-des-jahres-2015\/","name":"Natur des Jahres 2015 - Naturpark Nossentiner\/Schwinzer Heide","isPartOf":{"@id":"https:\/\/www.naturparkmagazin.de\/nossentiner-schwinzer-heide\/#website"},"datePublished":"2015-02-18T12:12:41+00:00","dateModified":"2015-02-19T16:42:09+00:00","author":{"@id":""},"breadcrumb":{"@id":"https:\/\/www.naturparkmagazin.de\/nossentiner-schwinzer-heide\/natur-des-jahres-2015\/#breadcrumb"},"inLanguage":"de","potentialAction":[{"@type":"ReadAction","target":["https:\/\/www.naturparkmagazin.de\/nossentiner-schwinzer-heide\/natur-des-jahres-2015\/"]}]},{"@type":"BreadcrumbList","@id":"https:\/\/www.naturparkmagazin.de\/nossentiner-schwinzer-heide\/natur-des-jahres-2015\/#breadcrumb","itemListElement":[{"@type":"ListItem","position":1,"name":"Home","item":"https:\/\/www.naturparkmagazin.de\/nossentiner-schwinzer-heide\/"},{"@type":"ListItem","position":2,"name":"Natur des Jahres 2015"}]},{"@type":"WebSite","@id":"https:\/\/www.naturparkmagazin.de\/nossentiner-schwinzer-heide\/#website","url":"https:\/\/www.naturparkmagazin.de\/nossentiner-schwinzer-heide\/","name":"Naturpark Nossentiner\/Schwinzer Heide","description":"","potentialAction":[{"@type":"SearchAction","target":{"@type":"EntryPoint","urlTemplate":"https:\/\/www.naturparkmagazin.de\/nossentiner-schwinzer-heide\/?s={search_term_string}"},"query-input":"required name=search_term_string"}],"inLanguage":"de"},{"@type":"Person","@id":"","url":"https:\/\/www.naturparkmagazin.de\/nossentiner-schwinzer-heide\/author\/"}]}},"_links":{"self":[{"href":"https:\/\/www.naturparkmagazin.de\/nossentiner-schwinzer-heide\/wp-json\/wp\/v2\/posts\/608"}],"collection":[{"href":"https:\/\/www.naturparkmagazin.de\/nossentiner-schwinzer-heide\/wp-json\/wp\/v2\/posts"}],"about":[{"href":"https:\/\/www.naturparkmagazin.de\/nossentiner-schwinzer-heide\/wp-json\/wp\/v2\/types\/post"}],"author":[{"embeddable":true,"href":"https:\/\/www.naturparkmagazin.de\/nossentiner-schwinzer-heide\/wp-json\/wp\/v2\/users\/28"}],"replies":[{"embeddable":true,"href":"https:\/\/www.naturparkmagazin.de\/nossentiner-schwinzer-heide\/wp-json\/wp\/v2\/comments?post=608"}],"version-history":[{"count":3,"href":"https:\/\/www.naturparkmagazin.de\/nossentiner-schwinzer-heide\/wp-json\/wp\/v2\/posts\/608\/revisions"}],"predecessor-version":[{"id":641,"href":"https:\/\/www.naturparkmagazin.de\/nossentiner-schwinzer-heide\/wp-json\/wp\/v2\/posts\/608\/revisions\/641"}],"wp:attachment":[{"href":"https:\/\/www.naturparkmagazin.de\/nossentiner-schwinzer-heide\/wp-json\/wp\/v2\/media?parent=608"}],"wp:term":[{"taxonomy":"category","embeddable":true,"href":"https:\/\/www.naturparkmagazin.de\/nossentiner-schwinzer-heide\/wp-json\/wp\/v2\/categories?post=608"},{"taxonomy":"post_tag","embeddable":true,"href":"https:\/\/www.naturparkmagazin.de\/nossentiner-schwinzer-heide\/wp-json\/wp\/v2\/tags?post=608"}],"curies":[{"name":"wp","href":"https:\/\/api.w.org\/{rel}","templated":true}]}}