{"id":626,"date":"2015-02-18T13:18:13","date_gmt":"2015-02-18T12:18:13","guid":{"rendered":"http:\/\/www.naturparkmagazin.de\/nossentiner-schwinzer-heide\/?p=626"},"modified":"2015-02-24T14:12:35","modified_gmt":"2015-02-24T13:12:35","slug":"naturparkplan-liegt-vor","status":"publish","type":"post","link":"https:\/\/www.naturparkmagazin.de\/nossentiner-schwinzer-heide\/naturparkplan-liegt-vor\/","title":{"rendered":"Naturparkplan liegt vor"},"content":{"rendered":"<p>Am heutigen 26.02.2015 wurde der in etwa zweij\u00e4hriger intensiver Arbeit erstellte Naturparkplan der \u00d6ffentlichkeit \u00fcbergeben. Auf dem Plauer Werder trafen sich dazu \u00fcber 60 Mitstreiter und nahmen den Naturparkplan, entweder in gedruckter Form oder Digital auf einer CD, in Empfang.<a href=\"https:\/\/www.naturparkmagazin.de\/nossentiner-schwinzer-heide\/wp-content\/uploads\/sites\/28\/Naturparkplan-13-klein.jpg\"><img decoding=\"async\" loading=\"lazy\" class=\"size-full wp-image-623 aligncenter\" alt=\"Naturparkplan-13 klein\" src=\"https:\/\/www.naturparkmagazin.de\/nossentiner-schwinzer-heide\/wp-content\/uploads\/sites\/28\/Naturparkplan-13-klein.jpg\" width=\"500\" height=\"300\" \/><\/a><\/p>\n<p>Im \u201eApril-Newsletter\u201c werden wir ausf\u00fchrlich\u00a0\u00a0\u00fcber die Veranstaltung\u00a0berichten. Wer sich detailiert informieren m\u00f6chte, dem stehen alle Dokumente des Planwerkes, einschlie\u00dflich der Karten, auf der Internetseite des Naturparks\u00a0<a href=\"http:\/\/www.naturpark-nossentiner-schwinzer-heide.de\">www.naturpark-nossentiner-schwinzer-heide.de<\/a> zum Download zur Verf\u00fcgung.<\/p>\n","protected":false},"excerpt":{"rendered":"<p>Am heutigen 26.02.2015 wurde der in etwa zweij\u00e4hriger intensiver Arbeit erstellte Naturparkplan der \u00d6ffentlichkeit \u00fcbergeben. Auf dem Plauer Werder trafen sich dazu \u00fcber 60 Mitstreiter und nahmen den Naturparkplan in Empfang.<\/p>\n","protected":false},"author":28,"featured_media":0,"comment_status":"open","ping_status":"open","sticky":false,"template":"","format":"standard","meta":[],"categories":[7],"tags":[],"yoast_head":"<!-- This site is optimized with the Yoast SEO plugin v19.10 - https:\/\/yoast.com\/wordpress\/plugins\/seo\/ -->\n<title>Naturparkplan liegt vor - Naturpark Nossentiner\/Schwinzer Heide<\/title>\n<meta name=\"robots\" content=\"index, follow, max-snippet:-1, max-image-preview:large, max-video-preview:-1\" \/>\n<link rel=\"canonical\" href=\"https:\/\/www.naturparkmagazin.de\/nossentiner-schwinzer-heide\/naturparkplan-liegt-vor\/\" \/>\n<meta property=\"og:locale\" content=\"de_DE\" \/>\n<meta property=\"og:type\" content=\"article\" \/>\n<meta property=\"og:title\" content=\"Naturparkplan liegt vor - Naturpark Nossentiner\/Schwinzer Heide\" \/>\n<meta property=\"og:description\" content=\"Am heutigen 26.02.2015 wurde der in etwa zweij\u00e4hriger intensiver Arbeit erstellte Naturparkplan der \u00d6ffentlichkeit \u00fcbergeben. Auf dem Plauer Werder trafen sich dazu \u00fcber 60 Mitstreiter und nahmen den Naturparkplan in Empfang.\" \/>\n<meta property=\"og:url\" content=\"https:\/\/www.naturparkmagazin.de\/nossentiner-schwinzer-heide\/naturparkplan-liegt-vor\/\" \/>\n<meta property=\"og:site_name\" content=\"Naturpark Nossentiner\/Schwinzer Heide\" \/>\n<meta property=\"article:published_time\" content=\"2015-02-18T12:18:13+00:00\" \/>\n<meta property=\"article:modified_time\" content=\"2015-02-24T13:12:35+00:00\" \/>\n<meta property=\"og:image\" content=\"https:\/\/www.naturparkmagazin.de\/nossentiner-schwinzer-heide\/wp-content\/uploads\/sites\/28\/Naturparkplan-13-klein.jpg\" \/>\n<meta name=\"twitter:label1\" content=\"Verfasst von\" \/>\n\t<meta name=\"twitter:data1\" content=\"\" \/>\n<script type=\"application\/ld+json\" class=\"yoast-schema-graph\">{\"@context\":\"https:\/\/schema.org\",\"@graph\":[{\"@type\":\"WebPage\",\"@id\":\"https:\/\/www.naturparkmagazin.de\/nossentiner-schwinzer-heide\/naturparkplan-liegt-vor\/\",\"url\":\"https:\/\/www.naturparkmagazin.de\/nossentiner-schwinzer-heide\/naturparkplan-liegt-vor\/\",\"name\":\"Naturparkplan liegt vor - Naturpark Nossentiner\/Schwinzer Heide\",\"isPartOf\":{\"@id\":\"https:\/\/www.naturparkmagazin.de\/nossentiner-schwinzer-heide\/#website\"},\"datePublished\":\"2015-02-18T12:18:13+00:00\",\"dateModified\":\"2015-02-24T13:12:35+00:00\",\"author\":{\"@id\":\"\"},\"breadcrumb\":{\"@id\":\"https:\/\/www.naturparkmagazin.de\/nossentiner-schwinzer-heide\/naturparkplan-liegt-vor\/#breadcrumb\"},\"inLanguage\":\"de\",\"potentialAction\":[{\"@type\":\"ReadAction\",\"target\":[\"https:\/\/www.naturparkmagazin.de\/nossentiner-schwinzer-heide\/naturparkplan-liegt-vor\/\"]}]},{\"@type\":\"BreadcrumbList\",\"@id\":\"https:\/\/www.naturparkmagazin.de\/nossentiner-schwinzer-heide\/naturparkplan-liegt-vor\/#breadcrumb\",\"itemListElement\":[{\"@type\":\"ListItem\",\"position\":1,\"name\":\"Home\",\"item\":\"https:\/\/www.naturparkmagazin.de\/nossentiner-schwinzer-heide\/\"},{\"@type\":\"ListItem\",\"position\":2,\"name\":\"Naturparkplan liegt vor\"}]},{\"@type\":\"WebSite\",\"@id\":\"https:\/\/www.naturparkmagazin.de\/nossentiner-schwinzer-heide\/#website\",\"url\":\"https:\/\/www.naturparkmagazin.de\/nossentiner-schwinzer-heide\/\",\"name\":\"Naturpark Nossentiner\/Schwinzer Heide\",\"description\":\"\",\"potentialAction\":[{\"@type\":\"SearchAction\",\"target\":{\"@type\":\"EntryPoint\",\"urlTemplate\":\"https:\/\/www.naturparkmagazin.de\/nossentiner-schwinzer-heide\/?s={search_term_string}\"},\"query-input\":\"required name=search_term_string\"}],\"inLanguage\":\"de\"},{\"@type\":\"Person\",\"@id\":\"\",\"url\":\"https:\/\/www.naturparkmagazin.de\/nossentiner-schwinzer-heide\/author\/\"}]}<\/script>\n<!-- \/ Yoast SEO plugin. -->","yoast_head_json":{"title":"Naturparkplan liegt vor - Naturpark Nossentiner\/Schwinzer Heide","robots":{"index":"index","follow":"follow","max-snippet":"max-snippet:-1","max-image-preview":"max-image-preview:large","max-video-preview":"max-video-preview:-1"},"canonical":"https:\/\/www.naturparkmagazin.de\/nossentiner-schwinzer-heide\/naturparkplan-liegt-vor\/","og_locale":"de_DE","og_type":"article","og_title":"Naturparkplan liegt vor - Naturpark Nossentiner\/Schwinzer Heide","og_description":"Am heutigen 26.02.2015 wurde der in etwa zweij\u00e4hriger intensiver Arbeit erstellte Naturparkplan der \u00d6ffentlichkeit \u00fcbergeben. Auf dem Plauer Werder trafen sich dazu \u00fcber 60 Mitstreiter und nahmen den Naturparkplan in Empfang.","og_url":"https:\/\/www.naturparkmagazin.de\/nossentiner-schwinzer-heide\/naturparkplan-liegt-vor\/","og_site_name":"Naturpark Nossentiner\/Schwinzer Heide","article_published_time":"2015-02-18T12:18:13+00:00","article_modified_time":"2015-02-24T13:12:35+00:00","og_image":[{"url":"https:\/\/www.naturparkmagazin.de\/nossentiner-schwinzer-heide\/wp-content\/uploads\/sites\/28\/Naturparkplan-13-klein.jpg"}],"twitter_misc":{"Verfasst von":""},"schema":{"@context":"https:\/\/schema.org","@graph":[{"@type":"WebPage","@id":"https:\/\/www.naturparkmagazin.de\/nossentiner-schwinzer-heide\/naturparkplan-liegt-vor\/","url":"https:\/\/www.naturparkmagazin.de\/nossentiner-schwinzer-heide\/naturparkplan-liegt-vor\/","name":"Naturparkplan liegt vor - Naturpark Nossentiner\/Schwinzer Heide","isPartOf":{"@id":"https:\/\/www.naturparkmagazin.de\/nossentiner-schwinzer-heide\/#website"},"datePublished":"2015-02-18T12:18:13+00:00","dateModified":"2015-02-24T13:12:35+00:00","author":{"@id":""},"breadcrumb":{"@id":"https:\/\/www.naturparkmagazin.de\/nossentiner-schwinzer-heide\/naturparkplan-liegt-vor\/#breadcrumb"},"inLanguage":"de","potentialAction":[{"@type":"ReadAction","target":["https:\/\/www.naturparkmagazin.de\/nossentiner-schwinzer-heide\/naturparkplan-liegt-vor\/"]}]},{"@type":"BreadcrumbList","@id":"https:\/\/www.naturparkmagazin.de\/nossentiner-schwinzer-heide\/naturparkplan-liegt-vor\/#breadcrumb","itemListElement":[{"@type":"ListItem","position":1,"name":"Home","item":"https:\/\/www.naturparkmagazin.de\/nossentiner-schwinzer-heide\/"},{"@type":"ListItem","position":2,"name":"Naturparkplan liegt vor"}]},{"@type":"WebSite","@id":"https:\/\/www.naturparkmagazin.de\/nossentiner-schwinzer-heide\/#website","url":"https:\/\/www.naturparkmagazin.de\/nossentiner-schwinzer-heide\/","name":"Naturpark Nossentiner\/Schwinzer Heide","description":"","potentialAction":[{"@type":"SearchAction","target":{"@type":"EntryPoint","urlTemplate":"https:\/\/www.naturparkmagazin.de\/nossentiner-schwinzer-heide\/?s={search_term_string}"},"query-input":"required name=search_term_string"}],"inLanguage":"de"},{"@type":"Person","@id":"","url":"https:\/\/www.naturparkmagazin.de\/nossentiner-schwinzer-heide\/author\/"}]}},"_links":{"self":[{"href":"https:\/\/www.naturparkmagazin.de\/nossentiner-schwinzer-heide\/wp-json\/wp\/v2\/posts\/626"}],"collection":[{"href":"https:\/\/www.naturparkmagazin.de\/nossentiner-schwinzer-heide\/wp-json\/wp\/v2\/posts"}],"about":[{"href":"https:\/\/www.naturparkmagazin.de\/nossentiner-schwinzer-heide\/wp-json\/wp\/v2\/types\/post"}],"author":[{"embeddable":true,"href":"https:\/\/www.naturparkmagazin.de\/nossentiner-schwinzer-heide\/wp-json\/wp\/v2\/users\/28"}],"replies":[{"embeddable":true,"href":"https:\/\/www.naturparkmagazin.de\/nossentiner-schwinzer-heide\/wp-json\/wp\/v2\/comments?post=626"}],"version-history":[{"count":3,"href":"https:\/\/www.naturparkmagazin.de\/nossentiner-schwinzer-heide\/wp-json\/wp\/v2\/posts\/626\/revisions"}],"predecessor-version":[{"id":647,"href":"https:\/\/www.naturparkmagazin.de\/nossentiner-schwinzer-heide\/wp-json\/wp\/v2\/posts\/626\/revisions\/647"}],"wp:attachment":[{"href":"https:\/\/www.naturparkmagazin.de\/nossentiner-schwinzer-heide\/wp-json\/wp\/v2\/media?parent=626"}],"wp:term":[{"taxonomy":"category","embeddable":true,"href":"https:\/\/www.naturparkmagazin.de\/nossentiner-schwinzer-heide\/wp-json\/wp\/v2\/categories?post=626"},{"taxonomy":"post_tag","embeddable":true,"href":"https:\/\/www.naturparkmagazin.de\/nossentiner-schwinzer-heide\/wp-json\/wp\/v2\/tags?post=626"}],"curies":[{"name":"wp","href":"https:\/\/api.w.org\/{rel}","templated":true}]}}