{"id":664,"date":"2015-04-16T16:01:08","date_gmt":"2015-04-16T14:01:08","guid":{"rendered":"http:\/\/www.naturparkmagazin.de\/nossentiner-schwinzer-heide\/?p=664"},"modified":"2015-04-16T16:01:08","modified_gmt":"2015-04-16T14:01:08","slug":"ranger-und-bufdis-hand-in-hand","status":"publish","type":"post","link":"https:\/\/www.naturparkmagazin.de\/nossentiner-schwinzer-heide\/ranger-und-bufdis-hand-in-hand\/","title":{"rendered":"Ranger und Bufdi&#8217;s Hand in Hand"},"content":{"rendered":"<div id=\"attachment_665\" style=\"width: 510px\" class=\"wp-caption alignnone\"><a href=\"https:\/\/www.naturparkmagazin.de\/nossentiner-schwinzer-heide\/wp-content\/uploads\/sites\/28\/DSC_8014-1.jpg\"><img aria-describedby=\"caption-attachment-665\" decoding=\"async\" loading=\"lazy\" class=\"size-full wp-image-665\" alt=\"Die Rangerin Kerstin Breuer und der Bufdi Olaf Micheel bei der Reparatur des Wegweisers zum Aussichtsturm Moorochse.\" src=\"https:\/\/www.naturparkmagazin.de\/nossentiner-schwinzer-heide\/wp-content\/uploads\/sites\/28\/DSC_8014-1.jpg\" width=\"500\" height=\"300\" \/><\/a><p id=\"caption-attachment-665\" class=\"wp-caption-text\">Die Rangerin Kerstin Breuer und der Bufdi Olaf Micheel bei der Reparatur des Wegweisers zum Aussichtsturm Moorochse.<\/p><\/div>\n<p>Mit Saisonbeginn werden auch die touristischen Einrichtungen, wie Aussichtst\u00fcrme, Wegweiser u.\u00e4. wieder instand gesetzt. Eine wichtige Hilfe f\u00fcr die Ranger des Naturparks sind dabei die beiden Teilnehmer am Bundesfreiwilligendienst Frau H\u00fclsewig und Herr Micheel. W\u00e4hrend Frau H\u00fclsewig ausschlie\u00dflich im Kultur- und Informationszentrum Karower Meiler &#8222;ihre&#8220; Stunden leistet und die Besucher mit Rat und Tat unterst\u00fctzt, ist Herr Micheel der Mann f\u00fcr die praktischen Aufgaben. So ist er besonders beim weiteren Ausbau der Naturschutzstation Gerhard-Cornellsen-Haus in Wooster Teerofen und bei der Instandhaltung der Besucherleiteinrichtungen t\u00e4tig.<\/p>\n<p>&nbsp;<\/p>\n<div id=\"attachment_667\" style=\"width: 510px\" class=\"wp-caption alignnone\"><a href=\"https:\/\/www.naturparkmagazin.de\/nossentiner-schwinzer-heide\/wp-content\/uploads\/sites\/28\/DSC_8000-1.jpg\"><img aria-describedby=\"caption-attachment-667\" decoding=\"async\" loading=\"lazy\" class=\"size-full wp-image-667\" alt=\"Olaf Micheel nutzt die Gelegenheit zur Beobachtung von Seeadlern. Diese Tage wurden hier bis zu 12 Seeadler gleichzeitig beobachtet.\" src=\"https:\/\/www.naturparkmagazin.de\/nossentiner-schwinzer-heide\/wp-content\/uploads\/sites\/28\/DSC_8000-1.jpg\" width=\"500\" height=\"300\" \/><\/a><p id=\"caption-attachment-667\" class=\"wp-caption-text\">Olaf Micheel nutzt die Gelegenheit zur Beobachtung von Seeadlern. Diese Tage wurden hier bis zu 12 Seeadler gleichzeitig beobachtet.<\/p><\/div>\n<p>&nbsp;<\/p>\n<p>&nbsp;<\/p>\n","protected":false},"excerpt":{"rendered":"<p>Eine wichtige Hilfe f\u00fcr die Ranger des Naturparks sind die beiden Teilnehmer am Bundesfreiwilligendienst Frau H\u00fclsewig und Herr Micheel.<\/p>\n","protected":false},"author":28,"featured_media":0,"comment_status":"open","ping_status":"open","sticky":false,"template":"","format":"standard","meta":[],"categories":[617],"tags":[],"yoast_head":"<!-- This site is optimized with the Yoast SEO plugin v19.10 - https:\/\/yoast.com\/wordpress\/plugins\/seo\/ -->\n<title>Ranger und Bufdi&#039;s Hand in Hand - Naturpark Nossentiner\/Schwinzer Heide<\/title>\n<meta name=\"robots\" content=\"index, follow, max-snippet:-1, max-image-preview:large, max-video-preview:-1\" \/>\n<link rel=\"canonical\" href=\"https:\/\/www.naturparkmagazin.de\/nossentiner-schwinzer-heide\/ranger-und-bufdis-hand-in-hand\/\" \/>\n<meta property=\"og:locale\" content=\"de_DE\" \/>\n<meta property=\"og:type\" content=\"article\" \/>\n<meta property=\"og:title\" content=\"Ranger und Bufdi&#039;s Hand in Hand - Naturpark Nossentiner\/Schwinzer Heide\" \/>\n<meta property=\"og:description\" content=\"Eine wichtige Hilfe f\u00fcr die Ranger des Naturparks sind die beiden Teilnehmer am Bundesfreiwilligendienst Frau H\u00fclsewig und Herr Micheel.\" \/>\n<meta property=\"og:url\" content=\"https:\/\/www.naturparkmagazin.de\/nossentiner-schwinzer-heide\/ranger-und-bufdis-hand-in-hand\/\" \/>\n<meta property=\"og:site_name\" content=\"Naturpark Nossentiner\/Schwinzer Heide\" \/>\n<meta property=\"article:published_time\" content=\"2015-04-16T14:01:08+00:00\" \/>\n<meta property=\"og:image\" content=\"https:\/\/www.naturparkmagazin.de\/nossentiner-schwinzer-heide\/wp-content\/uploads\/sites\/28\/DSC_8014-1.jpg\" \/>\n<meta name=\"twitter:label1\" content=\"Verfasst von\" \/>\n\t<meta name=\"twitter:data1\" content=\"\" \/>\n\t<meta name=\"twitter:label2\" content=\"Gesch\u00e4tzte Lesezeit\" \/>\n\t<meta name=\"twitter:data2\" content=\"1\u00a0Minute\" \/>\n<script type=\"application\/ld+json\" class=\"yoast-schema-graph\">{\"@context\":\"https:\/\/schema.org\",\"@graph\":[{\"@type\":\"WebPage\",\"@id\":\"https:\/\/www.naturparkmagazin.de\/nossentiner-schwinzer-heide\/ranger-und-bufdis-hand-in-hand\/\",\"url\":\"https:\/\/www.naturparkmagazin.de\/nossentiner-schwinzer-heide\/ranger-und-bufdis-hand-in-hand\/\",\"name\":\"Ranger und Bufdi's Hand in Hand - Naturpark Nossentiner\/Schwinzer Heide\",\"isPartOf\":{\"@id\":\"https:\/\/www.naturparkmagazin.de\/nossentiner-schwinzer-heide\/#website\"},\"datePublished\":\"2015-04-16T14:01:08+00:00\",\"dateModified\":\"2015-04-16T14:01:08+00:00\",\"author\":{\"@id\":\"\"},\"breadcrumb\":{\"@id\":\"https:\/\/www.naturparkmagazin.de\/nossentiner-schwinzer-heide\/ranger-und-bufdis-hand-in-hand\/#breadcrumb\"},\"inLanguage\":\"de\",\"potentialAction\":[{\"@type\":\"ReadAction\",\"target\":[\"https:\/\/www.naturparkmagazin.de\/nossentiner-schwinzer-heide\/ranger-und-bufdis-hand-in-hand\/\"]}]},{\"@type\":\"BreadcrumbList\",\"@id\":\"https:\/\/www.naturparkmagazin.de\/nossentiner-schwinzer-heide\/ranger-und-bufdis-hand-in-hand\/#breadcrumb\",\"itemListElement\":[{\"@type\":\"ListItem\",\"position\":1,\"name\":\"Home\",\"item\":\"https:\/\/www.naturparkmagazin.de\/nossentiner-schwinzer-heide\/\"},{\"@type\":\"ListItem\",\"position\":2,\"name\":\"Ranger und Bufdi&#8217;s Hand in Hand\"}]},{\"@type\":\"WebSite\",\"@id\":\"https:\/\/www.naturparkmagazin.de\/nossentiner-schwinzer-heide\/#website\",\"url\":\"https:\/\/www.naturparkmagazin.de\/nossentiner-schwinzer-heide\/\",\"name\":\"Naturpark Nossentiner\/Schwinzer Heide\",\"description\":\"\",\"potentialAction\":[{\"@type\":\"SearchAction\",\"target\":{\"@type\":\"EntryPoint\",\"urlTemplate\":\"https:\/\/www.naturparkmagazin.de\/nossentiner-schwinzer-heide\/?s={search_term_string}\"},\"query-input\":\"required name=search_term_string\"}],\"inLanguage\":\"de\"},{\"@type\":\"Person\",\"@id\":\"\",\"url\":\"https:\/\/www.naturparkmagazin.de\/nossentiner-schwinzer-heide\/author\/\"}]}<\/script>\n<!-- \/ Yoast SEO plugin. -->","yoast_head_json":{"title":"Ranger und Bufdi's Hand in Hand - Naturpark Nossentiner\/Schwinzer Heide","robots":{"index":"index","follow":"follow","max-snippet":"max-snippet:-1","max-image-preview":"max-image-preview:large","max-video-preview":"max-video-preview:-1"},"canonical":"https:\/\/www.naturparkmagazin.de\/nossentiner-schwinzer-heide\/ranger-und-bufdis-hand-in-hand\/","og_locale":"de_DE","og_type":"article","og_title":"Ranger und Bufdi's Hand in Hand - Naturpark Nossentiner\/Schwinzer Heide","og_description":"Eine wichtige Hilfe f\u00fcr die Ranger des Naturparks sind die beiden Teilnehmer am Bundesfreiwilligendienst Frau H\u00fclsewig und Herr Micheel.","og_url":"https:\/\/www.naturparkmagazin.de\/nossentiner-schwinzer-heide\/ranger-und-bufdis-hand-in-hand\/","og_site_name":"Naturpark Nossentiner\/Schwinzer Heide","article_published_time":"2015-04-16T14:01:08+00:00","og_image":[{"url":"https:\/\/www.naturparkmagazin.de\/nossentiner-schwinzer-heide\/wp-content\/uploads\/sites\/28\/DSC_8014-1.jpg"}],"twitter_misc":{"Verfasst von":"","Gesch\u00e4tzte Lesezeit":"1\u00a0Minute"},"schema":{"@context":"https:\/\/schema.org","@graph":[{"@type":"WebPage","@id":"https:\/\/www.naturparkmagazin.de\/nossentiner-schwinzer-heide\/ranger-und-bufdis-hand-in-hand\/","url":"https:\/\/www.naturparkmagazin.de\/nossentiner-schwinzer-heide\/ranger-und-bufdis-hand-in-hand\/","name":"Ranger und Bufdi's Hand in Hand - Naturpark Nossentiner\/Schwinzer Heide","isPartOf":{"@id":"https:\/\/www.naturparkmagazin.de\/nossentiner-schwinzer-heide\/#website"},"datePublished":"2015-04-16T14:01:08+00:00","dateModified":"2015-04-16T14:01:08+00:00","author":{"@id":""},"breadcrumb":{"@id":"https:\/\/www.naturparkmagazin.de\/nossentiner-schwinzer-heide\/ranger-und-bufdis-hand-in-hand\/#breadcrumb"},"inLanguage":"de","potentialAction":[{"@type":"ReadAction","target":["https:\/\/www.naturparkmagazin.de\/nossentiner-schwinzer-heide\/ranger-und-bufdis-hand-in-hand\/"]}]},{"@type":"BreadcrumbList","@id":"https:\/\/www.naturparkmagazin.de\/nossentiner-schwinzer-heide\/ranger-und-bufdis-hand-in-hand\/#breadcrumb","itemListElement":[{"@type":"ListItem","position":1,"name":"Home","item":"https:\/\/www.naturparkmagazin.de\/nossentiner-schwinzer-heide\/"},{"@type":"ListItem","position":2,"name":"Ranger und Bufdi&#8217;s Hand in Hand"}]},{"@type":"WebSite","@id":"https:\/\/www.naturparkmagazin.de\/nossentiner-schwinzer-heide\/#website","url":"https:\/\/www.naturparkmagazin.de\/nossentiner-schwinzer-heide\/","name":"Naturpark Nossentiner\/Schwinzer Heide","description":"","potentialAction":[{"@type":"SearchAction","target":{"@type":"EntryPoint","urlTemplate":"https:\/\/www.naturparkmagazin.de\/nossentiner-schwinzer-heide\/?s={search_term_string}"},"query-input":"required name=search_term_string"}],"inLanguage":"de"},{"@type":"Person","@id":"","url":"https:\/\/www.naturparkmagazin.de\/nossentiner-schwinzer-heide\/author\/"}]}},"_links":{"self":[{"href":"https:\/\/www.naturparkmagazin.de\/nossentiner-schwinzer-heide\/wp-json\/wp\/v2\/posts\/664"}],"collection":[{"href":"https:\/\/www.naturparkmagazin.de\/nossentiner-schwinzer-heide\/wp-json\/wp\/v2\/posts"}],"about":[{"href":"https:\/\/www.naturparkmagazin.de\/nossentiner-schwinzer-heide\/wp-json\/wp\/v2\/types\/post"}],"author":[{"embeddable":true,"href":"https:\/\/www.naturparkmagazin.de\/nossentiner-schwinzer-heide\/wp-json\/wp\/v2\/users\/28"}],"replies":[{"embeddable":true,"href":"https:\/\/www.naturparkmagazin.de\/nossentiner-schwinzer-heide\/wp-json\/wp\/v2\/comments?post=664"}],"version-history":[{"count":1,"href":"https:\/\/www.naturparkmagazin.de\/nossentiner-schwinzer-heide\/wp-json\/wp\/v2\/posts\/664\/revisions"}],"predecessor-version":[{"id":668,"href":"https:\/\/www.naturparkmagazin.de\/nossentiner-schwinzer-heide\/wp-json\/wp\/v2\/posts\/664\/revisions\/668"}],"wp:attachment":[{"href":"https:\/\/www.naturparkmagazin.de\/nossentiner-schwinzer-heide\/wp-json\/wp\/v2\/media?parent=664"}],"wp:term":[{"taxonomy":"category","embeddable":true,"href":"https:\/\/www.naturparkmagazin.de\/nossentiner-schwinzer-heide\/wp-json\/wp\/v2\/categories?post=664"},{"taxonomy":"post_tag","embeddable":true,"href":"https:\/\/www.naturparkmagazin.de\/nossentiner-schwinzer-heide\/wp-json\/wp\/v2\/tags?post=664"}],"curies":[{"name":"wp","href":"https:\/\/api.w.org\/{rel}","templated":true}]}}