{"id":719,"date":"2015-06-23T17:00:53","date_gmt":"2015-06-23T15:00:53","guid":{"rendered":"http:\/\/www.naturparkmagazin.de\/nossentiner-schwinzer-heide\/?p=719"},"modified":"2015-06-24T10:15:41","modified_gmt":"2015-06-24T08:15:41","slug":"umwelttag-2015-im-naturpark","status":"publish","type":"post","link":"https:\/\/www.naturparkmagazin.de\/nossentiner-schwinzer-heide\/umwelttag-2015-im-naturpark\/","title":{"rendered":"Umwelttag 2015 im Naturpark"},"content":{"rendered":"<p>Am 5. Juni wird der Weltumwelttag gefeiert. In diesem Jahr wurde dieser Tag in Mecklenburg-Vorpommern nicht nur mit einer einzigen Veranstaltung gew\u00fcrdigt, sondern in der ganzen Woche waren rund 1.200 Sch\u00fclerinnen und Sch\u00fcler in den Gro\u00dfschutzgebieten mit den Rangern unterwegs.<\/p>\n<p>Auch bei uns im Naturpark waren 8 Schulklassen aus den umliegenden Orten zu Gast. Ausgangspunkt war die Naturschutzstation in Wooster Teerofen.<\/p>\n<p><a href=\"https:\/\/www.naturparkmagazin.de\/nossentiner-schwinzer-heide\/wp-content\/uploads\/sites\/28\/IMG_1159.jpg\"><img decoding=\"async\" loading=\"lazy\" class=\"alignnone size-medium wp-image-720\" src=\"https:\/\/www.naturparkmagazin.de\/nossentiner-schwinzer-heide\/wp-content\/uploads\/sites\/28\/IMG_1159-620x414.jpg\" alt=\"IMG_1159\" width=\"620\" height=\"414\" \/><\/a><\/p>\n<p>Das Thema lautete \u201eWald und Moor\u201c, und dazu gab es f\u00fcr die Kinder viel zu entdecken: Spechth\u00f6hlen mit laut nach Futter bettelnden Jungen, Flederm\u00e4use, Ameisenh\u00fcgel, urzeitliche Gew\u00e4chse wie den B\u00e4rlapp. Wie schwer doch die Geweihe sind, die die Hirsche auf dem Kopf tragen! Schon eins davon k\u00f6nnen die kr\u00e4ftigsten Sch\u00fcler nur mit M\u00fche in die H\u00f6he halten. Und wie weich und dicht ein Fischotterfell ist! So k\u00f6nnen die Tiere auch im Winter schwimmen und tauchen. Ein besonders aufregender H\u00f6hepunkt war der Gang ins Moor. Wie das gewackelt hat! Sicherheitshalber wurden die Kinder an ein Sicherungsseil genommen. Die Ranger erkl\u00e4rten, wie wichtig die Moore f\u00fcr einen ausgeglichenen Wasserhaushalt der Natur sind. Wie ein Schwamm speichern die Torfmoose das Wasser, so dass auch in trockenen Hochsommern noch gen\u00fcgend Wasser in der Landschaft ist. Auch einige seltene Pflanzen, wie den fleischfressenden Sonnentau oder den Sumpfporst, konnten die Kinder entdecken.<\/p>\n<p><a href=\"https:\/\/www.naturparkmagazin.de\/nossentiner-schwinzer-heide\/wp-content\/uploads\/sites\/28\/Baumlaufen.jpg\"><img decoding=\"async\" loading=\"lazy\" class=\"alignnone size-medium wp-image-721\" src=\"https:\/\/www.naturparkmagazin.de\/nossentiner-schwinzer-heide\/wp-content\/uploads\/sites\/28\/Baumlaufen-620x414.jpg\" alt=\"Baumlaufen\" width=\"620\" height=\"414\" srcset=\"https:\/\/www.naturparkmagazin.de\/nossentiner-schwinzer-heide\/wp-content\/uploads\/sites\/28\/Baumlaufen-620x414.jpg 620w, https:\/\/www.naturparkmagazin.de\/nossentiner-schwinzer-heide\/wp-content\/uploads\/sites\/28\/Baumlaufen-300x200.jpg 300w, https:\/\/www.naturparkmagazin.de\/nossentiner-schwinzer-heide\/wp-content\/uploads\/sites\/28\/Baumlaufen-940x627.jpg 940w, https:\/\/www.naturparkmagazin.de\/nossentiner-schwinzer-heide\/wp-content\/uploads\/sites\/28\/Baumlaufen-670x447.jpg 670w, https:\/\/www.naturparkmagazin.de\/nossentiner-schwinzer-heide\/wp-content\/uploads\/sites\/28\/Baumlaufen-200x133.jpg 200w, https:\/\/www.naturparkmagazin.de\/nossentiner-schwinzer-heide\/wp-content\/uploads\/sites\/28\/Baumlaufen.jpg 1024w\" sizes=\"(max-width: 620px) 100vw, 620px\" \/><\/a><\/p>\n<p>Wieder zur\u00fcck in der Naturschutzstation gab es noch einen kleinen Imbiss f\u00fcr die Kinder: Brot mit Kr\u00e4uterquark-Dip, dazu Bl\u00fctenwasser und Kr\u00e4utertee. Nat\u00fcrlich nur mit ganz frischen Zutaten aus dem Garten. So gest\u00e4rkt, konnten die Kinder mit ihrem neu erworbenen Wissen auch einen Fragebogen mit Preisfragen ausf\u00fcllen.<\/p>\n<p><a href=\"https:\/\/www.naturparkmagazin.de\/nossentiner-schwinzer-heide\/wp-content\/uploads\/sites\/28\/IMG_1283.jpg\"><img decoding=\"async\" loading=\"lazy\" class=\"alignnone size-medium wp-image-722\" src=\"https:\/\/www.naturparkmagazin.de\/nossentiner-schwinzer-heide\/wp-content\/uploads\/sites\/28\/IMG_1283-620x414.jpg\" alt=\"IMG_1283\" width=\"620\" height=\"414\" srcset=\"https:\/\/www.naturparkmagazin.de\/nossentiner-schwinzer-heide\/wp-content\/uploads\/sites\/28\/IMG_1283-620x414.jpg 620w, https:\/\/www.naturparkmagazin.de\/nossentiner-schwinzer-heide\/wp-content\/uploads\/sites\/28\/IMG_1283-300x200.jpg 300w, https:\/\/www.naturparkmagazin.de\/nossentiner-schwinzer-heide\/wp-content\/uploads\/sites\/28\/IMG_1283-940x627.jpg 940w, https:\/\/www.naturparkmagazin.de\/nossentiner-schwinzer-heide\/wp-content\/uploads\/sites\/28\/IMG_1283-670x447.jpg 670w, https:\/\/www.naturparkmagazin.de\/nossentiner-schwinzer-heide\/wp-content\/uploads\/sites\/28\/IMG_1283-200x133.jpg 200w, https:\/\/www.naturparkmagazin.de\/nossentiner-schwinzer-heide\/wp-content\/uploads\/sites\/28\/IMG_1283.jpg 1024w\" sizes=\"(max-width: 620px) 100vw, 620px\" \/><\/a><\/p>\n","protected":false},"excerpt":{"rendered":"<p>Am 5. Juni wird der Weltumwelttag gefeiert. In diesem Jahr wurde dieser Tag in Mecklenburg-Vorpommern nicht nur mit einer einzigen Veranstaltung gew\u00fcrdigt, sondern in der ganzen Woche waren rund 1.200 Sch\u00fclerinnen und Sch\u00fcler in den Gro\u00dfschutzgebieten mit den Rangern unterwegs. Auch bei uns im Naturpark waren 8 Schulklassen aus den umliegenden Orten zu Gast. Ausgangspunkt<\/p>\n","protected":false},"author":28,"featured_media":723,"comment_status":"open","ping_status":"open","sticky":false,"template":"","format":"standard","meta":[],"categories":[7],"tags":[],"yoast_head":"<!-- This site is optimized with the Yoast SEO plugin v19.10 - https:\/\/yoast.com\/wordpress\/plugins\/seo\/ -->\n<title>Umwelttag 2015 im Naturpark - Naturpark Nossentiner\/Schwinzer Heide<\/title>\n<meta name=\"robots\" content=\"index, follow, max-snippet:-1, max-image-preview:large, max-video-preview:-1\" \/>\n<link rel=\"canonical\" href=\"https:\/\/www.naturparkmagazin.de\/nossentiner-schwinzer-heide\/umwelttag-2015-im-naturpark\/\" \/>\n<meta property=\"og:locale\" content=\"de_DE\" \/>\n<meta property=\"og:type\" content=\"article\" \/>\n<meta property=\"og:title\" content=\"Umwelttag 2015 im Naturpark - Naturpark Nossentiner\/Schwinzer Heide\" \/>\n<meta property=\"og:description\" content=\"Am 5. Juni wird der Weltumwelttag gefeiert. In diesem Jahr wurde dieser Tag in Mecklenburg-Vorpommern nicht nur mit einer einzigen Veranstaltung gew\u00fcrdigt, sondern in der ganzen Woche waren rund 1.200 Sch\u00fclerinnen und Sch\u00fcler in den Gro\u00dfschutzgebieten mit den Rangern unterwegs. Auch bei uns im Naturpark waren 8 Schulklassen aus den umliegenden Orten zu Gast. Ausgangspunkt\" \/>\n<meta property=\"og:url\" content=\"https:\/\/www.naturparkmagazin.de\/nossentiner-schwinzer-heide\/umwelttag-2015-im-naturpark\/\" \/>\n<meta property=\"og:site_name\" content=\"Naturpark Nossentiner\/Schwinzer Heide\" \/>\n<meta property=\"article:published_time\" content=\"2015-06-23T15:00:53+00:00\" \/>\n<meta property=\"article:modified_time\" content=\"2015-06-24T08:15:41+00:00\" \/>\n<meta property=\"og:image\" content=\"https:\/\/www.naturparkmagazin.de\/nossentiner-schwinzer-heide\/wp-content\/uploads\/sites\/28\/IMG_1272.jpg\" \/>\n\t<meta property=\"og:image:width\" content=\"1024\" \/>\n\t<meta property=\"og:image:height\" content=\"683\" \/>\n\t<meta property=\"og:image:type\" content=\"image\/jpeg\" \/>\n<meta name=\"twitter:label1\" content=\"Verfasst von\" \/>\n\t<meta name=\"twitter:data1\" content=\"\" \/>\n\t<meta name=\"twitter:label2\" content=\"Gesch\u00e4tzte Lesezeit\" \/>\n\t<meta name=\"twitter:data2\" content=\"1\u00a0Minute\" \/>\n<script type=\"application\/ld+json\" class=\"yoast-schema-graph\">{\"@context\":\"https:\/\/schema.org\",\"@graph\":[{\"@type\":\"WebPage\",\"@id\":\"https:\/\/www.naturparkmagazin.de\/nossentiner-schwinzer-heide\/umwelttag-2015-im-naturpark\/\",\"url\":\"https:\/\/www.naturparkmagazin.de\/nossentiner-schwinzer-heide\/umwelttag-2015-im-naturpark\/\",\"name\":\"Umwelttag 2015 im Naturpark - Naturpark Nossentiner\/Schwinzer Heide\",\"isPartOf\":{\"@id\":\"https:\/\/www.naturparkmagazin.de\/nossentiner-schwinzer-heide\/#website\"},\"datePublished\":\"2015-06-23T15:00:53+00:00\",\"dateModified\":\"2015-06-24T08:15:41+00:00\",\"author\":{\"@id\":\"\"},\"breadcrumb\":{\"@id\":\"https:\/\/www.naturparkmagazin.de\/nossentiner-schwinzer-heide\/umwelttag-2015-im-naturpark\/#breadcrumb\"},\"inLanguage\":\"de\",\"potentialAction\":[{\"@type\":\"ReadAction\",\"target\":[\"https:\/\/www.naturparkmagazin.de\/nossentiner-schwinzer-heide\/umwelttag-2015-im-naturpark\/\"]}]},{\"@type\":\"BreadcrumbList\",\"@id\":\"https:\/\/www.naturparkmagazin.de\/nossentiner-schwinzer-heide\/umwelttag-2015-im-naturpark\/#breadcrumb\",\"itemListElement\":[{\"@type\":\"ListItem\",\"position\":1,\"name\":\"Home\",\"item\":\"https:\/\/www.naturparkmagazin.de\/nossentiner-schwinzer-heide\/\"},{\"@type\":\"ListItem\",\"position\":2,\"name\":\"Umwelttag 2015 im Naturpark\"}]},{\"@type\":\"WebSite\",\"@id\":\"https:\/\/www.naturparkmagazin.de\/nossentiner-schwinzer-heide\/#website\",\"url\":\"https:\/\/www.naturparkmagazin.de\/nossentiner-schwinzer-heide\/\",\"name\":\"Naturpark Nossentiner\/Schwinzer Heide\",\"description\":\"\",\"potentialAction\":[{\"@type\":\"SearchAction\",\"target\":{\"@type\":\"EntryPoint\",\"urlTemplate\":\"https:\/\/www.naturparkmagazin.de\/nossentiner-schwinzer-heide\/?s={search_term_string}\"},\"query-input\":\"required name=search_term_string\"}],\"inLanguage\":\"de\"},{\"@type\":\"Person\",\"@id\":\"\",\"url\":\"https:\/\/www.naturparkmagazin.de\/nossentiner-schwinzer-heide\/author\/\"}]}<\/script>\n<!-- \/ Yoast SEO plugin. -->","yoast_head_json":{"title":"Umwelttag 2015 im Naturpark - Naturpark Nossentiner\/Schwinzer Heide","robots":{"index":"index","follow":"follow","max-snippet":"max-snippet:-1","max-image-preview":"max-image-preview:large","max-video-preview":"max-video-preview:-1"},"canonical":"https:\/\/www.naturparkmagazin.de\/nossentiner-schwinzer-heide\/umwelttag-2015-im-naturpark\/","og_locale":"de_DE","og_type":"article","og_title":"Umwelttag 2015 im Naturpark - Naturpark Nossentiner\/Schwinzer Heide","og_description":"Am 5. Juni wird der Weltumwelttag gefeiert. In diesem Jahr wurde dieser Tag in Mecklenburg-Vorpommern nicht nur mit einer einzigen Veranstaltung gew\u00fcrdigt, sondern in der ganzen Woche waren rund 1.200 Sch\u00fclerinnen und Sch\u00fcler in den Gro\u00dfschutzgebieten mit den Rangern unterwegs. Auch bei uns im Naturpark waren 8 Schulklassen aus den umliegenden Orten zu Gast. Ausgangspunkt","og_url":"https:\/\/www.naturparkmagazin.de\/nossentiner-schwinzer-heide\/umwelttag-2015-im-naturpark\/","og_site_name":"Naturpark Nossentiner\/Schwinzer Heide","article_published_time":"2015-06-23T15:00:53+00:00","article_modified_time":"2015-06-24T08:15:41+00:00","og_image":[{"width":1024,"height":683,"url":"https:\/\/www.naturparkmagazin.de\/nossentiner-schwinzer-heide\/wp-content\/uploads\/sites\/28\/IMG_1272.jpg","type":"image\/jpeg"}],"twitter_misc":{"Verfasst von":"","Gesch\u00e4tzte Lesezeit":"1\u00a0Minute"},"schema":{"@context":"https:\/\/schema.org","@graph":[{"@type":"WebPage","@id":"https:\/\/www.naturparkmagazin.de\/nossentiner-schwinzer-heide\/umwelttag-2015-im-naturpark\/","url":"https:\/\/www.naturparkmagazin.de\/nossentiner-schwinzer-heide\/umwelttag-2015-im-naturpark\/","name":"Umwelttag 2015 im Naturpark - Naturpark Nossentiner\/Schwinzer Heide","isPartOf":{"@id":"https:\/\/www.naturparkmagazin.de\/nossentiner-schwinzer-heide\/#website"},"datePublished":"2015-06-23T15:00:53+00:00","dateModified":"2015-06-24T08:15:41+00:00","author":{"@id":""},"breadcrumb":{"@id":"https:\/\/www.naturparkmagazin.de\/nossentiner-schwinzer-heide\/umwelttag-2015-im-naturpark\/#breadcrumb"},"inLanguage":"de","potentialAction":[{"@type":"ReadAction","target":["https:\/\/www.naturparkmagazin.de\/nossentiner-schwinzer-heide\/umwelttag-2015-im-naturpark\/"]}]},{"@type":"BreadcrumbList","@id":"https:\/\/www.naturparkmagazin.de\/nossentiner-schwinzer-heide\/umwelttag-2015-im-naturpark\/#breadcrumb","itemListElement":[{"@type":"ListItem","position":1,"name":"Home","item":"https:\/\/www.naturparkmagazin.de\/nossentiner-schwinzer-heide\/"},{"@type":"ListItem","position":2,"name":"Umwelttag 2015 im Naturpark"}]},{"@type":"WebSite","@id":"https:\/\/www.naturparkmagazin.de\/nossentiner-schwinzer-heide\/#website","url":"https:\/\/www.naturparkmagazin.de\/nossentiner-schwinzer-heide\/","name":"Naturpark Nossentiner\/Schwinzer Heide","description":"","potentialAction":[{"@type":"SearchAction","target":{"@type":"EntryPoint","urlTemplate":"https:\/\/www.naturparkmagazin.de\/nossentiner-schwinzer-heide\/?s={search_term_string}"},"query-input":"required name=search_term_string"}],"inLanguage":"de"},{"@type":"Person","@id":"","url":"https:\/\/www.naturparkmagazin.de\/nossentiner-schwinzer-heide\/author\/"}]}},"_links":{"self":[{"href":"https:\/\/www.naturparkmagazin.de\/nossentiner-schwinzer-heide\/wp-json\/wp\/v2\/posts\/719"}],"collection":[{"href":"https:\/\/www.naturparkmagazin.de\/nossentiner-schwinzer-heide\/wp-json\/wp\/v2\/posts"}],"about":[{"href":"https:\/\/www.naturparkmagazin.de\/nossentiner-schwinzer-heide\/wp-json\/wp\/v2\/types\/post"}],"author":[{"embeddable":true,"href":"https:\/\/www.naturparkmagazin.de\/nossentiner-schwinzer-heide\/wp-json\/wp\/v2\/users\/28"}],"replies":[{"embeddable":true,"href":"https:\/\/www.naturparkmagazin.de\/nossentiner-schwinzer-heide\/wp-json\/wp\/v2\/comments?post=719"}],"version-history":[{"count":1,"href":"https:\/\/www.naturparkmagazin.de\/nossentiner-schwinzer-heide\/wp-json\/wp\/v2\/posts\/719\/revisions"}],"predecessor-version":[{"id":724,"href":"https:\/\/www.naturparkmagazin.de\/nossentiner-schwinzer-heide\/wp-json\/wp\/v2\/posts\/719\/revisions\/724"}],"wp:featuredmedia":[{"embeddable":true,"href":"https:\/\/www.naturparkmagazin.de\/nossentiner-schwinzer-heide\/wp-json\/wp\/v2\/media\/723"}],"wp:attachment":[{"href":"https:\/\/www.naturparkmagazin.de\/nossentiner-schwinzer-heide\/wp-json\/wp\/v2\/media?parent=719"}],"wp:term":[{"taxonomy":"category","embeddable":true,"href":"https:\/\/www.naturparkmagazin.de\/nossentiner-schwinzer-heide\/wp-json\/wp\/v2\/categories?post=719"},{"taxonomy":"post_tag","embeddable":true,"href":"https:\/\/www.naturparkmagazin.de\/nossentiner-schwinzer-heide\/wp-json\/wp\/v2\/tags?post=719"}],"curies":[{"name":"wp","href":"https:\/\/api.w.org\/{rel}","templated":true}]}}