{"id":740,"date":"2015-07-16T15:24:12","date_gmt":"2015-07-16T13:24:12","guid":{"rendered":"http:\/\/www.naturparkmagazin.de\/nossentiner-schwinzer-heide\/?p=740"},"modified":"2015-07-16T15:24:12","modified_gmt":"2015-07-16T13:24:12","slug":"11-internationales-dampftreffen-und-21-oldtimer-und-traktorentreffen","status":"publish","type":"post","link":"https:\/\/www.naturparkmagazin.de\/nossentiner-schwinzer-heide\/11-internationales-dampftreffen-und-21-oldtimer-und-traktorentreffen\/","title":{"rendered":"11. Internationales Dampftreffen und 21. Oldtimer- und Traktorentreffen"},"content":{"rendered":"<p>An den ersten beiden Augustwochenenden treffen sich die Freunde historischer Dampfmaschinen (am 01. und 02. 08.) und die Liebhaber alter Kraftfahrzeuge und Traktoren (am 08. und 09.08.) im Agroneum in Alt Schwerin.<\/p>\n<p><a href=\"https:\/\/www.naturparkmagazin.de\/nossentiner-schwinzer-heide\/wp-content\/uploads\/sites\/28\/Dampftreffen-AS.jpg\"><img decoding=\"async\" loading=\"lazy\" class=\"alignnone size-full wp-image-129\" src=\"https:\/\/www.naturparkmagazin.de\/nossentiner-schwinzer-heide\/wp-content\/uploads\/sites\/28\/Dampftreffen-AS.jpg\" alt=\"Dampftreffen AS\" width=\"400\" height=\"265\" srcset=\"https:\/\/www.naturparkmagazin.de\/nossentiner-schwinzer-heide\/wp-content\/uploads\/sites\/28\/Dampftreffen-AS.jpg 400w, https:\/\/www.naturparkmagazin.de\/nossentiner-schwinzer-heide\/wp-content\/uploads\/sites\/28\/Dampftreffen-AS-300x199.jpg 300w, https:\/\/www.naturparkmagazin.de\/nossentiner-schwinzer-heide\/wp-content\/uploads\/sites\/28\/Dampftreffen-AS-200x133.jpg 200w\" sizes=\"(max-width: 400px) 100vw, 400px\" \/><\/a><\/p>\n<p>Diese beiden Veranstaltungen sind weit \u00fcber unsere Region hinaus bekannt und locken viele Schaulustige an. W\u00e4hrend das Internationale Dampftreffen nur alle zwei Jahre stattfindet treffen sich die T\u00fcftler und Bastler an den alten Fahrzeugen und Traktoren allj\u00e4hlich in Alt Schwerin. Rund um die alte Holl\u00e4nder-Windm\u00fchle, die ehemaligen Hochsilos, die Traglufthalle und den vielen Exponaten k\u00f6nnen sich die G\u00e4ste die Maschinen zum Teil auch in Aktion anschauen und mit den Eigent\u00fcmern fachsimpeln.<\/p>\n","protected":false},"excerpt":{"rendered":"<p>An den ersten beiden Augustwochenenden treffen sich die Freunde historischer Dampfmaschinen (am 01. und 02. 08.) und die Liebhaber alter Kraftfahrzeuge und Traktoren (am 08. und 09.08.) im Agroneum in Alt Schwerin.<\/p>\n","protected":false},"author":28,"featured_media":0,"comment_status":"open","ping_status":"open","sticky":false,"template":"","format":"standard","meta":[],"categories":[11],"tags":[],"yoast_head":"<!-- This site is optimized with the Yoast SEO plugin v19.10 - https:\/\/yoast.com\/wordpress\/plugins\/seo\/ -->\n<title>11. Internationales Dampftreffen und 21. Oldtimer- und Traktorentreffen - Naturpark Nossentiner\/Schwinzer Heide<\/title>\n<meta name=\"robots\" content=\"index, follow, max-snippet:-1, max-image-preview:large, max-video-preview:-1\" \/>\n<link rel=\"canonical\" href=\"https:\/\/www.naturparkmagazin.de\/nossentiner-schwinzer-heide\/11-internationales-dampftreffen-und-21-oldtimer-und-traktorentreffen\/\" \/>\n<meta property=\"og:locale\" content=\"de_DE\" \/>\n<meta property=\"og:type\" content=\"article\" \/>\n<meta property=\"og:title\" content=\"11. Internationales Dampftreffen und 21. Oldtimer- und Traktorentreffen - Naturpark Nossentiner\/Schwinzer Heide\" \/>\n<meta property=\"og:description\" content=\"An den ersten beiden Augustwochenenden treffen sich die Freunde historischer Dampfmaschinen (am 01. und 02. 08.) und die Liebhaber alter Kraftfahrzeuge und Traktoren (am 08. und 09.08.) im Agroneum in Alt Schwerin.\" \/>\n<meta property=\"og:url\" content=\"https:\/\/www.naturparkmagazin.de\/nossentiner-schwinzer-heide\/11-internationales-dampftreffen-und-21-oldtimer-und-traktorentreffen\/\" \/>\n<meta property=\"og:site_name\" content=\"Naturpark Nossentiner\/Schwinzer Heide\" \/>\n<meta property=\"article:published_time\" content=\"2015-07-16T13:24:12+00:00\" \/>\n<meta property=\"og:image\" content=\"https:\/\/www.naturparkmagazin.de\/nossentiner-schwinzer-heide\/wp-content\/uploads\/sites\/28\/Dampftreffen-AS.jpg\" \/>\n<meta name=\"twitter:label1\" content=\"Verfasst von\" \/>\n\t<meta name=\"twitter:data1\" content=\"\" \/>\n\t<meta name=\"twitter:label2\" content=\"Gesch\u00e4tzte Lesezeit\" \/>\n\t<meta name=\"twitter:data2\" content=\"1\u00a0Minute\" \/>\n<script type=\"application\/ld+json\" class=\"yoast-schema-graph\">{\"@context\":\"https:\/\/schema.org\",\"@graph\":[{\"@type\":\"WebPage\",\"@id\":\"https:\/\/www.naturparkmagazin.de\/nossentiner-schwinzer-heide\/11-internationales-dampftreffen-und-21-oldtimer-und-traktorentreffen\/\",\"url\":\"https:\/\/www.naturparkmagazin.de\/nossentiner-schwinzer-heide\/11-internationales-dampftreffen-und-21-oldtimer-und-traktorentreffen\/\",\"name\":\"11. Internationales Dampftreffen und 21. Oldtimer- und Traktorentreffen - Naturpark Nossentiner\/Schwinzer Heide\",\"isPartOf\":{\"@id\":\"https:\/\/www.naturparkmagazin.de\/nossentiner-schwinzer-heide\/#website\"},\"datePublished\":\"2015-07-16T13:24:12+00:00\",\"dateModified\":\"2015-07-16T13:24:12+00:00\",\"author\":{\"@id\":\"\"},\"breadcrumb\":{\"@id\":\"https:\/\/www.naturparkmagazin.de\/nossentiner-schwinzer-heide\/11-internationales-dampftreffen-und-21-oldtimer-und-traktorentreffen\/#breadcrumb\"},\"inLanguage\":\"de\",\"potentialAction\":[{\"@type\":\"ReadAction\",\"target\":[\"https:\/\/www.naturparkmagazin.de\/nossentiner-schwinzer-heide\/11-internationales-dampftreffen-und-21-oldtimer-und-traktorentreffen\/\"]}]},{\"@type\":\"BreadcrumbList\",\"@id\":\"https:\/\/www.naturparkmagazin.de\/nossentiner-schwinzer-heide\/11-internationales-dampftreffen-und-21-oldtimer-und-traktorentreffen\/#breadcrumb\",\"itemListElement\":[{\"@type\":\"ListItem\",\"position\":1,\"name\":\"Home\",\"item\":\"https:\/\/www.naturparkmagazin.de\/nossentiner-schwinzer-heide\/\"},{\"@type\":\"ListItem\",\"position\":2,\"name\":\"11. Internationales Dampftreffen und 21. Oldtimer- und Traktorentreffen\"}]},{\"@type\":\"WebSite\",\"@id\":\"https:\/\/www.naturparkmagazin.de\/nossentiner-schwinzer-heide\/#website\",\"url\":\"https:\/\/www.naturparkmagazin.de\/nossentiner-schwinzer-heide\/\",\"name\":\"Naturpark Nossentiner\/Schwinzer Heide\",\"description\":\"\",\"potentialAction\":[{\"@type\":\"SearchAction\",\"target\":{\"@type\":\"EntryPoint\",\"urlTemplate\":\"https:\/\/www.naturparkmagazin.de\/nossentiner-schwinzer-heide\/?s={search_term_string}\"},\"query-input\":\"required name=search_term_string\"}],\"inLanguage\":\"de\"},{\"@type\":\"Person\",\"@id\":\"\",\"url\":\"https:\/\/www.naturparkmagazin.de\/nossentiner-schwinzer-heide\/author\/\"}]}<\/script>\n<!-- \/ Yoast SEO plugin. -->","yoast_head_json":{"title":"11. Internationales Dampftreffen und 21. Oldtimer- und Traktorentreffen - Naturpark Nossentiner\/Schwinzer Heide","robots":{"index":"index","follow":"follow","max-snippet":"max-snippet:-1","max-image-preview":"max-image-preview:large","max-video-preview":"max-video-preview:-1"},"canonical":"https:\/\/www.naturparkmagazin.de\/nossentiner-schwinzer-heide\/11-internationales-dampftreffen-und-21-oldtimer-und-traktorentreffen\/","og_locale":"de_DE","og_type":"article","og_title":"11. Internationales Dampftreffen und 21. Oldtimer- und Traktorentreffen - Naturpark Nossentiner\/Schwinzer Heide","og_description":"An den ersten beiden Augustwochenenden treffen sich die Freunde historischer Dampfmaschinen (am 01. und 02. 08.) und die Liebhaber alter Kraftfahrzeuge und Traktoren (am 08. und 09.08.) im Agroneum in Alt Schwerin.","og_url":"https:\/\/www.naturparkmagazin.de\/nossentiner-schwinzer-heide\/11-internationales-dampftreffen-und-21-oldtimer-und-traktorentreffen\/","og_site_name":"Naturpark Nossentiner\/Schwinzer Heide","article_published_time":"2015-07-16T13:24:12+00:00","og_image":[{"url":"https:\/\/www.naturparkmagazin.de\/nossentiner-schwinzer-heide\/wp-content\/uploads\/sites\/28\/Dampftreffen-AS.jpg"}],"twitter_misc":{"Verfasst von":"","Gesch\u00e4tzte Lesezeit":"1\u00a0Minute"},"schema":{"@context":"https:\/\/schema.org","@graph":[{"@type":"WebPage","@id":"https:\/\/www.naturparkmagazin.de\/nossentiner-schwinzer-heide\/11-internationales-dampftreffen-und-21-oldtimer-und-traktorentreffen\/","url":"https:\/\/www.naturparkmagazin.de\/nossentiner-schwinzer-heide\/11-internationales-dampftreffen-und-21-oldtimer-und-traktorentreffen\/","name":"11. Internationales Dampftreffen und 21. Oldtimer- und Traktorentreffen - Naturpark Nossentiner\/Schwinzer Heide","isPartOf":{"@id":"https:\/\/www.naturparkmagazin.de\/nossentiner-schwinzer-heide\/#website"},"datePublished":"2015-07-16T13:24:12+00:00","dateModified":"2015-07-16T13:24:12+00:00","author":{"@id":""},"breadcrumb":{"@id":"https:\/\/www.naturparkmagazin.de\/nossentiner-schwinzer-heide\/11-internationales-dampftreffen-und-21-oldtimer-und-traktorentreffen\/#breadcrumb"},"inLanguage":"de","potentialAction":[{"@type":"ReadAction","target":["https:\/\/www.naturparkmagazin.de\/nossentiner-schwinzer-heide\/11-internationales-dampftreffen-und-21-oldtimer-und-traktorentreffen\/"]}]},{"@type":"BreadcrumbList","@id":"https:\/\/www.naturparkmagazin.de\/nossentiner-schwinzer-heide\/11-internationales-dampftreffen-und-21-oldtimer-und-traktorentreffen\/#breadcrumb","itemListElement":[{"@type":"ListItem","position":1,"name":"Home","item":"https:\/\/www.naturparkmagazin.de\/nossentiner-schwinzer-heide\/"},{"@type":"ListItem","position":2,"name":"11. Internationales Dampftreffen und 21. Oldtimer- und Traktorentreffen"}]},{"@type":"WebSite","@id":"https:\/\/www.naturparkmagazin.de\/nossentiner-schwinzer-heide\/#website","url":"https:\/\/www.naturparkmagazin.de\/nossentiner-schwinzer-heide\/","name":"Naturpark Nossentiner\/Schwinzer Heide","description":"","potentialAction":[{"@type":"SearchAction","target":{"@type":"EntryPoint","urlTemplate":"https:\/\/www.naturparkmagazin.de\/nossentiner-schwinzer-heide\/?s={search_term_string}"},"query-input":"required name=search_term_string"}],"inLanguage":"de"},{"@type":"Person","@id":"","url":"https:\/\/www.naturparkmagazin.de\/nossentiner-schwinzer-heide\/author\/"}]}},"_links":{"self":[{"href":"https:\/\/www.naturparkmagazin.de\/nossentiner-schwinzer-heide\/wp-json\/wp\/v2\/posts\/740"}],"collection":[{"href":"https:\/\/www.naturparkmagazin.de\/nossentiner-schwinzer-heide\/wp-json\/wp\/v2\/posts"}],"about":[{"href":"https:\/\/www.naturparkmagazin.de\/nossentiner-schwinzer-heide\/wp-json\/wp\/v2\/types\/post"}],"author":[{"embeddable":true,"href":"https:\/\/www.naturparkmagazin.de\/nossentiner-schwinzer-heide\/wp-json\/wp\/v2\/users\/28"}],"replies":[{"embeddable":true,"href":"https:\/\/www.naturparkmagazin.de\/nossentiner-schwinzer-heide\/wp-json\/wp\/v2\/comments?post=740"}],"version-history":[{"count":1,"href":"https:\/\/www.naturparkmagazin.de\/nossentiner-schwinzer-heide\/wp-json\/wp\/v2\/posts\/740\/revisions"}],"predecessor-version":[{"id":742,"href":"https:\/\/www.naturparkmagazin.de\/nossentiner-schwinzer-heide\/wp-json\/wp\/v2\/posts\/740\/revisions\/742"}],"wp:attachment":[{"href":"https:\/\/www.naturparkmagazin.de\/nossentiner-schwinzer-heide\/wp-json\/wp\/v2\/media?parent=740"}],"wp:term":[{"taxonomy":"category","embeddable":true,"href":"https:\/\/www.naturparkmagazin.de\/nossentiner-schwinzer-heide\/wp-json\/wp\/v2\/categories?post=740"},{"taxonomy":"post_tag","embeddable":true,"href":"https:\/\/www.naturparkmagazin.de\/nossentiner-schwinzer-heide\/wp-json\/wp\/v2\/tags?post=740"}],"curies":[{"name":"wp","href":"https:\/\/api.w.org\/{rel}","templated":true}]}}