{"id":745,"date":"2015-07-16T16:17:24","date_gmt":"2015-07-16T14:17:24","guid":{"rendered":"http:\/\/www.naturparkmagazin.de\/nossentiner-schwinzer-heide\/?p=745"},"modified":"2015-07-16T16:17:24","modified_gmt":"2015-07-16T14:17:24","slug":"studiengruppe-der-universitaet-bratislava-besuchte-den-naturpark","status":"publish","type":"post","link":"https:\/\/www.naturparkmagazin.de\/nossentiner-schwinzer-heide\/studiengruppe-der-universitaet-bratislava-besuchte-den-naturpark\/","title":{"rendered":"Studiengruppe der Universit\u00e4t Bratislava besuchte den Naturpark"},"content":{"rendered":"<p>Mitte Juli waren 48 Studenten, Dozenten und Professoren der Naturwissenschaftlichen Fakult\u00e4t der Comenius-Universit\u00e4t Bratislava (Slowakei) im Naturpark auf einer\u00a0Studienreise unterwegs.<\/p>\n<p>W\u00e4hrend ihrer Reise durch Norddeutschland, deren Schirmherr der deutsche Botschafter in der Slowakei war, besuchten die slowakischen G\u00e4ste als erste Station den Naturpark Nossentiner\/Schwinzer Heide. Das Thema der Studienreise &#8222;Biodiversit\u00e4t und Tourismus&#8220; wurde am Beispiel des Krakower Sees er\u00f6rtert. Nach dem Besuch des Kultur- und Informationszentrums Karower Meilers wurde der gesamte Krakower See einmal umrundet. Zun\u00e4chst f\u00fchrte die Exkursion zur Glaver Koppel am Krakower Obersee mit einer reichen Naturausstattung. Vom Aussichts- und Beobachtungsturm &#8222;Seeadler&#8220; konnte der Namensgeber des Turmes und sein Verwandter, der Fischadler, beobachtet werden.<\/p>\n<div id=\"attachment_746\" style=\"width: 510px\" class=\"wp-caption alignnone\"><a href=\"https:\/\/www.naturparkmagazin.de\/nossentiner-schwinzer-heide\/wp-content\/uploads\/sites\/28\/Krakow-am-See-Luft.jpg\"><img aria-describedby=\"caption-attachment-746\" decoding=\"async\" loading=\"lazy\" class=\"size-full wp-image-746\" src=\"https:\/\/www.naturparkmagazin.de\/nossentiner-schwinzer-heide\/wp-content\/uploads\/sites\/28\/Krakow-am-See-Luft.jpg\" alt=\"Der Krakower See ist durch seine Eigenart und Sch\u00f6nheit ein Kleinod unter den Seen. Foto: Michael Nast\" width=\"500\" height=\"350\" \/><\/a><p id=\"caption-attachment-746\" class=\"wp-caption-text\">Der Krakower See ist durch seine Eigenart und Sch\u00f6nheit ein Kleinod unter den Seen.Foto: Michael Nast<\/p><\/div>\n<p>Weitere Exkursionsthemen und -punkte waren die &#8222;Sch\u00e4ferbuche&#8220; bei Dobbin, der Radfernweg Berlin-Kopenhagen,\u00a0die Aussichtst\u00fcrme &#8222;Reuter&#8217;s Paradiesgartenblick&#8220; und &#8222;J\u00f6rnberg&#8220;, die\u00a0Entstehung, Regulierung und Nutzung des Krakower Sees, der Golfplatz Serrahn sowie die touristische Beschilderung mit dem System &#8222;Info-Direkt&#8220;.<\/p>\n<p>Nach einem Imbiss in der Fischerei\u00a0und einem kleinen Stadtrundgang\u00a0informierten sich\u00a0die G\u00e4ste in der &#8222;Alten Synagoge&#8220; \u00fcber die fr\u00fchere j\u00fcdische Gemeinde sowie die Renovierung und Nutzung des Geb\u00e4udes. Ein spontanes kleines Klavierkonzert eines slowakischen Studenten beschloss die Exkursion im Naturpark. Die G\u00e4ste reisten danach nach Schwerin, auf die Insel R\u00fcgen und an die Nordseek\u00fcste weiter.<\/p>\n","protected":false},"excerpt":{"rendered":"<p>Mitte Juli waren 48 Studenten, Dozenten und Professoren der Naturwissenschaftlichen Fakult\u00e4t der Comenius-Universit\u00e4t Bratislava (Slowakei) im Naturpark auf einer Studienreise unterwegs. <\/p>\n","protected":false},"author":28,"featured_media":0,"comment_status":"open","ping_status":"open","sticky":false,"template":"","format":"standard","meta":[],"categories":[7],"tags":[],"yoast_head":"<!-- This site is optimized with the Yoast SEO plugin v19.10 - https:\/\/yoast.com\/wordpress\/plugins\/seo\/ -->\n<title>Studiengruppe der Universit\u00e4t Bratislava besuchte den Naturpark - Naturpark Nossentiner\/Schwinzer Heide<\/title>\n<meta name=\"robots\" content=\"index, follow, max-snippet:-1, max-image-preview:large, max-video-preview:-1\" \/>\n<link rel=\"canonical\" href=\"https:\/\/www.naturparkmagazin.de\/nossentiner-schwinzer-heide\/studiengruppe-der-universitaet-bratislava-besuchte-den-naturpark\/\" \/>\n<meta property=\"og:locale\" content=\"de_DE\" \/>\n<meta property=\"og:type\" content=\"article\" \/>\n<meta property=\"og:title\" content=\"Studiengruppe der Universit\u00e4t Bratislava besuchte den Naturpark - Naturpark Nossentiner\/Schwinzer Heide\" \/>\n<meta property=\"og:description\" content=\"Mitte Juli waren 48 Studenten, Dozenten und Professoren der Naturwissenschaftlichen Fakult\u00e4t der Comenius-Universit\u00e4t Bratislava (Slowakei) im Naturpark auf einer Studienreise unterwegs.\" \/>\n<meta property=\"og:url\" content=\"https:\/\/www.naturparkmagazin.de\/nossentiner-schwinzer-heide\/studiengruppe-der-universitaet-bratislava-besuchte-den-naturpark\/\" \/>\n<meta property=\"og:site_name\" content=\"Naturpark Nossentiner\/Schwinzer Heide\" \/>\n<meta property=\"article:published_time\" content=\"2015-07-16T14:17:24+00:00\" \/>\n<meta property=\"og:image\" content=\"https:\/\/www.naturparkmagazin.de\/nossentiner-schwinzer-heide\/wp-content\/uploads\/sites\/28\/Krakow-am-See-Luft.jpg\" \/>\n<meta name=\"twitter:label1\" content=\"Verfasst von\" \/>\n\t<meta name=\"twitter:data1\" content=\"\" \/>\n\t<meta name=\"twitter:label2\" content=\"Gesch\u00e4tzte Lesezeit\" \/>\n\t<meta name=\"twitter:data2\" content=\"1\u00a0Minute\" \/>\n<script type=\"application\/ld+json\" class=\"yoast-schema-graph\">{\"@context\":\"https:\/\/schema.org\",\"@graph\":[{\"@type\":\"WebPage\",\"@id\":\"https:\/\/www.naturparkmagazin.de\/nossentiner-schwinzer-heide\/studiengruppe-der-universitaet-bratislava-besuchte-den-naturpark\/\",\"url\":\"https:\/\/www.naturparkmagazin.de\/nossentiner-schwinzer-heide\/studiengruppe-der-universitaet-bratislava-besuchte-den-naturpark\/\",\"name\":\"Studiengruppe der Universit\u00e4t Bratislava besuchte den Naturpark - Naturpark Nossentiner\/Schwinzer Heide\",\"isPartOf\":{\"@id\":\"https:\/\/www.naturparkmagazin.de\/nossentiner-schwinzer-heide\/#website\"},\"datePublished\":\"2015-07-16T14:17:24+00:00\",\"dateModified\":\"2015-07-16T14:17:24+00:00\",\"author\":{\"@id\":\"\"},\"breadcrumb\":{\"@id\":\"https:\/\/www.naturparkmagazin.de\/nossentiner-schwinzer-heide\/studiengruppe-der-universitaet-bratislava-besuchte-den-naturpark\/#breadcrumb\"},\"inLanguage\":\"de\",\"potentialAction\":[{\"@type\":\"ReadAction\",\"target\":[\"https:\/\/www.naturparkmagazin.de\/nossentiner-schwinzer-heide\/studiengruppe-der-universitaet-bratislava-besuchte-den-naturpark\/\"]}]},{\"@type\":\"BreadcrumbList\",\"@id\":\"https:\/\/www.naturparkmagazin.de\/nossentiner-schwinzer-heide\/studiengruppe-der-universitaet-bratislava-besuchte-den-naturpark\/#breadcrumb\",\"itemListElement\":[{\"@type\":\"ListItem\",\"position\":1,\"name\":\"Home\",\"item\":\"https:\/\/www.naturparkmagazin.de\/nossentiner-schwinzer-heide\/\"},{\"@type\":\"ListItem\",\"position\":2,\"name\":\"Studiengruppe der Universit\u00e4t Bratislava besuchte den Naturpark\"}]},{\"@type\":\"WebSite\",\"@id\":\"https:\/\/www.naturparkmagazin.de\/nossentiner-schwinzer-heide\/#website\",\"url\":\"https:\/\/www.naturparkmagazin.de\/nossentiner-schwinzer-heide\/\",\"name\":\"Naturpark Nossentiner\/Schwinzer Heide\",\"description\":\"\",\"potentialAction\":[{\"@type\":\"SearchAction\",\"target\":{\"@type\":\"EntryPoint\",\"urlTemplate\":\"https:\/\/www.naturparkmagazin.de\/nossentiner-schwinzer-heide\/?s={search_term_string}\"},\"query-input\":\"required name=search_term_string\"}],\"inLanguage\":\"de\"},{\"@type\":\"Person\",\"@id\":\"\",\"url\":\"https:\/\/www.naturparkmagazin.de\/nossentiner-schwinzer-heide\/author\/\"}]}<\/script>\n<!-- \/ Yoast SEO plugin. -->","yoast_head_json":{"title":"Studiengruppe der Universit\u00e4t Bratislava besuchte den Naturpark - Naturpark Nossentiner\/Schwinzer Heide","robots":{"index":"index","follow":"follow","max-snippet":"max-snippet:-1","max-image-preview":"max-image-preview:large","max-video-preview":"max-video-preview:-1"},"canonical":"https:\/\/www.naturparkmagazin.de\/nossentiner-schwinzer-heide\/studiengruppe-der-universitaet-bratislava-besuchte-den-naturpark\/","og_locale":"de_DE","og_type":"article","og_title":"Studiengruppe der Universit\u00e4t Bratislava besuchte den Naturpark - Naturpark Nossentiner\/Schwinzer Heide","og_description":"Mitte Juli waren 48 Studenten, Dozenten und Professoren der Naturwissenschaftlichen Fakult\u00e4t der Comenius-Universit\u00e4t Bratislava (Slowakei) im Naturpark auf einer Studienreise unterwegs.","og_url":"https:\/\/www.naturparkmagazin.de\/nossentiner-schwinzer-heide\/studiengruppe-der-universitaet-bratislava-besuchte-den-naturpark\/","og_site_name":"Naturpark Nossentiner\/Schwinzer Heide","article_published_time":"2015-07-16T14:17:24+00:00","og_image":[{"url":"https:\/\/www.naturparkmagazin.de\/nossentiner-schwinzer-heide\/wp-content\/uploads\/sites\/28\/Krakow-am-See-Luft.jpg"}],"twitter_misc":{"Verfasst von":"","Gesch\u00e4tzte Lesezeit":"1\u00a0Minute"},"schema":{"@context":"https:\/\/schema.org","@graph":[{"@type":"WebPage","@id":"https:\/\/www.naturparkmagazin.de\/nossentiner-schwinzer-heide\/studiengruppe-der-universitaet-bratislava-besuchte-den-naturpark\/","url":"https:\/\/www.naturparkmagazin.de\/nossentiner-schwinzer-heide\/studiengruppe-der-universitaet-bratislava-besuchte-den-naturpark\/","name":"Studiengruppe der Universit\u00e4t Bratislava besuchte den Naturpark - Naturpark Nossentiner\/Schwinzer Heide","isPartOf":{"@id":"https:\/\/www.naturparkmagazin.de\/nossentiner-schwinzer-heide\/#website"},"datePublished":"2015-07-16T14:17:24+00:00","dateModified":"2015-07-16T14:17:24+00:00","author":{"@id":""},"breadcrumb":{"@id":"https:\/\/www.naturparkmagazin.de\/nossentiner-schwinzer-heide\/studiengruppe-der-universitaet-bratislava-besuchte-den-naturpark\/#breadcrumb"},"inLanguage":"de","potentialAction":[{"@type":"ReadAction","target":["https:\/\/www.naturparkmagazin.de\/nossentiner-schwinzer-heide\/studiengruppe-der-universitaet-bratislava-besuchte-den-naturpark\/"]}]},{"@type":"BreadcrumbList","@id":"https:\/\/www.naturparkmagazin.de\/nossentiner-schwinzer-heide\/studiengruppe-der-universitaet-bratislava-besuchte-den-naturpark\/#breadcrumb","itemListElement":[{"@type":"ListItem","position":1,"name":"Home","item":"https:\/\/www.naturparkmagazin.de\/nossentiner-schwinzer-heide\/"},{"@type":"ListItem","position":2,"name":"Studiengruppe der Universit\u00e4t Bratislava besuchte den Naturpark"}]},{"@type":"WebSite","@id":"https:\/\/www.naturparkmagazin.de\/nossentiner-schwinzer-heide\/#website","url":"https:\/\/www.naturparkmagazin.de\/nossentiner-schwinzer-heide\/","name":"Naturpark Nossentiner\/Schwinzer Heide","description":"","potentialAction":[{"@type":"SearchAction","target":{"@type":"EntryPoint","urlTemplate":"https:\/\/www.naturparkmagazin.de\/nossentiner-schwinzer-heide\/?s={search_term_string}"},"query-input":"required name=search_term_string"}],"inLanguage":"de"},{"@type":"Person","@id":"","url":"https:\/\/www.naturparkmagazin.de\/nossentiner-schwinzer-heide\/author\/"}]}},"_links":{"self":[{"href":"https:\/\/www.naturparkmagazin.de\/nossentiner-schwinzer-heide\/wp-json\/wp\/v2\/posts\/745"}],"collection":[{"href":"https:\/\/www.naturparkmagazin.de\/nossentiner-schwinzer-heide\/wp-json\/wp\/v2\/posts"}],"about":[{"href":"https:\/\/www.naturparkmagazin.de\/nossentiner-schwinzer-heide\/wp-json\/wp\/v2\/types\/post"}],"author":[{"embeddable":true,"href":"https:\/\/www.naturparkmagazin.de\/nossentiner-schwinzer-heide\/wp-json\/wp\/v2\/users\/28"}],"replies":[{"embeddable":true,"href":"https:\/\/www.naturparkmagazin.de\/nossentiner-schwinzer-heide\/wp-json\/wp\/v2\/comments?post=745"}],"version-history":[{"count":1,"href":"https:\/\/www.naturparkmagazin.de\/nossentiner-schwinzer-heide\/wp-json\/wp\/v2\/posts\/745\/revisions"}],"predecessor-version":[{"id":747,"href":"https:\/\/www.naturparkmagazin.de\/nossentiner-schwinzer-heide\/wp-json\/wp\/v2\/posts\/745\/revisions\/747"}],"wp:attachment":[{"href":"https:\/\/www.naturparkmagazin.de\/nossentiner-schwinzer-heide\/wp-json\/wp\/v2\/media?parent=745"}],"wp:term":[{"taxonomy":"category","embeddable":true,"href":"https:\/\/www.naturparkmagazin.de\/nossentiner-schwinzer-heide\/wp-json\/wp\/v2\/categories?post=745"},{"taxonomy":"post_tag","embeddable":true,"href":"https:\/\/www.naturparkmagazin.de\/nossentiner-schwinzer-heide\/wp-json\/wp\/v2\/tags?post=745"}],"curies":[{"name":"wp","href":"https:\/\/api.w.org\/{rel}","templated":true}]}}