{"id":759,"date":"2015-08-18T14:33:36","date_gmt":"2015-08-18T12:33:36","guid":{"rendered":"http:\/\/www.naturparkmagazin.de\/nossentiner-schwinzer-heide\/?p=759"},"modified":"2015-08-25T12:23:58","modified_gmt":"2015-08-25T10:23:58","slug":"kinder-und-naturparkfest-2","status":"publish","type":"post","link":"https:\/\/www.naturparkmagazin.de\/nossentiner-schwinzer-heide\/kinder-und-naturparkfest-2\/","title":{"rendered":"Kinder- und Naturparkfest"},"content":{"rendered":"<div id=\"attachment_765\" style=\"width: 510px\" class=\"wp-caption alignnone\"><a href=\"https:\/\/www.naturparkmagazin.de\/nossentiner-schwinzer-heide\/wp-content\/uploads\/sites\/28\/DSC_9572-1.jpg\"><img aria-describedby=\"caption-attachment-765\" decoding=\"async\" loading=\"lazy\" class=\"size-full wp-image-765\" src=\"https:\/\/www.naturparkmagazin.de\/nossentiner-schwinzer-heide\/wp-content\/uploads\/sites\/28\/DSC_9572-1.jpg\" alt=\"Viel Spa\u00df gab es bei der Herstellung von Kr\u00e4utersalzen.\" width=\"500\" height=\"300\" \/><\/a><p id=\"caption-attachment-765\" class=\"wp-caption-text\">Viel Spa\u00df gab es bei der Herstellung von Kr\u00e4utersalzen.<\/p><\/div>\n<p><span style=\"color: #000000;font-family: Arial\">Schon traditionell findet im Sommer rund um den Karower Meiler das Kinder- und Naturparkfest statt. Am 25.07. fanden erneut, trotz des zeitgleichen Ritterspektakels an der Plauer Burg, viele Einheimische und G\u00e4ste den Weg nach Karow auf das Gel\u00e4nde der Naturparkverwaltung.<\/span><\/p>\n<div id=\"attachment_761\" style=\"width: 510px\" class=\"wp-caption alignnone\"><a href=\"https:\/\/www.naturparkmagazin.de\/nossentiner-schwinzer-heide\/wp-content\/uploads\/sites\/28\/DSC_9534-1.jpg\"><img aria-describedby=\"caption-attachment-761\" decoding=\"async\" loading=\"lazy\" class=\"wp-image-761 size-full\" src=\"https:\/\/www.naturparkmagazin.de\/nossentiner-schwinzer-heide\/wp-content\/uploads\/sites\/28\/DSC_9534-1.jpg\" alt=\"DSC_9534-1\" width=\"500\" height=\"300\" \/><\/a><p id=\"caption-attachment-761\" class=\"wp-caption-text\">Nicht so einfach ist die Zuordnung von Bl\u00e4ttern, Fr\u00fcchten und Holz zueinander.<\/p><\/div>\n<p><span style=\"color: #000000;font-family: Arial\">Insbesondere waren die St\u00e4nde gefragt, an denen es etwas zu tun gab. Das war beispielsweise das Bauen von Nistk\u00e4sten, die Herstellung von Kr\u00e4utersalzen, die Bestimmung von K\u00e4fern und Schmetterlingen, welche nat\u00fcrlich nach der Bestimmung wieder frei gelassen wurden oder das Basteln mit Naturmaterialien und der Malstand. Ein besonderes Interesse der Besucher galt dem Falkner Herrn Reinhardt Eggert aus Crivitz, der seine beiden Beizv\u00f6gel, ein Wanderfalkenweibchen und ein Harris-Hawk-W\u00fcstenbussardweibchen, mitgebracht hatte. Die Kinder durften dann auch die Tiere auf die Faust nehmen. Nat\u00fcrlich waren die H\u00e4nde durch den Falknerhandschuh vor den scharfen Krallen der V\u00f6gel gesch\u00fctzt.<\/span><\/p>\n<div id=\"attachment_763\" style=\"width: 510px\" class=\"wp-caption alignnone\"><a href=\"https:\/\/www.naturparkmagazin.de\/nossentiner-schwinzer-heide\/wp-content\/uploads\/sites\/28\/DSC_9526-1.jpg\"><img aria-describedby=\"caption-attachment-763\" decoding=\"async\" loading=\"lazy\" class=\"size-full wp-image-763\" src=\"https:\/\/www.naturparkmagazin.de\/nossentiner-schwinzer-heide\/wp-content\/uploads\/sites\/28\/DSC_9526-1.jpg\" alt=\"Liebling der Kinder: ein Harris-Hawk-W\u00fcstenbussard.\" width=\"500\" height=\"300\" \/><\/a><p id=\"caption-attachment-763\" class=\"wp-caption-text\">Liebling der Kinder: ein Harris-Hawk-W\u00fcstenbussard.<\/p><\/div>\n<div id=\"attachment_764\" style=\"width: 510px\" class=\"wp-caption alignnone\"><a href=\"https:\/\/www.naturparkmagazin.de\/nossentiner-schwinzer-heide\/wp-content\/uploads\/sites\/28\/DSC_9569-1.jpg\"><img aria-describedby=\"caption-attachment-764\" decoding=\"async\" loading=\"lazy\" class=\"size-full wp-image-764\" src=\"https:\/\/www.naturparkmagazin.de\/nossentiner-schwinzer-heide\/wp-content\/uploads\/sites\/28\/DSC_9569-1.jpg\" alt=\"Nicht so einfach war der Bau von Nistk\u00e4sten.\" width=\"500\" height=\"300\" \/><\/a><p id=\"caption-attachment-764\" class=\"wp-caption-text\">Nicht so einfach war der Bau von Nistk\u00e4sten.<\/p><\/div>\n<div id=\"attachment_762\" style=\"width: 510px\" class=\"wp-caption alignnone\"><a href=\"https:\/\/www.naturparkmagazin.de\/nossentiner-schwinzer-heide\/wp-content\/uploads\/sites\/28\/DSC_9536-1.jpg\"><img aria-describedby=\"caption-attachment-762\" decoding=\"async\" loading=\"lazy\" class=\"size-full wp-image-762\" src=\"https:\/\/www.naturparkmagazin.de\/nossentiner-schwinzer-heide\/wp-content\/uploads\/sites\/28\/DSC_9536-1.jpg\" alt=\"Viele bunte Schmetterlinge entstanden im Team.\" width=\"500\" height=\"300\" \/><\/a><p id=\"caption-attachment-762\" class=\"wp-caption-text\">Viele bunte Schmetterlinge entstanden im Team.<\/p><\/div>\n<p><span style=\"color: #000000;font-family: Arial\">F\u00fcr das leibliche Wohl hat der F\u00f6rderverein des Naturparks gesorgt. Neben deftiger Bratwurst hat auch das Kuchenbuffet, mit von den Vereinsmitgliedern selbst gebackenem Kuchen, schon eine langj\u00e4hrige Tradition und wurde gegen kleine Spenden gut angenommen. Auf allen Tischen standen Schalen mit einem reichhaltigen Obstangebot, welches EDEKA Nord aus Malchow dem Verein zur Verf\u00fcgung gestellt hatte. Vom Bio-Hof Wendisch Waren bot Herr Trampota frisches Obst und Gem\u00fcse an.<\/span><\/p>\n<p>&nbsp;<\/p>\n","protected":false},"excerpt":{"rendered":"<p>Schon traditionell findet im Sommer rund um den Karower Meiler das Kinder- und Naturparkfest statt. Am 25.07. fanden erneut, trotz des zeitgleichen Ritterspektakels an der Plauer Burg, viele Einheimische und G\u00e4ste den Weg nach Karow auf das Gel\u00e4nde der Naturparkverwaltung. <\/p>\n","protected":false},"author":28,"featured_media":0,"comment_status":"open","ping_status":"open","sticky":false,"template":"","format":"standard","meta":[],"categories":[7],"tags":[],"yoast_head":"<!-- This site is optimized with the Yoast SEO plugin v19.10 - https:\/\/yoast.com\/wordpress\/plugins\/seo\/ -->\n<title>Kinder- und Naturparkfest - Naturpark Nossentiner\/Schwinzer Heide<\/title>\n<meta name=\"robots\" content=\"index, follow, max-snippet:-1, max-image-preview:large, max-video-preview:-1\" \/>\n<link rel=\"canonical\" href=\"https:\/\/www.naturparkmagazin.de\/nossentiner-schwinzer-heide\/kinder-und-naturparkfest-2\/\" \/>\n<meta property=\"og:locale\" content=\"de_DE\" \/>\n<meta property=\"og:type\" content=\"article\" \/>\n<meta property=\"og:title\" content=\"Kinder- und Naturparkfest - Naturpark Nossentiner\/Schwinzer Heide\" \/>\n<meta property=\"og:description\" content=\"Schon traditionell findet im Sommer rund um den Karower Meiler das Kinder- und Naturparkfest statt. Am 25.07. fanden erneut, trotz des zeitgleichen Ritterspektakels an der Plauer Burg, viele Einheimische und G\u00e4ste den Weg nach Karow auf das Gel\u00e4nde der Naturparkverwaltung.\" \/>\n<meta property=\"og:url\" content=\"https:\/\/www.naturparkmagazin.de\/nossentiner-schwinzer-heide\/kinder-und-naturparkfest-2\/\" \/>\n<meta property=\"og:site_name\" content=\"Naturpark Nossentiner\/Schwinzer Heide\" \/>\n<meta property=\"article:published_time\" content=\"2015-08-18T12:33:36+00:00\" \/>\n<meta property=\"article:modified_time\" content=\"2015-08-25T10:23:58+00:00\" \/>\n<meta property=\"og:image\" content=\"https:\/\/www.naturparkmagazin.de\/nossentiner-schwinzer-heide\/wp-content\/uploads\/sites\/28\/DSC_9572-1.jpg\" \/>\n<meta name=\"twitter:label1\" content=\"Verfasst von\" \/>\n\t<meta name=\"twitter:data1\" content=\"\" \/>\n\t<meta name=\"twitter:label2\" content=\"Gesch\u00e4tzte Lesezeit\" \/>\n\t<meta name=\"twitter:data2\" content=\"2\u00a0Minuten\" \/>\n<script type=\"application\/ld+json\" class=\"yoast-schema-graph\">{\"@context\":\"https:\/\/schema.org\",\"@graph\":[{\"@type\":\"WebPage\",\"@id\":\"https:\/\/www.naturparkmagazin.de\/nossentiner-schwinzer-heide\/kinder-und-naturparkfest-2\/\",\"url\":\"https:\/\/www.naturparkmagazin.de\/nossentiner-schwinzer-heide\/kinder-und-naturparkfest-2\/\",\"name\":\"Kinder- und Naturparkfest - Naturpark Nossentiner\/Schwinzer Heide\",\"isPartOf\":{\"@id\":\"https:\/\/www.naturparkmagazin.de\/nossentiner-schwinzer-heide\/#website\"},\"datePublished\":\"2015-08-18T12:33:36+00:00\",\"dateModified\":\"2015-08-25T10:23:58+00:00\",\"author\":{\"@id\":\"\"},\"breadcrumb\":{\"@id\":\"https:\/\/www.naturparkmagazin.de\/nossentiner-schwinzer-heide\/kinder-und-naturparkfest-2\/#breadcrumb\"},\"inLanguage\":\"de\",\"potentialAction\":[{\"@type\":\"ReadAction\",\"target\":[\"https:\/\/www.naturparkmagazin.de\/nossentiner-schwinzer-heide\/kinder-und-naturparkfest-2\/\"]}]},{\"@type\":\"BreadcrumbList\",\"@id\":\"https:\/\/www.naturparkmagazin.de\/nossentiner-schwinzer-heide\/kinder-und-naturparkfest-2\/#breadcrumb\",\"itemListElement\":[{\"@type\":\"ListItem\",\"position\":1,\"name\":\"Home\",\"item\":\"https:\/\/www.naturparkmagazin.de\/nossentiner-schwinzer-heide\/\"},{\"@type\":\"ListItem\",\"position\":2,\"name\":\"Kinder- und Naturparkfest\"}]},{\"@type\":\"WebSite\",\"@id\":\"https:\/\/www.naturparkmagazin.de\/nossentiner-schwinzer-heide\/#website\",\"url\":\"https:\/\/www.naturparkmagazin.de\/nossentiner-schwinzer-heide\/\",\"name\":\"Naturpark Nossentiner\/Schwinzer Heide\",\"description\":\"\",\"potentialAction\":[{\"@type\":\"SearchAction\",\"target\":{\"@type\":\"EntryPoint\",\"urlTemplate\":\"https:\/\/www.naturparkmagazin.de\/nossentiner-schwinzer-heide\/?s={search_term_string}\"},\"query-input\":\"required name=search_term_string\"}],\"inLanguage\":\"de\"},{\"@type\":\"Person\",\"@id\":\"\",\"url\":\"https:\/\/www.naturparkmagazin.de\/nossentiner-schwinzer-heide\/author\/\"}]}<\/script>\n<!-- \/ Yoast SEO plugin. -->","yoast_head_json":{"title":"Kinder- und Naturparkfest - Naturpark Nossentiner\/Schwinzer Heide","robots":{"index":"index","follow":"follow","max-snippet":"max-snippet:-1","max-image-preview":"max-image-preview:large","max-video-preview":"max-video-preview:-1"},"canonical":"https:\/\/www.naturparkmagazin.de\/nossentiner-schwinzer-heide\/kinder-und-naturparkfest-2\/","og_locale":"de_DE","og_type":"article","og_title":"Kinder- und Naturparkfest - Naturpark Nossentiner\/Schwinzer Heide","og_description":"Schon traditionell findet im Sommer rund um den Karower Meiler das Kinder- und Naturparkfest statt. Am 25.07. fanden erneut, trotz des zeitgleichen Ritterspektakels an der Plauer Burg, viele Einheimische und G\u00e4ste den Weg nach Karow auf das Gel\u00e4nde der Naturparkverwaltung.","og_url":"https:\/\/www.naturparkmagazin.de\/nossentiner-schwinzer-heide\/kinder-und-naturparkfest-2\/","og_site_name":"Naturpark Nossentiner\/Schwinzer Heide","article_published_time":"2015-08-18T12:33:36+00:00","article_modified_time":"2015-08-25T10:23:58+00:00","og_image":[{"url":"https:\/\/www.naturparkmagazin.de\/nossentiner-schwinzer-heide\/wp-content\/uploads\/sites\/28\/DSC_9572-1.jpg"}],"twitter_misc":{"Verfasst von":"","Gesch\u00e4tzte Lesezeit":"2\u00a0Minuten"},"schema":{"@context":"https:\/\/schema.org","@graph":[{"@type":"WebPage","@id":"https:\/\/www.naturparkmagazin.de\/nossentiner-schwinzer-heide\/kinder-und-naturparkfest-2\/","url":"https:\/\/www.naturparkmagazin.de\/nossentiner-schwinzer-heide\/kinder-und-naturparkfest-2\/","name":"Kinder- und Naturparkfest - Naturpark Nossentiner\/Schwinzer Heide","isPartOf":{"@id":"https:\/\/www.naturparkmagazin.de\/nossentiner-schwinzer-heide\/#website"},"datePublished":"2015-08-18T12:33:36+00:00","dateModified":"2015-08-25T10:23:58+00:00","author":{"@id":""},"breadcrumb":{"@id":"https:\/\/www.naturparkmagazin.de\/nossentiner-schwinzer-heide\/kinder-und-naturparkfest-2\/#breadcrumb"},"inLanguage":"de","potentialAction":[{"@type":"ReadAction","target":["https:\/\/www.naturparkmagazin.de\/nossentiner-schwinzer-heide\/kinder-und-naturparkfest-2\/"]}]},{"@type":"BreadcrumbList","@id":"https:\/\/www.naturparkmagazin.de\/nossentiner-schwinzer-heide\/kinder-und-naturparkfest-2\/#breadcrumb","itemListElement":[{"@type":"ListItem","position":1,"name":"Home","item":"https:\/\/www.naturparkmagazin.de\/nossentiner-schwinzer-heide\/"},{"@type":"ListItem","position":2,"name":"Kinder- und Naturparkfest"}]},{"@type":"WebSite","@id":"https:\/\/www.naturparkmagazin.de\/nossentiner-schwinzer-heide\/#website","url":"https:\/\/www.naturparkmagazin.de\/nossentiner-schwinzer-heide\/","name":"Naturpark Nossentiner\/Schwinzer Heide","description":"","potentialAction":[{"@type":"SearchAction","target":{"@type":"EntryPoint","urlTemplate":"https:\/\/www.naturparkmagazin.de\/nossentiner-schwinzer-heide\/?s={search_term_string}"},"query-input":"required name=search_term_string"}],"inLanguage":"de"},{"@type":"Person","@id":"","url":"https:\/\/www.naturparkmagazin.de\/nossentiner-schwinzer-heide\/author\/"}]}},"_links":{"self":[{"href":"https:\/\/www.naturparkmagazin.de\/nossentiner-schwinzer-heide\/wp-json\/wp\/v2\/posts\/759"}],"collection":[{"href":"https:\/\/www.naturparkmagazin.de\/nossentiner-schwinzer-heide\/wp-json\/wp\/v2\/posts"}],"about":[{"href":"https:\/\/www.naturparkmagazin.de\/nossentiner-schwinzer-heide\/wp-json\/wp\/v2\/types\/post"}],"author":[{"embeddable":true,"href":"https:\/\/www.naturparkmagazin.de\/nossentiner-schwinzer-heide\/wp-json\/wp\/v2\/users\/28"}],"replies":[{"embeddable":true,"href":"https:\/\/www.naturparkmagazin.de\/nossentiner-schwinzer-heide\/wp-json\/wp\/v2\/comments?post=759"}],"version-history":[{"count":1,"href":"https:\/\/www.naturparkmagazin.de\/nossentiner-schwinzer-heide\/wp-json\/wp\/v2\/posts\/759\/revisions"}],"predecessor-version":[{"id":766,"href":"https:\/\/www.naturparkmagazin.de\/nossentiner-schwinzer-heide\/wp-json\/wp\/v2\/posts\/759\/revisions\/766"}],"wp:attachment":[{"href":"https:\/\/www.naturparkmagazin.de\/nossentiner-schwinzer-heide\/wp-json\/wp\/v2\/media?parent=759"}],"wp:term":[{"taxonomy":"category","embeddable":true,"href":"https:\/\/www.naturparkmagazin.de\/nossentiner-schwinzer-heide\/wp-json\/wp\/v2\/categories?post=759"},{"taxonomy":"post_tag","embeddable":true,"href":"https:\/\/www.naturparkmagazin.de\/nossentiner-schwinzer-heide\/wp-json\/wp\/v2\/tags?post=759"}],"curies":[{"name":"wp","href":"https:\/\/api.w.org\/{rel}","templated":true}]}}