{"id":790,"date":"2015-08-18T14:43:16","date_gmt":"2015-08-18T12:43:16","guid":{"rendered":"http:\/\/www.naturparkmagazin.de\/nossentiner-schwinzer-heide\/?p=790"},"modified":"2015-08-24T14:03:27","modified_gmt":"2015-08-24T12:03:27","slug":"aus-dem-leben-des-grauen-kranichs","status":"publish","type":"post","link":"https:\/\/www.naturparkmagazin.de\/nossentiner-schwinzer-heide\/aus-dem-leben-des-grauen-kranichs\/","title":{"rendered":"Aus dem Leben des Grauen Kranichs"},"content":{"rendered":"<p>Zu einem Vortrag mit anschlie\u00dfender Exkursion zu einem Kranichschlafplatz sind alle Interessenten am Dienstag, den 22. September von 17 bis 21 Uhr eingeladen. Dr. Wolfgang Mewes, einer der versiertesten Kenner dieser majest\u00e4tischen Vogelart ist Referent und Exkursionsf\u00fchrer an diesem Tag. Treffpunkt und Vortragsort ist zun\u00e4chst das Kultur- und Informationszentrum Karower Meiler, bevor die Teilnehmer den abendlichen Einfall der Kraniche an ihrem Schlafplatz in den Langenh\u00e4gener Seewiesen beobachten werden.<\/p>\n<div id=\"attachment_792\" style=\"width: 510px\" class=\"wp-caption alignnone\"><a href=\"https:\/\/www.naturparkmagazin.de\/nossentiner-schwinzer-heide\/wp-content\/uploads\/sites\/28\/DSC_6982_bearbeitet-1.jpg\"><img aria-describedby=\"caption-attachment-792\" decoding=\"async\" loading=\"lazy\" class=\"size-full wp-image-792\" src=\"https:\/\/www.naturparkmagazin.de\/nossentiner-schwinzer-heide\/wp-content\/uploads\/sites\/28\/DSC_6982_bearbeitet-1.jpg\" alt=\"Im Fr\u00fchjahr.\" width=\"500\" height=\"300\" \/><\/a><p id=\"caption-attachment-792\" class=\"wp-caption-text\">Im Fr\u00fchjahr.<\/p><\/div>\n<p>Mecklenburg-Vorpommern ist f\u00fcr den Kranich das wichtigste Bundesland in Deutschland. Es beherbergt mit fast 4.000 Paaren ann\u00e4hernd 50 % des deutschen Brutbestandes. Das entspricht etwa 5 % der europ\u00e4ischen Brutpopulation. An \u00fcber 70 Schlafpl\u00e4tzen in Mecklenburg-Vorpommern z\u00e4hlen ehrenamtliche Mitarbeiter der Arbeitsgemeinschaft Kranichschutz Deutschland die hier im Herbst rastenden V\u00f6gel. In den vergangenen Jahren wurden Rastmaxima von 80.000 bis 137.000 Individuen festgestellt, die gleichzeitig in M-V anwesend waren.<\/p>\n<p>Neben solchen Fakten berichtet Dr. Mewes auch \u00fcber seine ganz pers\u00f6nlichen Erlebnisse und Erfahrungen mit dieser Vogelart und was es mit dem &#8222;W\u00e4chterkranich&#8220; auf sich hat.<\/p>\n<div id=\"attachment_115\" style=\"width: 528px\" class=\"wp-caption alignnone\"><a href=\"https:\/\/www.naturparkmagazin.de\/nossentiner-schwinzer-heide\/wp-content\/uploads\/sites\/28\/Kranich+juv-Nossentiner-Schwinzer-Heide-J\u00f6rg-Gast-2013.jpg\"><img aria-describedby=\"caption-attachment-115\" decoding=\"async\" loading=\"lazy\" class=\"size-full wp-image-115\" src=\"https:\/\/www.naturparkmagazin.de\/nossentiner-schwinzer-heide\/wp-content\/uploads\/sites\/28\/Kranich+juv-Nossentiner-Schwinzer-Heide-J\u00f6rg-Gast-2013.jpg\" alt=\"Der erste Ausflug mit dem frisch geschl\u00fcpften Jungvogel.\" width=\"518\" height=\"640\" srcset=\"https:\/\/www.naturparkmagazin.de\/nossentiner-schwinzer-heide\/wp-content\/uploads\/sites\/28\/Kranich+juv-Nossentiner-Schwinzer-Heide-J\u00f6rg-Gast-2013.jpg 518w, https:\/\/www.naturparkmagazin.de\/nossentiner-schwinzer-heide\/wp-content\/uploads\/sites\/28\/Kranich+juv-Nossentiner-Schwinzer-Heide-J\u00f6rg-Gast-2013-300x371.jpg 300w, https:\/\/www.naturparkmagazin.de\/nossentiner-schwinzer-heide\/wp-content\/uploads\/sites\/28\/Kranich+juv-Nossentiner-Schwinzer-Heide-J\u00f6rg-Gast-2013-200x247.jpg 200w\" sizes=\"(max-width: 518px) 100vw, 518px\" \/><\/a><p id=\"caption-attachment-115\" class=\"wp-caption-text\">Der erste Ausflug mit dem frisch geschl\u00fcpften Jungvogel.<\/p><\/div>\n<p>&nbsp;<\/p>\n","protected":false},"excerpt":{"rendered":"<p>Zu einem Vortrag mit anschlie\u00dfender Exkursion zu einem Kranichschlafplatz sind alle Interessenten am Dienstag, den 22. September von 17 bis 21 Uhr eingeladen. Dr. Wolfgang Mewes, einer der versiertesten Kenner dieser majest\u00e4tischen Vogelart ist Referent und Exkursionsf\u00fchrer an diesem Tag. Treffpunkt ist der Karower Meiler.<\/p>\n","protected":false},"author":28,"featured_media":0,"comment_status":"open","ping_status":"open","sticky":false,"template":"","format":"standard","meta":[],"categories":[11],"tags":[],"yoast_head":"<!-- This site is optimized with the Yoast SEO plugin v19.10 - https:\/\/yoast.com\/wordpress\/plugins\/seo\/ -->\n<title>Aus dem Leben des Grauen Kranichs - Naturpark Nossentiner\/Schwinzer Heide<\/title>\n<meta name=\"robots\" content=\"index, follow, max-snippet:-1, max-image-preview:large, max-video-preview:-1\" \/>\n<link rel=\"canonical\" href=\"https:\/\/www.naturparkmagazin.de\/nossentiner-schwinzer-heide\/aus-dem-leben-des-grauen-kranichs\/\" \/>\n<meta property=\"og:locale\" content=\"de_DE\" \/>\n<meta property=\"og:type\" content=\"article\" \/>\n<meta property=\"og:title\" content=\"Aus dem Leben des Grauen Kranichs - Naturpark Nossentiner\/Schwinzer Heide\" \/>\n<meta property=\"og:description\" content=\"Zu einem Vortrag mit anschlie\u00dfender Exkursion zu einem Kranichschlafplatz sind alle Interessenten am Dienstag, den 22. September von 17 bis 21 Uhr eingeladen. Dr. Wolfgang Mewes, einer der versiertesten Kenner dieser majest\u00e4tischen Vogelart ist Referent und Exkursionsf\u00fchrer an diesem Tag. Treffpunkt ist der Karower Meiler.\" \/>\n<meta property=\"og:url\" content=\"https:\/\/www.naturparkmagazin.de\/nossentiner-schwinzer-heide\/aus-dem-leben-des-grauen-kranichs\/\" \/>\n<meta property=\"og:site_name\" content=\"Naturpark Nossentiner\/Schwinzer Heide\" \/>\n<meta property=\"article:published_time\" content=\"2015-08-18T12:43:16+00:00\" \/>\n<meta property=\"article:modified_time\" content=\"2015-08-24T12:03:27+00:00\" \/>\n<meta property=\"og:image\" content=\"https:\/\/www.naturparkmagazin.de\/nossentiner-schwinzer-heide\/wp-content\/uploads\/sites\/28\/DSC_6982_bearbeitet-1.jpg\" \/>\n<meta name=\"twitter:label1\" content=\"Verfasst von\" \/>\n\t<meta name=\"twitter:data1\" content=\"\" \/>\n\t<meta name=\"twitter:label2\" content=\"Gesch\u00e4tzte Lesezeit\" \/>\n\t<meta name=\"twitter:data2\" content=\"1\u00a0Minute\" \/>\n<script type=\"application\/ld+json\" class=\"yoast-schema-graph\">{\"@context\":\"https:\/\/schema.org\",\"@graph\":[{\"@type\":\"WebPage\",\"@id\":\"https:\/\/www.naturparkmagazin.de\/nossentiner-schwinzer-heide\/aus-dem-leben-des-grauen-kranichs\/\",\"url\":\"https:\/\/www.naturparkmagazin.de\/nossentiner-schwinzer-heide\/aus-dem-leben-des-grauen-kranichs\/\",\"name\":\"Aus dem Leben des Grauen Kranichs - Naturpark Nossentiner\/Schwinzer Heide\",\"isPartOf\":{\"@id\":\"https:\/\/www.naturparkmagazin.de\/nossentiner-schwinzer-heide\/#website\"},\"datePublished\":\"2015-08-18T12:43:16+00:00\",\"dateModified\":\"2015-08-24T12:03:27+00:00\",\"author\":{\"@id\":\"\"},\"breadcrumb\":{\"@id\":\"https:\/\/www.naturparkmagazin.de\/nossentiner-schwinzer-heide\/aus-dem-leben-des-grauen-kranichs\/#breadcrumb\"},\"inLanguage\":\"de\",\"potentialAction\":[{\"@type\":\"ReadAction\",\"target\":[\"https:\/\/www.naturparkmagazin.de\/nossentiner-schwinzer-heide\/aus-dem-leben-des-grauen-kranichs\/\"]}]},{\"@type\":\"BreadcrumbList\",\"@id\":\"https:\/\/www.naturparkmagazin.de\/nossentiner-schwinzer-heide\/aus-dem-leben-des-grauen-kranichs\/#breadcrumb\",\"itemListElement\":[{\"@type\":\"ListItem\",\"position\":1,\"name\":\"Home\",\"item\":\"https:\/\/www.naturparkmagazin.de\/nossentiner-schwinzer-heide\/\"},{\"@type\":\"ListItem\",\"position\":2,\"name\":\"Aus dem Leben des Grauen Kranichs\"}]},{\"@type\":\"WebSite\",\"@id\":\"https:\/\/www.naturparkmagazin.de\/nossentiner-schwinzer-heide\/#website\",\"url\":\"https:\/\/www.naturparkmagazin.de\/nossentiner-schwinzer-heide\/\",\"name\":\"Naturpark Nossentiner\/Schwinzer Heide\",\"description\":\"\",\"potentialAction\":[{\"@type\":\"SearchAction\",\"target\":{\"@type\":\"EntryPoint\",\"urlTemplate\":\"https:\/\/www.naturparkmagazin.de\/nossentiner-schwinzer-heide\/?s={search_term_string}\"},\"query-input\":\"required name=search_term_string\"}],\"inLanguage\":\"de\"},{\"@type\":\"Person\",\"@id\":\"\",\"url\":\"https:\/\/www.naturparkmagazin.de\/nossentiner-schwinzer-heide\/author\/\"}]}<\/script>\n<!-- \/ Yoast SEO plugin. -->","yoast_head_json":{"title":"Aus dem Leben des Grauen Kranichs - Naturpark Nossentiner\/Schwinzer Heide","robots":{"index":"index","follow":"follow","max-snippet":"max-snippet:-1","max-image-preview":"max-image-preview:large","max-video-preview":"max-video-preview:-1"},"canonical":"https:\/\/www.naturparkmagazin.de\/nossentiner-schwinzer-heide\/aus-dem-leben-des-grauen-kranichs\/","og_locale":"de_DE","og_type":"article","og_title":"Aus dem Leben des Grauen Kranichs - Naturpark Nossentiner\/Schwinzer Heide","og_description":"Zu einem Vortrag mit anschlie\u00dfender Exkursion zu einem Kranichschlafplatz sind alle Interessenten am Dienstag, den 22. September von 17 bis 21 Uhr eingeladen. Dr. Wolfgang Mewes, einer der versiertesten Kenner dieser majest\u00e4tischen Vogelart ist Referent und Exkursionsf\u00fchrer an diesem Tag. Treffpunkt ist der Karower Meiler.","og_url":"https:\/\/www.naturparkmagazin.de\/nossentiner-schwinzer-heide\/aus-dem-leben-des-grauen-kranichs\/","og_site_name":"Naturpark Nossentiner\/Schwinzer Heide","article_published_time":"2015-08-18T12:43:16+00:00","article_modified_time":"2015-08-24T12:03:27+00:00","og_image":[{"url":"https:\/\/www.naturparkmagazin.de\/nossentiner-schwinzer-heide\/wp-content\/uploads\/sites\/28\/DSC_6982_bearbeitet-1.jpg"}],"twitter_misc":{"Verfasst von":"","Gesch\u00e4tzte Lesezeit":"1\u00a0Minute"},"schema":{"@context":"https:\/\/schema.org","@graph":[{"@type":"WebPage","@id":"https:\/\/www.naturparkmagazin.de\/nossentiner-schwinzer-heide\/aus-dem-leben-des-grauen-kranichs\/","url":"https:\/\/www.naturparkmagazin.de\/nossentiner-schwinzer-heide\/aus-dem-leben-des-grauen-kranichs\/","name":"Aus dem Leben des Grauen Kranichs - Naturpark Nossentiner\/Schwinzer Heide","isPartOf":{"@id":"https:\/\/www.naturparkmagazin.de\/nossentiner-schwinzer-heide\/#website"},"datePublished":"2015-08-18T12:43:16+00:00","dateModified":"2015-08-24T12:03:27+00:00","author":{"@id":""},"breadcrumb":{"@id":"https:\/\/www.naturparkmagazin.de\/nossentiner-schwinzer-heide\/aus-dem-leben-des-grauen-kranichs\/#breadcrumb"},"inLanguage":"de","potentialAction":[{"@type":"ReadAction","target":["https:\/\/www.naturparkmagazin.de\/nossentiner-schwinzer-heide\/aus-dem-leben-des-grauen-kranichs\/"]}]},{"@type":"BreadcrumbList","@id":"https:\/\/www.naturparkmagazin.de\/nossentiner-schwinzer-heide\/aus-dem-leben-des-grauen-kranichs\/#breadcrumb","itemListElement":[{"@type":"ListItem","position":1,"name":"Home","item":"https:\/\/www.naturparkmagazin.de\/nossentiner-schwinzer-heide\/"},{"@type":"ListItem","position":2,"name":"Aus dem Leben des Grauen Kranichs"}]},{"@type":"WebSite","@id":"https:\/\/www.naturparkmagazin.de\/nossentiner-schwinzer-heide\/#website","url":"https:\/\/www.naturparkmagazin.de\/nossentiner-schwinzer-heide\/","name":"Naturpark Nossentiner\/Schwinzer Heide","description":"","potentialAction":[{"@type":"SearchAction","target":{"@type":"EntryPoint","urlTemplate":"https:\/\/www.naturparkmagazin.de\/nossentiner-schwinzer-heide\/?s={search_term_string}"},"query-input":"required name=search_term_string"}],"inLanguage":"de"},{"@type":"Person","@id":"","url":"https:\/\/www.naturparkmagazin.de\/nossentiner-schwinzer-heide\/author\/"}]}},"_links":{"self":[{"href":"https:\/\/www.naturparkmagazin.de\/nossentiner-schwinzer-heide\/wp-json\/wp\/v2\/posts\/790"}],"collection":[{"href":"https:\/\/www.naturparkmagazin.de\/nossentiner-schwinzer-heide\/wp-json\/wp\/v2\/posts"}],"about":[{"href":"https:\/\/www.naturparkmagazin.de\/nossentiner-schwinzer-heide\/wp-json\/wp\/v2\/types\/post"}],"author":[{"embeddable":true,"href":"https:\/\/www.naturparkmagazin.de\/nossentiner-schwinzer-heide\/wp-json\/wp\/v2\/users\/28"}],"replies":[{"embeddable":true,"href":"https:\/\/www.naturparkmagazin.de\/nossentiner-schwinzer-heide\/wp-json\/wp\/v2\/comments?post=790"}],"version-history":[{"count":1,"href":"https:\/\/www.naturparkmagazin.de\/nossentiner-schwinzer-heide\/wp-json\/wp\/v2\/posts\/790\/revisions"}],"predecessor-version":[{"id":793,"href":"https:\/\/www.naturparkmagazin.de\/nossentiner-schwinzer-heide\/wp-json\/wp\/v2\/posts\/790\/revisions\/793"}],"wp:attachment":[{"href":"https:\/\/www.naturparkmagazin.de\/nossentiner-schwinzer-heide\/wp-json\/wp\/v2\/media?parent=790"}],"wp:term":[{"taxonomy":"category","embeddable":true,"href":"https:\/\/www.naturparkmagazin.de\/nossentiner-schwinzer-heide\/wp-json\/wp\/v2\/categories?post=790"},{"taxonomy":"post_tag","embeddable":true,"href":"https:\/\/www.naturparkmagazin.de\/nossentiner-schwinzer-heide\/wp-json\/wp\/v2\/tags?post=790"}],"curies":[{"name":"wp","href":"https:\/\/api.w.org\/{rel}","templated":true}]}}