{"id":810,"date":"2015-10-21T13:02:05","date_gmt":"2015-10-21T11:02:05","guid":{"rendered":"http:\/\/www.naturparkmagazin.de\/nossentiner-schwinzer-heide\/?p=810"},"modified":"2015-10-28T13:32:14","modified_gmt":"2015-10-28T12:32:14","slug":"25-jahre-naturpark-15-jahre-karower-meiler","status":"publish","type":"post","link":"https:\/\/www.naturparkmagazin.de\/nossentiner-schwinzer-heide\/25-jahre-naturpark-15-jahre-karower-meiler\/","title":{"rendered":"25 Jahre Naturpark &#8211; 15 Jahre Karower Meiler"},"content":{"rendered":"<div id=\"attachment_813\" style=\"width: 510px\" class=\"wp-caption aligncenter\"><a href=\"https:\/\/www.naturparkmagazin.de\/nossentiner-schwinzer-heide\/wp-content\/uploads\/sites\/28\/NSG-NU22-2_beitrags.jpg\"><img aria-describedby=\"caption-attachment-813\" decoding=\"async\" loading=\"lazy\" class=\"size-full wp-image-813\" src=\"https:\/\/www.naturparkmagazin.de\/nossentiner-schwinzer-heide\/wp-content\/uploads\/sites\/28\/NSG-NU22-2_beitrags.jpg\" alt=\"Copyright: Udo Steinh\u00e4user\" width=\"500\" height=\"300\" srcset=\"https:\/\/www.naturparkmagazin.de\/nossentiner-schwinzer-heide\/wp-content\/uploads\/sites\/28\/NSG-NU22-2_beitrags.jpg 500w, https:\/\/www.naturparkmagazin.de\/nossentiner-schwinzer-heide\/wp-content\/uploads\/sites\/28\/NSG-NU22-2_beitrags-300x180.jpg 300w, https:\/\/www.naturparkmagazin.de\/nossentiner-schwinzer-heide\/wp-content\/uploads\/sites\/28\/NSG-NU22-2_beitrags-200x120.jpg 200w\" sizes=\"(max-width: 500px) 100vw, 500px\" \/><\/a><p id=\"caption-attachment-813\" class=\"wp-caption-text\">Copyright: Udo Steinh\u00e4user<\/p><\/div>\n<p>Anfang 1990 begann die Planung f\u00fcr den Naturpark Nossentiner\/Schwinzer Heide. Unter dem damaligen (16.03.1990) Planungsnamen Naturpark \u201cKrakower Seenlandschaft\u201d wurden erste \u00dcberlegungen zur Festsetzung des Gebietes als Naturpark angestellt. Mit der Entscheidung Nr. 22\/90 der damaligen Regierungsbevollm\u00e4chtigten f\u00fcr die Bezirke Schwerin bzw. Neubrandenburg am 24.09.1990 wurde ein wichtiger Schritt zur Sicherung des Gro\u00dfschutzgebietes getan. Diese Entscheidung beinhaltet auch die Errichtung einer Naturparkverwaltung.<\/p>\n<p>Das ist nun 25 Jahre her. Mit einer kleinen Exkursion und einem Kolloquium h\u00e4lt der Naturpark Nossentiner\/Schwinzer Heide am Mittwoch, den 04.11.2015 von 08:00 bis ca. 17:00 Uhr im Kultur- und Informationszentrum &#8222;Karower Meiler&#8220; R\u00fcckschau auf diese ereignisreiche Zeit.<\/p>\n<div id=\"attachment_816\" style=\"width: 510px\" class=\"wp-caption aligncenter\"><a href=\"https:\/\/www.naturparkmagazin.de\/nossentiner-schwinzer-heide\/wp-content\/uploads\/sites\/28\/impression15.jpg\"><img aria-describedby=\"caption-attachment-816\" decoding=\"async\" loading=\"lazy\" class=\"size-full wp-image-816\" src=\"https:\/\/www.naturparkmagazin.de\/nossentiner-schwinzer-heide\/wp-content\/uploads\/sites\/28\/impression15.jpg\" alt=\"Kultur- und Informations\u00adzentrum Karower Meiler - Copyright: Naturpark Nossentine\/Schwinzer Heide\" width=\"500\" height=\"300\" srcset=\"https:\/\/www.naturparkmagazin.de\/nossentiner-schwinzer-heide\/wp-content\/uploads\/sites\/28\/impression15.jpg 500w, https:\/\/www.naturparkmagazin.de\/nossentiner-schwinzer-heide\/wp-content\/uploads\/sites\/28\/impression15-300x180.jpg 300w, https:\/\/www.naturparkmagazin.de\/nossentiner-schwinzer-heide\/wp-content\/uploads\/sites\/28\/impression15-200x120.jpg 200w\" sizes=\"(max-width: 500px) 100vw, 500px\" \/><\/a><p id=\"caption-attachment-816\" class=\"wp-caption-text\">Kultur- und Informations\u00adzentrum Karower Meiler &#8211; Copyright: Naturpark Nossentine\/Schwinzer Heide<\/p><\/div>\n<p>&nbsp;<\/p>\n<p>Das Kultur- und Informationszentrum &#8222;Karower Meiler&#8220; kann im Oktober 2015 auf f\u00fcnfzehn Jahre seines Bestehens verweisen.Viele tausend G\u00e4ste informierten sich in dieser Zeit \u00fcber Land und Leute oder nutzten den Karower Meiler mit seinen verschiedensten Veranstaltungen. Hier tauschten sich Wissenschaftler auf Kolloquien aus, Maler und Fotografen pr\u00e4sentierten ihre Werke, Politiker trafen sich zu Gespr\u00e4chsrunden, Musiker gaben Konzerte und nicht zuletzt sind es wissenschaftliche oder popul\u00e4rwissenschaftliche Vortr\u00e4ge die immer neue G\u00e4ste anlocken.<\/p>\n<p>Viele Partner und Freunde haben in den vergangenen Jahren die Ma\u00dfnahmen und Projekte des Naturparks und die seines \u00fcberaus aktiven F\u00f6rdervereins, der im n\u00e4chsten Jahr sein 25-j\u00e4hriges Bestehen feiert, unterst\u00fctzt. Daf\u00fcr gilt es Dank zu sagen und \u00fcber aktuelle Entwicklungen und Projekte zu sprechen und sich dar\u00fcber auszutauschen.<\/p>\n<p>&nbsp;<\/p>\n","protected":false},"excerpt":{"rendered":"<p>Mit einer kleinen Exkursion und einem Kolloquium h\u00e4lt der Naturpark Nossentiner\/Schwinzer Heide am 4. November im Kultur- und Informationszentrum &#8222;Karower Meiler&#8220; R\u00fcckschau auf 25 Jahre ereignisreicher Naturparkarbeit.<\/p>\n","protected":false},"author":51,"featured_media":814,"comment_status":"open","ping_status":"open","sticky":false,"template":"","format":"standard","meta":[],"categories":[7],"tags":[],"yoast_head":"<!-- This site is optimized with the Yoast SEO plugin v19.10 - https:\/\/yoast.com\/wordpress\/plugins\/seo\/ -->\n<title>25 Jahre Naturpark - 15 Jahre Karower Meiler - Naturpark Nossentiner\/Schwinzer Heide<\/title>\n<meta name=\"robots\" content=\"index, follow, max-snippet:-1, max-image-preview:large, max-video-preview:-1\" \/>\n<link rel=\"canonical\" href=\"https:\/\/www.naturparkmagazin.de\/nossentiner-schwinzer-heide\/25-jahre-naturpark-15-jahre-karower-meiler\/\" \/>\n<meta property=\"og:locale\" content=\"de_DE\" \/>\n<meta property=\"og:type\" content=\"article\" \/>\n<meta property=\"og:title\" content=\"25 Jahre Naturpark - 15 Jahre Karower Meiler - Naturpark Nossentiner\/Schwinzer Heide\" \/>\n<meta property=\"og:description\" content=\"Mit einer kleinen Exkursion und einem Kolloquium h\u00e4lt der Naturpark Nossentiner\/Schwinzer Heide am 4. November im Kultur- und Informationszentrum &quot;Karower Meiler&quot; R\u00fcckschau auf 25 Jahre ereignisreicher Naturparkarbeit.\" \/>\n<meta property=\"og:url\" content=\"https:\/\/www.naturparkmagazin.de\/nossentiner-schwinzer-heide\/25-jahre-naturpark-15-jahre-karower-meiler\/\" \/>\n<meta property=\"og:site_name\" content=\"Naturpark Nossentiner\/Schwinzer Heide\" \/>\n<meta property=\"article:published_time\" content=\"2015-10-21T11:02:05+00:00\" \/>\n<meta property=\"article:modified_time\" content=\"2015-10-28T12:32:14+00:00\" \/>\n<meta property=\"og:image\" content=\"https:\/\/www.naturparkmagazin.de\/nossentiner-schwinzer-heide\/wp-content\/uploads\/sites\/28\/NSG-NU22-2_beitragsbild.jpg\" \/>\n\t<meta property=\"og:image:width\" content=\"200\" \/>\n\t<meta property=\"og:image:height\" content=\"200\" \/>\n\t<meta property=\"og:image:type\" content=\"image\/jpeg\" \/>\n<meta name=\"author\" content=\"beatrixlosem\" \/>\n<meta name=\"twitter:label1\" content=\"Verfasst von\" \/>\n\t<meta name=\"twitter:data1\" content=\"beatrixlosem\" \/>\n\t<meta name=\"twitter:label2\" content=\"Gesch\u00e4tzte Lesezeit\" \/>\n\t<meta name=\"twitter:data2\" content=\"1\u00a0Minute\" \/>\n<script type=\"application\/ld+json\" class=\"yoast-schema-graph\">{\"@context\":\"https:\/\/schema.org\",\"@graph\":[{\"@type\":\"WebPage\",\"@id\":\"https:\/\/www.naturparkmagazin.de\/nossentiner-schwinzer-heide\/25-jahre-naturpark-15-jahre-karower-meiler\/\",\"url\":\"https:\/\/www.naturparkmagazin.de\/nossentiner-schwinzer-heide\/25-jahre-naturpark-15-jahre-karower-meiler\/\",\"name\":\"25 Jahre Naturpark - 15 Jahre Karower Meiler - Naturpark Nossentiner\/Schwinzer Heide\",\"isPartOf\":{\"@id\":\"https:\/\/www.naturparkmagazin.de\/nossentiner-schwinzer-heide\/#website\"},\"datePublished\":\"2015-10-21T11:02:05+00:00\",\"dateModified\":\"2015-10-28T12:32:14+00:00\",\"author\":{\"@id\":\"https:\/\/www.naturparkmagazin.de\/nossentiner-schwinzer-heide\/#\/schema\/person\/d71357578c318b6db03be60b1f60396b\"},\"breadcrumb\":{\"@id\":\"https:\/\/www.naturparkmagazin.de\/nossentiner-schwinzer-heide\/25-jahre-naturpark-15-jahre-karower-meiler\/#breadcrumb\"},\"inLanguage\":\"de\",\"potentialAction\":[{\"@type\":\"ReadAction\",\"target\":[\"https:\/\/www.naturparkmagazin.de\/nossentiner-schwinzer-heide\/25-jahre-naturpark-15-jahre-karower-meiler\/\"]}]},{\"@type\":\"BreadcrumbList\",\"@id\":\"https:\/\/www.naturparkmagazin.de\/nossentiner-schwinzer-heide\/25-jahre-naturpark-15-jahre-karower-meiler\/#breadcrumb\",\"itemListElement\":[{\"@type\":\"ListItem\",\"position\":1,\"name\":\"Home\",\"item\":\"https:\/\/www.naturparkmagazin.de\/nossentiner-schwinzer-heide\/\"},{\"@type\":\"ListItem\",\"position\":2,\"name\":\"25 Jahre Naturpark &#8211; 15 Jahre Karower Meiler\"}]},{\"@type\":\"WebSite\",\"@id\":\"https:\/\/www.naturparkmagazin.de\/nossentiner-schwinzer-heide\/#website\",\"url\":\"https:\/\/www.naturparkmagazin.de\/nossentiner-schwinzer-heide\/\",\"name\":\"Naturpark Nossentiner\/Schwinzer Heide\",\"description\":\"\",\"potentialAction\":[{\"@type\":\"SearchAction\",\"target\":{\"@type\":\"EntryPoint\",\"urlTemplate\":\"https:\/\/www.naturparkmagazin.de\/nossentiner-schwinzer-heide\/?s={search_term_string}\"},\"query-input\":\"required name=search_term_string\"}],\"inLanguage\":\"de\"},{\"@type\":\"Person\",\"@id\":\"https:\/\/www.naturparkmagazin.de\/nossentiner-schwinzer-heide\/#\/schema\/person\/d71357578c318b6db03be60b1f60396b\",\"name\":\"beatrixlosem\",\"url\":\"https:\/\/www.naturparkmagazin.de\/nossentiner-schwinzer-heide\/author\/beatrixlosem\/\"}]}<\/script>\n<!-- \/ Yoast SEO plugin. -->","yoast_head_json":{"title":"25 Jahre Naturpark - 15 Jahre Karower Meiler - Naturpark Nossentiner\/Schwinzer Heide","robots":{"index":"index","follow":"follow","max-snippet":"max-snippet:-1","max-image-preview":"max-image-preview:large","max-video-preview":"max-video-preview:-1"},"canonical":"https:\/\/www.naturparkmagazin.de\/nossentiner-schwinzer-heide\/25-jahre-naturpark-15-jahre-karower-meiler\/","og_locale":"de_DE","og_type":"article","og_title":"25 Jahre Naturpark - 15 Jahre Karower Meiler - Naturpark Nossentiner\/Schwinzer Heide","og_description":"Mit einer kleinen Exkursion und einem Kolloquium h\u00e4lt der Naturpark Nossentiner\/Schwinzer Heide am 4. November im Kultur- und Informationszentrum \"Karower Meiler\" R\u00fcckschau auf 25 Jahre ereignisreicher Naturparkarbeit.","og_url":"https:\/\/www.naturparkmagazin.de\/nossentiner-schwinzer-heide\/25-jahre-naturpark-15-jahre-karower-meiler\/","og_site_name":"Naturpark Nossentiner\/Schwinzer Heide","article_published_time":"2015-10-21T11:02:05+00:00","article_modified_time":"2015-10-28T12:32:14+00:00","og_image":[{"width":200,"height":200,"url":"https:\/\/www.naturparkmagazin.de\/nossentiner-schwinzer-heide\/wp-content\/uploads\/sites\/28\/NSG-NU22-2_beitragsbild.jpg","type":"image\/jpeg"}],"author":"beatrixlosem","twitter_misc":{"Verfasst von":"beatrixlosem","Gesch\u00e4tzte Lesezeit":"1\u00a0Minute"},"schema":{"@context":"https:\/\/schema.org","@graph":[{"@type":"WebPage","@id":"https:\/\/www.naturparkmagazin.de\/nossentiner-schwinzer-heide\/25-jahre-naturpark-15-jahre-karower-meiler\/","url":"https:\/\/www.naturparkmagazin.de\/nossentiner-schwinzer-heide\/25-jahre-naturpark-15-jahre-karower-meiler\/","name":"25 Jahre Naturpark - 15 Jahre Karower Meiler - Naturpark Nossentiner\/Schwinzer Heide","isPartOf":{"@id":"https:\/\/www.naturparkmagazin.de\/nossentiner-schwinzer-heide\/#website"},"datePublished":"2015-10-21T11:02:05+00:00","dateModified":"2015-10-28T12:32:14+00:00","author":{"@id":"https:\/\/www.naturparkmagazin.de\/nossentiner-schwinzer-heide\/#\/schema\/person\/d71357578c318b6db03be60b1f60396b"},"breadcrumb":{"@id":"https:\/\/www.naturparkmagazin.de\/nossentiner-schwinzer-heide\/25-jahre-naturpark-15-jahre-karower-meiler\/#breadcrumb"},"inLanguage":"de","potentialAction":[{"@type":"ReadAction","target":["https:\/\/www.naturparkmagazin.de\/nossentiner-schwinzer-heide\/25-jahre-naturpark-15-jahre-karower-meiler\/"]}]},{"@type":"BreadcrumbList","@id":"https:\/\/www.naturparkmagazin.de\/nossentiner-schwinzer-heide\/25-jahre-naturpark-15-jahre-karower-meiler\/#breadcrumb","itemListElement":[{"@type":"ListItem","position":1,"name":"Home","item":"https:\/\/www.naturparkmagazin.de\/nossentiner-schwinzer-heide\/"},{"@type":"ListItem","position":2,"name":"25 Jahre Naturpark &#8211; 15 Jahre Karower Meiler"}]},{"@type":"WebSite","@id":"https:\/\/www.naturparkmagazin.de\/nossentiner-schwinzer-heide\/#website","url":"https:\/\/www.naturparkmagazin.de\/nossentiner-schwinzer-heide\/","name":"Naturpark Nossentiner\/Schwinzer Heide","description":"","potentialAction":[{"@type":"SearchAction","target":{"@type":"EntryPoint","urlTemplate":"https:\/\/www.naturparkmagazin.de\/nossentiner-schwinzer-heide\/?s={search_term_string}"},"query-input":"required name=search_term_string"}],"inLanguage":"de"},{"@type":"Person","@id":"https:\/\/www.naturparkmagazin.de\/nossentiner-schwinzer-heide\/#\/schema\/person\/d71357578c318b6db03be60b1f60396b","name":"beatrixlosem","url":"https:\/\/www.naturparkmagazin.de\/nossentiner-schwinzer-heide\/author\/beatrixlosem\/"}]}},"_links":{"self":[{"href":"https:\/\/www.naturparkmagazin.de\/nossentiner-schwinzer-heide\/wp-json\/wp\/v2\/posts\/810"}],"collection":[{"href":"https:\/\/www.naturparkmagazin.de\/nossentiner-schwinzer-heide\/wp-json\/wp\/v2\/posts"}],"about":[{"href":"https:\/\/www.naturparkmagazin.de\/nossentiner-schwinzer-heide\/wp-json\/wp\/v2\/types\/post"}],"author":[{"embeddable":true,"href":"https:\/\/www.naturparkmagazin.de\/nossentiner-schwinzer-heide\/wp-json\/wp\/v2\/users\/51"}],"replies":[{"embeddable":true,"href":"https:\/\/www.naturparkmagazin.de\/nossentiner-schwinzer-heide\/wp-json\/wp\/v2\/comments?post=810"}],"version-history":[{"count":4,"href":"https:\/\/www.naturparkmagazin.de\/nossentiner-schwinzer-heide\/wp-json\/wp\/v2\/posts\/810\/revisions"}],"predecessor-version":[{"id":812,"href":"https:\/\/www.naturparkmagazin.de\/nossentiner-schwinzer-heide\/wp-json\/wp\/v2\/posts\/810\/revisions\/812"}],"wp:featuredmedia":[{"embeddable":true,"href":"https:\/\/www.naturparkmagazin.de\/nossentiner-schwinzer-heide\/wp-json\/wp\/v2\/media\/814"}],"wp:attachment":[{"href":"https:\/\/www.naturparkmagazin.de\/nossentiner-schwinzer-heide\/wp-json\/wp\/v2\/media?parent=810"}],"wp:term":[{"taxonomy":"category","embeddable":true,"href":"https:\/\/www.naturparkmagazin.de\/nossentiner-schwinzer-heide\/wp-json\/wp\/v2\/categories?post=810"},{"taxonomy":"post_tag","embeddable":true,"href":"https:\/\/www.naturparkmagazin.de\/nossentiner-schwinzer-heide\/wp-json\/wp\/v2\/tags?post=810"}],"curies":[{"name":"wp","href":"https:\/\/api.w.org\/{rel}","templated":true}]}}