{"id":835,"date":"2015-11-17T13:41:39","date_gmt":"2015-11-17T12:41:39","guid":{"rendered":"http:\/\/www.naturparkmagazin.de\/nossentiner-schwinzer-heide\/?p=835"},"modified":"2015-11-20T12:56:46","modified_gmt":"2015-11-20T11:56:46","slug":"25-jahre-naturpark","status":"publish","type":"post","link":"https:\/\/www.naturparkmagazin.de\/nossentiner-schwinzer-heide\/25-jahre-naturpark\/","title":{"rendered":"25 Jahre Naturpark"},"content":{"rendered":"<p>Vor 25 Jahren hatte der Naturpark Nossentiner\/Schwinzer Heide seine Geburtsstunde, nur zehn Jahre sp\u00e4ter wurde am Standort seiner Verwaltung das Ausstellungszentrum \u201eKarower Meiler\u201c errichtet. Dr. Wolfgang Mewes, erster Leiter des Naturparks (1990 bis 2005) erinnert sich gern zur\u00fcck. \u201eEs waren wilde Zeiten damals\u201c, sagt er \u201eaber sie waren toll, denn wir konnten gestalten.\u201c<\/p>\n<div id=\"attachment_864\" style=\"width: 190px\" class=\"wp-caption alignnone\"><a href=\"https:\/\/www.naturparkmagazin.de\/nossentiner-schwinzer-heide\/wp-content\/uploads\/sites\/28\/Linstower-Werder-Foto-J\u00f6rg-Gast.jpg\"><img aria-describedby=\"caption-attachment-864\" decoding=\"async\" loading=\"lazy\" class=\"size-full wp-image-864\" src=\"https:\/\/www.naturparkmagazin.de\/nossentiner-schwinzer-heide\/wp-content\/uploads\/sites\/28\/Linstower-Werder-Foto-J\u00f6rg-Gast.jpg\" alt=\"F\u00e4chennaturdenkmal Linstower Werder\" width=\"180\" height=\"135\" srcset=\"https:\/\/www.naturparkmagazin.de\/nossentiner-schwinzer-heide\/wp-content\/uploads\/sites\/28\/Linstower-Werder-Foto-J\u00f6rg-Gast.jpg 180w, https:\/\/www.naturparkmagazin.de\/nossentiner-schwinzer-heide\/wp-content\/uploads\/sites\/28\/Linstower-Werder-Foto-J\u00f6rg-Gast-95x71.jpg 95w\" sizes=\"(max-width: 180px) 100vw, 180px\" \/><\/a><p id=\"caption-attachment-864\" class=\"wp-caption-text\">F\u00e4chennaturdenkmal Linstower Werder<\/p><\/div>\n<p>Im Januar 1990 starteten der Karower, der weit \u00fcber die Region hinaus als Kranichdoktor bekannt ist, und sein Aufbaustab erste Initiativen, um die urspr\u00fcngliche Idee, ein Verbundsystem von Feuchtgebieten zu schaffen, umzusetzen. Mit Krakower See, Drewitzer See, Nordufer Plauer See, Damerower und Goldberger See gelang das. Als keine zwei Monate sp\u00e4ter das Nationalparkprogramm der DDR verabschiedet wurde, wies es bereits den heutigen Naturpark aus \u2013 damals allerdings noch unter dem Namen \u201eKrakower Seenlandschaft\u201c. Die Bezirksverwaltung Schwerin hatte den Hut auf, denn L\u00e4nder gab\u2019s noch nicht. \u201eWenn dann Vorschl\u00e4ge von der Basis kamen, wurden die nur so aufgesogen\u201c, erinnert sich der inzwischen pensionierte, fr\u00fchere Lehrer.<\/p>\n<p>Da digitale Technik und Internet ungef\u00e4hr so greifbar waren, wie \u201eStar Wars\u201c Realit\u00e4t ist, machten sich die lokalen Kenner der Landschaften daran, eigene Karten zu zeichnen und Kopien zu ziehen. Touristenzentren, Ferieneinrichtungen, Fischereien, landwirtschaftliche Fl\u00e4chen, Siedlungen, Denkmale, Flora, Fauna \u2013 was ging, wurde erfasst und textlich erl\u00e4utert. Nach nur weiteren sechs Monaten war am 24. September 1990 mit der Festsetzung des \u201eNaturparks Nossentiner\/Schwinzer Heide\u201c auf 32\u00a0000 Hektar seine Unterschutzstellung perfekt. Hinzu kamen acht neue bzw. erweiterte alte Naturschutzgebiete (NSG) von nochmal 3725 Hektar. Inzwischen genie\u00dfen 16 NSG innerhalb des Parks besonderen Schutz. \u201eNoch heute bin ich froh, dass wir die Anerkennung vor dem 3. Oktober bekamen, wir unseren Park gesichert hatten, bevor westdeutsches Recht galt\u201c, so Mewes.<\/p>\n<div id=\"attachment_863\" style=\"width: 510px\" class=\"wp-caption alignnone\"><a href=\"https:\/\/www.naturparkmagazin.de\/nossentiner-schwinzer-heide\/wp-content\/uploads\/sites\/28\/Karower-Meiler_0193-Foto-J\u00f6rg-Gast.jpg\"><img aria-describedby=\"caption-attachment-863\" decoding=\"async\" loading=\"lazy\" class=\"size-full wp-image-863\" src=\"https:\/\/www.naturparkmagazin.de\/nossentiner-schwinzer-heide\/wp-content\/uploads\/sites\/28\/Karower-Meiler_0193-Foto-J\u00f6rg-Gast.jpg\" alt=\"Das Kultur- und Informationszentrum Karower Meiler\" width=\"500\" height=\"300\" srcset=\"https:\/\/www.naturparkmagazin.de\/nossentiner-schwinzer-heide\/wp-content\/uploads\/sites\/28\/Karower-Meiler_0193-Foto-J\u00f6rg-Gast.jpg 500w, https:\/\/www.naturparkmagazin.de\/nossentiner-schwinzer-heide\/wp-content\/uploads\/sites\/28\/Karower-Meiler_0193-Foto-J\u00f6rg-Gast-300x180.jpg 300w, https:\/\/www.naturparkmagazin.de\/nossentiner-schwinzer-heide\/wp-content\/uploads\/sites\/28\/Karower-Meiler_0193-Foto-J\u00f6rg-Gast-200x120.jpg 200w\" sizes=\"(max-width: 500px) 100vw, 500px\" \/><\/a><p id=\"caption-attachment-863\" class=\"wp-caption-text\">Das Kultur- und Informationszentrum Karower Meiler<\/p><\/div>\n<p>Sitz der Naturparkverwaltung ist seit 24 Jahren nur einen Steinwurf von Karow entfernt, dort wo seit 15 Jahren auch das Ausstellungszentrum Karower Meiler Besucher mit einer st\u00e4ndigen und regelm\u00e4\u00dfig wechselnden Ausstellungen begeistert. Urspr\u00fcnglich Ziegelei, war das Fachwerkhaus sp\u00e4ter F\u00f6rsterei, dann Wohnhaus und schlie\u00dflich Stasi-Objekt. Heute ist es ein kleines Schmuckst\u00fcck am s\u00fcdlichsten Zipfel des Naturparks. Selbst die Kunststofffenster wusste Mewes, der als erster Naturparkleiter noch von einem kleinen B\u00fcro auf dem Gut Karow agierte, erfolgreich zu verhindern.<\/p>\n<p>Fr\u00fch schl\u00fcpften die Karower in die Vorreiterrolle, entwickelten abseits von Zweckverb\u00e4nden, Landkreisen oder Forstverwaltungen als Tr\u00e4ger ein Naturparkmodell, das andere Regionen sp\u00e4ter vielfach \u00fcbernahmen. \u201eWir wollten mehr als nur B\u00e4nke aufstellen, hatten ganz einfach Ziele und nutzten die sich bietenden M\u00f6glichkeiten\u201c, erkl\u00e4rt Mewes. \u201eWenn andere noch \u00fcberlegten, welche Wege sie anlegen, ob sie Info-Tafeln aufstellen und wie sie Eingangsbereiche gestalten sollten, machten wir es einfach.\u201c Die Naturparkverwaltung brachte eine Vielzahl von Projekten auf den Weg, in denen allein in den Jahren 1991 bis 1995 insgesamt 85 ABM besch\u00e4ftigt waren. Dokumentationen z\u00e4hlten zu ihren Aufgaben ebenso wie Konzeptionen zur \u00f6kologischen Landentwicklung, Umwelterziehung, Fremdenf\u00fchrung und die gesamte Bandbreite der Naturparkwacht. Nicht zu vergessen die Projekte in der Landschaftspflege mit allein 41 ABM. Eine gro\u00dfe Herausforderung, die Dr. Wolfgang Mewes zusammen mit J\u00f6rg Gast (seit 2005 Leiter der Naturparkverwaltung) und Ralf Koch (dessen Stellvertreter und Gesch\u00e4ftsf\u00fchrer des F\u00f6rdervereins Naturpark) meisterte. Zum Meilenstein wurde schlie\u00dflich auch die Verwaltungsvereinbarung zwischen dem Land und den Landkreisen Mecklenburgische Seenplatte, Ludwigslust-Parchim und Rostock, die Tr\u00e4ger des Parks sind. Unterst\u00fctzung kommt von Beginn an durch den F\u00f6rderverein, der selbst Tr\u00e4ger vieler Projekte ist.<\/p>\n<p>Die wilden Zeiten von einst sind vorbei. Heute z\u00e4hlt die Truppe um J\u00f6rg Gast und Ralf Koch nicht mehr 40 Mann wie in \u201ebesten Zeiten\u201c, sondern sechs. Die aber werden nicht m\u00fcde, Projekte weiterzuf\u00fchren und neue aufzulegen, die den Naturpark in seiner Pracht auch f\u00fcr sp\u00e4tere Generationen sichert.<\/p>\n<p>Simone Herbst, SVZ<\/p>\n","protected":false},"excerpt":{"rendered":"<p>Vor 25 Jahren hatte der Naturpark Nossentiner\/Schwinzer Heide seine Geburtsstunde, nur zehn Jahre sp\u00e4ter wurde am Standort seiner Verwaltung das Ausstellungszentrum \u201eKarower Meiler\u201c errichtet.<\/p>\n","protected":false},"author":28,"featured_media":0,"comment_status":"open","ping_status":"open","sticky":false,"template":"","format":"link","meta":[],"categories":[1,7],"tags":[],"yoast_head":"<!-- This site is optimized with the Yoast SEO plugin v19.10 - https:\/\/yoast.com\/wordpress\/plugins\/seo\/ -->\n<title>25 Jahre Naturpark - Naturpark Nossentiner\/Schwinzer Heide<\/title>\n<meta name=\"robots\" content=\"index, follow, max-snippet:-1, max-image-preview:large, max-video-preview:-1\" \/>\n<link rel=\"canonical\" href=\"https:\/\/www.naturparkmagazin.de\/nossentiner-schwinzer-heide\/25-jahre-naturpark\/\" \/>\n<meta property=\"og:locale\" content=\"de_DE\" \/>\n<meta property=\"og:type\" content=\"article\" \/>\n<meta property=\"og:title\" content=\"25 Jahre Naturpark - Naturpark Nossentiner\/Schwinzer Heide\" \/>\n<meta property=\"og:description\" content=\"Vor 25 Jahren hatte der Naturpark Nossentiner\/Schwinzer Heide seine Geburtsstunde, nur zehn Jahre sp\u00e4ter wurde am Standort seiner Verwaltung das Ausstellungszentrum \u201eKarower Meiler\u201c errichtet.\" \/>\n<meta property=\"og:url\" content=\"https:\/\/www.naturparkmagazin.de\/nossentiner-schwinzer-heide\/25-jahre-naturpark\/\" \/>\n<meta property=\"og:site_name\" content=\"Naturpark Nossentiner\/Schwinzer Heide\" \/>\n<meta property=\"article:published_time\" content=\"2015-11-17T12:41:39+00:00\" \/>\n<meta property=\"article:modified_time\" content=\"2015-11-20T11:56:46+00:00\" \/>\n<meta name=\"twitter:label1\" content=\"Verfasst von\" \/>\n\t<meta name=\"twitter:data1\" content=\"\" \/>\n\t<meta name=\"twitter:label2\" content=\"Gesch\u00e4tzte Lesezeit\" \/>\n\t<meta name=\"twitter:data2\" content=\"3\u00a0Minuten\" \/>\n<script type=\"application\/ld+json\" class=\"yoast-schema-graph\">{\"@context\":\"https:\/\/schema.org\",\"@graph\":[{\"@type\":\"WebPage\",\"@id\":\"https:\/\/www.naturparkmagazin.de\/nossentiner-schwinzer-heide\/25-jahre-naturpark\/\",\"url\":\"https:\/\/www.naturparkmagazin.de\/nossentiner-schwinzer-heide\/25-jahre-naturpark\/\",\"name\":\"25 Jahre Naturpark - Naturpark Nossentiner\/Schwinzer Heide\",\"isPartOf\":{\"@id\":\"https:\/\/www.naturparkmagazin.de\/nossentiner-schwinzer-heide\/#website\"},\"datePublished\":\"2015-11-17T12:41:39+00:00\",\"dateModified\":\"2015-11-20T11:56:46+00:00\",\"author\":{\"@id\":\"\"},\"breadcrumb\":{\"@id\":\"https:\/\/www.naturparkmagazin.de\/nossentiner-schwinzer-heide\/25-jahre-naturpark\/#breadcrumb\"},\"inLanguage\":\"de\",\"potentialAction\":[{\"@type\":\"ReadAction\",\"target\":[\"https:\/\/www.naturparkmagazin.de\/nossentiner-schwinzer-heide\/25-jahre-naturpark\/\"]}]},{\"@type\":\"BreadcrumbList\",\"@id\":\"https:\/\/www.naturparkmagazin.de\/nossentiner-schwinzer-heide\/25-jahre-naturpark\/#breadcrumb\",\"itemListElement\":[{\"@type\":\"ListItem\",\"position\":1,\"name\":\"Home\",\"item\":\"https:\/\/www.naturparkmagazin.de\/nossentiner-schwinzer-heide\/\"},{\"@type\":\"ListItem\",\"position\":2,\"name\":\"25 Jahre Naturpark\"}]},{\"@type\":\"WebSite\",\"@id\":\"https:\/\/www.naturparkmagazin.de\/nossentiner-schwinzer-heide\/#website\",\"url\":\"https:\/\/www.naturparkmagazin.de\/nossentiner-schwinzer-heide\/\",\"name\":\"Naturpark Nossentiner\/Schwinzer Heide\",\"description\":\"\",\"potentialAction\":[{\"@type\":\"SearchAction\",\"target\":{\"@type\":\"EntryPoint\",\"urlTemplate\":\"https:\/\/www.naturparkmagazin.de\/nossentiner-schwinzer-heide\/?s={search_term_string}\"},\"query-input\":\"required name=search_term_string\"}],\"inLanguage\":\"de\"},{\"@type\":\"Person\",\"@id\":\"\",\"url\":\"https:\/\/www.naturparkmagazin.de\/nossentiner-schwinzer-heide\/author\/\"}]}<\/script>\n<!-- \/ Yoast SEO plugin. -->","yoast_head_json":{"title":"25 Jahre Naturpark - Naturpark Nossentiner\/Schwinzer Heide","robots":{"index":"index","follow":"follow","max-snippet":"max-snippet:-1","max-image-preview":"max-image-preview:large","max-video-preview":"max-video-preview:-1"},"canonical":"https:\/\/www.naturparkmagazin.de\/nossentiner-schwinzer-heide\/25-jahre-naturpark\/","og_locale":"de_DE","og_type":"article","og_title":"25 Jahre Naturpark - Naturpark Nossentiner\/Schwinzer Heide","og_description":"Vor 25 Jahren hatte der Naturpark Nossentiner\/Schwinzer Heide seine Geburtsstunde, nur zehn Jahre sp\u00e4ter wurde am Standort seiner Verwaltung das Ausstellungszentrum \u201eKarower Meiler\u201c errichtet.","og_url":"https:\/\/www.naturparkmagazin.de\/nossentiner-schwinzer-heide\/25-jahre-naturpark\/","og_site_name":"Naturpark Nossentiner\/Schwinzer Heide","article_published_time":"2015-11-17T12:41:39+00:00","article_modified_time":"2015-11-20T11:56:46+00:00","twitter_misc":{"Verfasst von":"","Gesch\u00e4tzte Lesezeit":"3\u00a0Minuten"},"schema":{"@context":"https:\/\/schema.org","@graph":[{"@type":"WebPage","@id":"https:\/\/www.naturparkmagazin.de\/nossentiner-schwinzer-heide\/25-jahre-naturpark\/","url":"https:\/\/www.naturparkmagazin.de\/nossentiner-schwinzer-heide\/25-jahre-naturpark\/","name":"25 Jahre Naturpark - Naturpark Nossentiner\/Schwinzer Heide","isPartOf":{"@id":"https:\/\/www.naturparkmagazin.de\/nossentiner-schwinzer-heide\/#website"},"datePublished":"2015-11-17T12:41:39+00:00","dateModified":"2015-11-20T11:56:46+00:00","author":{"@id":""},"breadcrumb":{"@id":"https:\/\/www.naturparkmagazin.de\/nossentiner-schwinzer-heide\/25-jahre-naturpark\/#breadcrumb"},"inLanguage":"de","potentialAction":[{"@type":"ReadAction","target":["https:\/\/www.naturparkmagazin.de\/nossentiner-schwinzer-heide\/25-jahre-naturpark\/"]}]},{"@type":"BreadcrumbList","@id":"https:\/\/www.naturparkmagazin.de\/nossentiner-schwinzer-heide\/25-jahre-naturpark\/#breadcrumb","itemListElement":[{"@type":"ListItem","position":1,"name":"Home","item":"https:\/\/www.naturparkmagazin.de\/nossentiner-schwinzer-heide\/"},{"@type":"ListItem","position":2,"name":"25 Jahre Naturpark"}]},{"@type":"WebSite","@id":"https:\/\/www.naturparkmagazin.de\/nossentiner-schwinzer-heide\/#website","url":"https:\/\/www.naturparkmagazin.de\/nossentiner-schwinzer-heide\/","name":"Naturpark Nossentiner\/Schwinzer Heide","description":"","potentialAction":[{"@type":"SearchAction","target":{"@type":"EntryPoint","urlTemplate":"https:\/\/www.naturparkmagazin.de\/nossentiner-schwinzer-heide\/?s={search_term_string}"},"query-input":"required name=search_term_string"}],"inLanguage":"de"},{"@type":"Person","@id":"","url":"https:\/\/www.naturparkmagazin.de\/nossentiner-schwinzer-heide\/author\/"}]}},"_links":{"self":[{"href":"https:\/\/www.naturparkmagazin.de\/nossentiner-schwinzer-heide\/wp-json\/wp\/v2\/posts\/835"}],"collection":[{"href":"https:\/\/www.naturparkmagazin.de\/nossentiner-schwinzer-heide\/wp-json\/wp\/v2\/posts"}],"about":[{"href":"https:\/\/www.naturparkmagazin.de\/nossentiner-schwinzer-heide\/wp-json\/wp\/v2\/types\/post"}],"author":[{"embeddable":true,"href":"https:\/\/www.naturparkmagazin.de\/nossentiner-schwinzer-heide\/wp-json\/wp\/v2\/users\/28"}],"replies":[{"embeddable":true,"href":"https:\/\/www.naturparkmagazin.de\/nossentiner-schwinzer-heide\/wp-json\/wp\/v2\/comments?post=835"}],"version-history":[{"count":6,"href":"https:\/\/www.naturparkmagazin.de\/nossentiner-schwinzer-heide\/wp-json\/wp\/v2\/posts\/835\/revisions"}],"predecessor-version":[{"id":873,"href":"https:\/\/www.naturparkmagazin.de\/nossentiner-schwinzer-heide\/wp-json\/wp\/v2\/posts\/835\/revisions\/873"}],"wp:attachment":[{"href":"https:\/\/www.naturparkmagazin.de\/nossentiner-schwinzer-heide\/wp-json\/wp\/v2\/media?parent=835"}],"wp:term":[{"taxonomy":"category","embeddable":true,"href":"https:\/\/www.naturparkmagazin.de\/nossentiner-schwinzer-heide\/wp-json\/wp\/v2\/categories?post=835"},{"taxonomy":"post_tag","embeddable":true,"href":"https:\/\/www.naturparkmagazin.de\/nossentiner-schwinzer-heide\/wp-json\/wp\/v2\/tags?post=835"}],"curies":[{"name":"wp","href":"https:\/\/api.w.org\/{rel}","templated":true}]}}