{"id":840,"date":"2015-11-17T13:40:36","date_gmt":"2015-11-17T12:40:36","guid":{"rendered":"http:\/\/www.naturparkmagazin.de\/nossentiner-schwinzer-heide\/?p=840"},"modified":"2015-11-20T13:00:08","modified_gmt":"2015-11-20T12:00:08","slug":"exkursion-und-kolloquium","status":"publish","type":"post","link":"https:\/\/www.naturparkmagazin.de\/nossentiner-schwinzer-heide\/exkursion-und-kolloquium\/","title":{"rendered":"Exkursion und Kolloquium"},"content":{"rendered":"<p>25 Jahre Naturpark Nossentiner\/Schwinzer Heide, 15 Jahre Informationszentrum Karower Meiler \u2013 das Doppeljubil\u00e4um war Anlass f\u00fcr eine Exkursion und ein Kolloquium.<\/p>\n<p>Erster Exkursionspunkt war die Nebel bei Linstow. \u201eInsgesamt 14 Kilometer der Nebel von ihrer Gesamtl\u00e4nge mit fast 70 Kilometern liegen innerhalb des Naturparks\u201c, wusste Ralf Koch. Der stellvertretende Leiter und Gesch\u00e4ftsf\u00fchrer des F\u00f6rdervereins berichtete von den Arbeiten, die im dortigen Niedermoor vorgenommen wurden. Die noch zu DDR-Zeiten angelegte k\u00fcnstliche Begradigung mit ihrem trapezf\u00f6rmigen Profil sei r\u00fcckgebaut und ein etwa 40 Meter breites Flusstal geschaffen worden. Die Nebel wurde damit auf ca. zwei Kilometer L\u00e4nge \u00a0in einen Zustand versetzt, um naturgerecht m\u00e4andrieren zu k\u00f6nnen. Laut Koch zeichnet sich das neue Flussbett der Nebel dadurch aus, dass es in den sanierten Abschnitten einen kiesigen Untergrund aufweise. Von einer Bepflanzung des Flussbettes sei ausdr\u00fccklich Abstand genommen worden. \u201eDie Schwarzerle ist dennoch schon bereits an der Nebel angekommen\u201c, freute sich Koch. Es sei lediglich eine Frage der Zeit, bis die Krautpflanzen im Flussbett verschwinden. \u201eWir sollten Ruhe bewahren.\u201c<\/p>\n<div id=\"attachment_865\" style=\"width: 510px\" class=\"wp-caption alignnone\"><a href=\"https:\/\/www.naturparkmagazin.de\/nossentiner-schwinzer-heide\/wp-content\/uploads\/sites\/28\/Nebel-Linstow-Foto-J\u00f6rg-Gast.jpg\"><img aria-describedby=\"caption-attachment-865\" decoding=\"async\" loading=\"lazy\" class=\"size-full wp-image-865\" src=\"https:\/\/www.naturparkmagazin.de\/nossentiner-schwinzer-heide\/wp-content\/uploads\/sites\/28\/Nebel-Linstow-Foto-J\u00f6rg-Gast.jpg\" alt=\"Die renaturierte Nebel bei Linstow\" width=\"500\" height=\"300\" srcset=\"https:\/\/www.naturparkmagazin.de\/nossentiner-schwinzer-heide\/wp-content\/uploads\/sites\/28\/Nebel-Linstow-Foto-J\u00f6rg-Gast.jpg 500w, https:\/\/www.naturparkmagazin.de\/nossentiner-schwinzer-heide\/wp-content\/uploads\/sites\/28\/Nebel-Linstow-Foto-J\u00f6rg-Gast-300x180.jpg 300w, https:\/\/www.naturparkmagazin.de\/nossentiner-schwinzer-heide\/wp-content\/uploads\/sites\/28\/Nebel-Linstow-Foto-J\u00f6rg-Gast-200x120.jpg 200w\" sizes=\"(max-width: 500px) 100vw, 500px\" \/><\/a><p id=\"caption-attachment-865\" class=\"wp-caption-text\">Die renaturierte Nebel bei Linstow<\/p><\/div>\n<div id=\"attachment_866\" style=\"width: 510px\" class=\"wp-caption alignnone\"><a href=\"https:\/\/www.naturparkmagazin.de\/nossentiner-schwinzer-heide\/wp-content\/uploads\/sites\/28\/Ralf-Koch-Foto-Michael-Unmack.jpg\"><img aria-describedby=\"caption-attachment-866\" decoding=\"async\" loading=\"lazy\" class=\"size-full wp-image-866\" src=\"https:\/\/www.naturparkmagazin.de\/nossentiner-schwinzer-heide\/wp-content\/uploads\/sites\/28\/Ralf-Koch-Foto-Michael-Unmack.jpg\" alt=\"Ralf Koch, stellvertretender Leiter des Naturparks und Gesch\u00e4ftsf\u00fchrer des F\u00f6rdervereins bei seinen Ausf\u00fchrungen an der Nebel\" width=\"500\" height=\"300\" srcset=\"https:\/\/www.naturparkmagazin.de\/nossentiner-schwinzer-heide\/wp-content\/uploads\/sites\/28\/Ralf-Koch-Foto-Michael-Unmack.jpg 500w, https:\/\/www.naturparkmagazin.de\/nossentiner-schwinzer-heide\/wp-content\/uploads\/sites\/28\/Ralf-Koch-Foto-Michael-Unmack-300x180.jpg 300w, https:\/\/www.naturparkmagazin.de\/nossentiner-schwinzer-heide\/wp-content\/uploads\/sites\/28\/Ralf-Koch-Foto-Michael-Unmack-200x120.jpg 200w\" sizes=\"(max-width: 500px) 100vw, 500px\" \/><\/a><p id=\"caption-attachment-866\" class=\"wp-caption-text\">Ralf Koch, stellvertretender Leiter des Naturparks und Gesch\u00e4ftsf\u00fchrer des F\u00f6rdervereins bei seinen Ausf\u00fchrungen an der Nebel<\/p><\/div>\n<p>Bei einem Zwischenstopp im Wolhynischen Umsiedlermuseum Linstow wurden die Teilnehmer der Exkursion mit dem schweren Schicksal der sogenannten \u201eWolhyniendeutschen\u201c w\u00e4hrend der letzten Jahrhunderte vertraut gemacht. F\u00fcr die Gastreundschaft gilt an dieser Stelle dem Heimatverein Linstow unser herzlicher Dank.<\/p>\n<p>Am Krakower Obersee (NSG, Feuchtgebiet von internationaler Bedeutung, FFH-Gebiet und Europ\u00e4isches Vogelschutzgebiet) konnten die Exkursionsteilnehmer das herrliche Panorama vom Verbindungsweg M\u00f6llen-Bossow genie\u00dfen. Dr. Sebastian Lorenz, ehrenamtlicher Betreuer des NSG, berichtete \u00fcber die Genese des Sees und die aktuellen Vogelbest\u00e4nde. Im Anschluss daran \u00fcberzeugten sich die Teilnehmer vom Fortgang der Abrissarbeiten im ehemaligen Munitions- und Versorgungslager Bossow, welche \u00fcber Ausgleichszahlungen finanziert und bis Ende des Jahres abgeschlossen sein sollen.<\/p>\n<div id=\"attachment_860\" style=\"width: 510px\" class=\"wp-caption alignnone\"><a href=\"https:\/\/www.naturparkmagazin.de\/nossentiner-schwinzer-heide\/wp-content\/uploads\/sites\/28\/Exkursion2-Foto-Ralf-Koch.jpg\"><img aria-describedby=\"caption-attachment-860\" decoding=\"async\" loading=\"lazy\" class=\"size-full wp-image-860\" src=\"https:\/\/www.naturparkmagazin.de\/nossentiner-schwinzer-heide\/wp-content\/uploads\/sites\/28\/Exkursion2-Foto-Ralf-Koch.jpg\" alt=\"Vom Weg Bossow-M\u00f6llen hatten die Exkursionsteilnehmer einen herrlichen Blick \u00fcber den Krakower Obersee.\" width=\"500\" height=\"300\" srcset=\"https:\/\/www.naturparkmagazin.de\/nossentiner-schwinzer-heide\/wp-content\/uploads\/sites\/28\/Exkursion2-Foto-Ralf-Koch.jpg 500w, https:\/\/www.naturparkmagazin.de\/nossentiner-schwinzer-heide\/wp-content\/uploads\/sites\/28\/Exkursion2-Foto-Ralf-Koch-300x180.jpg 300w, https:\/\/www.naturparkmagazin.de\/nossentiner-schwinzer-heide\/wp-content\/uploads\/sites\/28\/Exkursion2-Foto-Ralf-Koch-200x120.jpg 200w\" sizes=\"(max-width: 500px) 100vw, 500px\" \/><\/a><p id=\"caption-attachment-860\" class=\"wp-caption-text\">Vom Weg Bossow-M\u00f6llen hatten die Exkursionsteilnehmer einen herrlichen Blick \u00fcber den Krakower Obersee.<\/p><\/div>\n<div id=\"attachment_859\" style=\"width: 510px\" class=\"wp-caption alignnone\"><a href=\"https:\/\/www.naturparkmagazin.de\/nossentiner-schwinzer-heide\/wp-content\/uploads\/sites\/28\/Exkursion1-Foto-Ralf-Koch.jpg\"><img aria-describedby=\"caption-attachment-859\" decoding=\"async\" loading=\"lazy\" class=\"size-full wp-image-859\" src=\"https:\/\/www.naturparkmagazin.de\/nossentiner-schwinzer-heide\/wp-content\/uploads\/sites\/28\/Exkursion1-Foto-Ralf-Koch.jpg\" alt=\"W\u00e4hrend der Exkursion ergaben sich viele Gelegenheiten zum Erfahrungsaustausch.\" width=\"500\" height=\"300\" srcset=\"https:\/\/www.naturparkmagazin.de\/nossentiner-schwinzer-heide\/wp-content\/uploads\/sites\/28\/Exkursion1-Foto-Ralf-Koch.jpg 500w, https:\/\/www.naturparkmagazin.de\/nossentiner-schwinzer-heide\/wp-content\/uploads\/sites\/28\/Exkursion1-Foto-Ralf-Koch-300x180.jpg 300w, https:\/\/www.naturparkmagazin.de\/nossentiner-schwinzer-heide\/wp-content\/uploads\/sites\/28\/Exkursion1-Foto-Ralf-Koch-200x120.jpg 200w\" sizes=\"(max-width: 500px) 100vw, 500px\" \/><\/a><p id=\"caption-attachment-859\" class=\"wp-caption-text\">W\u00e4hrend der Exkursion ergaben sich viele Gelegenheiten zum Erfahrungsaustausch.<\/p><\/div>\n<p>Die letzte Station der halbt\u00e4gigen Exkursion war die Naturschutzstation \u201eGerhard-Cornelssen-Haus\u201c in Wooster Teerofen. Was der F\u00f6rderverein des Naturparks hier geschaffen hat, ist besonders zu w\u00fcrdigen. In diesem ersten Jahr der Nutzung ist sie fast vollst\u00e4ndig ausgebucht gewesen. Neben Fledermaus- und Kranichforschern nutzten auch Studenten der Universit\u00e4t Greifswald, Jugendliche eines internationalen Jugendlagers, Schulklassen und andere Vereine die g\u00fcnstigen M\u00f6glichkeiten, welche sich hier bieten. Die Landeslehrst\u00e4tte f\u00fcr Naturschutz und nachhaltige Entwicklung MV f\u00fchrte hier ihren \u201eTier\u00f6kologischen Exkursionstag\u201c durch.<\/p>\n<p>Der Karower Meiler, selbst 15 Jahre \u201ealt\u201c, bot die Kulisse f\u00fcr eine Reihe von Vortr\u00e4gen innerhalb eines Kolloquiums. Nach der Begr\u00fc\u00dfung durch Dr. Harald Stegemann, Direktor des LUNG MV, berichtete Dr. Wolfgang Mewes \u201eVom Werden des Naturparks\u201c (siehe auch den Beitrag von Frau Herbst in diesem Newsletter). Dr. Mewes machte hier auch den Vorschlag, die Historie der Entwicklung des Naturparks in einer Chronik nieder zu schreiben. J\u00f6rg Gast, Leiter des Naturparks, dankte im Anschluss den Mitgliedern und besonders dem Vorstand des F\u00f6rdervereins mit seinem Gesch\u00e4ftsf\u00fchrer Ralf Koch f\u00fcr die nunmehr 24-j\u00e4hrige Unterst\u00fctzung der Naturparkarbeit. Ralf Koch selbst berichtete dann von geplanten Projekten und Visionen, wies aber auch auf Projekte hin, welche in den vergangenen Jahren nicht realisiert werden konnten oder einfach nur Luftblasen waren.<\/p>\n<div id=\"attachment_868\" style=\"width: 510px\" class=\"wp-caption alignnone\"><a href=\"https:\/\/www.naturparkmagazin.de\/nossentiner-schwinzer-heide\/wp-content\/uploads\/sites\/28\/Wolfgang-Mewes-Foto-Ralf-Koch.jpg\"><img aria-describedby=\"caption-attachment-868\" decoding=\"async\" loading=\"lazy\" class=\"size-full wp-image-868\" src=\"https:\/\/www.naturparkmagazin.de\/nossentiner-schwinzer-heide\/wp-content\/uploads\/sites\/28\/Wolfgang-Mewes-Foto-Ralf-Koch.jpg\" alt=\"Dr. Wolfgang Mewes, der Initiator und langj\u00e4hrige Leiter des Naturparks.\" width=\"500\" height=\"300\" srcset=\"https:\/\/www.naturparkmagazin.de\/nossentiner-schwinzer-heide\/wp-content\/uploads\/sites\/28\/Wolfgang-Mewes-Foto-Ralf-Koch.jpg 500w, https:\/\/www.naturparkmagazin.de\/nossentiner-schwinzer-heide\/wp-content\/uploads\/sites\/28\/Wolfgang-Mewes-Foto-Ralf-Koch-300x180.jpg 300w, https:\/\/www.naturparkmagazin.de\/nossentiner-schwinzer-heide\/wp-content\/uploads\/sites\/28\/Wolfgang-Mewes-Foto-Ralf-Koch-200x120.jpg 200w\" sizes=\"(max-width: 500px) 100vw, 500px\" \/><\/a><p id=\"caption-attachment-868\" class=\"wp-caption-text\">Dr. Wolfgang Mewes, der Initiator und langj\u00e4hrige Leiter des Naturparks.<\/p><\/div>\n<div id=\"attachment_862\" style=\"width: 510px\" class=\"wp-caption alignnone\"><a href=\"https:\/\/www.naturparkmagazin.de\/nossentiner-schwinzer-heide\/wp-content\/uploads\/sites\/28\/J\u00f6rg-Gast-Foto-Ralf-Koch.jpg\"><img aria-describedby=\"caption-attachment-862\" decoding=\"async\" loading=\"lazy\" class=\"size-full wp-image-862\" src=\"https:\/\/www.naturparkmagazin.de\/nossentiner-schwinzer-heide\/wp-content\/uploads\/sites\/28\/J\u00f6rg-Gast-Foto-Ralf-Koch.jpg\" alt=\"J\u00f6rg Gast, Leiter des Naturparks\" width=\"500\" height=\"300\" srcset=\"https:\/\/www.naturparkmagazin.de\/nossentiner-schwinzer-heide\/wp-content\/uploads\/sites\/28\/J\u00f6rg-Gast-Foto-Ralf-Koch.jpg 500w, https:\/\/www.naturparkmagazin.de\/nossentiner-schwinzer-heide\/wp-content\/uploads\/sites\/28\/J\u00f6rg-Gast-Foto-Ralf-Koch-300x180.jpg 300w, https:\/\/www.naturparkmagazin.de\/nossentiner-schwinzer-heide\/wp-content\/uploads\/sites\/28\/J\u00f6rg-Gast-Foto-Ralf-Koch-200x120.jpg 200w\" sizes=\"(max-width: 500px) 100vw, 500px\" \/><\/a><p id=\"caption-attachment-862\" class=\"wp-caption-text\">J\u00f6rg Gast, Leiter des Naturparks<\/p><\/div>\n<p>Im folgenden Teil des Kolloquiums berichtete Dr. Peter Reike aus Chemnitz \u00fcber seine jetzt schon mehrj\u00e4hrigen Untersuchungen der K\u00e4ferfauna des Naturparks und Dr. Markus Schwab, vom Geoforschungszentrum Potsdam, \u00fcber die aktuellen Forschungen des virtuellen Institutes ICLEA im und um den Tiefen See. Den Stand der Vorbereitungen von zwei neuen Wanderwegen, \u201eNaturparkweg MV\u201c und \u201eKlosterweg Dobbertin-Malchow\u201c stellte Udo Steinh\u00e4user vom LUNG MV vor. Den Abschluss der Vortragsreihe und des Tages bildete Herr Peter Szekeres von der Planungsfirma natureConcept aus L\u00fcneburg. Er stellte erste Ideen f\u00fcr eine teilweise Erneuerung und Erweiterung der Ausstellung im und um den Karower Meiler vor.<\/p>\n<div id=\"attachment_867\" style=\"width: 510px\" class=\"wp-caption alignnone\"><a href=\"https:\/\/www.naturparkmagazin.de\/nossentiner-schwinzer-heide\/wp-content\/uploads\/sites\/28\/Udo-Steinh\u00e4user-Foto-Ralf-Koch1.jpg\"><img aria-describedby=\"caption-attachment-867\" decoding=\"async\" loading=\"lazy\" class=\"size-full wp-image-867\" src=\"https:\/\/www.naturparkmagazin.de\/nossentiner-schwinzer-heide\/wp-content\/uploads\/sites\/28\/Udo-Steinh\u00e4user-Foto-Ralf-Koch1.jpg\" alt=\"Udo Steinh\u00e4user bei seinen Ausf\u00fchrungen.\" width=\"500\" height=\"300\" srcset=\"https:\/\/www.naturparkmagazin.de\/nossentiner-schwinzer-heide\/wp-content\/uploads\/sites\/28\/Udo-Steinh\u00e4user-Foto-Ralf-Koch1.jpg 500w, https:\/\/www.naturparkmagazin.de\/nossentiner-schwinzer-heide\/wp-content\/uploads\/sites\/28\/Udo-Steinh\u00e4user-Foto-Ralf-Koch1-300x180.jpg 300w, https:\/\/www.naturparkmagazin.de\/nossentiner-schwinzer-heide\/wp-content\/uploads\/sites\/28\/Udo-Steinh\u00e4user-Foto-Ralf-Koch1-200x120.jpg 200w\" sizes=\"(max-width: 500px) 100vw, 500px\" \/><\/a><p id=\"caption-attachment-867\" class=\"wp-caption-text\">Udo Steinh\u00e4user bei seinen Ausf\u00fchrungen.<\/p><\/div>\n","protected":false},"excerpt":{"rendered":"<p>25 Jahre Naturpark Nossentiner\/Schwinzer Heide, 15 Jahre Informationszentrum Karower Meiler \u2013 das Doppeljubil\u00e4um war Anlass f\u00fcr eine Exkursion und ein Kolloquium.<\/p>\n","protected":false},"author":28,"featured_media":874,"comment_status":"open","ping_status":"open","sticky":false,"template":"","format":"standard","meta":[],"categories":[7],"tags":[],"yoast_head":"<!-- This site is optimized with the Yoast SEO plugin v19.10 - https:\/\/yoast.com\/wordpress\/plugins\/seo\/ -->\n<title>Exkursion und Kolloquium - Naturpark Nossentiner\/Schwinzer Heide<\/title>\n<meta name=\"robots\" content=\"index, follow, max-snippet:-1, max-image-preview:large, max-video-preview:-1\" \/>\n<link rel=\"canonical\" href=\"https:\/\/www.naturparkmagazin.de\/nossentiner-schwinzer-heide\/exkursion-und-kolloquium\/\" \/>\n<meta property=\"og:locale\" content=\"de_DE\" \/>\n<meta property=\"og:type\" content=\"article\" \/>\n<meta property=\"og:title\" content=\"Exkursion und Kolloquium - Naturpark Nossentiner\/Schwinzer Heide\" \/>\n<meta property=\"og:description\" content=\"25 Jahre Naturpark Nossentiner\/Schwinzer Heide, 15 Jahre Informationszentrum Karower Meiler \u2013 das Doppeljubil\u00e4um war Anlass f\u00fcr eine Exkursion und ein Kolloquium.\" \/>\n<meta property=\"og:url\" content=\"https:\/\/www.naturparkmagazin.de\/nossentiner-schwinzer-heide\/exkursion-und-kolloquium\/\" \/>\n<meta property=\"og:site_name\" content=\"Naturpark Nossentiner\/Schwinzer Heide\" \/>\n<meta property=\"article:published_time\" content=\"2015-11-17T12:40:36+00:00\" \/>\n<meta property=\"article:modified_time\" content=\"2015-11-20T12:00:08+00:00\" \/>\n<meta property=\"og:image\" content=\"https:\/\/www.naturparkmagazin.de\/nossentiner-schwinzer-heide\/wp-content\/uploads\/sites\/28\/Neuigkeiten_Nossentiner_Wolfgang-Mewes-Foto-Ralf-Koch200x200.jpg\" \/>\n\t<meta property=\"og:image:width\" content=\"200\" \/>\n\t<meta property=\"og:image:height\" content=\"200\" \/>\n\t<meta property=\"og:image:type\" content=\"image\/jpeg\" \/>\n<meta name=\"twitter:label1\" content=\"Verfasst von\" \/>\n\t<meta name=\"twitter:data1\" content=\"\" \/>\n\t<meta name=\"twitter:label2\" content=\"Gesch\u00e4tzte Lesezeit\" \/>\n\t<meta name=\"twitter:data2\" content=\"4\u00a0Minuten\" \/>\n<script type=\"application\/ld+json\" class=\"yoast-schema-graph\">{\"@context\":\"https:\/\/schema.org\",\"@graph\":[{\"@type\":\"WebPage\",\"@id\":\"https:\/\/www.naturparkmagazin.de\/nossentiner-schwinzer-heide\/exkursion-und-kolloquium\/\",\"url\":\"https:\/\/www.naturparkmagazin.de\/nossentiner-schwinzer-heide\/exkursion-und-kolloquium\/\",\"name\":\"Exkursion und Kolloquium - Naturpark Nossentiner\/Schwinzer Heide\",\"isPartOf\":{\"@id\":\"https:\/\/www.naturparkmagazin.de\/nossentiner-schwinzer-heide\/#website\"},\"datePublished\":\"2015-11-17T12:40:36+00:00\",\"dateModified\":\"2015-11-20T12:00:08+00:00\",\"author\":{\"@id\":\"\"},\"breadcrumb\":{\"@id\":\"https:\/\/www.naturparkmagazin.de\/nossentiner-schwinzer-heide\/exkursion-und-kolloquium\/#breadcrumb\"},\"inLanguage\":\"de\",\"potentialAction\":[{\"@type\":\"ReadAction\",\"target\":[\"https:\/\/www.naturparkmagazin.de\/nossentiner-schwinzer-heide\/exkursion-und-kolloquium\/\"]}]},{\"@type\":\"BreadcrumbList\",\"@id\":\"https:\/\/www.naturparkmagazin.de\/nossentiner-schwinzer-heide\/exkursion-und-kolloquium\/#breadcrumb\",\"itemListElement\":[{\"@type\":\"ListItem\",\"position\":1,\"name\":\"Home\",\"item\":\"https:\/\/www.naturparkmagazin.de\/nossentiner-schwinzer-heide\/\"},{\"@type\":\"ListItem\",\"position\":2,\"name\":\"Exkursion und Kolloquium\"}]},{\"@type\":\"WebSite\",\"@id\":\"https:\/\/www.naturparkmagazin.de\/nossentiner-schwinzer-heide\/#website\",\"url\":\"https:\/\/www.naturparkmagazin.de\/nossentiner-schwinzer-heide\/\",\"name\":\"Naturpark Nossentiner\/Schwinzer Heide\",\"description\":\"\",\"potentialAction\":[{\"@type\":\"SearchAction\",\"target\":{\"@type\":\"EntryPoint\",\"urlTemplate\":\"https:\/\/www.naturparkmagazin.de\/nossentiner-schwinzer-heide\/?s={search_term_string}\"},\"query-input\":\"required name=search_term_string\"}],\"inLanguage\":\"de\"},{\"@type\":\"Person\",\"@id\":\"\",\"url\":\"https:\/\/www.naturparkmagazin.de\/nossentiner-schwinzer-heide\/author\/\"}]}<\/script>\n<!-- \/ Yoast SEO plugin. -->","yoast_head_json":{"title":"Exkursion und Kolloquium - Naturpark Nossentiner\/Schwinzer Heide","robots":{"index":"index","follow":"follow","max-snippet":"max-snippet:-1","max-image-preview":"max-image-preview:large","max-video-preview":"max-video-preview:-1"},"canonical":"https:\/\/www.naturparkmagazin.de\/nossentiner-schwinzer-heide\/exkursion-und-kolloquium\/","og_locale":"de_DE","og_type":"article","og_title":"Exkursion und Kolloquium - Naturpark Nossentiner\/Schwinzer Heide","og_description":"25 Jahre Naturpark Nossentiner\/Schwinzer Heide, 15 Jahre Informationszentrum Karower Meiler \u2013 das Doppeljubil\u00e4um war Anlass f\u00fcr eine Exkursion und ein Kolloquium.","og_url":"https:\/\/www.naturparkmagazin.de\/nossentiner-schwinzer-heide\/exkursion-und-kolloquium\/","og_site_name":"Naturpark Nossentiner\/Schwinzer Heide","article_published_time":"2015-11-17T12:40:36+00:00","article_modified_time":"2015-11-20T12:00:08+00:00","og_image":[{"width":200,"height":200,"url":"https:\/\/www.naturparkmagazin.de\/nossentiner-schwinzer-heide\/wp-content\/uploads\/sites\/28\/Neuigkeiten_Nossentiner_Wolfgang-Mewes-Foto-Ralf-Koch200x200.jpg","type":"image\/jpeg"}],"twitter_misc":{"Verfasst von":"","Gesch\u00e4tzte Lesezeit":"4\u00a0Minuten"},"schema":{"@context":"https:\/\/schema.org","@graph":[{"@type":"WebPage","@id":"https:\/\/www.naturparkmagazin.de\/nossentiner-schwinzer-heide\/exkursion-und-kolloquium\/","url":"https:\/\/www.naturparkmagazin.de\/nossentiner-schwinzer-heide\/exkursion-und-kolloquium\/","name":"Exkursion und Kolloquium - Naturpark Nossentiner\/Schwinzer Heide","isPartOf":{"@id":"https:\/\/www.naturparkmagazin.de\/nossentiner-schwinzer-heide\/#website"},"datePublished":"2015-11-17T12:40:36+00:00","dateModified":"2015-11-20T12:00:08+00:00","author":{"@id":""},"breadcrumb":{"@id":"https:\/\/www.naturparkmagazin.de\/nossentiner-schwinzer-heide\/exkursion-und-kolloquium\/#breadcrumb"},"inLanguage":"de","potentialAction":[{"@type":"ReadAction","target":["https:\/\/www.naturparkmagazin.de\/nossentiner-schwinzer-heide\/exkursion-und-kolloquium\/"]}]},{"@type":"BreadcrumbList","@id":"https:\/\/www.naturparkmagazin.de\/nossentiner-schwinzer-heide\/exkursion-und-kolloquium\/#breadcrumb","itemListElement":[{"@type":"ListItem","position":1,"name":"Home","item":"https:\/\/www.naturparkmagazin.de\/nossentiner-schwinzer-heide\/"},{"@type":"ListItem","position":2,"name":"Exkursion und Kolloquium"}]},{"@type":"WebSite","@id":"https:\/\/www.naturparkmagazin.de\/nossentiner-schwinzer-heide\/#website","url":"https:\/\/www.naturparkmagazin.de\/nossentiner-schwinzer-heide\/","name":"Naturpark Nossentiner\/Schwinzer Heide","description":"","potentialAction":[{"@type":"SearchAction","target":{"@type":"EntryPoint","urlTemplate":"https:\/\/www.naturparkmagazin.de\/nossentiner-schwinzer-heide\/?s={search_term_string}"},"query-input":"required name=search_term_string"}],"inLanguage":"de"},{"@type":"Person","@id":"","url":"https:\/\/www.naturparkmagazin.de\/nossentiner-schwinzer-heide\/author\/"}]}},"_links":{"self":[{"href":"https:\/\/www.naturparkmagazin.de\/nossentiner-schwinzer-heide\/wp-json\/wp\/v2\/posts\/840"}],"collection":[{"href":"https:\/\/www.naturparkmagazin.de\/nossentiner-schwinzer-heide\/wp-json\/wp\/v2\/posts"}],"about":[{"href":"https:\/\/www.naturparkmagazin.de\/nossentiner-schwinzer-heide\/wp-json\/wp\/v2\/types\/post"}],"author":[{"embeddable":true,"href":"https:\/\/www.naturparkmagazin.de\/nossentiner-schwinzer-heide\/wp-json\/wp\/v2\/users\/28"}],"replies":[{"embeddable":true,"href":"https:\/\/www.naturparkmagazin.de\/nossentiner-schwinzer-heide\/wp-json\/wp\/v2\/comments?post=840"}],"version-history":[{"count":6,"href":"https:\/\/www.naturparkmagazin.de\/nossentiner-schwinzer-heide\/wp-json\/wp\/v2\/posts\/840\/revisions"}],"predecessor-version":[{"id":872,"href":"https:\/\/www.naturparkmagazin.de\/nossentiner-schwinzer-heide\/wp-json\/wp\/v2\/posts\/840\/revisions\/872"}],"wp:featuredmedia":[{"embeddable":true,"href":"https:\/\/www.naturparkmagazin.de\/nossentiner-schwinzer-heide\/wp-json\/wp\/v2\/media\/874"}],"wp:attachment":[{"href":"https:\/\/www.naturparkmagazin.de\/nossentiner-schwinzer-heide\/wp-json\/wp\/v2\/media?parent=840"}],"wp:term":[{"taxonomy":"category","embeddable":true,"href":"https:\/\/www.naturparkmagazin.de\/nossentiner-schwinzer-heide\/wp-json\/wp\/v2\/categories?post=840"},{"taxonomy":"post_tag","embeddable":true,"href":"https:\/\/www.naturparkmagazin.de\/nossentiner-schwinzer-heide\/wp-json\/wp\/v2\/tags?post=840"}],"curies":[{"name":"wp","href":"https:\/\/api.w.org\/{rel}","templated":true}]}}