{"id":881,"date":"2016-01-19T14:46:05","date_gmt":"2016-01-19T13:46:05","guid":{"rendered":"http:\/\/www.naturparkmagazin.de\/nossentiner-schwinzer-heide\/?p=881"},"modified":"2016-01-28T14:39:52","modified_gmt":"2016-01-28T13:39:52","slug":"vortrag-kleiner-weg-am-weltenrand-20-jahre-immer-der-gleiche-arbeitsweg","status":"publish","type":"post","link":"https:\/\/www.naturparkmagazin.de\/nossentiner-schwinzer-heide\/vortrag-kleiner-weg-am-weltenrand-20-jahre-immer-der-gleiche-arbeitsweg\/","title":{"rendered":"Vortrag: \u201eKleiner Weg am Weltenrand \u2013 20 Jahre immer der gleiche Arbeitsweg\u201c"},"content":{"rendered":"<p><span style=\"color: #000000;font-family: Arial\">Am Mittwoch, den 17. Februar 2016, findet um 19 Uhr im Kultur- und Informationszentrum Karower Meiler der erste Vortrag im Rahmen des diesj\u00e4hrigen Vortrags- und Veranstaltungsprogramms statt. <\/span><\/p>\n<p><span style=\"color: #000000;font-family: Arial\">Herr Thomas M\u00fcnzberger, selbst h\u00e4ufiger Gast bei den Vortr\u00e4gen im Karower Meiler, berichtet dabei von den Erlebnissen und Beobachtungen, welche er auf seinem Weg zur und von der Arbeit hatte. <\/span><\/p>\n<div id=\"attachment_886\" style=\"width: 510px\" class=\"wp-caption alignnone\"><a href=\"https:\/\/www.naturparkmagazin.de\/nossentiner-schwinzer-heide\/wp-content\/uploads\/sites\/28\/moorfrosch-muenzberger-klein.jpg\"><img aria-describedby=\"caption-attachment-886\" decoding=\"async\" loading=\"lazy\" class=\"size-full wp-image-886\" src=\"https:\/\/www.naturparkmagazin.de\/nossentiner-schwinzer-heide\/wp-content\/uploads\/sites\/28\/moorfrosch-muenzberger-klein.jpg\" alt=\"Moorfr\u00f6sche\" width=\"500\" height=\"300\" srcset=\"https:\/\/www.naturparkmagazin.de\/nossentiner-schwinzer-heide\/wp-content\/uploads\/sites\/28\/moorfrosch-muenzberger-klein.jpg 500w, https:\/\/www.naturparkmagazin.de\/nossentiner-schwinzer-heide\/wp-content\/uploads\/sites\/28\/moorfrosch-muenzberger-klein-300x180.jpg 300w, https:\/\/www.naturparkmagazin.de\/nossentiner-schwinzer-heide\/wp-content\/uploads\/sites\/28\/moorfrosch-muenzberger-klein-200x120.jpg 200w\" sizes=\"(max-width: 500px) 100vw, 500px\" \/><\/a><p id=\"caption-attachment-886\" class=\"wp-caption-text\">Moorfr\u00f6sche<\/p><\/div>\n<p><span style=\"color: #000000;font-family: Arial\">Thomas M\u00fcnzberger ist seit 20 Jahren Arzt im MediClin Krankenhaus in Plau am See, wohnt in Malchow und f\u00e4hrt somit fast t\u00e4glich 40 km durch den Naturpark. Ob es die Fischadler auf den Masten in Alt Schwerin oder Quetzin sind, die G\u00e4nse und Kraniche auf den Wiesen am Nordufer des Plauer Sees oder die Moorfr\u00f6sche in den Teichen entlang der Fahrstrecke, Thomas M\u00fcnzberger hat sie immer im Auge bzw. im Focus seiner Kamera.<\/span><\/p>\n<p><span style=\"color: #000000;font-family: Arial\">Lassen Sie sich \u00fcberraschen vom \u201eKleinen Weg am Weltenrand\u201c, seien Sie herzlich zu diesem Vortrag eingeladen.<\/span><\/p>\n<div id=\"attachment_887\" style=\"width: 310px\" class=\"wp-caption alignnone\"><a href=\"https:\/\/www.naturparkmagazin.de\/nossentiner-schwinzer-heide\/wp-content\/uploads\/sites\/28\/seeadler-woserin-klein.jpg\"><img aria-describedby=\"caption-attachment-887\" decoding=\"async\" loading=\"lazy\" class=\"size-full wp-image-887\" src=\"https:\/\/www.naturparkmagazin.de\/nossentiner-schwinzer-heide\/wp-content\/uploads\/sites\/28\/seeadler-woserin-klein.jpg\" alt=\"Seeadler\" width=\"300\" height=\"500\" srcset=\"https:\/\/www.naturparkmagazin.de\/nossentiner-schwinzer-heide\/wp-content\/uploads\/sites\/28\/seeadler-woserin-klein.jpg 300w, https:\/\/www.naturparkmagazin.de\/nossentiner-schwinzer-heide\/wp-content\/uploads\/sites\/28\/seeadler-woserin-klein-200x333.jpg 200w\" sizes=\"(max-width: 300px) 100vw, 300px\" \/><\/a><p id=\"caption-attachment-887\" class=\"wp-caption-text\">Seeadler<\/p><\/div>\n<p>&nbsp;<\/p>\n<p>&nbsp;<\/p>\n","protected":false},"excerpt":{"rendered":"<p>Am Mittwoch, den 17. Februar 2016, findet um 19 Uhr im Kultur- und Informationszentrum Karower Meiler der erste Vortrag im Rahmen des diesj\u00e4hrigen Vortrags- und Veranstaltungsprogramms statt. <\/p>\n","protected":false},"author":28,"featured_media":892,"comment_status":"open","ping_status":"open","sticky":false,"template":"","format":"standard","meta":[],"categories":[11],"tags":[],"yoast_head":"<!-- This site is optimized with the Yoast SEO plugin v19.10 - https:\/\/yoast.com\/wordpress\/plugins\/seo\/ -->\n<title>Vortrag: \u201eKleiner Weg am Weltenrand \u2013 20 Jahre immer der gleiche Arbeitsweg\u201c - Naturpark Nossentiner\/Schwinzer Heide<\/title>\n<meta name=\"robots\" content=\"index, follow, max-snippet:-1, max-image-preview:large, max-video-preview:-1\" \/>\n<link rel=\"canonical\" href=\"https:\/\/www.naturparkmagazin.de\/nossentiner-schwinzer-heide\/vortrag-kleiner-weg-am-weltenrand-20-jahre-immer-der-gleiche-arbeitsweg\/\" \/>\n<meta property=\"og:locale\" content=\"de_DE\" \/>\n<meta property=\"og:type\" content=\"article\" \/>\n<meta property=\"og:title\" content=\"Vortrag: \u201eKleiner Weg am Weltenrand \u2013 20 Jahre immer der gleiche Arbeitsweg\u201c - Naturpark Nossentiner\/Schwinzer Heide\" \/>\n<meta property=\"og:description\" content=\"Am Mittwoch, den 17. Februar 2016, findet um 19 Uhr im Kultur- und Informationszentrum Karower Meiler der erste Vortrag im Rahmen des diesj\u00e4hrigen Vortrags- und Veranstaltungsprogramms statt.\" \/>\n<meta property=\"og:url\" content=\"https:\/\/www.naturparkmagazin.de\/nossentiner-schwinzer-heide\/vortrag-kleiner-weg-am-weltenrand-20-jahre-immer-der-gleiche-arbeitsweg\/\" \/>\n<meta property=\"og:site_name\" content=\"Naturpark Nossentiner\/Schwinzer Heide\" \/>\n<meta property=\"article:published_time\" content=\"2016-01-19T13:46:05+00:00\" \/>\n<meta property=\"article:modified_time\" content=\"2016-01-28T13:39:52+00:00\" \/>\n<meta property=\"og:image\" content=\"https:\/\/www.naturparkmagazin.de\/nossentiner-schwinzer-heide\/wp-content\/uploads\/sites\/28\/fischadler-2014-04-klein_beitragsbild.jpg\" \/>\n\t<meta property=\"og:image:width\" content=\"200\" \/>\n\t<meta property=\"og:image:height\" content=\"200\" \/>\n\t<meta property=\"og:image:type\" content=\"image\/jpeg\" \/>\n<meta name=\"twitter:label1\" content=\"Verfasst von\" \/>\n\t<meta name=\"twitter:data1\" content=\"\" \/>\n\t<meta name=\"twitter:label2\" content=\"Gesch\u00e4tzte Lesezeit\" \/>\n\t<meta name=\"twitter:data2\" content=\"1\u00a0Minute\" \/>\n<script type=\"application\/ld+json\" class=\"yoast-schema-graph\">{\"@context\":\"https:\/\/schema.org\",\"@graph\":[{\"@type\":\"WebPage\",\"@id\":\"https:\/\/www.naturparkmagazin.de\/nossentiner-schwinzer-heide\/vortrag-kleiner-weg-am-weltenrand-20-jahre-immer-der-gleiche-arbeitsweg\/\",\"url\":\"https:\/\/www.naturparkmagazin.de\/nossentiner-schwinzer-heide\/vortrag-kleiner-weg-am-weltenrand-20-jahre-immer-der-gleiche-arbeitsweg\/\",\"name\":\"Vortrag: \u201eKleiner Weg am Weltenrand \u2013 20 Jahre immer der gleiche Arbeitsweg\u201c - Naturpark Nossentiner\/Schwinzer Heide\",\"isPartOf\":{\"@id\":\"https:\/\/www.naturparkmagazin.de\/nossentiner-schwinzer-heide\/#website\"},\"datePublished\":\"2016-01-19T13:46:05+00:00\",\"dateModified\":\"2016-01-28T13:39:52+00:00\",\"author\":{\"@id\":\"\"},\"breadcrumb\":{\"@id\":\"https:\/\/www.naturparkmagazin.de\/nossentiner-schwinzer-heide\/vortrag-kleiner-weg-am-weltenrand-20-jahre-immer-der-gleiche-arbeitsweg\/#breadcrumb\"},\"inLanguage\":\"de\",\"potentialAction\":[{\"@type\":\"ReadAction\",\"target\":[\"https:\/\/www.naturparkmagazin.de\/nossentiner-schwinzer-heide\/vortrag-kleiner-weg-am-weltenrand-20-jahre-immer-der-gleiche-arbeitsweg\/\"]}]},{\"@type\":\"BreadcrumbList\",\"@id\":\"https:\/\/www.naturparkmagazin.de\/nossentiner-schwinzer-heide\/vortrag-kleiner-weg-am-weltenrand-20-jahre-immer-der-gleiche-arbeitsweg\/#breadcrumb\",\"itemListElement\":[{\"@type\":\"ListItem\",\"position\":1,\"name\":\"Home\",\"item\":\"https:\/\/www.naturparkmagazin.de\/nossentiner-schwinzer-heide\/\"},{\"@type\":\"ListItem\",\"position\":2,\"name\":\"Vortrag: \u201eKleiner Weg am Weltenrand \u2013 20 Jahre immer der gleiche Arbeitsweg\u201c\"}]},{\"@type\":\"WebSite\",\"@id\":\"https:\/\/www.naturparkmagazin.de\/nossentiner-schwinzer-heide\/#website\",\"url\":\"https:\/\/www.naturparkmagazin.de\/nossentiner-schwinzer-heide\/\",\"name\":\"Naturpark Nossentiner\/Schwinzer Heide\",\"description\":\"\",\"potentialAction\":[{\"@type\":\"SearchAction\",\"target\":{\"@type\":\"EntryPoint\",\"urlTemplate\":\"https:\/\/www.naturparkmagazin.de\/nossentiner-schwinzer-heide\/?s={search_term_string}\"},\"query-input\":\"required name=search_term_string\"}],\"inLanguage\":\"de\"},{\"@type\":\"Person\",\"@id\":\"\",\"url\":\"https:\/\/www.naturparkmagazin.de\/nossentiner-schwinzer-heide\/author\/\"}]}<\/script>\n<!-- \/ Yoast SEO plugin. -->","yoast_head_json":{"title":"Vortrag: \u201eKleiner Weg am Weltenrand \u2013 20 Jahre immer der gleiche Arbeitsweg\u201c - Naturpark Nossentiner\/Schwinzer Heide","robots":{"index":"index","follow":"follow","max-snippet":"max-snippet:-1","max-image-preview":"max-image-preview:large","max-video-preview":"max-video-preview:-1"},"canonical":"https:\/\/www.naturparkmagazin.de\/nossentiner-schwinzer-heide\/vortrag-kleiner-weg-am-weltenrand-20-jahre-immer-der-gleiche-arbeitsweg\/","og_locale":"de_DE","og_type":"article","og_title":"Vortrag: \u201eKleiner Weg am Weltenrand \u2013 20 Jahre immer der gleiche Arbeitsweg\u201c - Naturpark Nossentiner\/Schwinzer Heide","og_description":"Am Mittwoch, den 17. Februar 2016, findet um 19 Uhr im Kultur- und Informationszentrum Karower Meiler der erste Vortrag im Rahmen des diesj\u00e4hrigen Vortrags- und Veranstaltungsprogramms statt.","og_url":"https:\/\/www.naturparkmagazin.de\/nossentiner-schwinzer-heide\/vortrag-kleiner-weg-am-weltenrand-20-jahre-immer-der-gleiche-arbeitsweg\/","og_site_name":"Naturpark Nossentiner\/Schwinzer Heide","article_published_time":"2016-01-19T13:46:05+00:00","article_modified_time":"2016-01-28T13:39:52+00:00","og_image":[{"width":200,"height":200,"url":"https:\/\/www.naturparkmagazin.de\/nossentiner-schwinzer-heide\/wp-content\/uploads\/sites\/28\/fischadler-2014-04-klein_beitragsbild.jpg","type":"image\/jpeg"}],"twitter_misc":{"Verfasst von":"","Gesch\u00e4tzte Lesezeit":"1\u00a0Minute"},"schema":{"@context":"https:\/\/schema.org","@graph":[{"@type":"WebPage","@id":"https:\/\/www.naturparkmagazin.de\/nossentiner-schwinzer-heide\/vortrag-kleiner-weg-am-weltenrand-20-jahre-immer-der-gleiche-arbeitsweg\/","url":"https:\/\/www.naturparkmagazin.de\/nossentiner-schwinzer-heide\/vortrag-kleiner-weg-am-weltenrand-20-jahre-immer-der-gleiche-arbeitsweg\/","name":"Vortrag: \u201eKleiner Weg am Weltenrand \u2013 20 Jahre immer der gleiche Arbeitsweg\u201c - Naturpark Nossentiner\/Schwinzer Heide","isPartOf":{"@id":"https:\/\/www.naturparkmagazin.de\/nossentiner-schwinzer-heide\/#website"},"datePublished":"2016-01-19T13:46:05+00:00","dateModified":"2016-01-28T13:39:52+00:00","author":{"@id":""},"breadcrumb":{"@id":"https:\/\/www.naturparkmagazin.de\/nossentiner-schwinzer-heide\/vortrag-kleiner-weg-am-weltenrand-20-jahre-immer-der-gleiche-arbeitsweg\/#breadcrumb"},"inLanguage":"de","potentialAction":[{"@type":"ReadAction","target":["https:\/\/www.naturparkmagazin.de\/nossentiner-schwinzer-heide\/vortrag-kleiner-weg-am-weltenrand-20-jahre-immer-der-gleiche-arbeitsweg\/"]}]},{"@type":"BreadcrumbList","@id":"https:\/\/www.naturparkmagazin.de\/nossentiner-schwinzer-heide\/vortrag-kleiner-weg-am-weltenrand-20-jahre-immer-der-gleiche-arbeitsweg\/#breadcrumb","itemListElement":[{"@type":"ListItem","position":1,"name":"Home","item":"https:\/\/www.naturparkmagazin.de\/nossentiner-schwinzer-heide\/"},{"@type":"ListItem","position":2,"name":"Vortrag: \u201eKleiner Weg am Weltenrand \u2013 20 Jahre immer der gleiche Arbeitsweg\u201c"}]},{"@type":"WebSite","@id":"https:\/\/www.naturparkmagazin.de\/nossentiner-schwinzer-heide\/#website","url":"https:\/\/www.naturparkmagazin.de\/nossentiner-schwinzer-heide\/","name":"Naturpark Nossentiner\/Schwinzer Heide","description":"","potentialAction":[{"@type":"SearchAction","target":{"@type":"EntryPoint","urlTemplate":"https:\/\/www.naturparkmagazin.de\/nossentiner-schwinzer-heide\/?s={search_term_string}"},"query-input":"required name=search_term_string"}],"inLanguage":"de"},{"@type":"Person","@id":"","url":"https:\/\/www.naturparkmagazin.de\/nossentiner-schwinzer-heide\/author\/"}]}},"_links":{"self":[{"href":"https:\/\/www.naturparkmagazin.de\/nossentiner-schwinzer-heide\/wp-json\/wp\/v2\/posts\/881"}],"collection":[{"href":"https:\/\/www.naturparkmagazin.de\/nossentiner-schwinzer-heide\/wp-json\/wp\/v2\/posts"}],"about":[{"href":"https:\/\/www.naturparkmagazin.de\/nossentiner-schwinzer-heide\/wp-json\/wp\/v2\/types\/post"}],"author":[{"embeddable":true,"href":"https:\/\/www.naturparkmagazin.de\/nossentiner-schwinzer-heide\/wp-json\/wp\/v2\/users\/28"}],"replies":[{"embeddable":true,"href":"https:\/\/www.naturparkmagazin.de\/nossentiner-schwinzer-heide\/wp-json\/wp\/v2\/comments?post=881"}],"version-history":[{"count":5,"href":"https:\/\/www.naturparkmagazin.de\/nossentiner-schwinzer-heide\/wp-json\/wp\/v2\/posts\/881\/revisions"}],"predecessor-version":[{"id":894,"href":"https:\/\/www.naturparkmagazin.de\/nossentiner-schwinzer-heide\/wp-json\/wp\/v2\/posts\/881\/revisions\/894"}],"wp:featuredmedia":[{"embeddable":true,"href":"https:\/\/www.naturparkmagazin.de\/nossentiner-schwinzer-heide\/wp-json\/wp\/v2\/media\/892"}],"wp:attachment":[{"href":"https:\/\/www.naturparkmagazin.de\/nossentiner-schwinzer-heide\/wp-json\/wp\/v2\/media?parent=881"}],"wp:term":[{"taxonomy":"category","embeddable":true,"href":"https:\/\/www.naturparkmagazin.de\/nossentiner-schwinzer-heide\/wp-json\/wp\/v2\/categories?post=881"},{"taxonomy":"post_tag","embeddable":true,"href":"https:\/\/www.naturparkmagazin.de\/nossentiner-schwinzer-heide\/wp-json\/wp\/v2\/tags?post=881"}],"curies":[{"name":"wp","href":"https:\/\/api.w.org\/{rel}","templated":true}]}}