{"id":896,"date":"2016-02-17T13:57:01","date_gmt":"2016-02-17T12:57:01","guid":{"rendered":"http:\/\/www.naturparkmagazin.de\/nossentiner-schwinzer-heide\/?p=896"},"modified":"2016-02-18T15:07:14","modified_gmt":"2016-02-18T14:07:14","slug":"vortrag-im-karower-meiler","status":"publish","type":"post","link":"https:\/\/www.naturparkmagazin.de\/nossentiner-schwinzer-heide\/vortrag-im-karower-meiler\/","title":{"rendered":"Vortrag im Karower Meiler"},"content":{"rendered":"<div id=\"attachment_909\" style=\"width: 510px\" class=\"wp-caption aligncenter\"><a href=\"https:\/\/www.naturparkmagazin.de\/nossentiner-schwinzer-heide\/wp-content\/uploads\/sites\/28\/Peenetal_09-Jun-2010_2941-Beitrag.jpg\"><img aria-describedby=\"caption-attachment-909\" decoding=\"async\" loading=\"lazy\" class=\"size-full wp-image-909\" src=\"https:\/\/www.naturparkmagazin.de\/nossentiner-schwinzer-heide\/wp-content\/uploads\/sites\/28\/Peenetal_09-Jun-2010_2941-Beitrag.jpg\" alt=\"Peenetal\u00a9Naturpark Nossentiner Schwinzer Heide\" width=\"500\" height=\"300\" srcset=\"https:\/\/www.naturparkmagazin.de\/nossentiner-schwinzer-heide\/wp-content\/uploads\/sites\/28\/Peenetal_09-Jun-2010_2941-Beitrag.jpg 500w, https:\/\/www.naturparkmagazin.de\/nossentiner-schwinzer-heide\/wp-content\/uploads\/sites\/28\/Peenetal_09-Jun-2010_2941-Beitrag-300x180.jpg 300w, https:\/\/www.naturparkmagazin.de\/nossentiner-schwinzer-heide\/wp-content\/uploads\/sites\/28\/Peenetal_09-Jun-2010_2941-Beitrag-200x120.jpg 200w\" sizes=\"(max-width: 500px) 100vw, 500px\" \/><\/a><p id=\"caption-attachment-909\" class=\"wp-caption-text\">Peenetal\u00a9Naturpark Nossentiner Schwinzer Heide<\/p><\/div>\n<p>Die Peene, auch \u201eAmazonas des Nordens\u201c genannt, ist einer der letzten unverbauten Fl\u00fcsse Deutschlands. Sie erstreckt sich \u00fcber 85 km vom Kummerower See bis \u00f6stlich von Anklam, wo sie in den Peenestrom m\u00fcndet. Ruhig windet sich der Fluss ohne nennenswerte Eigenstr\u00f6mung durch gro\u00dfr\u00e4umige, naturnahe Moorlandschaften \u2013 ein Paradies f\u00fcr Wasserwanderer. Flachwasserseen, Torfstiche und Feuchtwiesen erg\u00e4nzen das Mosaik aus Niedermooren, Quellmooren, Altarmen (abgeschnittene Flussteile), verlandeten Gr\u00e4ben, ausgedehnten R\u00f6hrichten und Bruchw\u00e4ldern.<\/p>\n<div id=\"attachment_904\" style=\"width: 510px\" class=\"wp-caption aligncenter\"><a href=\"https:\/\/www.naturparkmagazin.de\/nossentiner-schwinzer-heide\/wp-content\/uploads\/sites\/28\/Peenetal_09-Jun-2010_2899-Beitrag.jpg\"><img aria-describedby=\"caption-attachment-904\" decoding=\"async\" loading=\"lazy\" class=\"size-full wp-image-904\" src=\"https:\/\/www.naturparkmagazin.de\/nossentiner-schwinzer-heide\/wp-content\/uploads\/sites\/28\/Peenetal_09-Jun-2010_2899-Beitrag.jpg\" alt=\"Peenetal\u00a9Naturpark Nossentiner Schwinzer Heide\" width=\"500\" height=\"300\" srcset=\"https:\/\/www.naturparkmagazin.de\/nossentiner-schwinzer-heide\/wp-content\/uploads\/sites\/28\/Peenetal_09-Jun-2010_2899-Beitrag.jpg 500w, https:\/\/www.naturparkmagazin.de\/nossentiner-schwinzer-heide\/wp-content\/uploads\/sites\/28\/Peenetal_09-Jun-2010_2899-Beitrag-300x180.jpg 300w, https:\/\/www.naturparkmagazin.de\/nossentiner-schwinzer-heide\/wp-content\/uploads\/sites\/28\/Peenetal_09-Jun-2010_2899-Beitrag-200x120.jpg 200w\" sizes=\"(max-width: 500px) 100vw, 500px\" \/><\/a><p id=\"caption-attachment-904\" class=\"wp-caption-text\">Peenetal\u00a9Naturpark Nossentiner Schwinzer Heide<\/p><\/div>\n<p>Bekannt ist das Peenetal durch seine gro\u00dfen fl\u00e4chendeckenden Fischotter- und Bibervorkommen. Zudem ist sie einer der fischartenreichsten Fl\u00fcsse Deutschlands mit seltenen Arten wie Flussneunauge und Steinbei\u00dfer. Die Flussniederung der Peene ist mit ca. 20.000 ha auch eines der gr\u00f6\u00dften zusammenh\u00e4ngenden Niedermoorgebiete Mittel- und Westeuropas. Sie zeigt den gr\u00f6\u00dften Urspr\u00fcnglichkeitsgrad aller norddeutschen Flusst\u00e4ler. Hier kommen seltene Moorpflanzen und \u2013tiere wie Ostseeknabenkraut und Gro\u00dfer Feuerfalter vor. Au\u00dferdem ist fast das gesamte Peenetal Europ\u00e4isches Vogelschutzgebiet. Hier br\u00fcten allein drei Adler- und drei Seeschwalbenarten.<\/p>\n<div id=\"attachment_905\" style=\"width: 510px\" class=\"wp-caption aligncenter\"><a href=\"https:\/\/www.naturparkmagazin.de\/nossentiner-schwinzer-heide\/wp-content\/uploads\/sites\/28\/Peenetal_09-Jun-2010_2911-Beitrag.jpg\"><img aria-describedby=\"caption-attachment-905\" decoding=\"async\" loading=\"lazy\" class=\"size-full wp-image-905\" src=\"https:\/\/www.naturparkmagazin.de\/nossentiner-schwinzer-heide\/wp-content\/uploads\/sites\/28\/Peenetal_09-Jun-2010_2911-Beitrag.jpg\" alt=\"Peenetal\u00a9Naturpark Nossentiner Schwinzer Heide\" width=\"500\" height=\"300\" srcset=\"https:\/\/www.naturparkmagazin.de\/nossentiner-schwinzer-heide\/wp-content\/uploads\/sites\/28\/Peenetal_09-Jun-2010_2911-Beitrag.jpg 500w, https:\/\/www.naturparkmagazin.de\/nossentiner-schwinzer-heide\/wp-content\/uploads\/sites\/28\/Peenetal_09-Jun-2010_2911-Beitrag-300x180.jpg 300w, https:\/\/www.naturparkmagazin.de\/nossentiner-schwinzer-heide\/wp-content\/uploads\/sites\/28\/Peenetal_09-Jun-2010_2911-Beitrag-200x120.jpg 200w\" sizes=\"(max-width: 500px) 100vw, 500px\" \/><\/a><p id=\"caption-attachment-905\" class=\"wp-caption-text\">Peenetal\u00a9Naturpark Nossentiner Schwinzer Heide<\/p><\/div>\n<p>Am Mittwoch, den 16. M\u00e4rz 2016 um 19:00 Uhr, stellt der Leiter des Naturparks Flusslandschaft Peenetal, Dr. Frank Hennicke, \u201eseinen\u201c Naturpark interessierten Zuh\u00f6rern in einem reich bebilderten Vortrag im Kultur- und Informationszentrum Karower Meiler vor. Interessenten sind herzlich eingeladen.<\/p>\n<div id=\"attachment_906\" style=\"width: 510px\" class=\"wp-caption aligncenter\"><a href=\"https:\/\/www.naturparkmagazin.de\/nossentiner-schwinzer-heide\/wp-content\/uploads\/sites\/28\/Peenetal_09-Jun-2010_2935-Beitrag.jpg\"><img aria-describedby=\"caption-attachment-906\" decoding=\"async\" loading=\"lazy\" class=\"size-full wp-image-906\" src=\"https:\/\/www.naturparkmagazin.de\/nossentiner-schwinzer-heide\/wp-content\/uploads\/sites\/28\/Peenetal_09-Jun-2010_2935-Beitrag.jpg\" alt=\"Peenetal\u00a9Naturpark Nossentiner Schwinzer Heide\" width=\"500\" height=\"300\" srcset=\"https:\/\/www.naturparkmagazin.de\/nossentiner-schwinzer-heide\/wp-content\/uploads\/sites\/28\/Peenetal_09-Jun-2010_2935-Beitrag.jpg 500w, https:\/\/www.naturparkmagazin.de\/nossentiner-schwinzer-heide\/wp-content\/uploads\/sites\/28\/Peenetal_09-Jun-2010_2935-Beitrag-300x180.jpg 300w, https:\/\/www.naturparkmagazin.de\/nossentiner-schwinzer-heide\/wp-content\/uploads\/sites\/28\/Peenetal_09-Jun-2010_2935-Beitrag-200x120.jpg 200w\" sizes=\"(max-width: 500px) 100vw, 500px\" \/><\/a><p id=\"caption-attachment-906\" class=\"wp-caption-text\">Peenetal\u00a9Naturpark Nossentiner Schwinzer Heide<\/p><\/div>\n<div id=\"attachment_903\" style=\"width: 510px\" class=\"wp-caption aligncenter\"><a href=\"https:\/\/www.naturparkmagazin.de\/nossentiner-schwinzer-heide\/wp-content\/uploads\/sites\/28\/Peenetal_09-Jun-2010_2896-Beitrag.jpg\"><img aria-describedby=\"caption-attachment-903\" decoding=\"async\" loading=\"lazy\" class=\"size-full wp-image-903\" src=\"https:\/\/www.naturparkmagazin.de\/nossentiner-schwinzer-heide\/wp-content\/uploads\/sites\/28\/Peenetal_09-Jun-2010_2896-Beitrag.jpg\" alt=\"Peenetal\u00a9Naturpark Nossentiner Schwinzer Heide\" width=\"500\" height=\"300\" srcset=\"https:\/\/www.naturparkmagazin.de\/nossentiner-schwinzer-heide\/wp-content\/uploads\/sites\/28\/Peenetal_09-Jun-2010_2896-Beitrag.jpg 500w, https:\/\/www.naturparkmagazin.de\/nossentiner-schwinzer-heide\/wp-content\/uploads\/sites\/28\/Peenetal_09-Jun-2010_2896-Beitrag-300x180.jpg 300w, https:\/\/www.naturparkmagazin.de\/nossentiner-schwinzer-heide\/wp-content\/uploads\/sites\/28\/Peenetal_09-Jun-2010_2896-Beitrag-200x120.jpg 200w\" sizes=\"(max-width: 500px) 100vw, 500px\" \/><\/a><p id=\"caption-attachment-903\" class=\"wp-caption-text\">Peenetal\u00a9Naturpark Nossentiner Schwinzer Heide<\/p><\/div>\n<p>&nbsp;<\/p>\n<p>&nbsp;<\/p>\n","protected":false},"excerpt":{"rendered":"<p>Am Mittwoch, den 16. M\u00e4rz 2016 um 19:00 Uhr, stellt der Leiter des Naturparks Flusslandschaft Peenetal, Dr. Frank Hennicke, \u201eseinen\u201c Naturpark interessierten Zuh\u00f6rern in einem reich bebilderten Vortrag im Kultur- und Informationszentrum Karower Meiler vor. Interessenten sind herzlich eingeladen.<\/p>\n","protected":false},"author":28,"featured_media":908,"comment_status":"open","ping_status":"open","sticky":false,"template":"","format":"standard","meta":[],"categories":[11],"tags":[508],"yoast_head":"<!-- This site is optimized with the Yoast SEO plugin v19.10 - https:\/\/yoast.com\/wordpress\/plugins\/seo\/ -->\n<title>Vortrag im Karower Meiler - Naturpark Nossentiner\/Schwinzer Heide<\/title>\n<meta name=\"robots\" content=\"index, follow, max-snippet:-1, max-image-preview:large, max-video-preview:-1\" \/>\n<link rel=\"canonical\" href=\"https:\/\/www.naturparkmagazin.de\/nossentiner-schwinzer-heide\/vortrag-im-karower-meiler\/\" \/>\n<meta property=\"og:locale\" content=\"de_DE\" \/>\n<meta property=\"og:type\" content=\"article\" \/>\n<meta property=\"og:title\" content=\"Vortrag im Karower Meiler - Naturpark Nossentiner\/Schwinzer Heide\" \/>\n<meta property=\"og:description\" content=\"Am Mittwoch, den 16. M\u00e4rz 2016 um 19:00 Uhr, stellt der Leiter des Naturparks Flusslandschaft Peenetal, Dr. Frank Hennicke, \u201eseinen\u201c Naturpark interessierten Zuh\u00f6rern in einem reich bebilderten Vortrag im Kultur- und Informationszentrum Karower Meiler vor. Interessenten sind herzlich eingeladen.\" \/>\n<meta property=\"og:url\" content=\"https:\/\/www.naturparkmagazin.de\/nossentiner-schwinzer-heide\/vortrag-im-karower-meiler\/\" \/>\n<meta property=\"og:site_name\" content=\"Naturpark Nossentiner\/Schwinzer Heide\" \/>\n<meta property=\"article:published_time\" content=\"2016-02-17T12:57:01+00:00\" \/>\n<meta property=\"article:modified_time\" content=\"2016-02-18T14:07:14+00:00\" \/>\n<meta property=\"og:image\" content=\"https:\/\/www.naturparkmagazin.de\/nossentiner-schwinzer-heide\/wp-content\/uploads\/sites\/28\/Peenetal_09-Jun-2010_2941-b.jpg\" \/>\n\t<meta property=\"og:image:width\" content=\"296\" \/>\n\t<meta property=\"og:image:height\" content=\"296\" \/>\n\t<meta property=\"og:image:type\" content=\"image\/jpeg\" \/>\n<meta name=\"twitter:label1\" content=\"Verfasst von\" \/>\n\t<meta name=\"twitter:data1\" content=\"\" \/>\n\t<meta name=\"twitter:label2\" content=\"Gesch\u00e4tzte Lesezeit\" \/>\n\t<meta name=\"twitter:data2\" content=\"1\u00a0Minute\" \/>\n<script type=\"application\/ld+json\" class=\"yoast-schema-graph\">{\"@context\":\"https:\/\/schema.org\",\"@graph\":[{\"@type\":\"WebPage\",\"@id\":\"https:\/\/www.naturparkmagazin.de\/nossentiner-schwinzer-heide\/vortrag-im-karower-meiler\/\",\"url\":\"https:\/\/www.naturparkmagazin.de\/nossentiner-schwinzer-heide\/vortrag-im-karower-meiler\/\",\"name\":\"Vortrag im Karower Meiler - Naturpark Nossentiner\/Schwinzer Heide\",\"isPartOf\":{\"@id\":\"https:\/\/www.naturparkmagazin.de\/nossentiner-schwinzer-heide\/#website\"},\"datePublished\":\"2016-02-17T12:57:01+00:00\",\"dateModified\":\"2016-02-18T14:07:14+00:00\",\"author\":{\"@id\":\"\"},\"breadcrumb\":{\"@id\":\"https:\/\/www.naturparkmagazin.de\/nossentiner-schwinzer-heide\/vortrag-im-karower-meiler\/#breadcrumb\"},\"inLanguage\":\"de\",\"potentialAction\":[{\"@type\":\"ReadAction\",\"target\":[\"https:\/\/www.naturparkmagazin.de\/nossentiner-schwinzer-heide\/vortrag-im-karower-meiler\/\"]}]},{\"@type\":\"BreadcrumbList\",\"@id\":\"https:\/\/www.naturparkmagazin.de\/nossentiner-schwinzer-heide\/vortrag-im-karower-meiler\/#breadcrumb\",\"itemListElement\":[{\"@type\":\"ListItem\",\"position\":1,\"name\":\"Home\",\"item\":\"https:\/\/www.naturparkmagazin.de\/nossentiner-schwinzer-heide\/\"},{\"@type\":\"ListItem\",\"position\":2,\"name\":\"Vortrag im Karower Meiler\"}]},{\"@type\":\"WebSite\",\"@id\":\"https:\/\/www.naturparkmagazin.de\/nossentiner-schwinzer-heide\/#website\",\"url\":\"https:\/\/www.naturparkmagazin.de\/nossentiner-schwinzer-heide\/\",\"name\":\"Naturpark Nossentiner\/Schwinzer Heide\",\"description\":\"\",\"potentialAction\":[{\"@type\":\"SearchAction\",\"target\":{\"@type\":\"EntryPoint\",\"urlTemplate\":\"https:\/\/www.naturparkmagazin.de\/nossentiner-schwinzer-heide\/?s={search_term_string}\"},\"query-input\":\"required name=search_term_string\"}],\"inLanguage\":\"de\"},{\"@type\":\"Person\",\"@id\":\"\",\"url\":\"https:\/\/www.naturparkmagazin.de\/nossentiner-schwinzer-heide\/author\/\"}]}<\/script>\n<!-- \/ Yoast SEO plugin. -->","yoast_head_json":{"title":"Vortrag im Karower Meiler - Naturpark Nossentiner\/Schwinzer Heide","robots":{"index":"index","follow":"follow","max-snippet":"max-snippet:-1","max-image-preview":"max-image-preview:large","max-video-preview":"max-video-preview:-1"},"canonical":"https:\/\/www.naturparkmagazin.de\/nossentiner-schwinzer-heide\/vortrag-im-karower-meiler\/","og_locale":"de_DE","og_type":"article","og_title":"Vortrag im Karower Meiler - Naturpark Nossentiner\/Schwinzer Heide","og_description":"Am Mittwoch, den 16. M\u00e4rz 2016 um 19:00 Uhr, stellt der Leiter des Naturparks Flusslandschaft Peenetal, Dr. Frank Hennicke, \u201eseinen\u201c Naturpark interessierten Zuh\u00f6rern in einem reich bebilderten Vortrag im Kultur- und Informationszentrum Karower Meiler vor. Interessenten sind herzlich eingeladen.","og_url":"https:\/\/www.naturparkmagazin.de\/nossentiner-schwinzer-heide\/vortrag-im-karower-meiler\/","og_site_name":"Naturpark Nossentiner\/Schwinzer Heide","article_published_time":"2016-02-17T12:57:01+00:00","article_modified_time":"2016-02-18T14:07:14+00:00","og_image":[{"width":296,"height":296,"url":"https:\/\/www.naturparkmagazin.de\/nossentiner-schwinzer-heide\/wp-content\/uploads\/sites\/28\/Peenetal_09-Jun-2010_2941-b.jpg","type":"image\/jpeg"}],"twitter_misc":{"Verfasst von":"","Gesch\u00e4tzte Lesezeit":"1\u00a0Minute"},"schema":{"@context":"https:\/\/schema.org","@graph":[{"@type":"WebPage","@id":"https:\/\/www.naturparkmagazin.de\/nossentiner-schwinzer-heide\/vortrag-im-karower-meiler\/","url":"https:\/\/www.naturparkmagazin.de\/nossentiner-schwinzer-heide\/vortrag-im-karower-meiler\/","name":"Vortrag im Karower Meiler - Naturpark Nossentiner\/Schwinzer Heide","isPartOf":{"@id":"https:\/\/www.naturparkmagazin.de\/nossentiner-schwinzer-heide\/#website"},"datePublished":"2016-02-17T12:57:01+00:00","dateModified":"2016-02-18T14:07:14+00:00","author":{"@id":""},"breadcrumb":{"@id":"https:\/\/www.naturparkmagazin.de\/nossentiner-schwinzer-heide\/vortrag-im-karower-meiler\/#breadcrumb"},"inLanguage":"de","potentialAction":[{"@type":"ReadAction","target":["https:\/\/www.naturparkmagazin.de\/nossentiner-schwinzer-heide\/vortrag-im-karower-meiler\/"]}]},{"@type":"BreadcrumbList","@id":"https:\/\/www.naturparkmagazin.de\/nossentiner-schwinzer-heide\/vortrag-im-karower-meiler\/#breadcrumb","itemListElement":[{"@type":"ListItem","position":1,"name":"Home","item":"https:\/\/www.naturparkmagazin.de\/nossentiner-schwinzer-heide\/"},{"@type":"ListItem","position":2,"name":"Vortrag im Karower Meiler"}]},{"@type":"WebSite","@id":"https:\/\/www.naturparkmagazin.de\/nossentiner-schwinzer-heide\/#website","url":"https:\/\/www.naturparkmagazin.de\/nossentiner-schwinzer-heide\/","name":"Naturpark Nossentiner\/Schwinzer Heide","description":"","potentialAction":[{"@type":"SearchAction","target":{"@type":"EntryPoint","urlTemplate":"https:\/\/www.naturparkmagazin.de\/nossentiner-schwinzer-heide\/?s={search_term_string}"},"query-input":"required name=search_term_string"}],"inLanguage":"de"},{"@type":"Person","@id":"","url":"https:\/\/www.naturparkmagazin.de\/nossentiner-schwinzer-heide\/author\/"}]}},"_links":{"self":[{"href":"https:\/\/www.naturparkmagazin.de\/nossentiner-schwinzer-heide\/wp-json\/wp\/v2\/posts\/896"}],"collection":[{"href":"https:\/\/www.naturparkmagazin.de\/nossentiner-schwinzer-heide\/wp-json\/wp\/v2\/posts"}],"about":[{"href":"https:\/\/www.naturparkmagazin.de\/nossentiner-schwinzer-heide\/wp-json\/wp\/v2\/types\/post"}],"author":[{"embeddable":true,"href":"https:\/\/www.naturparkmagazin.de\/nossentiner-schwinzer-heide\/wp-json\/wp\/v2\/users\/28"}],"replies":[{"embeddable":true,"href":"https:\/\/www.naturparkmagazin.de\/nossentiner-schwinzer-heide\/wp-json\/wp\/v2\/comments?post=896"}],"version-history":[{"count":4,"href":"https:\/\/www.naturparkmagazin.de\/nossentiner-schwinzer-heide\/wp-json\/wp\/v2\/posts\/896\/revisions"}],"predecessor-version":[{"id":910,"href":"https:\/\/www.naturparkmagazin.de\/nossentiner-schwinzer-heide\/wp-json\/wp\/v2\/posts\/896\/revisions\/910"}],"wp:featuredmedia":[{"embeddable":true,"href":"https:\/\/www.naturparkmagazin.de\/nossentiner-schwinzer-heide\/wp-json\/wp\/v2\/media\/908"}],"wp:attachment":[{"href":"https:\/\/www.naturparkmagazin.de\/nossentiner-schwinzer-heide\/wp-json\/wp\/v2\/media?parent=896"}],"wp:term":[{"taxonomy":"category","embeddable":true,"href":"https:\/\/www.naturparkmagazin.de\/nossentiner-schwinzer-heide\/wp-json\/wp\/v2\/categories?post=896"},{"taxonomy":"post_tag","embeddable":true,"href":"https:\/\/www.naturparkmagazin.de\/nossentiner-schwinzer-heide\/wp-json\/wp\/v2\/tags?post=896"}],"curies":[{"name":"wp","href":"https:\/\/api.w.org\/{rel}","templated":true}]}}