{"id":912,"date":"2016-03-14T14:10:45","date_gmt":"2016-03-14T13:10:45","guid":{"rendered":"http:\/\/www.naturparkmagazin.de\/nossentiner-schwinzer-heide\/?p=912"},"modified":"2016-03-23T11:50:17","modified_gmt":"2016-03-23T10:50:17","slug":"auftaktveranstaltung-zum-naturparkplanprojekt-streuobsterhalt","status":"publish","type":"post","link":"https:\/\/www.naturparkmagazin.de\/nossentiner-schwinzer-heide\/auftaktveranstaltung-zum-naturparkplanprojekt-streuobsterhalt\/","title":{"rendered":"Auftaktveranstaltung zum Naturparkplanprojekt \u201eStreuobsterhalt\u201c"},"content":{"rendered":"<div id=\"attachment_940\" style=\"width: 510px\" class=\"wp-caption aligncenter\"><a href=\"https:\/\/www.naturparkmagazin.de\/nossentiner-schwinzer-heide\/wp-content\/uploads\/sites\/28\/Ag-Streuobst-klein.jpg\"><img aria-describedby=\"caption-attachment-940\" decoding=\"async\" loading=\"lazy\" class=\"size-full wp-image-940\" src=\"https:\/\/www.naturparkmagazin.de\/nossentiner-schwinzer-heide\/wp-content\/uploads\/sites\/28\/Ag-Streuobst-klein.jpg\" alt=\"Ag Streuobst \u00a9 Naturpark Stechlin Ruppiner Land\" width=\"500\" height=\"300\" srcset=\"https:\/\/www.naturparkmagazin.de\/nossentiner-schwinzer-heide\/wp-content\/uploads\/sites\/28\/Ag-Streuobst-klein.jpg 500w, https:\/\/www.naturparkmagazin.de\/nossentiner-schwinzer-heide\/wp-content\/uploads\/sites\/28\/Ag-Streuobst-klein-300x180.jpg 300w, https:\/\/www.naturparkmagazin.de\/nossentiner-schwinzer-heide\/wp-content\/uploads\/sites\/28\/Ag-Streuobst-klein-200x120.jpg 200w\" sizes=\"(max-width: 500px) 100vw, 500px\" \/><\/a><p id=\"caption-attachment-940\" class=\"wp-caption-text\">Ag Streuobst \u00a9 Naturpark Stechlin Ruppiner Land<\/p><\/div>\n<p><span style=\"color: #000000;font-family: Arial\">Vor wenigen Tagen trafen sich in den R\u00e4umen der Agrar GmbH Diestelow insgesamt 13 Akteure und am Erhalt von Streuobstwiesen Interessierte zu einer Auftaktveranstaltung zum Naturparkplanprojekt \u201eStreuobsterhalt\u201c. In einem regen Erfahrungs- und Gedankenaustausch schilderten die Teilnehmer ihre Beweggr\u00fcnde zur Beteiligung an diesem Projekt. <\/span><\/p>\n<p>&nbsp;<\/p>\n<p><span style=\"color: #000000;font-family: Arial\">Streuobst soll als Landschaftselement \u201ewiederentdeckt\u201c, bewahrt und vermehrt werden. Ziel ist es die Aktivit\u00e4ten rund um Streuobst miteinander zu vernetzen. Streuobstbest\u00e4nde stellen kulturhistorisch wie gesellschaftlich wertvolle Strukturelemente in der Kulturlandschaft dar und bieten Lebensr\u00e4ume f\u00fcr unterschiedliche Tier- und Pflanzenarten.<\/span><\/p>\n<p><span style=\"color: #000000;font-family: Arial\">Um die Streuobstbest\u00e4nde in der Naturparkregion zu erhalten, sollen zum einen die Best\u00e4nde erfasst und in ihrer Bedeutung \u00f6ffentlichkeitswirksam dargestellt werden. F\u00fcr die Streuobstbest\u00e4nde sollen M\u00f6glichkeiten f\u00fcr eine ggf. erforderliche Wiederherstellung sowie f\u00fcr die dauerhafte Pflege gepr\u00fcft und realisiert werden. Bei Erg\u00e4nzung oder Neuanlage von Streuobstbest\u00e4nden sollen m\u00f6glichst historische und regionaltypische Sorten ber\u00fccksichtigt werden.<\/span><\/p>\n<p><span style=\"color: #000000;font-family: Arial\">In Verbindung mit Umweltbildungsangeboten f\u00fcr Kinder und Jugendliche<\/span><\/p>\n<p><span style=\"color: #000000;font-family: Arial\">sowie einer touristische Vermarktung des Themas sollen Nutzungsm\u00f6glichkeiten (z.B. Bienenweide, Mobile Saftpresse, Obstverarbeitung) gefunden und etabliert werden.<\/span><\/p>\n<p><span style=\"color: #000000;font-family: Arial\">Weitere Interessenten sind gerne willkommen!<\/span><\/p>\n<p>&nbsp;<\/p>\n","protected":false},"excerpt":{"rendered":"<p>Vor wenigen Tagen trafen sich in den R\u00e4umen der Agrar GmbH Diestelow insgesamt 13 Akteure und am Erhalt von Streuobstwiesen Interessierte zu einer Auftaktveranstaltung zum Naturparkplanprojekt \u201eStreuobsterhalt\u201c. <\/p>\n","protected":false},"author":28,"featured_media":939,"comment_status":"open","ping_status":"open","sticky":false,"template":"","format":"standard","meta":[],"categories":[7],"tags":[],"yoast_head":"<!-- This site is optimized with the Yoast SEO plugin v19.10 - https:\/\/yoast.com\/wordpress\/plugins\/seo\/ -->\n<title>Auftaktveranstaltung zum Naturparkplanprojekt \u201eStreuobsterhalt\u201c - Naturpark Nossentiner\/Schwinzer Heide<\/title>\n<meta name=\"robots\" content=\"index, follow, max-snippet:-1, max-image-preview:large, max-video-preview:-1\" \/>\n<link rel=\"canonical\" href=\"https:\/\/www.naturparkmagazin.de\/nossentiner-schwinzer-heide\/auftaktveranstaltung-zum-naturparkplanprojekt-streuobsterhalt\/\" \/>\n<meta property=\"og:locale\" content=\"de_DE\" \/>\n<meta property=\"og:type\" content=\"article\" \/>\n<meta property=\"og:title\" content=\"Auftaktveranstaltung zum Naturparkplanprojekt \u201eStreuobsterhalt\u201c - Naturpark Nossentiner\/Schwinzer Heide\" \/>\n<meta property=\"og:description\" content=\"Vor wenigen Tagen trafen sich in den R\u00e4umen der Agrar GmbH Diestelow insgesamt 13 Akteure und am Erhalt von Streuobstwiesen Interessierte zu einer Auftaktveranstaltung zum Naturparkplanprojekt \u201eStreuobsterhalt\u201c.\" \/>\n<meta property=\"og:url\" content=\"https:\/\/www.naturparkmagazin.de\/nossentiner-schwinzer-heide\/auftaktveranstaltung-zum-naturparkplanprojekt-streuobsterhalt\/\" \/>\n<meta property=\"og:site_name\" content=\"Naturpark Nossentiner\/Schwinzer Heide\" \/>\n<meta property=\"article:published_time\" content=\"2016-03-14T13:10:45+00:00\" \/>\n<meta property=\"article:modified_time\" content=\"2016-03-23T10:50:17+00:00\" \/>\n<meta property=\"og:image\" content=\"https:\/\/www.naturparkmagazin.de\/nossentiner-schwinzer-heide\/wp-content\/uploads\/sites\/28\/Ag-Streuobst-Beitrags.jpg\" \/>\n\t<meta property=\"og:image:width\" content=\"200\" \/>\n\t<meta property=\"og:image:height\" content=\"200\" \/>\n\t<meta property=\"og:image:type\" content=\"image\/jpeg\" \/>\n<meta name=\"twitter:label1\" content=\"Verfasst von\" \/>\n\t<meta name=\"twitter:data1\" content=\"\" \/>\n\t<meta name=\"twitter:label2\" content=\"Gesch\u00e4tzte Lesezeit\" \/>\n\t<meta name=\"twitter:data2\" content=\"1\u00a0Minute\" \/>\n<script type=\"application\/ld+json\" class=\"yoast-schema-graph\">{\"@context\":\"https:\/\/schema.org\",\"@graph\":[{\"@type\":\"WebPage\",\"@id\":\"https:\/\/www.naturparkmagazin.de\/nossentiner-schwinzer-heide\/auftaktveranstaltung-zum-naturparkplanprojekt-streuobsterhalt\/\",\"url\":\"https:\/\/www.naturparkmagazin.de\/nossentiner-schwinzer-heide\/auftaktveranstaltung-zum-naturparkplanprojekt-streuobsterhalt\/\",\"name\":\"Auftaktveranstaltung zum Naturparkplanprojekt \u201eStreuobsterhalt\u201c - Naturpark Nossentiner\/Schwinzer Heide\",\"isPartOf\":{\"@id\":\"https:\/\/www.naturparkmagazin.de\/nossentiner-schwinzer-heide\/#website\"},\"datePublished\":\"2016-03-14T13:10:45+00:00\",\"dateModified\":\"2016-03-23T10:50:17+00:00\",\"author\":{\"@id\":\"\"},\"breadcrumb\":{\"@id\":\"https:\/\/www.naturparkmagazin.de\/nossentiner-schwinzer-heide\/auftaktveranstaltung-zum-naturparkplanprojekt-streuobsterhalt\/#breadcrumb\"},\"inLanguage\":\"de\",\"potentialAction\":[{\"@type\":\"ReadAction\",\"target\":[\"https:\/\/www.naturparkmagazin.de\/nossentiner-schwinzer-heide\/auftaktveranstaltung-zum-naturparkplanprojekt-streuobsterhalt\/\"]}]},{\"@type\":\"BreadcrumbList\",\"@id\":\"https:\/\/www.naturparkmagazin.de\/nossentiner-schwinzer-heide\/auftaktveranstaltung-zum-naturparkplanprojekt-streuobsterhalt\/#breadcrumb\",\"itemListElement\":[{\"@type\":\"ListItem\",\"position\":1,\"name\":\"Home\",\"item\":\"https:\/\/www.naturparkmagazin.de\/nossentiner-schwinzer-heide\/\"},{\"@type\":\"ListItem\",\"position\":2,\"name\":\"Auftaktveranstaltung zum Naturparkplanprojekt \u201eStreuobsterhalt\u201c\"}]},{\"@type\":\"WebSite\",\"@id\":\"https:\/\/www.naturparkmagazin.de\/nossentiner-schwinzer-heide\/#website\",\"url\":\"https:\/\/www.naturparkmagazin.de\/nossentiner-schwinzer-heide\/\",\"name\":\"Naturpark Nossentiner\/Schwinzer Heide\",\"description\":\"\",\"potentialAction\":[{\"@type\":\"SearchAction\",\"target\":{\"@type\":\"EntryPoint\",\"urlTemplate\":\"https:\/\/www.naturparkmagazin.de\/nossentiner-schwinzer-heide\/?s={search_term_string}\"},\"query-input\":\"required name=search_term_string\"}],\"inLanguage\":\"de\"},{\"@type\":\"Person\",\"@id\":\"\",\"url\":\"https:\/\/www.naturparkmagazin.de\/nossentiner-schwinzer-heide\/author\/\"}]}<\/script>\n<!-- \/ Yoast SEO plugin. -->","yoast_head_json":{"title":"Auftaktveranstaltung zum Naturparkplanprojekt \u201eStreuobsterhalt\u201c - Naturpark Nossentiner\/Schwinzer Heide","robots":{"index":"index","follow":"follow","max-snippet":"max-snippet:-1","max-image-preview":"max-image-preview:large","max-video-preview":"max-video-preview:-1"},"canonical":"https:\/\/www.naturparkmagazin.de\/nossentiner-schwinzer-heide\/auftaktveranstaltung-zum-naturparkplanprojekt-streuobsterhalt\/","og_locale":"de_DE","og_type":"article","og_title":"Auftaktveranstaltung zum Naturparkplanprojekt \u201eStreuobsterhalt\u201c - Naturpark Nossentiner\/Schwinzer Heide","og_description":"Vor wenigen Tagen trafen sich in den R\u00e4umen der Agrar GmbH Diestelow insgesamt 13 Akteure und am Erhalt von Streuobstwiesen Interessierte zu einer Auftaktveranstaltung zum Naturparkplanprojekt \u201eStreuobsterhalt\u201c.","og_url":"https:\/\/www.naturparkmagazin.de\/nossentiner-schwinzer-heide\/auftaktveranstaltung-zum-naturparkplanprojekt-streuobsterhalt\/","og_site_name":"Naturpark Nossentiner\/Schwinzer Heide","article_published_time":"2016-03-14T13:10:45+00:00","article_modified_time":"2016-03-23T10:50:17+00:00","og_image":[{"width":200,"height":200,"url":"https:\/\/www.naturparkmagazin.de\/nossentiner-schwinzer-heide\/wp-content\/uploads\/sites\/28\/Ag-Streuobst-Beitrags.jpg","type":"image\/jpeg"}],"twitter_misc":{"Verfasst von":"","Gesch\u00e4tzte Lesezeit":"1\u00a0Minute"},"schema":{"@context":"https:\/\/schema.org","@graph":[{"@type":"WebPage","@id":"https:\/\/www.naturparkmagazin.de\/nossentiner-schwinzer-heide\/auftaktveranstaltung-zum-naturparkplanprojekt-streuobsterhalt\/","url":"https:\/\/www.naturparkmagazin.de\/nossentiner-schwinzer-heide\/auftaktveranstaltung-zum-naturparkplanprojekt-streuobsterhalt\/","name":"Auftaktveranstaltung zum Naturparkplanprojekt \u201eStreuobsterhalt\u201c - Naturpark Nossentiner\/Schwinzer Heide","isPartOf":{"@id":"https:\/\/www.naturparkmagazin.de\/nossentiner-schwinzer-heide\/#website"},"datePublished":"2016-03-14T13:10:45+00:00","dateModified":"2016-03-23T10:50:17+00:00","author":{"@id":""},"breadcrumb":{"@id":"https:\/\/www.naturparkmagazin.de\/nossentiner-schwinzer-heide\/auftaktveranstaltung-zum-naturparkplanprojekt-streuobsterhalt\/#breadcrumb"},"inLanguage":"de","potentialAction":[{"@type":"ReadAction","target":["https:\/\/www.naturparkmagazin.de\/nossentiner-schwinzer-heide\/auftaktveranstaltung-zum-naturparkplanprojekt-streuobsterhalt\/"]}]},{"@type":"BreadcrumbList","@id":"https:\/\/www.naturparkmagazin.de\/nossentiner-schwinzer-heide\/auftaktveranstaltung-zum-naturparkplanprojekt-streuobsterhalt\/#breadcrumb","itemListElement":[{"@type":"ListItem","position":1,"name":"Home","item":"https:\/\/www.naturparkmagazin.de\/nossentiner-schwinzer-heide\/"},{"@type":"ListItem","position":2,"name":"Auftaktveranstaltung zum Naturparkplanprojekt \u201eStreuobsterhalt\u201c"}]},{"@type":"WebSite","@id":"https:\/\/www.naturparkmagazin.de\/nossentiner-schwinzer-heide\/#website","url":"https:\/\/www.naturparkmagazin.de\/nossentiner-schwinzer-heide\/","name":"Naturpark Nossentiner\/Schwinzer Heide","description":"","potentialAction":[{"@type":"SearchAction","target":{"@type":"EntryPoint","urlTemplate":"https:\/\/www.naturparkmagazin.de\/nossentiner-schwinzer-heide\/?s={search_term_string}"},"query-input":"required name=search_term_string"}],"inLanguage":"de"},{"@type":"Person","@id":"","url":"https:\/\/www.naturparkmagazin.de\/nossentiner-schwinzer-heide\/author\/"}]}},"_links":{"self":[{"href":"https:\/\/www.naturparkmagazin.de\/nossentiner-schwinzer-heide\/wp-json\/wp\/v2\/posts\/912"}],"collection":[{"href":"https:\/\/www.naturparkmagazin.de\/nossentiner-schwinzer-heide\/wp-json\/wp\/v2\/posts"}],"about":[{"href":"https:\/\/www.naturparkmagazin.de\/nossentiner-schwinzer-heide\/wp-json\/wp\/v2\/types\/post"}],"author":[{"embeddable":true,"href":"https:\/\/www.naturparkmagazin.de\/nossentiner-schwinzer-heide\/wp-json\/wp\/v2\/users\/28"}],"replies":[{"embeddable":true,"href":"https:\/\/www.naturparkmagazin.de\/nossentiner-schwinzer-heide\/wp-json\/wp\/v2\/comments?post=912"}],"version-history":[{"count":4,"href":"https:\/\/www.naturparkmagazin.de\/nossentiner-schwinzer-heide\/wp-json\/wp\/v2\/posts\/912\/revisions"}],"predecessor-version":[{"id":955,"href":"https:\/\/www.naturparkmagazin.de\/nossentiner-schwinzer-heide\/wp-json\/wp\/v2\/posts\/912\/revisions\/955"}],"wp:featuredmedia":[{"embeddable":true,"href":"https:\/\/www.naturparkmagazin.de\/nossentiner-schwinzer-heide\/wp-json\/wp\/v2\/media\/939"}],"wp:attachment":[{"href":"https:\/\/www.naturparkmagazin.de\/nossentiner-schwinzer-heide\/wp-json\/wp\/v2\/media?parent=912"}],"wp:term":[{"taxonomy":"category","embeddable":true,"href":"https:\/\/www.naturparkmagazin.de\/nossentiner-schwinzer-heide\/wp-json\/wp\/v2\/categories?post=912"},{"taxonomy":"post_tag","embeddable":true,"href":"https:\/\/www.naturparkmagazin.de\/nossentiner-schwinzer-heide\/wp-json\/wp\/v2\/tags?post=912"}],"curies":[{"name":"wp","href":"https:\/\/api.w.org\/{rel}","templated":true}]}}