{"id":928,"date":"2016-03-14T14:59:12","date_gmt":"2016-03-14T13:59:12","guid":{"rendered":"http:\/\/www.naturparkmagazin.de\/nossentiner-schwinzer-heide\/?p=928"},"modified":"2016-03-24T15:09:38","modified_gmt":"2016-03-24T14:09:38","slug":"exkursion-und-vortrag","status":"publish","type":"post","link":"https:\/\/www.naturparkmagazin.de\/nossentiner-schwinzer-heide\/exkursion-und-vortrag\/","title":{"rendered":"Exkursion und Vortrag"},"content":{"rendered":"<p>Am 30. April um 13.00 Uhr l\u00e4dt der F\u00f6rderverein Naturpark Nossentiner\/Schwinzer Heide e.V. zu einer Exkursion in ein geplantes Vern\u00e4ssungsprojekt ein. Der &#8222;Kl\u00e4dener Norden&#8220;, ein Gebiet mit mehreren kleinen in der Vergangenheit entw\u00e4sserten Waldmooren wird besucht. Die Landesforst Mecklenburg-Vorpommern (das Forstamt Sandhof) plant hier das Wasser in der Landschaft zur\u00fcck zu halten, um den Mooren eine nat\u00fcrliche Entwicklung zu erm\u00f6glichen. Wir wollen uns hier die Situation vor den geplanten Ma\u00dfnahmen ansehen und vielleicht einige Jahre sp\u00e4ter die Ergebnisse betrachten. Treffpunkt ist am Karower Meiler. Es werden Fahrgemeinschaften gebildet.<\/p>\n<div id=\"attachment_967\" style=\"width: 334px\" class=\"wp-caption aligncenter\"><a href=\"https:\/\/www.naturparkmagazin.de\/nossentiner-schwinzer-heide\/wp-content\/uploads\/sites\/28\/Kranich.jpg\"><img aria-describedby=\"caption-attachment-967\" decoding=\"async\" loading=\"lazy\" class=\"size-full wp-image-967\" src=\"https:\/\/www.naturparkmagazin.de\/nossentiner-schwinzer-heide\/wp-content\/uploads\/sites\/28\/Kranich.jpg\" alt=\"Grauer Kranich - Copyright: Wolfgang Mewes\" width=\"324\" height=\"400\" srcset=\"https:\/\/www.naturparkmagazin.de\/nossentiner-schwinzer-heide\/wp-content\/uploads\/sites\/28\/Kranich.jpg 324w, https:\/\/www.naturparkmagazin.de\/nossentiner-schwinzer-heide\/wp-content\/uploads\/sites\/28\/Kranich-300x370.jpg 300w, https:\/\/www.naturparkmagazin.de\/nossentiner-schwinzer-heide\/wp-content\/uploads\/sites\/28\/Kranich-200x247.jpg 200w\" sizes=\"(max-width: 324px) 100vw, 324px\" \/><\/a><p id=\"caption-attachment-967\" class=\"wp-caption-text\">Grauer Kranich &#8211; Copyright: J\u00f6rg Gast<\/p><\/div>\n<p>&nbsp;<\/p>\n<p>Nach der Exkursion gibt es im Karower Meiler Kaffee und Kuchen. Im Anschluss daran h\u00e4lt um 17 Uhr Herr Dr. Wolfgang Mewes einen Vortrag \u00fcber seine Lieblingsv\u00f6gel. Dieses Mal ist er &#8222;Auf den Spuren asiatischer Kraniche&#8220;. Alle Interessenten sind herzlich eingeladen.<\/p>\n","protected":false},"excerpt":{"rendered":"<p>Der F\u00f6rderverein des Naturparks l\u00e4dt am 30.04.2016 zu einer Exkursion in den &#8222;Kl\u00e4dener Norden&#8220; und zu einem Vortrag &#8222;Auf den Spuren asiatischer Kraniche&#8220; in den Karower Meiler ein.<\/p>\n","protected":false},"author":28,"featured_media":965,"comment_status":"open","ping_status":"open","sticky":false,"template":"","format":"standard","meta":[],"categories":[11],"tags":[],"yoast_head":"<!-- This site is optimized with the Yoast SEO plugin v19.10 - https:\/\/yoast.com\/wordpress\/plugins\/seo\/ -->\n<title>Exkursion und Vortrag - Naturpark Nossentiner\/Schwinzer Heide<\/title>\n<meta name=\"robots\" content=\"index, follow, max-snippet:-1, max-image-preview:large, max-video-preview:-1\" \/>\n<link rel=\"canonical\" href=\"https:\/\/www.naturparkmagazin.de\/nossentiner-schwinzer-heide\/exkursion-und-vortrag\/\" \/>\n<meta property=\"og:locale\" content=\"de_DE\" \/>\n<meta property=\"og:type\" content=\"article\" \/>\n<meta property=\"og:title\" content=\"Exkursion und Vortrag - Naturpark Nossentiner\/Schwinzer Heide\" \/>\n<meta property=\"og:description\" content=\"Der F\u00f6rderverein des Naturparks l\u00e4dt am 30.04.2016 zu einer Exkursion in den &quot;Kl\u00e4dener Norden&quot; und zu einem Vortrag &quot;Auf den Spuren asiatischer Kraniche&quot; in den Karower Meiler ein.\" \/>\n<meta property=\"og:url\" content=\"https:\/\/www.naturparkmagazin.de\/nossentiner-schwinzer-heide\/exkursion-und-vortrag\/\" \/>\n<meta property=\"og:site_name\" content=\"Naturpark Nossentiner\/Schwinzer Heide\" \/>\n<meta property=\"article:published_time\" content=\"2016-03-14T13:59:12+00:00\" \/>\n<meta property=\"article:modified_time\" content=\"2016-03-24T14:09:38+00:00\" \/>\n<meta property=\"og:image\" content=\"https:\/\/www.naturparkmagazin.de\/nossentiner-schwinzer-heide\/wp-content\/uploads\/sites\/28\/Kranich_Beitragsbild.jpg\" \/>\n\t<meta property=\"og:image:width\" content=\"200\" \/>\n\t<meta property=\"og:image:height\" content=\"200\" \/>\n\t<meta property=\"og:image:type\" content=\"image\/jpeg\" \/>\n<meta name=\"twitter:label1\" content=\"Verfasst von\" \/>\n\t<meta name=\"twitter:data1\" content=\"\" \/>\n\t<meta name=\"twitter:label2\" content=\"Gesch\u00e4tzte Lesezeit\" \/>\n\t<meta name=\"twitter:data2\" content=\"1\u00a0Minute\" \/>\n<script type=\"application\/ld+json\" class=\"yoast-schema-graph\">{\"@context\":\"https:\/\/schema.org\",\"@graph\":[{\"@type\":\"WebPage\",\"@id\":\"https:\/\/www.naturparkmagazin.de\/nossentiner-schwinzer-heide\/exkursion-und-vortrag\/\",\"url\":\"https:\/\/www.naturparkmagazin.de\/nossentiner-schwinzer-heide\/exkursion-und-vortrag\/\",\"name\":\"Exkursion und Vortrag - Naturpark Nossentiner\/Schwinzer Heide\",\"isPartOf\":{\"@id\":\"https:\/\/www.naturparkmagazin.de\/nossentiner-schwinzer-heide\/#website\"},\"datePublished\":\"2016-03-14T13:59:12+00:00\",\"dateModified\":\"2016-03-24T14:09:38+00:00\",\"author\":{\"@id\":\"\"},\"breadcrumb\":{\"@id\":\"https:\/\/www.naturparkmagazin.de\/nossentiner-schwinzer-heide\/exkursion-und-vortrag\/#breadcrumb\"},\"inLanguage\":\"de\",\"potentialAction\":[{\"@type\":\"ReadAction\",\"target\":[\"https:\/\/www.naturparkmagazin.de\/nossentiner-schwinzer-heide\/exkursion-und-vortrag\/\"]}]},{\"@type\":\"BreadcrumbList\",\"@id\":\"https:\/\/www.naturparkmagazin.de\/nossentiner-schwinzer-heide\/exkursion-und-vortrag\/#breadcrumb\",\"itemListElement\":[{\"@type\":\"ListItem\",\"position\":1,\"name\":\"Home\",\"item\":\"https:\/\/www.naturparkmagazin.de\/nossentiner-schwinzer-heide\/\"},{\"@type\":\"ListItem\",\"position\":2,\"name\":\"Exkursion und Vortrag\"}]},{\"@type\":\"WebSite\",\"@id\":\"https:\/\/www.naturparkmagazin.de\/nossentiner-schwinzer-heide\/#website\",\"url\":\"https:\/\/www.naturparkmagazin.de\/nossentiner-schwinzer-heide\/\",\"name\":\"Naturpark Nossentiner\/Schwinzer Heide\",\"description\":\"\",\"potentialAction\":[{\"@type\":\"SearchAction\",\"target\":{\"@type\":\"EntryPoint\",\"urlTemplate\":\"https:\/\/www.naturparkmagazin.de\/nossentiner-schwinzer-heide\/?s={search_term_string}\"},\"query-input\":\"required name=search_term_string\"}],\"inLanguage\":\"de\"},{\"@type\":\"Person\",\"@id\":\"\",\"url\":\"https:\/\/www.naturparkmagazin.de\/nossentiner-schwinzer-heide\/author\/\"}]}<\/script>\n<!-- \/ Yoast SEO plugin. -->","yoast_head_json":{"title":"Exkursion und Vortrag - Naturpark Nossentiner\/Schwinzer Heide","robots":{"index":"index","follow":"follow","max-snippet":"max-snippet:-1","max-image-preview":"max-image-preview:large","max-video-preview":"max-video-preview:-1"},"canonical":"https:\/\/www.naturparkmagazin.de\/nossentiner-schwinzer-heide\/exkursion-und-vortrag\/","og_locale":"de_DE","og_type":"article","og_title":"Exkursion und Vortrag - Naturpark Nossentiner\/Schwinzer Heide","og_description":"Der F\u00f6rderverein des Naturparks l\u00e4dt am 30.04.2016 zu einer Exkursion in den \"Kl\u00e4dener Norden\" und zu einem Vortrag \"Auf den Spuren asiatischer Kraniche\" in den Karower Meiler ein.","og_url":"https:\/\/www.naturparkmagazin.de\/nossentiner-schwinzer-heide\/exkursion-und-vortrag\/","og_site_name":"Naturpark Nossentiner\/Schwinzer Heide","article_published_time":"2016-03-14T13:59:12+00:00","article_modified_time":"2016-03-24T14:09:38+00:00","og_image":[{"width":200,"height":200,"url":"https:\/\/www.naturparkmagazin.de\/nossentiner-schwinzer-heide\/wp-content\/uploads\/sites\/28\/Kranich_Beitragsbild.jpg","type":"image\/jpeg"}],"twitter_misc":{"Verfasst von":"","Gesch\u00e4tzte Lesezeit":"1\u00a0Minute"},"schema":{"@context":"https:\/\/schema.org","@graph":[{"@type":"WebPage","@id":"https:\/\/www.naturparkmagazin.de\/nossentiner-schwinzer-heide\/exkursion-und-vortrag\/","url":"https:\/\/www.naturparkmagazin.de\/nossentiner-schwinzer-heide\/exkursion-und-vortrag\/","name":"Exkursion und Vortrag - Naturpark Nossentiner\/Schwinzer Heide","isPartOf":{"@id":"https:\/\/www.naturparkmagazin.de\/nossentiner-schwinzer-heide\/#website"},"datePublished":"2016-03-14T13:59:12+00:00","dateModified":"2016-03-24T14:09:38+00:00","author":{"@id":""},"breadcrumb":{"@id":"https:\/\/www.naturparkmagazin.de\/nossentiner-schwinzer-heide\/exkursion-und-vortrag\/#breadcrumb"},"inLanguage":"de","potentialAction":[{"@type":"ReadAction","target":["https:\/\/www.naturparkmagazin.de\/nossentiner-schwinzer-heide\/exkursion-und-vortrag\/"]}]},{"@type":"BreadcrumbList","@id":"https:\/\/www.naturparkmagazin.de\/nossentiner-schwinzer-heide\/exkursion-und-vortrag\/#breadcrumb","itemListElement":[{"@type":"ListItem","position":1,"name":"Home","item":"https:\/\/www.naturparkmagazin.de\/nossentiner-schwinzer-heide\/"},{"@type":"ListItem","position":2,"name":"Exkursion und Vortrag"}]},{"@type":"WebSite","@id":"https:\/\/www.naturparkmagazin.de\/nossentiner-schwinzer-heide\/#website","url":"https:\/\/www.naturparkmagazin.de\/nossentiner-schwinzer-heide\/","name":"Naturpark Nossentiner\/Schwinzer Heide","description":"","potentialAction":[{"@type":"SearchAction","target":{"@type":"EntryPoint","urlTemplate":"https:\/\/www.naturparkmagazin.de\/nossentiner-schwinzer-heide\/?s={search_term_string}"},"query-input":"required name=search_term_string"}],"inLanguage":"de"},{"@type":"Person","@id":"","url":"https:\/\/www.naturparkmagazin.de\/nossentiner-schwinzer-heide\/author\/"}]}},"_links":{"self":[{"href":"https:\/\/www.naturparkmagazin.de\/nossentiner-schwinzer-heide\/wp-json\/wp\/v2\/posts\/928"}],"collection":[{"href":"https:\/\/www.naturparkmagazin.de\/nossentiner-schwinzer-heide\/wp-json\/wp\/v2\/posts"}],"about":[{"href":"https:\/\/www.naturparkmagazin.de\/nossentiner-schwinzer-heide\/wp-json\/wp\/v2\/types\/post"}],"author":[{"embeddable":true,"href":"https:\/\/www.naturparkmagazin.de\/nossentiner-schwinzer-heide\/wp-json\/wp\/v2\/users\/28"}],"replies":[{"embeddable":true,"href":"https:\/\/www.naturparkmagazin.de\/nossentiner-schwinzer-heide\/wp-json\/wp\/v2\/comments?post=928"}],"version-history":[{"count":5,"href":"https:\/\/www.naturparkmagazin.de\/nossentiner-schwinzer-heide\/wp-json\/wp\/v2\/posts\/928\/revisions"}],"predecessor-version":[{"id":970,"href":"https:\/\/www.naturparkmagazin.de\/nossentiner-schwinzer-heide\/wp-json\/wp\/v2\/posts\/928\/revisions\/970"}],"wp:featuredmedia":[{"embeddable":true,"href":"https:\/\/www.naturparkmagazin.de\/nossentiner-schwinzer-heide\/wp-json\/wp\/v2\/media\/965"}],"wp:attachment":[{"href":"https:\/\/www.naturparkmagazin.de\/nossentiner-schwinzer-heide\/wp-json\/wp\/v2\/media?parent=928"}],"wp:term":[{"taxonomy":"category","embeddable":true,"href":"https:\/\/www.naturparkmagazin.de\/nossentiner-schwinzer-heide\/wp-json\/wp\/v2\/categories?post=928"},{"taxonomy":"post_tag","embeddable":true,"href":"https:\/\/www.naturparkmagazin.de\/nossentiner-schwinzer-heide\/wp-json\/wp\/v2\/tags?post=928"}],"curies":[{"name":"wp","href":"https:\/\/api.w.org\/{rel}","templated":true}]}}