{"id":973,"date":"2016-04-18T11:03:04","date_gmt":"2016-04-18T09:03:04","guid":{"rendered":"http:\/\/www.naturparkmagazin.de\/nossentiner-schwinzer-heide\/?p=973"},"modified":"2016-05-19T11:01:35","modified_gmt":"2016-05-19T09:01:35","slug":"wandern-mit-dem-minister-auf-dem-naturparkweg-mv","status":"publish","type":"post","link":"https:\/\/www.naturparkmagazin.de\/nossentiner-schwinzer-heide\/wandern-mit-dem-minister-auf-dem-naturparkweg-mv\/","title":{"rendered":"Wandern mit dem Minister auf dem Naturparkweg MV"},"content":{"rendered":"<p>Die Wanderung beginnt am 11. Mai um 10 Uhr am \u201eForsthaus L\u00e4hnwitz&#8220; in der Gemeinde Lohmen.\u00a0Das ehemalige Forsthaus\u00a0ist heute ein 4-Sterne Ferienhaus in ruhiger Lage am L\u00e4hnwitzsee. Der See ist Bestandteil des FFH-Gebietes \u201eWald- und Gew\u00e4sserlandschaft um Gro\u00df Upahl und Boitin\u201c. Das Haus war urspr\u00fcnglich eine Ziegelei des Kloster Dobbertin. Jahrzehnte wurde es als F\u00f6rsterei genutzt. Es verf\u00fcgt \u00fcber eine hochwertige Ausstattung.<\/p>\n<div id=\"attachment_990\" style=\"width: 459px\" class=\"wp-caption aligncenter\"><a href=\"https:\/\/www.naturparkmagazin.de\/nossentiner-schwinzer-heide\/wp-content\/uploads\/sites\/28\/Klosteramtsausstellung-3440.jpg\"><img aria-describedby=\"caption-attachment-990\" decoding=\"async\" loading=\"lazy\" class=\"size-full wp-image-990\" src=\"https:\/\/www.naturparkmagazin.de\/nossentiner-schwinzer-heide\/wp-content\/uploads\/sites\/28\/Klosteramtsausstellung-3440.jpg\" alt=\"Klosteramtsausstellung- Copyright: Naturpark Nossentiner\/Schwinzer Heide\" width=\"449\" height=\"300\" srcset=\"https:\/\/www.naturparkmagazin.de\/nossentiner-schwinzer-heide\/wp-content\/uploads\/sites\/28\/Klosteramtsausstellung-3440.jpg 449w, https:\/\/www.naturparkmagazin.de\/nossentiner-schwinzer-heide\/wp-content\/uploads\/sites\/28\/Klosteramtsausstellung-3440-300x200.jpg 300w, https:\/\/www.naturparkmagazin.de\/nossentiner-schwinzer-heide\/wp-content\/uploads\/sites\/28\/Klosteramtsausstellung-3440-200x134.jpg 200w\" sizes=\"(max-width: 449px) 100vw, 449px\" \/><\/a><p id=\"caption-attachment-990\" class=\"wp-caption-text\">Klosteramtsausstellung &#8211; Copyright: Naturpark Nossentiner\/Schwinzer Heide<\/p><\/div>\n<p>Vorbei an Pferde- und Schafkoppeln f\u00fchrt der Weg \u00fcber Garden scharf rechts zur \u201eGarder M\u00fchle\u201c. Die ersten Meter des Weges sind Bestandteil eines Lehrpfades rund um das Forsthaus, auf dem die G\u00e4ste Informationen zur Geschichte, Forstwirtschaft und Naturausstattung erhalten. Die Tafeln sind im Layout von \u201eInfo-Direkt\u201c, einem in den beiden Naturparken einheitlich verwendeten System erstellt. Es wird uns unterwegs immer wieder begegnen.<\/p>\n<p>Garden und Garder M\u00fchle sind Ortsteile von Lohmen und geh\u00f6rten \u00fcber viele Jahrhunderte zum Klosteramt Dobbertin. Lohmen ist eine von zwei Gemeinden, welche in diesem Jahr das Land MV im Bundeswettbewerb \u201eUnser Dorf hat Zukunft\u201c vertreten.<\/p>\n<div id=\"attachment_988\" style=\"width: 510px\" class=\"wp-caption aligncenter\"><a href=\"https:\/\/www.naturparkmagazin.de\/nossentiner-schwinzer-heide\/wp-content\/uploads\/sites\/28\/Kloster-Dobbertin.jpg\"><img aria-describedby=\"caption-attachment-988\" decoding=\"async\" loading=\"lazy\" class=\"size-full wp-image-988\" src=\"https:\/\/www.naturparkmagazin.de\/nossentiner-schwinzer-heide\/wp-content\/uploads\/sites\/28\/Kloster-Dobbertin.jpg\" alt=\"Kloster Dobbertin - Copyright: Naturpark Nossentiner\/Schwinzer Heide\" width=\"500\" height=\"300\" srcset=\"https:\/\/www.naturparkmagazin.de\/nossentiner-schwinzer-heide\/wp-content\/uploads\/sites\/28\/Kloster-Dobbertin.jpg 500w, https:\/\/www.naturparkmagazin.de\/nossentiner-schwinzer-heide\/wp-content\/uploads\/sites\/28\/Kloster-Dobbertin-300x180.jpg 300w, https:\/\/www.naturparkmagazin.de\/nossentiner-schwinzer-heide\/wp-content\/uploads\/sites\/28\/Kloster-Dobbertin-200x120.jpg 200w\" sizes=\"(max-width: 500px) 100vw, 500px\" \/><\/a><p id=\"caption-attachment-988\" class=\"wp-caption-text\">Kloster Dobbertin &#8211; Copyright: Naturpark Nossentiner\/Schwinzer Heide<\/p><\/div>\n<p>Zwischen Garden und dem Woseriner See stehen noch das Wohnhaus des letzten Windm\u00fcllers und einige Bungalows an der Bresenitz &#8211; die kleine Ansiedlung Garder M\u00fchle. Im Besitz des Klosters Dobbertin wird 1238 hier eine Wasserm\u00fchle erstmals erw\u00e4hnt. Seit 1828 wurde das Korn in einer Windm\u00fchle gemahlen. Von beiden M\u00fchlen gibt es keine Spuren mehr. Unterwegs fallen immer wieder historische Wegweisersteine auf, die liebevoll privat restauriert wurden.<\/p>\n<p>Die Bresenitz ist an dieser Stelle ein Bach, in dem das Wasser des Garder Sees in den Woseriner See transportiert wird. Wer m\u00f6chte, kann in diesem Bereich auch ein erfrischendes Bad in dem 271 ha gro\u00dfen See nehmen. Jetzt verlassen wir den Naturpark Sternberger Seenland und wechseln in den Naturpark Nossentiner\/Schwinzer Heide.<\/p>\n<div id=\"attachment_987\" style=\"width: 510px\" class=\"wp-caption aligncenter\"><a href=\"https:\/\/www.naturparkmagazin.de\/nossentiner-schwinzer-heide\/wp-content\/uploads\/sites\/28\/Mildenitztal.jpg\"><img aria-describedby=\"caption-attachment-987\" decoding=\"async\" loading=\"lazy\" class=\"size-full wp-image-987\" src=\"https:\/\/www.naturparkmagazin.de\/nossentiner-schwinzer-heide\/wp-content\/uploads\/sites\/28\/Mildenitztal.jpg\" alt=\"Mildenitztal - Copyright: Naturpark Nossentiner\/Schwinzer Heide\" width=\"500\" height=\"300\" srcset=\"https:\/\/www.naturparkmagazin.de\/nossentiner-schwinzer-heide\/wp-content\/uploads\/sites\/28\/Mildenitztal.jpg 500w, https:\/\/www.naturparkmagazin.de\/nossentiner-schwinzer-heide\/wp-content\/uploads\/sites\/28\/Mildenitztal-300x180.jpg 300w, https:\/\/www.naturparkmagazin.de\/nossentiner-schwinzer-heide\/wp-content\/uploads\/sites\/28\/Mildenitztal-200x120.jpg 200w\" sizes=\"(max-width: 500px) 100vw, 500px\" \/><\/a><p id=\"caption-attachment-987\" class=\"wp-caption-text\">Mildenitztal &#8211; Copyright: Naturpark Nossentiner\/Schwinzer Heide<\/p><\/div>\n<p>Immer in Ufern\u00e4he folgen wir weiterhin dem bisherigen Europ\u00e4ischen Fernwanderweg E9a durch herrliche Buchenw\u00e4lder bis zum NSG Kl\u00e4den mit dem Naturwaldreservat Stefansberg. Wenige Meter weiter befindet sich neben dem Wanderweg eine Biberburg, bevor dann die B 192 in Richtung NSG Mildenitzdurchbruchstal \u00fcberquert wird. Im Tal sto\u00dfen wir auf einen Lehrpfad und gehen links, dem Flusslauf und dem Lehrpfad aufw\u00e4rts folgend, in Richtung Alte M\u00fchle. Auch hier gibt es keine M\u00fchle mehr, sondern nur noch ein Ferienhaus und einen Rastplatz f\u00fcr die Wanderer.<\/p>\n<div id=\"attachment_991\" style=\"width: 510px\" class=\"wp-caption aligncenter\"><a href=\"https:\/\/www.naturparkmagazin.de\/nossentiner-schwinzer-heide\/wp-content\/uploads\/sites\/28\/Rastplatz-Alte-M\u00fchle.jpg\"><img aria-describedby=\"caption-attachment-991\" decoding=\"async\" loading=\"lazy\" class=\"size-full wp-image-991\" src=\"https:\/\/www.naturparkmagazin.de\/nossentiner-schwinzer-heide\/wp-content\/uploads\/sites\/28\/Rastplatz-Alte-M\u00fchle.jpg\" alt=\"Rastplatz Alte M\u00fchle - Copyright: Naturpark Nossentiner\/ Schwinzer Heide\" width=\"500\" height=\"300\" srcset=\"https:\/\/www.naturparkmagazin.de\/nossentiner-schwinzer-heide\/wp-content\/uploads\/sites\/28\/Rastplatz-Alte-M\u00fchle.jpg 500w, https:\/\/www.naturparkmagazin.de\/nossentiner-schwinzer-heide\/wp-content\/uploads\/sites\/28\/Rastplatz-Alte-M\u00fchle-300x180.jpg 300w, https:\/\/www.naturparkmagazin.de\/nossentiner-schwinzer-heide\/wp-content\/uploads\/sites\/28\/Rastplatz-Alte-M\u00fchle-200x120.jpg 200w\" sizes=\"(max-width: 500px) 100vw, 500px\" \/><\/a><p id=\"caption-attachment-991\" class=\"wp-caption-text\">Rastplatz Alte M\u00fchle &#8211; Copyright: Naturpark Nossentiner\/ Schwinzer Heide<\/p><\/div>\n<p>Auf Forstwegen tangieren wir Dobbin, wo an einer kleinen Kapelle die letzte Original-Glocke des Klosters Dobbertin zu finden ist. Etwa 1,5 km m\u00fcssen wir jetzt auf einer wenig befahrenen Asphaltstra\u00dfe wandern. Dabei kommen wir an einem Reiterhof mit einem denkmalgesch\u00fctzten Wohnhaus vorbei und erreichen schlie\u00dflich den Dobbertiner See. Am Nordufer f\u00fchrt der Weg in Richtung Kloster durch zwei Ferienhaussiedlungen, entlang des Skulpturenpfades (hier haben K\u00fcnstler mit Motors\u00e4gen Skulpturen gestaltet), \u00fcber den Campingplatz und durch den Klosterpark zum ehemaligenBrau- und Brennhaus des Klosters Dobbertin. Eine Besichtigung der fast 800j\u00e4hrigen Klosteranlage ist ein Muss f\u00fcr jeden Wanderer.<\/p>\n<div id=\"attachment_989\" style=\"width: 460px\" class=\"wp-caption aligncenter\"><a href=\"https:\/\/www.naturparkmagazin.de\/nossentiner-schwinzer-heide\/wp-content\/uploads\/sites\/28\/Kloster-Dobbertin-3448.jpg\"><img aria-describedby=\"caption-attachment-989\" decoding=\"async\" loading=\"lazy\" class=\"size-full wp-image-989\" src=\"https:\/\/www.naturparkmagazin.de\/nossentiner-schwinzer-heide\/wp-content\/uploads\/sites\/28\/Kloster-Dobbertin-3448.jpg\" alt=\"Kloster Dobbertin - Copyright: Naturpark Nossentiner\/Schwinzer Heide\" width=\"450\" height=\"300\" srcset=\"https:\/\/www.naturparkmagazin.de\/nossentiner-schwinzer-heide\/wp-content\/uploads\/sites\/28\/Kloster-Dobbertin-3448.jpg 450w, https:\/\/www.naturparkmagazin.de\/nossentiner-schwinzer-heide\/wp-content\/uploads\/sites\/28\/Kloster-Dobbertin-3448-300x200.jpg 300w, https:\/\/www.naturparkmagazin.de\/nossentiner-schwinzer-heide\/wp-content\/uploads\/sites\/28\/Kloster-Dobbertin-3448-200x133.jpg 200w\" sizes=\"(max-width: 450px) 100vw, 450px\" \/><\/a><p id=\"caption-attachment-989\" class=\"wp-caption-text\">Kloster Dobbertin &#8211; Copyright: Naturpark Nossentiner\/Schwinzer Heide<\/p><\/div>\n<p>Interessenten f\u00fcr die Wanderung werden gebeten sich anzumelden.<\/p>\n","protected":false},"excerpt":{"rendered":"<p>Der in Entwicklung befindliche Naturparkweg Mecklenburg-Vorpommern verbindet auf mehr als 800 km alle Naturparke des Landes, das Biosph\u00e4renreservat Schaalsee und den M\u00fcritz Nationalpark. Am 11. Mai sind alle Wanderfreunde eingeladen, einen 18 km &#8211; Abschnitt zwischen den Naturparken Sternberger Seenland und Nossentiner\/Schwinzer Heide, gemeinsam mit Minister Dr. Till Backhaus zu erwandern.<\/p>\n","protected":false},"author":28,"featured_media":985,"comment_status":"open","ping_status":"open","sticky":false,"template":"","format":"standard","meta":[],"categories":[11],"tags":[],"yoast_head":"<!-- This site is optimized with the Yoast SEO plugin v19.10 - https:\/\/yoast.com\/wordpress\/plugins\/seo\/ -->\n<title>Wandern mit dem Minister auf dem Naturparkweg MV - Naturpark Nossentiner\/Schwinzer Heide<\/title>\n<meta name=\"robots\" content=\"index, follow, max-snippet:-1, max-image-preview:large, max-video-preview:-1\" \/>\n<link rel=\"canonical\" href=\"https:\/\/www.naturparkmagazin.de\/nossentiner-schwinzer-heide\/wandern-mit-dem-minister-auf-dem-naturparkweg-mv\/\" \/>\n<meta property=\"og:locale\" content=\"de_DE\" \/>\n<meta property=\"og:type\" content=\"article\" \/>\n<meta property=\"og:title\" content=\"Wandern mit dem Minister auf dem Naturparkweg MV - Naturpark Nossentiner\/Schwinzer Heide\" \/>\n<meta property=\"og:description\" content=\"Der in Entwicklung befindliche Naturparkweg Mecklenburg-Vorpommern verbindet auf mehr als 800 km alle Naturparke des Landes, das Biosph\u00e4renreservat Schaalsee und den M\u00fcritz Nationalpark. Am 11. Mai sind alle Wanderfreunde eingeladen, einen 18 km - Abschnitt zwischen den Naturparken Sternberger Seenland und Nossentiner\/Schwinzer Heide, gemeinsam mit Minister Dr. Till Backhaus zu erwandern.\" \/>\n<meta property=\"og:url\" content=\"https:\/\/www.naturparkmagazin.de\/nossentiner-schwinzer-heide\/wandern-mit-dem-minister-auf-dem-naturparkweg-mv\/\" \/>\n<meta property=\"og:site_name\" content=\"Naturpark Nossentiner\/Schwinzer Heide\" \/>\n<meta property=\"article:published_time\" content=\"2016-04-18T09:03:04+00:00\" \/>\n<meta property=\"article:modified_time\" content=\"2016-05-19T09:01:35+00:00\" \/>\n<meta property=\"og:image\" content=\"https:\/\/www.naturparkmagazin.de\/nossentiner-schwinzer-heide\/wp-content\/uploads\/sites\/28\/Skulpturenpfad-Dobbertin.jpg\" \/>\n\t<meta property=\"og:image:width\" content=\"200\" \/>\n\t<meta property=\"og:image:height\" content=\"200\" \/>\n\t<meta property=\"og:image:type\" content=\"image\/jpeg\" \/>\n<meta name=\"twitter:label1\" content=\"Verfasst von\" \/>\n\t<meta name=\"twitter:data1\" content=\"\" \/>\n\t<meta name=\"twitter:label2\" content=\"Gesch\u00e4tzte Lesezeit\" \/>\n\t<meta name=\"twitter:data2\" content=\"3\u00a0Minuten\" \/>\n<script type=\"application\/ld+json\" class=\"yoast-schema-graph\">{\"@context\":\"https:\/\/schema.org\",\"@graph\":[{\"@type\":\"WebPage\",\"@id\":\"https:\/\/www.naturparkmagazin.de\/nossentiner-schwinzer-heide\/wandern-mit-dem-minister-auf-dem-naturparkweg-mv\/\",\"url\":\"https:\/\/www.naturparkmagazin.de\/nossentiner-schwinzer-heide\/wandern-mit-dem-minister-auf-dem-naturparkweg-mv\/\",\"name\":\"Wandern mit dem Minister auf dem Naturparkweg MV - Naturpark Nossentiner\/Schwinzer Heide\",\"isPartOf\":{\"@id\":\"https:\/\/www.naturparkmagazin.de\/nossentiner-schwinzer-heide\/#website\"},\"datePublished\":\"2016-04-18T09:03:04+00:00\",\"dateModified\":\"2016-05-19T09:01:35+00:00\",\"author\":{\"@id\":\"\"},\"breadcrumb\":{\"@id\":\"https:\/\/www.naturparkmagazin.de\/nossentiner-schwinzer-heide\/wandern-mit-dem-minister-auf-dem-naturparkweg-mv\/#breadcrumb\"},\"inLanguage\":\"de\",\"potentialAction\":[{\"@type\":\"ReadAction\",\"target\":[\"https:\/\/www.naturparkmagazin.de\/nossentiner-schwinzer-heide\/wandern-mit-dem-minister-auf-dem-naturparkweg-mv\/\"]}]},{\"@type\":\"BreadcrumbList\",\"@id\":\"https:\/\/www.naturparkmagazin.de\/nossentiner-schwinzer-heide\/wandern-mit-dem-minister-auf-dem-naturparkweg-mv\/#breadcrumb\",\"itemListElement\":[{\"@type\":\"ListItem\",\"position\":1,\"name\":\"Home\",\"item\":\"https:\/\/www.naturparkmagazin.de\/nossentiner-schwinzer-heide\/\"},{\"@type\":\"ListItem\",\"position\":2,\"name\":\"Wandern mit dem Minister auf dem Naturparkweg MV\"}]},{\"@type\":\"WebSite\",\"@id\":\"https:\/\/www.naturparkmagazin.de\/nossentiner-schwinzer-heide\/#website\",\"url\":\"https:\/\/www.naturparkmagazin.de\/nossentiner-schwinzer-heide\/\",\"name\":\"Naturpark Nossentiner\/Schwinzer Heide\",\"description\":\"\",\"potentialAction\":[{\"@type\":\"SearchAction\",\"target\":{\"@type\":\"EntryPoint\",\"urlTemplate\":\"https:\/\/www.naturparkmagazin.de\/nossentiner-schwinzer-heide\/?s={search_term_string}\"},\"query-input\":\"required name=search_term_string\"}],\"inLanguage\":\"de\"},{\"@type\":\"Person\",\"@id\":\"\",\"url\":\"https:\/\/www.naturparkmagazin.de\/nossentiner-schwinzer-heide\/author\/\"}]}<\/script>\n<!-- \/ Yoast SEO plugin. -->","yoast_head_json":{"title":"Wandern mit dem Minister auf dem Naturparkweg MV - Naturpark Nossentiner\/Schwinzer Heide","robots":{"index":"index","follow":"follow","max-snippet":"max-snippet:-1","max-image-preview":"max-image-preview:large","max-video-preview":"max-video-preview:-1"},"canonical":"https:\/\/www.naturparkmagazin.de\/nossentiner-schwinzer-heide\/wandern-mit-dem-minister-auf-dem-naturparkweg-mv\/","og_locale":"de_DE","og_type":"article","og_title":"Wandern mit dem Minister auf dem Naturparkweg MV - Naturpark Nossentiner\/Schwinzer Heide","og_description":"Der in Entwicklung befindliche Naturparkweg Mecklenburg-Vorpommern verbindet auf mehr als 800 km alle Naturparke des Landes, das Biosph\u00e4renreservat Schaalsee und den M\u00fcritz Nationalpark. Am 11. Mai sind alle Wanderfreunde eingeladen, einen 18 km - Abschnitt zwischen den Naturparken Sternberger Seenland und Nossentiner\/Schwinzer Heide, gemeinsam mit Minister Dr. Till Backhaus zu erwandern.","og_url":"https:\/\/www.naturparkmagazin.de\/nossentiner-schwinzer-heide\/wandern-mit-dem-minister-auf-dem-naturparkweg-mv\/","og_site_name":"Naturpark Nossentiner\/Schwinzer Heide","article_published_time":"2016-04-18T09:03:04+00:00","article_modified_time":"2016-05-19T09:01:35+00:00","og_image":[{"width":200,"height":200,"url":"https:\/\/www.naturparkmagazin.de\/nossentiner-schwinzer-heide\/wp-content\/uploads\/sites\/28\/Skulpturenpfad-Dobbertin.jpg","type":"image\/jpeg"}],"twitter_misc":{"Verfasst von":"","Gesch\u00e4tzte Lesezeit":"3\u00a0Minuten"},"schema":{"@context":"https:\/\/schema.org","@graph":[{"@type":"WebPage","@id":"https:\/\/www.naturparkmagazin.de\/nossentiner-schwinzer-heide\/wandern-mit-dem-minister-auf-dem-naturparkweg-mv\/","url":"https:\/\/www.naturparkmagazin.de\/nossentiner-schwinzer-heide\/wandern-mit-dem-minister-auf-dem-naturparkweg-mv\/","name":"Wandern mit dem Minister auf dem Naturparkweg MV - Naturpark Nossentiner\/Schwinzer Heide","isPartOf":{"@id":"https:\/\/www.naturparkmagazin.de\/nossentiner-schwinzer-heide\/#website"},"datePublished":"2016-04-18T09:03:04+00:00","dateModified":"2016-05-19T09:01:35+00:00","author":{"@id":""},"breadcrumb":{"@id":"https:\/\/www.naturparkmagazin.de\/nossentiner-schwinzer-heide\/wandern-mit-dem-minister-auf-dem-naturparkweg-mv\/#breadcrumb"},"inLanguage":"de","potentialAction":[{"@type":"ReadAction","target":["https:\/\/www.naturparkmagazin.de\/nossentiner-schwinzer-heide\/wandern-mit-dem-minister-auf-dem-naturparkweg-mv\/"]}]},{"@type":"BreadcrumbList","@id":"https:\/\/www.naturparkmagazin.de\/nossentiner-schwinzer-heide\/wandern-mit-dem-minister-auf-dem-naturparkweg-mv\/#breadcrumb","itemListElement":[{"@type":"ListItem","position":1,"name":"Home","item":"https:\/\/www.naturparkmagazin.de\/nossentiner-schwinzer-heide\/"},{"@type":"ListItem","position":2,"name":"Wandern mit dem Minister auf dem Naturparkweg MV"}]},{"@type":"WebSite","@id":"https:\/\/www.naturparkmagazin.de\/nossentiner-schwinzer-heide\/#website","url":"https:\/\/www.naturparkmagazin.de\/nossentiner-schwinzer-heide\/","name":"Naturpark Nossentiner\/Schwinzer Heide","description":"","potentialAction":[{"@type":"SearchAction","target":{"@type":"EntryPoint","urlTemplate":"https:\/\/www.naturparkmagazin.de\/nossentiner-schwinzer-heide\/?s={search_term_string}"},"query-input":"required name=search_term_string"}],"inLanguage":"de"},{"@type":"Person","@id":"","url":"https:\/\/www.naturparkmagazin.de\/nossentiner-schwinzer-heide\/author\/"}]}},"_links":{"self":[{"href":"https:\/\/www.naturparkmagazin.de\/nossentiner-schwinzer-heide\/wp-json\/wp\/v2\/posts\/973"}],"collection":[{"href":"https:\/\/www.naturparkmagazin.de\/nossentiner-schwinzer-heide\/wp-json\/wp\/v2\/posts"}],"about":[{"href":"https:\/\/www.naturparkmagazin.de\/nossentiner-schwinzer-heide\/wp-json\/wp\/v2\/types\/post"}],"author":[{"embeddable":true,"href":"https:\/\/www.naturparkmagazin.de\/nossentiner-schwinzer-heide\/wp-json\/wp\/v2\/users\/28"}],"replies":[{"embeddable":true,"href":"https:\/\/www.naturparkmagazin.de\/nossentiner-schwinzer-heide\/wp-json\/wp\/v2\/comments?post=973"}],"version-history":[{"count":4,"href":"https:\/\/www.naturparkmagazin.de\/nossentiner-schwinzer-heide\/wp-json\/wp\/v2\/posts\/973\/revisions"}],"predecessor-version":[{"id":993,"href":"https:\/\/www.naturparkmagazin.de\/nossentiner-schwinzer-heide\/wp-json\/wp\/v2\/posts\/973\/revisions\/993"}],"wp:featuredmedia":[{"embeddable":true,"href":"https:\/\/www.naturparkmagazin.de\/nossentiner-schwinzer-heide\/wp-json\/wp\/v2\/media\/985"}],"wp:attachment":[{"href":"https:\/\/www.naturparkmagazin.de\/nossentiner-schwinzer-heide\/wp-json\/wp\/v2\/media?parent=973"}],"wp:term":[{"taxonomy":"category","embeddable":true,"href":"https:\/\/www.naturparkmagazin.de\/nossentiner-schwinzer-heide\/wp-json\/wp\/v2\/categories?post=973"},{"taxonomy":"post_tag","embeddable":true,"href":"https:\/\/www.naturparkmagazin.de\/nossentiner-schwinzer-heide\/wp-json\/wp\/v2\/tags?post=973"}],"curies":[{"name":"wp","href":"https:\/\/api.w.org\/{rel}","templated":true}]}}