{"id":99,"date":"2013-05-14T10:46:06","date_gmt":"2013-05-14T08:46:06","guid":{"rendered":"http:\/\/www.naturparkmagazin.de\/nossentiner-schwinzer-heide\/?p=99"},"modified":"2014-04-09T12:00:25","modified_gmt":"2014-04-09T10:00:25","slug":"der-seeadler","status":"publish","type":"post","link":"https:\/\/www.naturparkmagazin.de\/nossentiner-schwinzer-heide\/der-seeadler\/","title":{"rendered":"Der Seeadler"},"content":{"rendered":"<p>Der Seeadler ist der Symbolvogel des Naturparks Nossentiner\/Schwinzer Heide, weil er in den gro\u00dfen W\u00e4ldern dieses Europ\u00e4ischen Vogelschutzgebietes in einer Dichte siedelt wie kaum woanders. Die W\u00e4lder bieten ihm gute Nistbedingungen und die zahlreichen Seen mit ihrem Fisch- und Wasservogelreichtum ausreichend Nahrung, um im Fr\u00fchjahr die Jungen aufzuziehen. Neben den mehr als 20 Brutpaaren, die im Naturpark und seinen Randbereichen j\u00e4hrlich horsten, bietet der Raum auch nichtbr\u00fctenden Seeadlern sehr gute Lebensbedingungen. Es sind mindestens 50, die in kleinen Gruppen an ruhigen Pl\u00e4tzen schlafen und von hier aus auf Beutefang gehen. Abends kehren sie dann wieder hierher zur\u00fcck.<\/p>\n<p>Aussehen der alten Seeadler: Der Seeadler ist mit einer Fl\u00fcgelspannweite von bis zu 2,50 m der gr\u00f6\u00dfte europ\u00e4ische Adler. Die Weibchen sind in der Regel deutlich gr\u00f6\u00dfer, was man am besten im Flug erkennen kann, wenn beide Partner nebeneinander fliegen. Die V\u00f6gel sind mit etwa f\u00fcnf Jahren ausgef\u00e4rbt, was bedeutet, dass die Federn in der Kopf- und Schulterregion blassgelb und der Sto\u00df wei\u00df gef\u00e4rbt sind. Der m\u00e4chtige Schnabel ist horngelb, wie auch die Augen.<\/p>\n<p>Aussehen der jungen, bereits ausgeflogenen\u00a0Seeadler: Diese sind insgesamt viel dunkler gef\u00e4rbt, so dass man annehmen k\u00f6nnte, es w\u00e4re eine andere Art. Der Schnabel und die Augen sind dunkelbraun wie auch die Federn des gesamten K\u00f6rpers. Die Sto\u00dffedern zeigen nur wenig wei\u00df. Im Laufe der weiteren Entwicklungsjahre werden die Federn am K\u00f6rper langsam heller und haben dunkelbraune Spitzen, so dass die Adler stark gemustert erscheinen.<\/p>\n<p>Gute Beobachtungsm\u00f6glichkeiten gibt es von den Aussichts- und Beobachtungst\u00fcrmen &#8222;Seeadler&#8220; im NSG Krakower Obersee oder &#8222;Moorochse&#8220; im NSG Nordufer Plauer See. Sollte es mit einer Beobachtung einmal nicht klappen (die Seeadler sind jetzt mit der Aufzucht der Jungen besch\u00e4ftigt), gibt es zu dieser Art viele Informationen im Kultur- und Informationszentrum Karower Meiler. Auch die Ranger des Naturparks geben gerne Ausk\u00fcnfte.<\/p>\n","protected":false},"excerpt":{"rendered":"<p>Der Seeadler ist der Symbolvogel des Naturparks Nossentiner\/Schwinzer Heide, weil er in den gro\u00dfen W\u00e4ldern dieses Europ\u00e4ischen Vogelschutzgebietes in einer Dichte siedelt wie kaum woanders. Die W\u00e4lder bieten ihm gute Nistbedingungen und die zahlreichen Seen mit ihrem Fisch- und Wasservogelreichtum ausreichend Nahrung, um im Fr\u00fchjahr die Jungen aufzuziehen. Neben den mehr als 20 Brutpaaren, die<\/p>\n","protected":false},"author":28,"featured_media":59,"comment_status":"open","ping_status":"open","sticky":false,"template":"","format":"standard","meta":[],"categories":[11],"tags":[],"yoast_head":"<!-- This site is optimized with the Yoast SEO plugin v19.10 - https:\/\/yoast.com\/wordpress\/plugins\/seo\/ -->\n<title>Der Seeadler - Naturpark Nossentiner\/Schwinzer Heide<\/title>\n<meta name=\"robots\" content=\"index, follow, max-snippet:-1, max-image-preview:large, max-video-preview:-1\" \/>\n<link rel=\"canonical\" href=\"https:\/\/www.naturparkmagazin.de\/nossentiner-schwinzer-heide\/der-seeadler\/\" \/>\n<meta property=\"og:locale\" content=\"de_DE\" \/>\n<meta property=\"og:type\" content=\"article\" \/>\n<meta property=\"og:title\" content=\"Der Seeadler - Naturpark Nossentiner\/Schwinzer Heide\" \/>\n<meta property=\"og:description\" content=\"Der Seeadler ist der Symbolvogel des Naturparks Nossentiner\/Schwinzer Heide, weil er in den gro\u00dfen W\u00e4ldern dieses Europ\u00e4ischen Vogelschutzgebietes in einer Dichte siedelt wie kaum woanders. Die W\u00e4lder bieten ihm gute Nistbedingungen und die zahlreichen Seen mit ihrem Fisch- und Wasservogelreichtum ausreichend Nahrung, um im Fr\u00fchjahr die Jungen aufzuziehen. Neben den mehr als 20 Brutpaaren, die\" \/>\n<meta property=\"og:url\" content=\"https:\/\/www.naturparkmagazin.de\/nossentiner-schwinzer-heide\/der-seeadler\/\" \/>\n<meta property=\"og:site_name\" content=\"Naturpark Nossentiner\/Schwinzer Heide\" \/>\n<meta property=\"article:published_time\" content=\"2013-05-14T08:46:06+00:00\" \/>\n<meta property=\"article:modified_time\" content=\"2014-04-09T10:00:25+00:00\" \/>\n<meta property=\"og:image\" content=\"https:\/\/www.naturparkmagazin.de\/nossentiner-schwinzer-heide\/wp-content\/uploads\/sites\/28\/Seeadler-DSC_0227-a.jpg\" \/>\n\t<meta property=\"og:image:width\" content=\"670\" \/>\n\t<meta property=\"og:image:height\" content=\"320\" \/>\n\t<meta property=\"og:image:type\" content=\"image\/jpeg\" \/>\n<meta name=\"twitter:label1\" content=\"Verfasst von\" \/>\n\t<meta name=\"twitter:data1\" content=\"\" \/>\n\t<meta name=\"twitter:label2\" content=\"Gesch\u00e4tzte Lesezeit\" \/>\n\t<meta name=\"twitter:data2\" content=\"2\u00a0Minuten\" \/>\n<script type=\"application\/ld+json\" class=\"yoast-schema-graph\">{\"@context\":\"https:\/\/schema.org\",\"@graph\":[{\"@type\":\"WebPage\",\"@id\":\"https:\/\/www.naturparkmagazin.de\/nossentiner-schwinzer-heide\/der-seeadler\/\",\"url\":\"https:\/\/www.naturparkmagazin.de\/nossentiner-schwinzer-heide\/der-seeadler\/\",\"name\":\"Der Seeadler - Naturpark Nossentiner\/Schwinzer Heide\",\"isPartOf\":{\"@id\":\"https:\/\/www.naturparkmagazin.de\/nossentiner-schwinzer-heide\/#website\"},\"datePublished\":\"2013-05-14T08:46:06+00:00\",\"dateModified\":\"2014-04-09T10:00:25+00:00\",\"author\":{\"@id\":\"\"},\"breadcrumb\":{\"@id\":\"https:\/\/www.naturparkmagazin.de\/nossentiner-schwinzer-heide\/der-seeadler\/#breadcrumb\"},\"inLanguage\":\"de\",\"potentialAction\":[{\"@type\":\"ReadAction\",\"target\":[\"https:\/\/www.naturparkmagazin.de\/nossentiner-schwinzer-heide\/der-seeadler\/\"]}]},{\"@type\":\"BreadcrumbList\",\"@id\":\"https:\/\/www.naturparkmagazin.de\/nossentiner-schwinzer-heide\/der-seeadler\/#breadcrumb\",\"itemListElement\":[{\"@type\":\"ListItem\",\"position\":1,\"name\":\"Home\",\"item\":\"https:\/\/www.naturparkmagazin.de\/nossentiner-schwinzer-heide\/\"},{\"@type\":\"ListItem\",\"position\":2,\"name\":\"Der Seeadler\"}]},{\"@type\":\"WebSite\",\"@id\":\"https:\/\/www.naturparkmagazin.de\/nossentiner-schwinzer-heide\/#website\",\"url\":\"https:\/\/www.naturparkmagazin.de\/nossentiner-schwinzer-heide\/\",\"name\":\"Naturpark Nossentiner\/Schwinzer Heide\",\"description\":\"\",\"potentialAction\":[{\"@type\":\"SearchAction\",\"target\":{\"@type\":\"EntryPoint\",\"urlTemplate\":\"https:\/\/www.naturparkmagazin.de\/nossentiner-schwinzer-heide\/?s={search_term_string}\"},\"query-input\":\"required name=search_term_string\"}],\"inLanguage\":\"de\"},{\"@type\":\"Person\",\"@id\":\"\",\"url\":\"https:\/\/www.naturparkmagazin.de\/nossentiner-schwinzer-heide\/author\/\"}]}<\/script>\n<!-- \/ Yoast SEO plugin. -->","yoast_head_json":{"title":"Der Seeadler - Naturpark Nossentiner\/Schwinzer Heide","robots":{"index":"index","follow":"follow","max-snippet":"max-snippet:-1","max-image-preview":"max-image-preview:large","max-video-preview":"max-video-preview:-1"},"canonical":"https:\/\/www.naturparkmagazin.de\/nossentiner-schwinzer-heide\/der-seeadler\/","og_locale":"de_DE","og_type":"article","og_title":"Der Seeadler - Naturpark Nossentiner\/Schwinzer Heide","og_description":"Der Seeadler ist der Symbolvogel des Naturparks Nossentiner\/Schwinzer Heide, weil er in den gro\u00dfen W\u00e4ldern dieses Europ\u00e4ischen Vogelschutzgebietes in einer Dichte siedelt wie kaum woanders. Die W\u00e4lder bieten ihm gute Nistbedingungen und die zahlreichen Seen mit ihrem Fisch- und Wasservogelreichtum ausreichend Nahrung, um im Fr\u00fchjahr die Jungen aufzuziehen. Neben den mehr als 20 Brutpaaren, die","og_url":"https:\/\/www.naturparkmagazin.de\/nossentiner-schwinzer-heide\/der-seeadler\/","og_site_name":"Naturpark Nossentiner\/Schwinzer Heide","article_published_time":"2013-05-14T08:46:06+00:00","article_modified_time":"2014-04-09T10:00:25+00:00","og_image":[{"width":670,"height":320,"url":"https:\/\/www.naturparkmagazin.de\/nossentiner-schwinzer-heide\/wp-content\/uploads\/sites\/28\/Seeadler-DSC_0227-a.jpg","type":"image\/jpeg"}],"twitter_misc":{"Verfasst von":"","Gesch\u00e4tzte Lesezeit":"2\u00a0Minuten"},"schema":{"@context":"https:\/\/schema.org","@graph":[{"@type":"WebPage","@id":"https:\/\/www.naturparkmagazin.de\/nossentiner-schwinzer-heide\/der-seeadler\/","url":"https:\/\/www.naturparkmagazin.de\/nossentiner-schwinzer-heide\/der-seeadler\/","name":"Der Seeadler - Naturpark Nossentiner\/Schwinzer Heide","isPartOf":{"@id":"https:\/\/www.naturparkmagazin.de\/nossentiner-schwinzer-heide\/#website"},"datePublished":"2013-05-14T08:46:06+00:00","dateModified":"2014-04-09T10:00:25+00:00","author":{"@id":""},"breadcrumb":{"@id":"https:\/\/www.naturparkmagazin.de\/nossentiner-schwinzer-heide\/der-seeadler\/#breadcrumb"},"inLanguage":"de","potentialAction":[{"@type":"ReadAction","target":["https:\/\/www.naturparkmagazin.de\/nossentiner-schwinzer-heide\/der-seeadler\/"]}]},{"@type":"BreadcrumbList","@id":"https:\/\/www.naturparkmagazin.de\/nossentiner-schwinzer-heide\/der-seeadler\/#breadcrumb","itemListElement":[{"@type":"ListItem","position":1,"name":"Home","item":"https:\/\/www.naturparkmagazin.de\/nossentiner-schwinzer-heide\/"},{"@type":"ListItem","position":2,"name":"Der Seeadler"}]},{"@type":"WebSite","@id":"https:\/\/www.naturparkmagazin.de\/nossentiner-schwinzer-heide\/#website","url":"https:\/\/www.naturparkmagazin.de\/nossentiner-schwinzer-heide\/","name":"Naturpark Nossentiner\/Schwinzer Heide","description":"","potentialAction":[{"@type":"SearchAction","target":{"@type":"EntryPoint","urlTemplate":"https:\/\/www.naturparkmagazin.de\/nossentiner-schwinzer-heide\/?s={search_term_string}"},"query-input":"required name=search_term_string"}],"inLanguage":"de"},{"@type":"Person","@id":"","url":"https:\/\/www.naturparkmagazin.de\/nossentiner-schwinzer-heide\/author\/"}]}},"_links":{"self":[{"href":"https:\/\/www.naturparkmagazin.de\/nossentiner-schwinzer-heide\/wp-json\/wp\/v2\/posts\/99"}],"collection":[{"href":"https:\/\/www.naturparkmagazin.de\/nossentiner-schwinzer-heide\/wp-json\/wp\/v2\/posts"}],"about":[{"href":"https:\/\/www.naturparkmagazin.de\/nossentiner-schwinzer-heide\/wp-json\/wp\/v2\/types\/post"}],"author":[{"embeddable":true,"href":"https:\/\/www.naturparkmagazin.de\/nossentiner-schwinzer-heide\/wp-json\/wp\/v2\/users\/28"}],"replies":[{"embeddable":true,"href":"https:\/\/www.naturparkmagazin.de\/nossentiner-schwinzer-heide\/wp-json\/wp\/v2\/comments?post=99"}],"version-history":[{"count":3,"href":"https:\/\/www.naturparkmagazin.de\/nossentiner-schwinzer-heide\/wp-json\/wp\/v2\/posts\/99\/revisions"}],"predecessor-version":[{"id":101,"href":"https:\/\/www.naturparkmagazin.de\/nossentiner-schwinzer-heide\/wp-json\/wp\/v2\/posts\/99\/revisions\/101"}],"wp:featuredmedia":[{"embeddable":true,"href":"https:\/\/www.naturparkmagazin.de\/nossentiner-schwinzer-heide\/wp-json\/wp\/v2\/media\/59"}],"wp:attachment":[{"href":"https:\/\/www.naturparkmagazin.de\/nossentiner-schwinzer-heide\/wp-json\/wp\/v2\/media?parent=99"}],"wp:term":[{"taxonomy":"category","embeddable":true,"href":"https:\/\/www.naturparkmagazin.de\/nossentiner-schwinzer-heide\/wp-json\/wp\/v2\/categories?post=99"},{"taxonomy":"post_tag","embeddable":true,"href":"https:\/\/www.naturparkmagazin.de\/nossentiner-schwinzer-heide\/wp-json\/wp\/v2\/tags?post=99"}],"curies":[{"name":"wp","href":"https:\/\/api.w.org\/{rel}","templated":true}]}}