{"id":10019,"date":"2021-04-15T15:15:16","date_gmt":"2021-04-15T13:15:16","guid":{"rendered":"https:\/\/www.naturparkmagazin.de\/schwaebisch-fraenkischer-wald\/?p=10019"},"modified":"2021-04-29T09:40:37","modified_gmt":"2021-04-29T07:40:37","slug":"liebe-leserin-lieber-leser-85","status":"publish","type":"post","link":"https:\/\/www.naturparkmagazin.de\/schwaebisch-fraenkischer-wald\/liebe-leserin-lieber-leser-85\/","title":{"rendered":"Liebe Leserin, lieber Leser,"},"content":{"rendered":"<p>seit 2006 unterst\u00fctzt die bundesweite \u201eQualit\u00e4tsoffensive Naturparke\u201c bei der kontinuierlichen Verbesserung der Naturpark-Arbeit. Der Verband Deutscher Naturparke entwickelte diese Qualit\u00e4tsoffensive in enger Abstimmung mit den Naturparken, um die Sch\u00f6nheiten und Besonderheiten der Natur- und Kulturlandschaft f\u00fcr heutige und zuk\u00fcnftige Generationen zu erhalten. Ziel dabei ist es, gemeinsam zu einer nachhaltigen Entwicklung beizutragen. Naturparke engagieren sich f\u00fcr die St\u00e4rkung von regionalen Produkten und lokalen Wertsch\u00f6pfungsketten, umweltschonenden Wirtschaftsweisen, erlebnisreichen Naturerfahrungen und einer sanften Besucherlenkung. Die Qualit\u00e4tsoffensive dient als Instrument zur Selbsteinsch\u00e4tzung und zur kontinuierlichen Verbesserung der Naturpark-Arbeit. Wichtig f\u00fcr den Erfolg der Qualit\u00e4tsoffensive sind die Qualit\u00e4ts-Scouts. Sie sind speziell geschult und beraten und evaluieren die an der Qualit\u00e4tsoffensive teilnehmenden Naturparke w\u00e4hrend eines Besuches vor Ort. Die Evaluierung geschieht anhand von 98 Fragen zu den f\u00fcnf Handlungsfeldern der Naturparke: Biodiversit\u00e4t, Bildung f\u00fcr nachhaltige Entwicklung, Regionalvermarktung und nachhaltiger Tourismus. Die Auszeichnung wird f\u00fcr jeweils f\u00fcnf Jahre ausgesprochen.\nDer Naturpark Schw\u00e4bisch-Fr\u00e4nkischer Wald wurde 2007 das erste Mal als Qualit\u00e4tsnaturpark ausgezeichnet und 2013 und 2019 erfolgreich rezertifiziert!<\/p>\n<p>Die Touren und Veranstaltungen im Naturpark finden vorbehaltlich der weiteren Corona-Entwicklungen statt. Bitte informieren Sie sich bei den jeweilige n Naturparkf\u00fchrer*innen!<\/p>\n<p>Lesen Sie mehr hierzu und zu weiteren Themen in diesem Newsletter.<\/p>\n<p>Viel Spa\u00df beim Lesen w\u00fcnscht Ihnen\n<strong>Ihr Naturpark-Team vom Schw\u00e4bisch-Fr\u00e4nkischen Wald\u00a0<\/strong>\n<strong>Sabine R\u00fccker, Jasmin Kotrba, Elena Schick, Franziska Hornung und Karl-Dieter Diemer<\/strong><\/p>\n","protected":false},"excerpt":{"rendered":"<p>seit 2006 unterst\u00fctzt die bundesweite \u201eQualit\u00e4tsoffensive Naturparke\u201c bei der kontinuierlichen Verbesserung der Naturpark-Arbeit. Der Verband Deutscher Naturparke entwickelte diese Qualit\u00e4tsoffensive in enger Abstimmung mit den Naturparken, um die Sch\u00f6nheiten und Besonderheiten der Natur- und Kulturlandschaft f\u00fcr heutige und zuk\u00fcnftige Generationen zu erhalten. Ziel dabei ist es, gemeinsam zu einer nachhaltigen Entwicklung beizutragen. Naturparke engagieren sich<\/p>\n","protected":false},"author":25,"featured_media":0,"comment_status":"open","ping_status":"open","sticky":false,"template":"","format":"standard","meta":[],"categories":[52],"tags":[],"yoast_head":"<!-- This site is optimized with the Yoast SEO plugin v19.10 - https:\/\/yoast.com\/wordpress\/plugins\/seo\/ -->\n<title>Liebe Leserin, lieber Leser, - Naturpark Schw\u00e4bisch-Fr\u00e4nkischer Wald<\/title>\n<meta name=\"robots\" content=\"index, follow, max-snippet:-1, max-image-preview:large, max-video-preview:-1\" \/>\n<link rel=\"canonical\" href=\"https:\/\/www.naturparkmagazin.de\/schwaebisch-fraenkischer-wald\/liebe-leserin-lieber-leser-85\/\" \/>\n<meta property=\"og:locale\" content=\"de_DE\" \/>\n<meta property=\"og:type\" content=\"article\" \/>\n<meta property=\"og:title\" content=\"Liebe Leserin, lieber Leser, - Naturpark Schw\u00e4bisch-Fr\u00e4nkischer Wald\" \/>\n<meta property=\"og:description\" content=\"seit 2006 unterst\u00fctzt die bundesweite \u201eQualit\u00e4tsoffensive Naturparke\u201c bei der kontinuierlichen Verbesserung der Naturpark-Arbeit. Der Verband Deutscher Naturparke entwickelte diese Qualit\u00e4tsoffensive in enger Abstimmung mit den Naturparken, um die Sch\u00f6nheiten und Besonderheiten der Natur- und Kulturlandschaft f\u00fcr heutige und zuk\u00fcnftige Generationen zu erhalten. Ziel dabei ist es, gemeinsam zu einer nachhaltigen Entwicklung beizutragen. Naturparke engagieren sich\" \/>\n<meta property=\"og:url\" content=\"https:\/\/www.naturparkmagazin.de\/schwaebisch-fraenkischer-wald\/liebe-leserin-lieber-leser-85\/\" \/>\n<meta property=\"og:site_name\" content=\"Naturpark Schw\u00e4bisch-Fr\u00e4nkischer Wald\" \/>\n<meta property=\"article:author\" content=\"https:\/\/www.facebook.com\/naturparkSFW\" \/>\n<meta property=\"article:published_time\" content=\"2021-04-15T13:15:16+00:00\" \/>\n<meta property=\"article:modified_time\" content=\"2021-04-29T07:40:37+00:00\" \/>\n<meta name=\"author\" content=\"Naturpark-Team\" \/>\n<meta name=\"twitter:label1\" content=\"Verfasst von\" \/>\n\t<meta name=\"twitter:data1\" content=\"Naturpark-Team\" \/>\n\t<meta name=\"twitter:label2\" content=\"Gesch\u00e4tzte Lesezeit\" \/>\n\t<meta name=\"twitter:data2\" content=\"1\u00a0Minute\" \/>\n<script type=\"application\/ld+json\" class=\"yoast-schema-graph\">{\"@context\":\"https:\/\/schema.org\",\"@graph\":[{\"@type\":\"WebPage\",\"@id\":\"https:\/\/www.naturparkmagazin.de\/schwaebisch-fraenkischer-wald\/liebe-leserin-lieber-leser-85\/\",\"url\":\"https:\/\/www.naturparkmagazin.de\/schwaebisch-fraenkischer-wald\/liebe-leserin-lieber-leser-85\/\",\"name\":\"Liebe Leserin, lieber Leser, - Naturpark Schw\u00e4bisch-Fr\u00e4nkischer Wald\",\"isPartOf\":{\"@id\":\"https:\/\/www.naturparkmagazin.de\/schwaebisch-fraenkischer-wald\/#website\"},\"datePublished\":\"2021-04-15T13:15:16+00:00\",\"dateModified\":\"2021-04-29T07:40:37+00:00\",\"author\":{\"@id\":\"https:\/\/www.naturparkmagazin.de\/schwaebisch-fraenkischer-wald\/#\/schema\/person\/f047a3702ae747fd7830cf8ac95e6066\"},\"breadcrumb\":{\"@id\":\"https:\/\/www.naturparkmagazin.de\/schwaebisch-fraenkischer-wald\/liebe-leserin-lieber-leser-85\/#breadcrumb\"},\"inLanguage\":\"de\",\"potentialAction\":[{\"@type\":\"ReadAction\",\"target\":[\"https:\/\/www.naturparkmagazin.de\/schwaebisch-fraenkischer-wald\/liebe-leserin-lieber-leser-85\/\"]}]},{\"@type\":\"BreadcrumbList\",\"@id\":\"https:\/\/www.naturparkmagazin.de\/schwaebisch-fraenkischer-wald\/liebe-leserin-lieber-leser-85\/#breadcrumb\",\"itemListElement\":[{\"@type\":\"ListItem\",\"position\":1,\"name\":\"Home\",\"item\":\"https:\/\/www.naturparkmagazin.de\/schwaebisch-fraenkischer-wald\/\"},{\"@type\":\"ListItem\",\"position\":2,\"name\":\"Liebe Leserin, lieber Leser,\"}]},{\"@type\":\"WebSite\",\"@id\":\"https:\/\/www.naturparkmagazin.de\/schwaebisch-fraenkischer-wald\/#website\",\"url\":\"https:\/\/www.naturparkmagazin.de\/schwaebisch-fraenkischer-wald\/\",\"name\":\"Naturpark Schw\u00e4bisch-Fr\u00e4nkischer Wald\",\"description\":\"\",\"potentialAction\":[{\"@type\":\"SearchAction\",\"target\":{\"@type\":\"EntryPoint\",\"urlTemplate\":\"https:\/\/www.naturparkmagazin.de\/schwaebisch-fraenkischer-wald\/?s={search_term_string}\"},\"query-input\":\"required name=search_term_string\"}],\"inLanguage\":\"de\"},{\"@type\":\"Person\",\"@id\":\"https:\/\/www.naturparkmagazin.de\/schwaebisch-fraenkischer-wald\/#\/schema\/person\/f047a3702ae747fd7830cf8ac95e6066\",\"name\":\"Naturpark-Team\",\"sameAs\":[\"http:\/\/www.naturpark-sfw.de\",\"https:\/\/www.facebook.com\/naturparkSFW\"],\"url\":\"https:\/\/www.naturparkmagazin.de\/schwaebisch-fraenkischer-wald\/author\/bernharddrixler\/\"}]}<\/script>\n<!-- \/ Yoast SEO plugin. -->","yoast_head_json":{"title":"Liebe Leserin, lieber Leser, - Naturpark Schw\u00e4bisch-Fr\u00e4nkischer Wald","robots":{"index":"index","follow":"follow","max-snippet":"max-snippet:-1","max-image-preview":"max-image-preview:large","max-video-preview":"max-video-preview:-1"},"canonical":"https:\/\/www.naturparkmagazin.de\/schwaebisch-fraenkischer-wald\/liebe-leserin-lieber-leser-85\/","og_locale":"de_DE","og_type":"article","og_title":"Liebe Leserin, lieber Leser, - Naturpark Schw\u00e4bisch-Fr\u00e4nkischer Wald","og_description":"seit 2006 unterst\u00fctzt die bundesweite \u201eQualit\u00e4tsoffensive Naturparke\u201c bei der kontinuierlichen Verbesserung der Naturpark-Arbeit. Der Verband Deutscher Naturparke entwickelte diese Qualit\u00e4tsoffensive in enger Abstimmung mit den Naturparken, um die Sch\u00f6nheiten und Besonderheiten der Natur- und Kulturlandschaft f\u00fcr heutige und zuk\u00fcnftige Generationen zu erhalten. Ziel dabei ist es, gemeinsam zu einer nachhaltigen Entwicklung beizutragen. Naturparke engagieren sich","og_url":"https:\/\/www.naturparkmagazin.de\/schwaebisch-fraenkischer-wald\/liebe-leserin-lieber-leser-85\/","og_site_name":"Naturpark Schw\u00e4bisch-Fr\u00e4nkischer Wald","article_author":"https:\/\/www.facebook.com\/naturparkSFW","article_published_time":"2021-04-15T13:15:16+00:00","article_modified_time":"2021-04-29T07:40:37+00:00","author":"Naturpark-Team","twitter_misc":{"Verfasst von":"Naturpark-Team","Gesch\u00e4tzte Lesezeit":"1\u00a0Minute"},"schema":{"@context":"https:\/\/schema.org","@graph":[{"@type":"WebPage","@id":"https:\/\/www.naturparkmagazin.de\/schwaebisch-fraenkischer-wald\/liebe-leserin-lieber-leser-85\/","url":"https:\/\/www.naturparkmagazin.de\/schwaebisch-fraenkischer-wald\/liebe-leserin-lieber-leser-85\/","name":"Liebe Leserin, lieber Leser, - Naturpark Schw\u00e4bisch-Fr\u00e4nkischer Wald","isPartOf":{"@id":"https:\/\/www.naturparkmagazin.de\/schwaebisch-fraenkischer-wald\/#website"},"datePublished":"2021-04-15T13:15:16+00:00","dateModified":"2021-04-29T07:40:37+00:00","author":{"@id":"https:\/\/www.naturparkmagazin.de\/schwaebisch-fraenkischer-wald\/#\/schema\/person\/f047a3702ae747fd7830cf8ac95e6066"},"breadcrumb":{"@id":"https:\/\/www.naturparkmagazin.de\/schwaebisch-fraenkischer-wald\/liebe-leserin-lieber-leser-85\/#breadcrumb"},"inLanguage":"de","potentialAction":[{"@type":"ReadAction","target":["https:\/\/www.naturparkmagazin.de\/schwaebisch-fraenkischer-wald\/liebe-leserin-lieber-leser-85\/"]}]},{"@type":"BreadcrumbList","@id":"https:\/\/www.naturparkmagazin.de\/schwaebisch-fraenkischer-wald\/liebe-leserin-lieber-leser-85\/#breadcrumb","itemListElement":[{"@type":"ListItem","position":1,"name":"Home","item":"https:\/\/www.naturparkmagazin.de\/schwaebisch-fraenkischer-wald\/"},{"@type":"ListItem","position":2,"name":"Liebe Leserin, lieber Leser,"}]},{"@type":"WebSite","@id":"https:\/\/www.naturparkmagazin.de\/schwaebisch-fraenkischer-wald\/#website","url":"https:\/\/www.naturparkmagazin.de\/schwaebisch-fraenkischer-wald\/","name":"Naturpark Schw\u00e4bisch-Fr\u00e4nkischer Wald","description":"","potentialAction":[{"@type":"SearchAction","target":{"@type":"EntryPoint","urlTemplate":"https:\/\/www.naturparkmagazin.de\/schwaebisch-fraenkischer-wald\/?s={search_term_string}"},"query-input":"required name=search_term_string"}],"inLanguage":"de"},{"@type":"Person","@id":"https:\/\/www.naturparkmagazin.de\/schwaebisch-fraenkischer-wald\/#\/schema\/person\/f047a3702ae747fd7830cf8ac95e6066","name":"Naturpark-Team","sameAs":["http:\/\/www.naturpark-sfw.de","https:\/\/www.facebook.com\/naturparkSFW"],"url":"https:\/\/www.naturparkmagazin.de\/schwaebisch-fraenkischer-wald\/author\/bernharddrixler\/"}]}},"_links":{"self":[{"href":"https:\/\/www.naturparkmagazin.de\/schwaebisch-fraenkischer-wald\/wp-json\/wp\/v2\/posts\/10019"}],"collection":[{"href":"https:\/\/www.naturparkmagazin.de\/schwaebisch-fraenkischer-wald\/wp-json\/wp\/v2\/posts"}],"about":[{"href":"https:\/\/www.naturparkmagazin.de\/schwaebisch-fraenkischer-wald\/wp-json\/wp\/v2\/types\/post"}],"author":[{"embeddable":true,"href":"https:\/\/www.naturparkmagazin.de\/schwaebisch-fraenkischer-wald\/wp-json\/wp\/v2\/users\/25"}],"replies":[{"embeddable":true,"href":"https:\/\/www.naturparkmagazin.de\/schwaebisch-fraenkischer-wald\/wp-json\/wp\/v2\/comments?post=10019"}],"version-history":[{"count":3,"href":"https:\/\/www.naturparkmagazin.de\/schwaebisch-fraenkischer-wald\/wp-json\/wp\/v2\/posts\/10019\/revisions"}],"predecessor-version":[{"id":10079,"href":"https:\/\/www.naturparkmagazin.de\/schwaebisch-fraenkischer-wald\/wp-json\/wp\/v2\/posts\/10019\/revisions\/10079"}],"wp:attachment":[{"href":"https:\/\/www.naturparkmagazin.de\/schwaebisch-fraenkischer-wald\/wp-json\/wp\/v2\/media?parent=10019"}],"wp:term":[{"taxonomy":"category","embeddable":true,"href":"https:\/\/www.naturparkmagazin.de\/schwaebisch-fraenkischer-wald\/wp-json\/wp\/v2\/categories?post=10019"},{"taxonomy":"post_tag","embeddable":true,"href":"https:\/\/www.naturparkmagazin.de\/schwaebisch-fraenkischer-wald\/wp-json\/wp\/v2\/tags?post=10019"}],"curies":[{"name":"wp","href":"https:\/\/api.w.org\/{rel}","templated":true}]}}