{"id":10022,"date":"2021-04-15T15:18:07","date_gmt":"2021-04-15T13:18:07","guid":{"rendered":"https:\/\/www.naturparkmagazin.de\/schwaebisch-fraenkischer-wald\/?p=10022"},"modified":"2021-04-21T13:18:32","modified_gmt":"2021-04-21T11:18:32","slug":"neues-team-auf-der-naturpark-geschaeftsstelle","status":"publish","type":"post","link":"https:\/\/www.naturparkmagazin.de\/schwaebisch-fraenkischer-wald\/neues-team-auf-der-naturpark-geschaeftsstelle\/","title":{"rendered":"Neues Team auf der Naturpark-Gesch\u00e4ftsstelle"},"content":{"rendered":"<div id=\"attachment_10070\" style=\"width: 510px\" class=\"wp-caption aligncenter\"><a href=\"https:\/\/www.naturparkmagazin.de\/schwaebisch-fraenkischer-wald\/wp-content\/uploads\/sites\/34\/IMG_0109_500.jpg\"><img aria-describedby=\"caption-attachment-10070\" decoding=\"async\" loading=\"lazy\" class=\"size-full wp-image-10070\" src=\"https:\/\/www.naturparkmagazin.de\/schwaebisch-fraenkischer-wald\/wp-content\/uploads\/sites\/34\/IMG_0109_500.jpg\" alt=\"\u00a9 NPSFW Archiv\" width=\"500\" height=\"298\" srcset=\"https:\/\/www.naturparkmagazin.de\/schwaebisch-fraenkischer-wald\/wp-content\/uploads\/sites\/34\/IMG_0109_500.jpg 500w, https:\/\/www.naturparkmagazin.de\/schwaebisch-fraenkischer-wald\/wp-content\/uploads\/sites\/34\/IMG_0109_500-300x179.jpg 300w, https:\/\/www.naturparkmagazin.de\/schwaebisch-fraenkischer-wald\/wp-content\/uploads\/sites\/34\/IMG_0109_500-200x119.jpg 200w\" sizes=\"(max-width: 500px) 100vw, 500px\" \/><\/a><p id=\"caption-attachment-10070\" class=\"wp-caption-text\">\u00a9 NPSFW Archiv<\/p><\/div>\n<p>Als neuen Gesch\u00e4ftsf\u00fchrer auf der Naturpark-Gesch\u00e4ftsstelle begr\u00fc\u00dfen wir ab 15. April 2021 Karl-Dieter Diemer. Er war von 1991 bis 2019 Forstrevierleiter in Gaildorf. Eine Aufgabe, die ihn sehr erf\u00fcllt hat. Im Zuge der Forstverwaltungsreform bekam er die M\u00f6glichkeit, seinem beruflichen Schwerpunkt Waldp\u00e4dagogik auf einer neu geschaffenen Stelle bei ForstBW in Welzheim ein st\u00e4rkeres Gewicht zu geben. Als die Stelle des Gesch\u00e4ftsf\u00fchrers des Naturparks ausgeschrieben wurde, z\u00f6gerte er jedoch keinen Moment sich zu bewerben! Als langj\u00e4hriger Naturparkf\u00fchrer schl\u00e4gt sein Herz f\u00fcr den Schw\u00e4bisch-Fr\u00e4nkischen Wald. Dass diese Bewerbung erfolgreich war und er nun die Nachfolge von Bernhard Drixler antritt, macht ihn stolz. \u201eIch freue mich sehr auf die Zusammenarbeit mit allen Akteuren im Naturpark! Jetzt ist f\u00fcr mich ein Traum wahr geworden: in einem neuen Team die Zukunft dieses Naturparks mitzugestalten. Eine sch\u00f6nere berufliche Aufgabe kann ich mir nicht vorstellen!\u201c so Diemer.<\/p>\n<p>Die Naturparkf\u00fchrerin und Landschaftsarchitektin Sabine R\u00fccker aus L\u00f6wenstein ist seit 1. Dezember 2020 als Projektmanagerin im Bereich Regionalentwicklung, sowie f\u00fcr die Naturpark-F\u00f6rderung zust\u00e4ndig. In der langj\u00e4hrigen und engagierten Arbeit als Naturparkf\u00fchrerin initiierte und organisierte Sabine R\u00fccker Naturpark-Projekte wie z. B. das \u201eNatur-Erlebniscamp W\u00fcstenrot\u201c. Sie ist Expertin im Naturpark-Gebiet, kennt die Natur- und Kulturlandschaft von unz\u00e4hligen Touren und hat eine Vorliebe f\u00fcr alte Sagen und Wildkr\u00e4uter.<\/p>\n<p>Jasmin Kotrba aus Rudersberg, arbeitet seit 1. Dezember als Projektmanagerin im Bereich Erholung und nachhaltiger Tourismus. Mit abgeschlossenem Studium im Bereich Gesundheitsmanagement im Tourismus und Studienschwerpunkt nachhaltiger l\u00e4ndlicher Tourismus freut sie sich, Naturerlebnisse f\u00fcr ALLE mit verschiedenen Akteuren zu gestalten. Mit gro\u00dfer Naturverbundenheit sollen Natur- und Walderlebnisse f\u00fcr die Bev\u00f6lkerung im Naturpark sowie f\u00fcr Touristen geschaffen werden.<\/p>\n<p>Als geb\u00fcrtige Hessin hat es Elena Schick in den Schw\u00e4bisch-Fr\u00e4nkischen Wald gezogen. Nachdem sie ihren Bachelor in Biologie absolvierte konnte sie bereits viele Erfahrungen in der praktischen Umweltbildungsarbeit sammeln. Im Februar hat sie nun ihren Master in Bildung f\u00fcr nachhaltige Entwicklung abgeschlossen und freut sich darauf kreative Ideen und ihre Fachkenntnisse im Bereich BNE in die Naturparkarbeit einzubringen. Elena Schick wird zuk\u00fcnftig Ansprechperson f\u00fcr die Naturpark-Schulen sein und das Projektmanagement im Bereich Bildung f\u00fcr nachhaltige Entwicklung \u00fcbernehmen.<\/p>\n<p>Franziska Hornung aus Michelbach an der Bilz ist gelernte Kauffrau f\u00fcr Tourismus und Freizeit und war mehrere Jahre bei der Touristik und Marketing Schw\u00e4bisch Hall t\u00e4tig. Auf dem zweiten Bildungsweg absolvierte sie in diesem Jahr ihr Studium in den F\u00e4chern \u201eWaldwirtschaft und Umwelt\u201c sowie \u201eNaturschutz und Landschaftspflege\u201c. Sie freut sich nun sehr auf ihr neues Aufgabenfeld beim Naturpark Schw\u00e4bisch-Fr\u00e4nkischer Wald im Projektmanagement Biodiversit\u00e4t, Landschaftspflege und Naturschutz.<\/p>\n<p>Wir freuen uns auf die gemeinsame Zusammenarbeit und die Gestaltung des Naturparks!<\/p>\n<div id=\"attachment_10071\" style=\"width: 214px\" class=\"wp-caption aligncenter\"><a href=\"https:\/\/www.naturparkmagazin.de\/schwaebisch-fraenkischer-wald\/wp-content\/uploads\/sites\/34\/Team_3_200.jpg\"><img aria-describedby=\"caption-attachment-10071\" decoding=\"async\" loading=\"lazy\" class=\"size-full wp-image-10071\" src=\"https:\/\/www.naturparkmagazin.de\/schwaebisch-fraenkischer-wald\/wp-content\/uploads\/sites\/34\/Team_3_200.jpg\" alt=\"\u00a9 NPSFW Archiv\" width=\"204\" height=\"200\" srcset=\"https:\/\/www.naturparkmagazin.de\/schwaebisch-fraenkischer-wald\/wp-content\/uploads\/sites\/34\/Team_3_200.jpg 204w, https:\/\/www.naturparkmagazin.de\/schwaebisch-fraenkischer-wald\/wp-content\/uploads\/sites\/34\/Team_3_200-30x30.jpg 30w, https:\/\/www.naturparkmagazin.de\/schwaebisch-fraenkischer-wald\/wp-content\/uploads\/sites\/34\/Team_3_200-200x196.jpg 200w\" sizes=\"(max-width: 204px) 100vw, 204px\" \/><\/a><p id=\"caption-attachment-10071\" class=\"wp-caption-text\">\u00a9 NPSFW Archiv<\/p><\/div>\n","protected":false},"excerpt":{"rendered":"<p>Neues Team auf der Naturpark-Gesch\u00e4ftsstelle stellt sich vor <\/p>\n","protected":false},"author":25,"featured_media":10071,"comment_status":"open","ping_status":"open","sticky":false,"template":"","format":"standard","meta":[],"categories":[7],"tags":[],"yoast_head":"<!-- This site is optimized with the Yoast SEO plugin v19.10 - https:\/\/yoast.com\/wordpress\/plugins\/seo\/ -->\n<title>Neues Team auf der Naturpark-Gesch\u00e4ftsstelle - Naturpark Schw\u00e4bisch-Fr\u00e4nkischer Wald<\/title>\n<meta name=\"robots\" content=\"index, follow, max-snippet:-1, max-image-preview:large, max-video-preview:-1\" \/>\n<link rel=\"canonical\" href=\"https:\/\/www.naturparkmagazin.de\/schwaebisch-fraenkischer-wald\/neues-team-auf-der-naturpark-geschaeftsstelle\/\" \/>\n<meta property=\"og:locale\" content=\"de_DE\" \/>\n<meta property=\"og:type\" content=\"article\" \/>\n<meta property=\"og:title\" content=\"Neues Team auf der Naturpark-Gesch\u00e4ftsstelle - Naturpark Schw\u00e4bisch-Fr\u00e4nkischer Wald\" \/>\n<meta property=\"og:description\" content=\"Neues Team auf der Naturpark-Gesch\u00e4ftsstelle stellt sich vor\" \/>\n<meta property=\"og:url\" content=\"https:\/\/www.naturparkmagazin.de\/schwaebisch-fraenkischer-wald\/neues-team-auf-der-naturpark-geschaeftsstelle\/\" \/>\n<meta property=\"og:site_name\" content=\"Naturpark Schw\u00e4bisch-Fr\u00e4nkischer Wald\" \/>\n<meta property=\"article:author\" content=\"https:\/\/www.facebook.com\/naturparkSFW\" \/>\n<meta property=\"article:published_time\" content=\"2021-04-15T13:18:07+00:00\" \/>\n<meta property=\"article:modified_time\" content=\"2021-04-21T11:18:32+00:00\" \/>\n<meta property=\"og:image\" content=\"https:\/\/www.naturparkmagazin.de\/schwaebisch-fraenkischer-wald\/wp-content\/uploads\/sites\/34\/Team_3_200.jpg\" \/>\n\t<meta property=\"og:image:width\" content=\"204\" \/>\n\t<meta property=\"og:image:height\" content=\"200\" \/>\n\t<meta property=\"og:image:type\" content=\"image\/jpeg\" \/>\n<meta name=\"author\" content=\"Naturpark-Team\" \/>\n<meta name=\"twitter:label1\" content=\"Verfasst von\" \/>\n\t<meta name=\"twitter:data1\" content=\"Naturpark-Team\" \/>\n\t<meta name=\"twitter:label2\" content=\"Gesch\u00e4tzte Lesezeit\" \/>\n\t<meta name=\"twitter:data2\" content=\"2\u00a0Minuten\" \/>\n<script type=\"application\/ld+json\" class=\"yoast-schema-graph\">{\"@context\":\"https:\/\/schema.org\",\"@graph\":[{\"@type\":\"WebPage\",\"@id\":\"https:\/\/www.naturparkmagazin.de\/schwaebisch-fraenkischer-wald\/neues-team-auf-der-naturpark-geschaeftsstelle\/\",\"url\":\"https:\/\/www.naturparkmagazin.de\/schwaebisch-fraenkischer-wald\/neues-team-auf-der-naturpark-geschaeftsstelle\/\",\"name\":\"Neues Team auf der Naturpark-Gesch\u00e4ftsstelle - Naturpark Schw\u00e4bisch-Fr\u00e4nkischer Wald\",\"isPartOf\":{\"@id\":\"https:\/\/www.naturparkmagazin.de\/schwaebisch-fraenkischer-wald\/#website\"},\"datePublished\":\"2021-04-15T13:18:07+00:00\",\"dateModified\":\"2021-04-21T11:18:32+00:00\",\"author\":{\"@id\":\"https:\/\/www.naturparkmagazin.de\/schwaebisch-fraenkischer-wald\/#\/schema\/person\/f047a3702ae747fd7830cf8ac95e6066\"},\"breadcrumb\":{\"@id\":\"https:\/\/www.naturparkmagazin.de\/schwaebisch-fraenkischer-wald\/neues-team-auf-der-naturpark-geschaeftsstelle\/#breadcrumb\"},\"inLanguage\":\"de\",\"potentialAction\":[{\"@type\":\"ReadAction\",\"target\":[\"https:\/\/www.naturparkmagazin.de\/schwaebisch-fraenkischer-wald\/neues-team-auf-der-naturpark-geschaeftsstelle\/\"]}]},{\"@type\":\"BreadcrumbList\",\"@id\":\"https:\/\/www.naturparkmagazin.de\/schwaebisch-fraenkischer-wald\/neues-team-auf-der-naturpark-geschaeftsstelle\/#breadcrumb\",\"itemListElement\":[{\"@type\":\"ListItem\",\"position\":1,\"name\":\"Home\",\"item\":\"https:\/\/www.naturparkmagazin.de\/schwaebisch-fraenkischer-wald\/\"},{\"@type\":\"ListItem\",\"position\":2,\"name\":\"Neues Team auf der Naturpark-Gesch\u00e4ftsstelle\"}]},{\"@type\":\"WebSite\",\"@id\":\"https:\/\/www.naturparkmagazin.de\/schwaebisch-fraenkischer-wald\/#website\",\"url\":\"https:\/\/www.naturparkmagazin.de\/schwaebisch-fraenkischer-wald\/\",\"name\":\"Naturpark Schw\u00e4bisch-Fr\u00e4nkischer Wald\",\"description\":\"\",\"potentialAction\":[{\"@type\":\"SearchAction\",\"target\":{\"@type\":\"EntryPoint\",\"urlTemplate\":\"https:\/\/www.naturparkmagazin.de\/schwaebisch-fraenkischer-wald\/?s={search_term_string}\"},\"query-input\":\"required name=search_term_string\"}],\"inLanguage\":\"de\"},{\"@type\":\"Person\",\"@id\":\"https:\/\/www.naturparkmagazin.de\/schwaebisch-fraenkischer-wald\/#\/schema\/person\/f047a3702ae747fd7830cf8ac95e6066\",\"name\":\"Naturpark-Team\",\"sameAs\":[\"http:\/\/www.naturpark-sfw.de\",\"https:\/\/www.facebook.com\/naturparkSFW\"],\"url\":\"https:\/\/www.naturparkmagazin.de\/schwaebisch-fraenkischer-wald\/author\/bernharddrixler\/\"}]}<\/script>\n<!-- \/ Yoast SEO plugin. -->","yoast_head_json":{"title":"Neues Team auf der Naturpark-Gesch\u00e4ftsstelle - Naturpark Schw\u00e4bisch-Fr\u00e4nkischer Wald","robots":{"index":"index","follow":"follow","max-snippet":"max-snippet:-1","max-image-preview":"max-image-preview:large","max-video-preview":"max-video-preview:-1"},"canonical":"https:\/\/www.naturparkmagazin.de\/schwaebisch-fraenkischer-wald\/neues-team-auf-der-naturpark-geschaeftsstelle\/","og_locale":"de_DE","og_type":"article","og_title":"Neues Team auf der Naturpark-Gesch\u00e4ftsstelle - Naturpark Schw\u00e4bisch-Fr\u00e4nkischer Wald","og_description":"Neues Team auf der Naturpark-Gesch\u00e4ftsstelle stellt sich vor","og_url":"https:\/\/www.naturparkmagazin.de\/schwaebisch-fraenkischer-wald\/neues-team-auf-der-naturpark-geschaeftsstelle\/","og_site_name":"Naturpark Schw\u00e4bisch-Fr\u00e4nkischer Wald","article_author":"https:\/\/www.facebook.com\/naturparkSFW","article_published_time":"2021-04-15T13:18:07+00:00","article_modified_time":"2021-04-21T11:18:32+00:00","og_image":[{"width":204,"height":200,"url":"https:\/\/www.naturparkmagazin.de\/schwaebisch-fraenkischer-wald\/wp-content\/uploads\/sites\/34\/Team_3_200.jpg","type":"image\/jpeg"}],"author":"Naturpark-Team","twitter_misc":{"Verfasst von":"Naturpark-Team","Gesch\u00e4tzte Lesezeit":"2\u00a0Minuten"},"schema":{"@context":"https:\/\/schema.org","@graph":[{"@type":"WebPage","@id":"https:\/\/www.naturparkmagazin.de\/schwaebisch-fraenkischer-wald\/neues-team-auf-der-naturpark-geschaeftsstelle\/","url":"https:\/\/www.naturparkmagazin.de\/schwaebisch-fraenkischer-wald\/neues-team-auf-der-naturpark-geschaeftsstelle\/","name":"Neues Team auf der Naturpark-Gesch\u00e4ftsstelle - Naturpark Schw\u00e4bisch-Fr\u00e4nkischer Wald","isPartOf":{"@id":"https:\/\/www.naturparkmagazin.de\/schwaebisch-fraenkischer-wald\/#website"},"datePublished":"2021-04-15T13:18:07+00:00","dateModified":"2021-04-21T11:18:32+00:00","author":{"@id":"https:\/\/www.naturparkmagazin.de\/schwaebisch-fraenkischer-wald\/#\/schema\/person\/f047a3702ae747fd7830cf8ac95e6066"},"breadcrumb":{"@id":"https:\/\/www.naturparkmagazin.de\/schwaebisch-fraenkischer-wald\/neues-team-auf-der-naturpark-geschaeftsstelle\/#breadcrumb"},"inLanguage":"de","potentialAction":[{"@type":"ReadAction","target":["https:\/\/www.naturparkmagazin.de\/schwaebisch-fraenkischer-wald\/neues-team-auf-der-naturpark-geschaeftsstelle\/"]}]},{"@type":"BreadcrumbList","@id":"https:\/\/www.naturparkmagazin.de\/schwaebisch-fraenkischer-wald\/neues-team-auf-der-naturpark-geschaeftsstelle\/#breadcrumb","itemListElement":[{"@type":"ListItem","position":1,"name":"Home","item":"https:\/\/www.naturparkmagazin.de\/schwaebisch-fraenkischer-wald\/"},{"@type":"ListItem","position":2,"name":"Neues Team auf der Naturpark-Gesch\u00e4ftsstelle"}]},{"@type":"WebSite","@id":"https:\/\/www.naturparkmagazin.de\/schwaebisch-fraenkischer-wald\/#website","url":"https:\/\/www.naturparkmagazin.de\/schwaebisch-fraenkischer-wald\/","name":"Naturpark Schw\u00e4bisch-Fr\u00e4nkischer Wald","description":"","potentialAction":[{"@type":"SearchAction","target":{"@type":"EntryPoint","urlTemplate":"https:\/\/www.naturparkmagazin.de\/schwaebisch-fraenkischer-wald\/?s={search_term_string}"},"query-input":"required name=search_term_string"}],"inLanguage":"de"},{"@type":"Person","@id":"https:\/\/www.naturparkmagazin.de\/schwaebisch-fraenkischer-wald\/#\/schema\/person\/f047a3702ae747fd7830cf8ac95e6066","name":"Naturpark-Team","sameAs":["http:\/\/www.naturpark-sfw.de","https:\/\/www.facebook.com\/naturparkSFW"],"url":"https:\/\/www.naturparkmagazin.de\/schwaebisch-fraenkischer-wald\/author\/bernharddrixler\/"}]}},"_links":{"self":[{"href":"https:\/\/www.naturparkmagazin.de\/schwaebisch-fraenkischer-wald\/wp-json\/wp\/v2\/posts\/10022"}],"collection":[{"href":"https:\/\/www.naturparkmagazin.de\/schwaebisch-fraenkischer-wald\/wp-json\/wp\/v2\/posts"}],"about":[{"href":"https:\/\/www.naturparkmagazin.de\/schwaebisch-fraenkischer-wald\/wp-json\/wp\/v2\/types\/post"}],"author":[{"embeddable":true,"href":"https:\/\/www.naturparkmagazin.de\/schwaebisch-fraenkischer-wald\/wp-json\/wp\/v2\/users\/25"}],"replies":[{"embeddable":true,"href":"https:\/\/www.naturparkmagazin.de\/schwaebisch-fraenkischer-wald\/wp-json\/wp\/v2\/comments?post=10022"}],"version-history":[{"count":5,"href":"https:\/\/www.naturparkmagazin.de\/schwaebisch-fraenkischer-wald\/wp-json\/wp\/v2\/posts\/10022\/revisions"}],"predecessor-version":[{"id":10074,"href":"https:\/\/www.naturparkmagazin.de\/schwaebisch-fraenkischer-wald\/wp-json\/wp\/v2\/posts\/10022\/revisions\/10074"}],"wp:featuredmedia":[{"embeddable":true,"href":"https:\/\/www.naturparkmagazin.de\/schwaebisch-fraenkischer-wald\/wp-json\/wp\/v2\/media\/10071"}],"wp:attachment":[{"href":"https:\/\/www.naturparkmagazin.de\/schwaebisch-fraenkischer-wald\/wp-json\/wp\/v2\/media?parent=10022"}],"wp:term":[{"taxonomy":"category","embeddable":true,"href":"https:\/\/www.naturparkmagazin.de\/schwaebisch-fraenkischer-wald\/wp-json\/wp\/v2\/categories?post=10022"},{"taxonomy":"post_tag","embeddable":true,"href":"https:\/\/www.naturparkmagazin.de\/schwaebisch-fraenkischer-wald\/wp-json\/wp\/v2\/tags?post=10022"}],"curies":[{"name":"wp","href":"https:\/\/api.w.org\/{rel}","templated":true}]}}