{"id":10097,"date":"2021-05-14T16:42:34","date_gmt":"2021-05-14T14:42:34","guid":{"rendered":"https:\/\/www.naturparkmagazin.de\/schwaebisch-fraenkischer-wald\/?p=10097"},"modified":"2021-05-10T16:46:06","modified_gmt":"2021-05-10T14:46:06","slug":"bildungsbotschafterinnen-des-naturparks","status":"publish","type":"post","link":"https:\/\/www.naturparkmagazin.de\/schwaebisch-fraenkischer-wald\/bildungsbotschafterinnen-des-naturparks\/","title":{"rendered":"Bildungsbotschafter:innen des Naturparks"},"content":{"rendered":"<p>Die Naturparkf\u00fchrer und Naturparkf\u00fchrerinnen als Bildungsbotschafter:innen des Naturparks. Seit 2004 schaffen Sie ein spannendes und vielseitiges Programm im Naturparkgebiet: Die Naturparkf\u00fchrerinnen und Naturparkf\u00fchrer des Schw\u00e4bisch-Fr\u00e4nkischen Waldes. Sie wurden in zwei Ausbildungsjahrg\u00e4ngen 2007 und 2014 ausgebildet und bieten nun ganzj\u00e4hrig ein facettenreiches Angebot an. Von Baumyoga \u00fcber Schneeschuhtouren bis hin zu Alpakawanderungen wird eine gro\u00dfe Bandbreite geboten.<\/p>\n<p>Die Tourenangebote eignen sich f\u00fcr alle natur- und kulturinteressierten Menschen jeglichen Alters. Gerne bieten die Naturparkf\u00fchrer:innen auch individuell zusammengestellte Ausfl\u00fcge f\u00fcr Betriebe, Vereine, Schulen und Kinderg\u00e4rten an. In der Brosch\u00fcre \u201eNaturpark aktiv 2021\u201c finden Sie die Touren der Naturparkf\u00fchrer und Naturparkf\u00fchrerinnen, die an allen Sonn- und Feiertagen in vielen der 48 Naturparkkommunen angeboten werden.<\/p>\n<p>Unsere Naturparkf\u00fchrer:innen stehen schon in den Startl\u00f6chern und freuen sich, Ihnen Veranstaltungen anbieten zu k\u00f6nnen, sobald es die aktuellen Corona-Bestimmungen erlauben.<\/p>\n<p><strong>Nach BANU Richtlinien zertifiziert\n<\/strong><\/p>\n<div id=\"attachment_10099\" style=\"width: 343px\" class=\"wp-caption alignright\"><a href=\"https:\/\/www.naturparkmagazin.de\/schwaebisch-fraenkischer-wald\/wp-content\/uploads\/sites\/34\/PROMINENT_2020_Sanwald_Monika_Fotos_NPPlan_500.jpg\"><img aria-describedby=\"caption-attachment-10099\" decoding=\"async\" loading=\"lazy\" class=\"size-full wp-image-10099\" src=\"https:\/\/www.naturparkmagazin.de\/schwaebisch-fraenkischer-wald\/wp-content\/uploads\/sites\/34\/PROMINENT_2020_Sanwald_Monika_Fotos_NPPlan_500.jpg\" alt=\"\u00a9 Naturpark SFW Archiv\" width=\"333\" height=\"500\" srcset=\"https:\/\/www.naturparkmagazin.de\/schwaebisch-fraenkischer-wald\/wp-content\/uploads\/sites\/34\/PROMINENT_2020_Sanwald_Monika_Fotos_NPPlan_500.jpg 333w, https:\/\/www.naturparkmagazin.de\/schwaebisch-fraenkischer-wald\/wp-content\/uploads\/sites\/34\/PROMINENT_2020_Sanwald_Monika_Fotos_NPPlan_500-300x450.jpg 300w, https:\/\/www.naturparkmagazin.de\/schwaebisch-fraenkischer-wald\/wp-content\/uploads\/sites\/34\/PROMINENT_2020_Sanwald_Monika_Fotos_NPPlan_500-200x300.jpg 200w\" sizes=\"(max-width: 333px) 100vw, 333px\" \/><\/a><p id=\"caption-attachment-10099\" class=\"wp-caption-text\">\u00a9 Naturpark SFW Archiv<\/p><\/div>\n<p>Die Naturparkf\u00fchrer:innen wurden von der Initiative des Bundesweiten Arbeitskreises der staatlich getragenen Bildungsst\u00e4tten im Natur und Umweltschutz (BANU) und ihrer Partner:innen (Verband Deutscher Naturparke e.V., Bundesverband Naturwacht e.V., Europarc Deutschland und ANU e.V.) nach festgesetzten Kriterien zertifiziert. F\u00fcr Baden-W\u00fcrttemberg ist die zertifizierende Stelle die Akademie f\u00fcr Natur- und Umweltschutz beim Umweltministerium.<\/p>\n<p>Homepage: <a href=\"http:\/\/www.die-naturparkfuehrer.de\">www.die-naturparkfuehrer.de<\/a><\/p>\n<p>Kontakt per E-Mail: <a href=\"mailto:info@die-naturparkfuehrer.de\">info@die-naturparkfuehrer.de<\/a><\/p>\n","protected":false},"excerpt":{"rendered":"<p>Die Naturparkf\u00fchrer und Naturparkf\u00fchrerinnen als Bildungsbotschafter:innen des Naturparks! <\/p>\n","protected":false},"author":25,"featured_media":10098,"comment_status":"open","ping_status":"open","sticky":false,"template":"","format":"standard","meta":[],"categories":[8],"tags":[],"yoast_head":"<!-- This site is optimized with the Yoast SEO plugin v19.10 - https:\/\/yoast.com\/wordpress\/plugins\/seo\/ -->\n<title>Bildungsbotschafter:innen des Naturparks - Naturpark Schw\u00e4bisch-Fr\u00e4nkischer Wald<\/title>\n<meta name=\"robots\" content=\"index, follow, max-snippet:-1, max-image-preview:large, max-video-preview:-1\" \/>\n<link rel=\"canonical\" href=\"https:\/\/www.naturparkmagazin.de\/schwaebisch-fraenkischer-wald\/bildungsbotschafterinnen-des-naturparks\/\" \/>\n<meta property=\"og:locale\" content=\"de_DE\" \/>\n<meta property=\"og:type\" content=\"article\" \/>\n<meta property=\"og:title\" content=\"Bildungsbotschafter:innen des Naturparks - Naturpark Schw\u00e4bisch-Fr\u00e4nkischer Wald\" \/>\n<meta property=\"og:description\" content=\"Die Naturparkf\u00fchrer und Naturparkf\u00fchrerinnen als Bildungsbotschafter:innen des Naturparks!\" \/>\n<meta property=\"og:url\" content=\"https:\/\/www.naturparkmagazin.de\/schwaebisch-fraenkischer-wald\/bildungsbotschafterinnen-des-naturparks\/\" \/>\n<meta property=\"og:site_name\" content=\"Naturpark Schw\u00e4bisch-Fr\u00e4nkischer Wald\" \/>\n<meta property=\"article:author\" content=\"https:\/\/www.facebook.com\/naturparkSFW\" \/>\n<meta property=\"article:published_time\" content=\"2021-05-14T14:42:34+00:00\" \/>\n<meta property=\"article:modified_time\" content=\"2021-05-10T14:46:06+00:00\" \/>\n<meta property=\"og:image\" content=\"https:\/\/www.naturparkmagazin.de\/schwaebisch-fraenkischer-wald\/wp-content\/uploads\/sites\/34\/PROMINENT_2020_Sanwald_Monika_Fotos_NPPlan_200.jpg\" \/>\n\t<meta property=\"og:image:width\" content=\"201\" \/>\n\t<meta property=\"og:image:height\" content=\"200\" \/>\n\t<meta property=\"og:image:type\" content=\"image\/jpeg\" \/>\n<meta name=\"author\" content=\"Naturpark-Team\" \/>\n<meta name=\"twitter:label1\" content=\"Verfasst von\" \/>\n\t<meta name=\"twitter:data1\" content=\"Naturpark-Team\" \/>\n\t<meta name=\"twitter:label2\" content=\"Gesch\u00e4tzte Lesezeit\" \/>\n\t<meta name=\"twitter:data2\" content=\"1\u00a0Minute\" \/>\n<script type=\"application\/ld+json\" class=\"yoast-schema-graph\">{\"@context\":\"https:\/\/schema.org\",\"@graph\":[{\"@type\":\"WebPage\",\"@id\":\"https:\/\/www.naturparkmagazin.de\/schwaebisch-fraenkischer-wald\/bildungsbotschafterinnen-des-naturparks\/\",\"url\":\"https:\/\/www.naturparkmagazin.de\/schwaebisch-fraenkischer-wald\/bildungsbotschafterinnen-des-naturparks\/\",\"name\":\"Bildungsbotschafter:innen des Naturparks - Naturpark Schw\u00e4bisch-Fr\u00e4nkischer Wald\",\"isPartOf\":{\"@id\":\"https:\/\/www.naturparkmagazin.de\/schwaebisch-fraenkischer-wald\/#website\"},\"datePublished\":\"2021-05-14T14:42:34+00:00\",\"dateModified\":\"2021-05-10T14:46:06+00:00\",\"author\":{\"@id\":\"https:\/\/www.naturparkmagazin.de\/schwaebisch-fraenkischer-wald\/#\/schema\/person\/f047a3702ae747fd7830cf8ac95e6066\"},\"breadcrumb\":{\"@id\":\"https:\/\/www.naturparkmagazin.de\/schwaebisch-fraenkischer-wald\/bildungsbotschafterinnen-des-naturparks\/#breadcrumb\"},\"inLanguage\":\"de\",\"potentialAction\":[{\"@type\":\"ReadAction\",\"target\":[\"https:\/\/www.naturparkmagazin.de\/schwaebisch-fraenkischer-wald\/bildungsbotschafterinnen-des-naturparks\/\"]}]},{\"@type\":\"BreadcrumbList\",\"@id\":\"https:\/\/www.naturparkmagazin.de\/schwaebisch-fraenkischer-wald\/bildungsbotschafterinnen-des-naturparks\/#breadcrumb\",\"itemListElement\":[{\"@type\":\"ListItem\",\"position\":1,\"name\":\"Home\",\"item\":\"https:\/\/www.naturparkmagazin.de\/schwaebisch-fraenkischer-wald\/\"},{\"@type\":\"ListItem\",\"position\":2,\"name\":\"Bildungsbotschafter:innen des Naturparks\"}]},{\"@type\":\"WebSite\",\"@id\":\"https:\/\/www.naturparkmagazin.de\/schwaebisch-fraenkischer-wald\/#website\",\"url\":\"https:\/\/www.naturparkmagazin.de\/schwaebisch-fraenkischer-wald\/\",\"name\":\"Naturpark Schw\u00e4bisch-Fr\u00e4nkischer Wald\",\"description\":\"\",\"potentialAction\":[{\"@type\":\"SearchAction\",\"target\":{\"@type\":\"EntryPoint\",\"urlTemplate\":\"https:\/\/www.naturparkmagazin.de\/schwaebisch-fraenkischer-wald\/?s={search_term_string}\"},\"query-input\":\"required name=search_term_string\"}],\"inLanguage\":\"de\"},{\"@type\":\"Person\",\"@id\":\"https:\/\/www.naturparkmagazin.de\/schwaebisch-fraenkischer-wald\/#\/schema\/person\/f047a3702ae747fd7830cf8ac95e6066\",\"name\":\"Naturpark-Team\",\"sameAs\":[\"http:\/\/www.naturpark-sfw.de\",\"https:\/\/www.facebook.com\/naturparkSFW\"],\"url\":\"https:\/\/www.naturparkmagazin.de\/schwaebisch-fraenkischer-wald\/author\/bernharddrixler\/\"}]}<\/script>\n<!-- \/ Yoast SEO plugin. -->","yoast_head_json":{"title":"Bildungsbotschafter:innen des Naturparks - Naturpark Schw\u00e4bisch-Fr\u00e4nkischer Wald","robots":{"index":"index","follow":"follow","max-snippet":"max-snippet:-1","max-image-preview":"max-image-preview:large","max-video-preview":"max-video-preview:-1"},"canonical":"https:\/\/www.naturparkmagazin.de\/schwaebisch-fraenkischer-wald\/bildungsbotschafterinnen-des-naturparks\/","og_locale":"de_DE","og_type":"article","og_title":"Bildungsbotschafter:innen des Naturparks - Naturpark Schw\u00e4bisch-Fr\u00e4nkischer Wald","og_description":"Die Naturparkf\u00fchrer und Naturparkf\u00fchrerinnen als Bildungsbotschafter:innen des Naturparks!","og_url":"https:\/\/www.naturparkmagazin.de\/schwaebisch-fraenkischer-wald\/bildungsbotschafterinnen-des-naturparks\/","og_site_name":"Naturpark Schw\u00e4bisch-Fr\u00e4nkischer Wald","article_author":"https:\/\/www.facebook.com\/naturparkSFW","article_published_time":"2021-05-14T14:42:34+00:00","article_modified_time":"2021-05-10T14:46:06+00:00","og_image":[{"width":201,"height":200,"url":"https:\/\/www.naturparkmagazin.de\/schwaebisch-fraenkischer-wald\/wp-content\/uploads\/sites\/34\/PROMINENT_2020_Sanwald_Monika_Fotos_NPPlan_200.jpg","type":"image\/jpeg"}],"author":"Naturpark-Team","twitter_misc":{"Verfasst von":"Naturpark-Team","Gesch\u00e4tzte Lesezeit":"1\u00a0Minute"},"schema":{"@context":"https:\/\/schema.org","@graph":[{"@type":"WebPage","@id":"https:\/\/www.naturparkmagazin.de\/schwaebisch-fraenkischer-wald\/bildungsbotschafterinnen-des-naturparks\/","url":"https:\/\/www.naturparkmagazin.de\/schwaebisch-fraenkischer-wald\/bildungsbotschafterinnen-des-naturparks\/","name":"Bildungsbotschafter:innen des Naturparks - Naturpark Schw\u00e4bisch-Fr\u00e4nkischer Wald","isPartOf":{"@id":"https:\/\/www.naturparkmagazin.de\/schwaebisch-fraenkischer-wald\/#website"},"datePublished":"2021-05-14T14:42:34+00:00","dateModified":"2021-05-10T14:46:06+00:00","author":{"@id":"https:\/\/www.naturparkmagazin.de\/schwaebisch-fraenkischer-wald\/#\/schema\/person\/f047a3702ae747fd7830cf8ac95e6066"},"breadcrumb":{"@id":"https:\/\/www.naturparkmagazin.de\/schwaebisch-fraenkischer-wald\/bildungsbotschafterinnen-des-naturparks\/#breadcrumb"},"inLanguage":"de","potentialAction":[{"@type":"ReadAction","target":["https:\/\/www.naturparkmagazin.de\/schwaebisch-fraenkischer-wald\/bildungsbotschafterinnen-des-naturparks\/"]}]},{"@type":"BreadcrumbList","@id":"https:\/\/www.naturparkmagazin.de\/schwaebisch-fraenkischer-wald\/bildungsbotschafterinnen-des-naturparks\/#breadcrumb","itemListElement":[{"@type":"ListItem","position":1,"name":"Home","item":"https:\/\/www.naturparkmagazin.de\/schwaebisch-fraenkischer-wald\/"},{"@type":"ListItem","position":2,"name":"Bildungsbotschafter:innen des Naturparks"}]},{"@type":"WebSite","@id":"https:\/\/www.naturparkmagazin.de\/schwaebisch-fraenkischer-wald\/#website","url":"https:\/\/www.naturparkmagazin.de\/schwaebisch-fraenkischer-wald\/","name":"Naturpark Schw\u00e4bisch-Fr\u00e4nkischer Wald","description":"","potentialAction":[{"@type":"SearchAction","target":{"@type":"EntryPoint","urlTemplate":"https:\/\/www.naturparkmagazin.de\/schwaebisch-fraenkischer-wald\/?s={search_term_string}"},"query-input":"required name=search_term_string"}],"inLanguage":"de"},{"@type":"Person","@id":"https:\/\/www.naturparkmagazin.de\/schwaebisch-fraenkischer-wald\/#\/schema\/person\/f047a3702ae747fd7830cf8ac95e6066","name":"Naturpark-Team","sameAs":["http:\/\/www.naturpark-sfw.de","https:\/\/www.facebook.com\/naturparkSFW"],"url":"https:\/\/www.naturparkmagazin.de\/schwaebisch-fraenkischer-wald\/author\/bernharddrixler\/"}]}},"_links":{"self":[{"href":"https:\/\/www.naturparkmagazin.de\/schwaebisch-fraenkischer-wald\/wp-json\/wp\/v2\/posts\/10097"}],"collection":[{"href":"https:\/\/www.naturparkmagazin.de\/schwaebisch-fraenkischer-wald\/wp-json\/wp\/v2\/posts"}],"about":[{"href":"https:\/\/www.naturparkmagazin.de\/schwaebisch-fraenkischer-wald\/wp-json\/wp\/v2\/types\/post"}],"author":[{"embeddable":true,"href":"https:\/\/www.naturparkmagazin.de\/schwaebisch-fraenkischer-wald\/wp-json\/wp\/v2\/users\/25"}],"replies":[{"embeddable":true,"href":"https:\/\/www.naturparkmagazin.de\/schwaebisch-fraenkischer-wald\/wp-json\/wp\/v2\/comments?post=10097"}],"version-history":[{"count":2,"href":"https:\/\/www.naturparkmagazin.de\/schwaebisch-fraenkischer-wald\/wp-json\/wp\/v2\/posts\/10097\/revisions"}],"predecessor-version":[{"id":10101,"href":"https:\/\/www.naturparkmagazin.de\/schwaebisch-fraenkischer-wald\/wp-json\/wp\/v2\/posts\/10097\/revisions\/10101"}],"wp:featuredmedia":[{"embeddable":true,"href":"https:\/\/www.naturparkmagazin.de\/schwaebisch-fraenkischer-wald\/wp-json\/wp\/v2\/media\/10098"}],"wp:attachment":[{"href":"https:\/\/www.naturparkmagazin.de\/schwaebisch-fraenkischer-wald\/wp-json\/wp\/v2\/media?parent=10097"}],"wp:term":[{"taxonomy":"category","embeddable":true,"href":"https:\/\/www.naturparkmagazin.de\/schwaebisch-fraenkischer-wald\/wp-json\/wp\/v2\/categories?post=10097"},{"taxonomy":"post_tag","embeddable":true,"href":"https:\/\/www.naturparkmagazin.de\/schwaebisch-fraenkischer-wald\/wp-json\/wp\/v2\/tags?post=10097"}],"curies":[{"name":"wp","href":"https:\/\/api.w.org\/{rel}","templated":true}]}}