{"id":10102,"date":"2021-05-14T16:46:20","date_gmt":"2021-05-14T14:46:20","guid":{"rendered":"https:\/\/www.naturparkmagazin.de\/schwaebisch-fraenkischer-wald\/?p=10102"},"modified":"2021-05-21T10:54:29","modified_gmt":"2021-05-21T08:54:29","slug":"naturspur-nistkasten-und-naturlehrpfad-erlacher-hoehe","status":"publish","type":"post","link":"https:\/\/www.naturparkmagazin.de\/schwaebisch-fraenkischer-wald\/naturspur-nistkasten-und-naturlehrpfad-erlacher-hoehe\/","title":{"rendered":"Naturspur: Nistkasten- und Naturlehrpfad Erlacher H\u00f6he"},"content":{"rendered":"<p>Dieser Lehrpfad bietet auf knapp drei Kilometern L\u00e4nge spannende Themen \u00fcber heimische Tierarten. An 20 Stationen werden diese einzeln vorgestellt und mit etwas Gl\u00fcck k\u00f6nnen einige Tiere an den jeweiligen Stationen sogar beobachtet werden. Der Lehrpfad befindet sich auf der Erlacher H\u00f6he in einem nachhaltig bewirtschafteten Wald und einer \u00f6kologisch betriebenen Landwirtschaft. Dadurch entsteht ein wertvoller Lebensraum f\u00fcr viele Tiere. Daher ist es umso wichtiger diese nicht zu st\u00f6ren, in dem man auf den gekennzeichneten Wegen bleibt und keinen M\u00fcll im Wald hinterl\u00e4sst.<\/p>\n<p>Der Lehrpfad \u201eNaturspur\u201c ist eine Initiative der Erlacher Arbeitshilfen. Initiiert wurde er um Besucher:innen, insbesondere Kinder und Jugendliche, f\u00fcr die Notwendigkeit der Erhaltung nat\u00fcrlicher Lebensr\u00e4ume sensibilisieren und sie f\u00fcr gelebten Natur- und Artenschutz zu begeistern. Der Natur- und Umweltgedanke soll damit positiv besetzt und in k\u00fcnftige Generationen hinein transportiert werden! Weitere Informationen finden Sie unter <a href=\"http:\/\/www.erlacher-hoehe.de\">www.erlacher-hoehe.de<\/a><\/p>\n<div id=\"attachment_10133\" style=\"width: 480px\" class=\"wp-caption aligncenter\"><a href=\"https:\/\/www.naturparkmagazin.de\/schwaebisch-fraenkischer-wald\/wp-content\/uploads\/sites\/34\/210517_NaturSpur_400.jpg\"><img aria-describedby=\"caption-attachment-10133\" decoding=\"async\" loading=\"lazy\" class=\"size-full wp-image-10133\" src=\"https:\/\/www.naturparkmagazin.de\/schwaebisch-fraenkischer-wald\/wp-content\/uploads\/sites\/34\/210517_NaturSpur_400.jpg\" alt=\"\u00a9 Gemeinde Erlacher H\u00f6he \" width=\"470\" height=\"500\" srcset=\"https:\/\/www.naturparkmagazin.de\/schwaebisch-fraenkischer-wald\/wp-content\/uploads\/sites\/34\/210517_NaturSpur_400.jpg 470w, https:\/\/www.naturparkmagazin.de\/schwaebisch-fraenkischer-wald\/wp-content\/uploads\/sites\/34\/210517_NaturSpur_400-300x319.jpg 300w, https:\/\/www.naturparkmagazin.de\/schwaebisch-fraenkischer-wald\/wp-content\/uploads\/sites\/34\/210517_NaturSpur_400-200x213.jpg 200w\" sizes=\"(max-width: 470px) 100vw, 470px\" \/><\/a><p id=\"caption-attachment-10133\" class=\"wp-caption-text\">\u00a9 Gemeinde Erlacher H\u00f6he<\/p><\/div>\n","protected":false},"excerpt":{"rendered":"<p>Dieser Lehrpfad bietet spannende Themen \u00fcber heimische Tierarten.<\/p>\n","protected":false},"author":25,"featured_media":10132,"comment_status":"open","ping_status":"open","sticky":false,"template":"","format":"standard","meta":[],"categories":[617],"tags":[],"yoast_head":"<!-- This site is optimized with the Yoast SEO plugin v19.10 - https:\/\/yoast.com\/wordpress\/plugins\/seo\/ -->\n<title>Naturspur: Nistkasten- und Naturlehrpfad Erlacher H\u00f6he - Naturpark Schw\u00e4bisch-Fr\u00e4nkischer Wald<\/title>\n<meta name=\"robots\" content=\"index, follow, max-snippet:-1, max-image-preview:large, max-video-preview:-1\" \/>\n<link rel=\"canonical\" href=\"https:\/\/www.naturparkmagazin.de\/schwaebisch-fraenkischer-wald\/naturspur-nistkasten-und-naturlehrpfad-erlacher-hoehe\/\" \/>\n<meta property=\"og:locale\" content=\"de_DE\" \/>\n<meta property=\"og:type\" content=\"article\" \/>\n<meta property=\"og:title\" content=\"Naturspur: Nistkasten- und Naturlehrpfad Erlacher H\u00f6he - Naturpark Schw\u00e4bisch-Fr\u00e4nkischer Wald\" \/>\n<meta property=\"og:description\" content=\"Dieser Lehrpfad bietet spannende Themen \u00fcber heimische Tierarten.\" \/>\n<meta property=\"og:url\" content=\"https:\/\/www.naturparkmagazin.de\/schwaebisch-fraenkischer-wald\/naturspur-nistkasten-und-naturlehrpfad-erlacher-hoehe\/\" \/>\n<meta property=\"og:site_name\" content=\"Naturpark Schw\u00e4bisch-Fr\u00e4nkischer Wald\" \/>\n<meta property=\"article:author\" content=\"https:\/\/www.facebook.com\/naturparkSFW\" \/>\n<meta property=\"article:published_time\" content=\"2021-05-14T14:46:20+00:00\" \/>\n<meta property=\"article:modified_time\" content=\"2021-05-21T08:54:29+00:00\" \/>\n<meta property=\"og:image\" content=\"https:\/\/www.naturparkmagazin.de\/schwaebisch-fraenkischer-wald\/wp-content\/uploads\/sites\/34\/210517_Naturspur_Titel_200.jpg\" \/>\n\t<meta property=\"og:image:width\" content=\"219\" \/>\n\t<meta property=\"og:image:height\" content=\"200\" \/>\n\t<meta property=\"og:image:type\" content=\"image\/jpeg\" \/>\n<meta name=\"author\" content=\"Naturpark-Team\" \/>\n<meta name=\"twitter:label1\" content=\"Verfasst von\" \/>\n\t<meta name=\"twitter:data1\" content=\"Naturpark-Team\" \/>\n\t<meta name=\"twitter:label2\" content=\"Gesch\u00e4tzte Lesezeit\" \/>\n\t<meta name=\"twitter:data2\" content=\"1\u00a0Minute\" \/>\n<script type=\"application\/ld+json\" class=\"yoast-schema-graph\">{\"@context\":\"https:\/\/schema.org\",\"@graph\":[{\"@type\":\"WebPage\",\"@id\":\"https:\/\/www.naturparkmagazin.de\/schwaebisch-fraenkischer-wald\/naturspur-nistkasten-und-naturlehrpfad-erlacher-hoehe\/\",\"url\":\"https:\/\/www.naturparkmagazin.de\/schwaebisch-fraenkischer-wald\/naturspur-nistkasten-und-naturlehrpfad-erlacher-hoehe\/\",\"name\":\"Naturspur: Nistkasten- und Naturlehrpfad Erlacher H\u00f6he - Naturpark Schw\u00e4bisch-Fr\u00e4nkischer Wald\",\"isPartOf\":{\"@id\":\"https:\/\/www.naturparkmagazin.de\/schwaebisch-fraenkischer-wald\/#website\"},\"datePublished\":\"2021-05-14T14:46:20+00:00\",\"dateModified\":\"2021-05-21T08:54:29+00:00\",\"author\":{\"@id\":\"https:\/\/www.naturparkmagazin.de\/schwaebisch-fraenkischer-wald\/#\/schema\/person\/f047a3702ae747fd7830cf8ac95e6066\"},\"breadcrumb\":{\"@id\":\"https:\/\/www.naturparkmagazin.de\/schwaebisch-fraenkischer-wald\/naturspur-nistkasten-und-naturlehrpfad-erlacher-hoehe\/#breadcrumb\"},\"inLanguage\":\"de\",\"potentialAction\":[{\"@type\":\"ReadAction\",\"target\":[\"https:\/\/www.naturparkmagazin.de\/schwaebisch-fraenkischer-wald\/naturspur-nistkasten-und-naturlehrpfad-erlacher-hoehe\/\"]}]},{\"@type\":\"BreadcrumbList\",\"@id\":\"https:\/\/www.naturparkmagazin.de\/schwaebisch-fraenkischer-wald\/naturspur-nistkasten-und-naturlehrpfad-erlacher-hoehe\/#breadcrumb\",\"itemListElement\":[{\"@type\":\"ListItem\",\"position\":1,\"name\":\"Home\",\"item\":\"https:\/\/www.naturparkmagazin.de\/schwaebisch-fraenkischer-wald\/\"},{\"@type\":\"ListItem\",\"position\":2,\"name\":\"Naturspur: Nistkasten- und Naturlehrpfad Erlacher H\u00f6he\"}]},{\"@type\":\"WebSite\",\"@id\":\"https:\/\/www.naturparkmagazin.de\/schwaebisch-fraenkischer-wald\/#website\",\"url\":\"https:\/\/www.naturparkmagazin.de\/schwaebisch-fraenkischer-wald\/\",\"name\":\"Naturpark Schw\u00e4bisch-Fr\u00e4nkischer Wald\",\"description\":\"\",\"potentialAction\":[{\"@type\":\"SearchAction\",\"target\":{\"@type\":\"EntryPoint\",\"urlTemplate\":\"https:\/\/www.naturparkmagazin.de\/schwaebisch-fraenkischer-wald\/?s={search_term_string}\"},\"query-input\":\"required name=search_term_string\"}],\"inLanguage\":\"de\"},{\"@type\":\"Person\",\"@id\":\"https:\/\/www.naturparkmagazin.de\/schwaebisch-fraenkischer-wald\/#\/schema\/person\/f047a3702ae747fd7830cf8ac95e6066\",\"name\":\"Naturpark-Team\",\"sameAs\":[\"http:\/\/www.naturpark-sfw.de\",\"https:\/\/www.facebook.com\/naturparkSFW\"],\"url\":\"https:\/\/www.naturparkmagazin.de\/schwaebisch-fraenkischer-wald\/author\/bernharddrixler\/\"}]}<\/script>\n<!-- \/ Yoast SEO plugin. -->","yoast_head_json":{"title":"Naturspur: Nistkasten- und Naturlehrpfad Erlacher H\u00f6he - Naturpark Schw\u00e4bisch-Fr\u00e4nkischer Wald","robots":{"index":"index","follow":"follow","max-snippet":"max-snippet:-1","max-image-preview":"max-image-preview:large","max-video-preview":"max-video-preview:-1"},"canonical":"https:\/\/www.naturparkmagazin.de\/schwaebisch-fraenkischer-wald\/naturspur-nistkasten-und-naturlehrpfad-erlacher-hoehe\/","og_locale":"de_DE","og_type":"article","og_title":"Naturspur: Nistkasten- und Naturlehrpfad Erlacher H\u00f6he - Naturpark Schw\u00e4bisch-Fr\u00e4nkischer Wald","og_description":"Dieser Lehrpfad bietet spannende Themen \u00fcber heimische Tierarten.","og_url":"https:\/\/www.naturparkmagazin.de\/schwaebisch-fraenkischer-wald\/naturspur-nistkasten-und-naturlehrpfad-erlacher-hoehe\/","og_site_name":"Naturpark Schw\u00e4bisch-Fr\u00e4nkischer Wald","article_author":"https:\/\/www.facebook.com\/naturparkSFW","article_published_time":"2021-05-14T14:46:20+00:00","article_modified_time":"2021-05-21T08:54:29+00:00","og_image":[{"width":219,"height":200,"url":"https:\/\/www.naturparkmagazin.de\/schwaebisch-fraenkischer-wald\/wp-content\/uploads\/sites\/34\/210517_Naturspur_Titel_200.jpg","type":"image\/jpeg"}],"author":"Naturpark-Team","twitter_misc":{"Verfasst von":"Naturpark-Team","Gesch\u00e4tzte Lesezeit":"1\u00a0Minute"},"schema":{"@context":"https:\/\/schema.org","@graph":[{"@type":"WebPage","@id":"https:\/\/www.naturparkmagazin.de\/schwaebisch-fraenkischer-wald\/naturspur-nistkasten-und-naturlehrpfad-erlacher-hoehe\/","url":"https:\/\/www.naturparkmagazin.de\/schwaebisch-fraenkischer-wald\/naturspur-nistkasten-und-naturlehrpfad-erlacher-hoehe\/","name":"Naturspur: Nistkasten- und Naturlehrpfad Erlacher H\u00f6he - Naturpark Schw\u00e4bisch-Fr\u00e4nkischer Wald","isPartOf":{"@id":"https:\/\/www.naturparkmagazin.de\/schwaebisch-fraenkischer-wald\/#website"},"datePublished":"2021-05-14T14:46:20+00:00","dateModified":"2021-05-21T08:54:29+00:00","author":{"@id":"https:\/\/www.naturparkmagazin.de\/schwaebisch-fraenkischer-wald\/#\/schema\/person\/f047a3702ae747fd7830cf8ac95e6066"},"breadcrumb":{"@id":"https:\/\/www.naturparkmagazin.de\/schwaebisch-fraenkischer-wald\/naturspur-nistkasten-und-naturlehrpfad-erlacher-hoehe\/#breadcrumb"},"inLanguage":"de","potentialAction":[{"@type":"ReadAction","target":["https:\/\/www.naturparkmagazin.de\/schwaebisch-fraenkischer-wald\/naturspur-nistkasten-und-naturlehrpfad-erlacher-hoehe\/"]}]},{"@type":"BreadcrumbList","@id":"https:\/\/www.naturparkmagazin.de\/schwaebisch-fraenkischer-wald\/naturspur-nistkasten-und-naturlehrpfad-erlacher-hoehe\/#breadcrumb","itemListElement":[{"@type":"ListItem","position":1,"name":"Home","item":"https:\/\/www.naturparkmagazin.de\/schwaebisch-fraenkischer-wald\/"},{"@type":"ListItem","position":2,"name":"Naturspur: Nistkasten- und Naturlehrpfad Erlacher H\u00f6he"}]},{"@type":"WebSite","@id":"https:\/\/www.naturparkmagazin.de\/schwaebisch-fraenkischer-wald\/#website","url":"https:\/\/www.naturparkmagazin.de\/schwaebisch-fraenkischer-wald\/","name":"Naturpark Schw\u00e4bisch-Fr\u00e4nkischer Wald","description":"","potentialAction":[{"@type":"SearchAction","target":{"@type":"EntryPoint","urlTemplate":"https:\/\/www.naturparkmagazin.de\/schwaebisch-fraenkischer-wald\/?s={search_term_string}"},"query-input":"required name=search_term_string"}],"inLanguage":"de"},{"@type":"Person","@id":"https:\/\/www.naturparkmagazin.de\/schwaebisch-fraenkischer-wald\/#\/schema\/person\/f047a3702ae747fd7830cf8ac95e6066","name":"Naturpark-Team","sameAs":["http:\/\/www.naturpark-sfw.de","https:\/\/www.facebook.com\/naturparkSFW"],"url":"https:\/\/www.naturparkmagazin.de\/schwaebisch-fraenkischer-wald\/author\/bernharddrixler\/"}]}},"_links":{"self":[{"href":"https:\/\/www.naturparkmagazin.de\/schwaebisch-fraenkischer-wald\/wp-json\/wp\/v2\/posts\/10102"}],"collection":[{"href":"https:\/\/www.naturparkmagazin.de\/schwaebisch-fraenkischer-wald\/wp-json\/wp\/v2\/posts"}],"about":[{"href":"https:\/\/www.naturparkmagazin.de\/schwaebisch-fraenkischer-wald\/wp-json\/wp\/v2\/types\/post"}],"author":[{"embeddable":true,"href":"https:\/\/www.naturparkmagazin.de\/schwaebisch-fraenkischer-wald\/wp-json\/wp\/v2\/users\/25"}],"replies":[{"embeddable":true,"href":"https:\/\/www.naturparkmagazin.de\/schwaebisch-fraenkischer-wald\/wp-json\/wp\/v2\/comments?post=10102"}],"version-history":[{"count":4,"href":"https:\/\/www.naturparkmagazin.de\/schwaebisch-fraenkischer-wald\/wp-json\/wp\/v2\/posts\/10102\/revisions"}],"predecessor-version":[{"id":10136,"href":"https:\/\/www.naturparkmagazin.de\/schwaebisch-fraenkischer-wald\/wp-json\/wp\/v2\/posts\/10102\/revisions\/10136"}],"wp:featuredmedia":[{"embeddable":true,"href":"https:\/\/www.naturparkmagazin.de\/schwaebisch-fraenkischer-wald\/wp-json\/wp\/v2\/media\/10132"}],"wp:attachment":[{"href":"https:\/\/www.naturparkmagazin.de\/schwaebisch-fraenkischer-wald\/wp-json\/wp\/v2\/media?parent=10102"}],"wp:term":[{"taxonomy":"category","embeddable":true,"href":"https:\/\/www.naturparkmagazin.de\/schwaebisch-fraenkischer-wald\/wp-json\/wp\/v2\/categories?post=10102"},{"taxonomy":"post_tag","embeddable":true,"href":"https:\/\/www.naturparkmagazin.de\/schwaebisch-fraenkischer-wald\/wp-json\/wp\/v2\/tags?post=10102"}],"curies":[{"name":"wp","href":"https:\/\/api.w.org\/{rel}","templated":true}]}}