{"id":10142,"date":"2021-06-15T15:13:07","date_gmt":"2021-06-15T13:13:07","guid":{"rendered":"https:\/\/www.naturparkmagazin.de\/schwaebisch-fraenkischer-wald\/?p=10142"},"modified":"2021-06-24T11:46:34","modified_gmt":"2021-06-24T09:46:34","slug":"dachsi-naturerlebnispfad","status":"publish","type":"post","link":"https:\/\/www.naturparkmagazin.de\/schwaebisch-fraenkischer-wald\/dachsi-naturerlebnispfad\/","title":{"rendered":"Dachsi NaturErlebnisPfad"},"content":{"rendered":"<p>Der Dachsi NaturErlebnisPfad am Finsterroter See ist ein Erlebnis f\u00fcr die ganze Familie, f\u00fcr Schulklassen und interessierte Einzelbesucher:innen. Tauchen Sie ein in die Unterwasserwelt des Finsterroter Sees, begeben Sie sich auf die Pirsch oder belauschen Sie heimische Tiere. Das alles und noch viel mehr finden Sie auf dem Dachsi NaturErlebnisPfad. An elf Stationen erfahren Sie auf unterhaltsame und spannende Weise vieles und vielleicht Neues zu heimischen Pflanzen und Tieren.<\/p>\n<div id=\"attachment_10185\" style=\"width: 510px\" class=\"wp-caption aligncenter\"><a href=\"https:\/\/www.naturparkmagazin.de\/schwaebisch-fraenkischer-wald\/wp-content\/uploads\/sites\/34\/Veranstaltung_NPSFW_Archiv_500x300.jpg\"><img aria-describedby=\"caption-attachment-10185\" decoding=\"async\" loading=\"lazy\" class=\"size-full wp-image-10185\" src=\"https:\/\/www.naturparkmagazin.de\/schwaebisch-fraenkischer-wald\/wp-content\/uploads\/sites\/34\/Veranstaltung_NPSFW_Archiv_500x300.jpg\" alt=\"\u00a9 Naturpark SFW Archiv\" width=\"500\" height=\"300\" srcset=\"https:\/\/www.naturparkmagazin.de\/schwaebisch-fraenkischer-wald\/wp-content\/uploads\/sites\/34\/Veranstaltung_NPSFW_Archiv_500x300.jpg 500w, https:\/\/www.naturparkmagazin.de\/schwaebisch-fraenkischer-wald\/wp-content\/uploads\/sites\/34\/Veranstaltung_NPSFW_Archiv_500x300-300x180.jpg 300w, https:\/\/www.naturparkmagazin.de\/schwaebisch-fraenkischer-wald\/wp-content\/uploads\/sites\/34\/Veranstaltung_NPSFW_Archiv_500x300-200x120.jpg 200w\" sizes=\"(max-width: 500px) 100vw, 500px\" \/><\/a><p id=\"caption-attachment-10185\" class=\"wp-caption-text\">\u00a9 Naturpark SFW Archiv<\/p><\/div>\n<p>Der als Rundweg gestaltete Erlebnispfad verl\u00e4uft auf einer Strecke von rund 2,6 km abwechslungsreich durch Wald, Wiesen, entlang des Dachsbachs und des Finsterroter Sees. Auf der Strecke befindet sich ein Spielplatz und ein Rastplatz mit Sanit\u00e4ranlagen.<\/p>\n<p>F\u00fcr die Begehung und Erkundung des Dachsi NaturErlebnisPfades in W\u00fcstenrot-Finsterrot k\u00f6nnen am Kiosk des Finsterroter Sees &#8222;Entdecker-Westen&#8220; gegen Pfand ausgeliehen werden. Des Weiteren gibt es einen R\u00e4tselspa\u00df w\u00e4hrend der Tour, mit Aufgaben und R\u00e4tsel f\u00fcr Kinder. Den R\u00e4tselspa\u00df finden Sie <u><a href=\"https:\/\/www.gemeinde-wuestenrot.de\/index.php?id=158\">hier<\/a><\/u> zum Download. Ebenso kann das R\u00e4tsel mit Routenflyer \u00fcber die Brosch\u00fcrenbestellung auf der <a href=\"https:\/\/www.naturpark-sfw.de\/informieren\/broschueren-bestellung\/\">Homepage des Naturparks Schw\u00e4bisch-Fr\u00e4nkischer Wald<\/a> kostenlos bestellt werden.<\/p>\n<p>Die Wege sind teilweise schmal und unbefestigt und streckenweise f\u00fcr Rollst\u00fchle und Kinderwagen nicht geeignet. Voraussetzung zum Begehen der Strecke ist festes Schuhwerk.<\/p>\n<p>Ein Teil der Strecke f\u00fchrt durch ein Naturschutzgebiet. Zum Schutz von Pflanzen und Tieren m\u00f6chten wir Sie daher bitten, die ausgewiesenen Wege nicht zu verlassen.<\/p>\n<p>Zum Abschluss lohnt sich ein entspannter Besuch am Kiosk \u201eAuszeit am See\u201c oder eine Abk\u00fchlung im Finsterroter See.<\/p>\n","protected":false},"excerpt":{"rendered":"<p>Der Dachsi NaturErlebnisPfad am Finsterroter See ist ein Erlebnis f\u00fcr die ganze Familie, f\u00fcr Schulklassen und interessierte Einzelbesucher:innen.<\/p>\n","protected":false},"author":25,"featured_media":10184,"comment_status":"open","ping_status":"open","sticky":false,"template":"","format":"standard","meta":[],"categories":[11],"tags":[],"yoast_head":"<!-- This site is optimized with the Yoast SEO plugin v19.10 - https:\/\/yoast.com\/wordpress\/plugins\/seo\/ -->\n<title>Dachsi NaturErlebnisPfad - Naturpark Schw\u00e4bisch-Fr\u00e4nkischer Wald<\/title>\n<meta name=\"robots\" content=\"index, follow, max-snippet:-1, max-image-preview:large, max-video-preview:-1\" \/>\n<link rel=\"canonical\" href=\"https:\/\/www.naturparkmagazin.de\/schwaebisch-fraenkischer-wald\/dachsi-naturerlebnispfad\/\" \/>\n<meta property=\"og:locale\" content=\"de_DE\" \/>\n<meta property=\"og:type\" content=\"article\" \/>\n<meta property=\"og:title\" content=\"Dachsi NaturErlebnisPfad - Naturpark Schw\u00e4bisch-Fr\u00e4nkischer Wald\" \/>\n<meta property=\"og:description\" content=\"Der Dachsi NaturErlebnisPfad am Finsterroter See ist ein Erlebnis f\u00fcr die ganze Familie, f\u00fcr Schulklassen und interessierte Einzelbesucher:innen.\" \/>\n<meta property=\"og:url\" content=\"https:\/\/www.naturparkmagazin.de\/schwaebisch-fraenkischer-wald\/dachsi-naturerlebnispfad\/\" \/>\n<meta property=\"og:site_name\" content=\"Naturpark Schw\u00e4bisch-Fr\u00e4nkischer Wald\" \/>\n<meta property=\"article:author\" content=\"https:\/\/www.facebook.com\/naturparkSFW\" \/>\n<meta property=\"article:published_time\" content=\"2021-06-15T13:13:07+00:00\" \/>\n<meta property=\"article:modified_time\" content=\"2021-06-24T09:46:34+00:00\" \/>\n<meta property=\"og:image\" content=\"https:\/\/www.naturparkmagazin.de\/schwaebisch-fraenkischer-wald\/wp-content\/uploads\/sites\/34\/Veranstaltung_NPSFW_Archiv_200x200.jpg\" \/>\n\t<meta property=\"og:image:width\" content=\"300\" \/>\n\t<meta property=\"og:image:height\" content=\"300\" \/>\n\t<meta property=\"og:image:type\" content=\"image\/jpeg\" \/>\n<meta name=\"author\" content=\"Naturpark-Team\" \/>\n<meta name=\"twitter:label1\" content=\"Verfasst von\" \/>\n\t<meta name=\"twitter:data1\" content=\"Naturpark-Team\" \/>\n\t<meta name=\"twitter:label2\" content=\"Gesch\u00e4tzte Lesezeit\" \/>\n\t<meta name=\"twitter:data2\" content=\"1\u00a0Minute\" \/>\n<script type=\"application\/ld+json\" class=\"yoast-schema-graph\">{\"@context\":\"https:\/\/schema.org\",\"@graph\":[{\"@type\":\"WebPage\",\"@id\":\"https:\/\/www.naturparkmagazin.de\/schwaebisch-fraenkischer-wald\/dachsi-naturerlebnispfad\/\",\"url\":\"https:\/\/www.naturparkmagazin.de\/schwaebisch-fraenkischer-wald\/dachsi-naturerlebnispfad\/\",\"name\":\"Dachsi NaturErlebnisPfad - Naturpark Schw\u00e4bisch-Fr\u00e4nkischer Wald\",\"isPartOf\":{\"@id\":\"https:\/\/www.naturparkmagazin.de\/schwaebisch-fraenkischer-wald\/#website\"},\"datePublished\":\"2021-06-15T13:13:07+00:00\",\"dateModified\":\"2021-06-24T09:46:34+00:00\",\"author\":{\"@id\":\"https:\/\/www.naturparkmagazin.de\/schwaebisch-fraenkischer-wald\/#\/schema\/person\/f047a3702ae747fd7830cf8ac95e6066\"},\"breadcrumb\":{\"@id\":\"https:\/\/www.naturparkmagazin.de\/schwaebisch-fraenkischer-wald\/dachsi-naturerlebnispfad\/#breadcrumb\"},\"inLanguage\":\"de\",\"potentialAction\":[{\"@type\":\"ReadAction\",\"target\":[\"https:\/\/www.naturparkmagazin.de\/schwaebisch-fraenkischer-wald\/dachsi-naturerlebnispfad\/\"]}]},{\"@type\":\"BreadcrumbList\",\"@id\":\"https:\/\/www.naturparkmagazin.de\/schwaebisch-fraenkischer-wald\/dachsi-naturerlebnispfad\/#breadcrumb\",\"itemListElement\":[{\"@type\":\"ListItem\",\"position\":1,\"name\":\"Home\",\"item\":\"https:\/\/www.naturparkmagazin.de\/schwaebisch-fraenkischer-wald\/\"},{\"@type\":\"ListItem\",\"position\":2,\"name\":\"Dachsi NaturErlebnisPfad\"}]},{\"@type\":\"WebSite\",\"@id\":\"https:\/\/www.naturparkmagazin.de\/schwaebisch-fraenkischer-wald\/#website\",\"url\":\"https:\/\/www.naturparkmagazin.de\/schwaebisch-fraenkischer-wald\/\",\"name\":\"Naturpark Schw\u00e4bisch-Fr\u00e4nkischer Wald\",\"description\":\"\",\"potentialAction\":[{\"@type\":\"SearchAction\",\"target\":{\"@type\":\"EntryPoint\",\"urlTemplate\":\"https:\/\/www.naturparkmagazin.de\/schwaebisch-fraenkischer-wald\/?s={search_term_string}\"},\"query-input\":\"required name=search_term_string\"}],\"inLanguage\":\"de\"},{\"@type\":\"Person\",\"@id\":\"https:\/\/www.naturparkmagazin.de\/schwaebisch-fraenkischer-wald\/#\/schema\/person\/f047a3702ae747fd7830cf8ac95e6066\",\"name\":\"Naturpark-Team\",\"sameAs\":[\"http:\/\/www.naturpark-sfw.de\",\"https:\/\/www.facebook.com\/naturparkSFW\"],\"url\":\"https:\/\/www.naturparkmagazin.de\/schwaebisch-fraenkischer-wald\/author\/bernharddrixler\/\"}]}<\/script>\n<!-- \/ Yoast SEO plugin. -->","yoast_head_json":{"title":"Dachsi NaturErlebnisPfad - Naturpark Schw\u00e4bisch-Fr\u00e4nkischer Wald","robots":{"index":"index","follow":"follow","max-snippet":"max-snippet:-1","max-image-preview":"max-image-preview:large","max-video-preview":"max-video-preview:-1"},"canonical":"https:\/\/www.naturparkmagazin.de\/schwaebisch-fraenkischer-wald\/dachsi-naturerlebnispfad\/","og_locale":"de_DE","og_type":"article","og_title":"Dachsi NaturErlebnisPfad - Naturpark Schw\u00e4bisch-Fr\u00e4nkischer Wald","og_description":"Der Dachsi NaturErlebnisPfad am Finsterroter See ist ein Erlebnis f\u00fcr die ganze Familie, f\u00fcr Schulklassen und interessierte Einzelbesucher:innen.","og_url":"https:\/\/www.naturparkmagazin.de\/schwaebisch-fraenkischer-wald\/dachsi-naturerlebnispfad\/","og_site_name":"Naturpark Schw\u00e4bisch-Fr\u00e4nkischer Wald","article_author":"https:\/\/www.facebook.com\/naturparkSFW","article_published_time":"2021-06-15T13:13:07+00:00","article_modified_time":"2021-06-24T09:46:34+00:00","og_image":[{"width":300,"height":300,"url":"https:\/\/www.naturparkmagazin.de\/schwaebisch-fraenkischer-wald\/wp-content\/uploads\/sites\/34\/Veranstaltung_NPSFW_Archiv_200x200.jpg","type":"image\/jpeg"}],"author":"Naturpark-Team","twitter_misc":{"Verfasst von":"Naturpark-Team","Gesch\u00e4tzte Lesezeit":"1\u00a0Minute"},"schema":{"@context":"https:\/\/schema.org","@graph":[{"@type":"WebPage","@id":"https:\/\/www.naturparkmagazin.de\/schwaebisch-fraenkischer-wald\/dachsi-naturerlebnispfad\/","url":"https:\/\/www.naturparkmagazin.de\/schwaebisch-fraenkischer-wald\/dachsi-naturerlebnispfad\/","name":"Dachsi NaturErlebnisPfad - Naturpark Schw\u00e4bisch-Fr\u00e4nkischer Wald","isPartOf":{"@id":"https:\/\/www.naturparkmagazin.de\/schwaebisch-fraenkischer-wald\/#website"},"datePublished":"2021-06-15T13:13:07+00:00","dateModified":"2021-06-24T09:46:34+00:00","author":{"@id":"https:\/\/www.naturparkmagazin.de\/schwaebisch-fraenkischer-wald\/#\/schema\/person\/f047a3702ae747fd7830cf8ac95e6066"},"breadcrumb":{"@id":"https:\/\/www.naturparkmagazin.de\/schwaebisch-fraenkischer-wald\/dachsi-naturerlebnispfad\/#breadcrumb"},"inLanguage":"de","potentialAction":[{"@type":"ReadAction","target":["https:\/\/www.naturparkmagazin.de\/schwaebisch-fraenkischer-wald\/dachsi-naturerlebnispfad\/"]}]},{"@type":"BreadcrumbList","@id":"https:\/\/www.naturparkmagazin.de\/schwaebisch-fraenkischer-wald\/dachsi-naturerlebnispfad\/#breadcrumb","itemListElement":[{"@type":"ListItem","position":1,"name":"Home","item":"https:\/\/www.naturparkmagazin.de\/schwaebisch-fraenkischer-wald\/"},{"@type":"ListItem","position":2,"name":"Dachsi NaturErlebnisPfad"}]},{"@type":"WebSite","@id":"https:\/\/www.naturparkmagazin.de\/schwaebisch-fraenkischer-wald\/#website","url":"https:\/\/www.naturparkmagazin.de\/schwaebisch-fraenkischer-wald\/","name":"Naturpark Schw\u00e4bisch-Fr\u00e4nkischer Wald","description":"","potentialAction":[{"@type":"SearchAction","target":{"@type":"EntryPoint","urlTemplate":"https:\/\/www.naturparkmagazin.de\/schwaebisch-fraenkischer-wald\/?s={search_term_string}"},"query-input":"required name=search_term_string"}],"inLanguage":"de"},{"@type":"Person","@id":"https:\/\/www.naturparkmagazin.de\/schwaebisch-fraenkischer-wald\/#\/schema\/person\/f047a3702ae747fd7830cf8ac95e6066","name":"Naturpark-Team","sameAs":["http:\/\/www.naturpark-sfw.de","https:\/\/www.facebook.com\/naturparkSFW"],"url":"https:\/\/www.naturparkmagazin.de\/schwaebisch-fraenkischer-wald\/author\/bernharddrixler\/"}]}},"_links":{"self":[{"href":"https:\/\/www.naturparkmagazin.de\/schwaebisch-fraenkischer-wald\/wp-json\/wp\/v2\/posts\/10142"}],"collection":[{"href":"https:\/\/www.naturparkmagazin.de\/schwaebisch-fraenkischer-wald\/wp-json\/wp\/v2\/posts"}],"about":[{"href":"https:\/\/www.naturparkmagazin.de\/schwaebisch-fraenkischer-wald\/wp-json\/wp\/v2\/types\/post"}],"author":[{"embeddable":true,"href":"https:\/\/www.naturparkmagazin.de\/schwaebisch-fraenkischer-wald\/wp-json\/wp\/v2\/users\/25"}],"replies":[{"embeddable":true,"href":"https:\/\/www.naturparkmagazin.de\/schwaebisch-fraenkischer-wald\/wp-json\/wp\/v2\/comments?post=10142"}],"version-history":[{"count":6,"href":"https:\/\/www.naturparkmagazin.de\/schwaebisch-fraenkischer-wald\/wp-json\/wp\/v2\/posts\/10142\/revisions"}],"predecessor-version":[{"id":10211,"href":"https:\/\/www.naturparkmagazin.de\/schwaebisch-fraenkischer-wald\/wp-json\/wp\/v2\/posts\/10142\/revisions\/10211"}],"wp:featuredmedia":[{"embeddable":true,"href":"https:\/\/www.naturparkmagazin.de\/schwaebisch-fraenkischer-wald\/wp-json\/wp\/v2\/media\/10184"}],"wp:attachment":[{"href":"https:\/\/www.naturparkmagazin.de\/schwaebisch-fraenkischer-wald\/wp-json\/wp\/v2\/media?parent=10142"}],"wp:term":[{"taxonomy":"category","embeddable":true,"href":"https:\/\/www.naturparkmagazin.de\/schwaebisch-fraenkischer-wald\/wp-json\/wp\/v2\/categories?post=10142"},{"taxonomy":"post_tag","embeddable":true,"href":"https:\/\/www.naturparkmagazin.de\/schwaebisch-fraenkischer-wald\/wp-json\/wp\/v2\/tags?post=10142"}],"curies":[{"name":"wp","href":"https:\/\/api.w.org\/{rel}","templated":true}]}}