{"id":10144,"date":"2021-06-15T15:15:49","date_gmt":"2021-06-15T13:15:49","guid":{"rendered":"https:\/\/www.naturparkmagazin.de\/schwaebisch-fraenkischer-wald\/?p=10144"},"modified":"2021-06-01T15:54:16","modified_gmt":"2021-06-01T13:54:16","slug":"die-naturparke-in-baden-wuerttemberg-bluehen-auf","status":"publish","type":"post","link":"https:\/\/www.naturparkmagazin.de\/schwaebisch-fraenkischer-wald\/die-naturparke-in-baden-wuerttemberg-bluehen-auf\/","title":{"rendered":"Die Naturparke in Baden-W\u00fcrttemberg bl\u00fchen auf!"},"content":{"rendered":"<p>Im Rahmen des Projektes \u201eBl\u00fchende Naturparke\u201c engagieren sich seit 2018 alle sieben Naturparke Baden-W\u00fcrttembergs f\u00fcr den Insektenschutz und damit auch f\u00fcr den Erhalt der Biodiversit\u00e4t, das hei\u00dft, der Vielfalt unserer heimischen Tier- und Pflanzenarten. Hintergrund ist der drastische R\u00fcckgang bl\u00fctenbest\u00e4ubender Insekten infolge von Nahrungsquellen- und Lebensraumverlust durch intensive Nutzung von Boden und Vegetation. Der aktuelle R\u00fcckgang der Artenvielfalt fordert zum Handeln auf, so sind beispielsweise mehr als die H\u00e4lfte der in Deutschland vorkommenden Bienenarten gef\u00e4hrdet.<\/p>\n<div id=\"attachment_10178\" style=\"width: 510px\" class=\"wp-caption aligncenter\"><a href=\"https:\/\/www.naturparkmagazin.de\/schwaebisch-fraenkischer-wald\/wp-content\/uploads\/sites\/34\/Neuigkeiten_NPSFW_Archiv_500x300.jpg\"><img aria-describedby=\"caption-attachment-10178\" decoding=\"async\" loading=\"lazy\" class=\"size-full wp-image-10178\" src=\"https:\/\/www.naturparkmagazin.de\/schwaebisch-fraenkischer-wald\/wp-content\/uploads\/sites\/34\/Neuigkeiten_NPSFW_Archiv_500x300.jpg\" alt=\"\u00a9 Naturpark SFW Archiv\" width=\"500\" height=\"300\" srcset=\"https:\/\/www.naturparkmagazin.de\/schwaebisch-fraenkischer-wald\/wp-content\/uploads\/sites\/34\/Neuigkeiten_NPSFW_Archiv_500x300.jpg 500w, https:\/\/www.naturparkmagazin.de\/schwaebisch-fraenkischer-wald\/wp-content\/uploads\/sites\/34\/Neuigkeiten_NPSFW_Archiv_500x300-300x180.jpg 300w, https:\/\/www.naturparkmagazin.de\/schwaebisch-fraenkischer-wald\/wp-content\/uploads\/sites\/34\/Neuigkeiten_NPSFW_Archiv_500x300-200x120.jpg 200w\" sizes=\"(max-width: 500px) 100vw, 500px\" \/><\/a><p id=\"caption-attachment-10178\" class=\"wp-caption-text\">\u00a9 Naturpark SFW Archiv<\/p><\/div>\n<p>Durch die Ansaat von gebietsheimischen und mehrj\u00e4hrigen Wildblumensamen oder durch eine reine Pflegeumstellung werden verschiedene Gr\u00fcnfl\u00e4chen wieder artenreicher. Dadurch werden ein fast ganzj\u00e4hriges Nahrungsangebot an Nektar und Pollen f\u00fcr (Wild-) Bienen, Schmetterlinge und Co. gebildet und Lebensr\u00e4ume vernetzt. Das Projekt sensibilisiert dar\u00fcber hinaus f\u00fcr das Leben und die Bed\u00fcrfnisse der Insekten und fordert Privatpersonen, Unternehmen, Vereine, St\u00e4dte und Gemeinden gleicherma\u00dfen auf, die umliegenden Gr\u00fcnfl\u00e4chen mit Wildblumen aufzuwerten und Vereins- oder Firmengel\u00e4nde \u00f6kologisch wertvoll umzugestalten. Dies bringt nicht nur Farbe und Vielfalt auf die Gr\u00fcnfl\u00e4chen, sondern hat auch einen hohen Nutzen f\u00fcr die Biodiversit\u00e4t und den Artenschutz der Insekten!<\/p>\n<p>Das Projekt ist ein voller Erfolg: Von 2018 bis 2020 wurden durch 293 Teilnehmende knapp 900 Fl\u00e4chen in den Naturparken zu Wildblumenwiesen aufgewertet. Die Grundst\u00fcckseigent\u00fcmer werden dabei durch die Naturparke bei der Fl\u00e4chenvorbereitung, Saatgutauswahl sowie der Ansaat und Pflege in Form von individueller Beratung und Seminaren unterst\u00fctzt. Hinweisschilder auf den Fl\u00e4chen weisen auf die Wichtigkeit der Thematik hin und schaffen Verst\u00e4ndnis f\u00fcr die notwendige Umstellung des Pflegemanagements.<\/p>\n<p>Das Projekt wird im Rahmen des Sonderprogramms zur St\u00e4rkung der biologischen Vielfalt mit Mitteln des Landes Baden-W\u00fcrttemberg gef\u00f6rdert.<\/p>\n<p>Mehr zum Projekt \u201eBl\u00fchende Naturparke\u201c mit vielen Informationen rund um die Themen Insektenschutz und Anleitungen zum Anlegen einer Wildblumenwiese finden Sie unter <a href=\"http:\/\/www.bluehende-naturparke.de\">www.bluehende-naturparke.de<\/a>.<\/p>\n","protected":false},"excerpt":{"rendered":"<p>Die sieben Naturparke in Baden-W\u00fcrttemberg bl\u00fchen auch in diesem Jahr wieder auf!<\/p>\n","protected":false},"author":25,"featured_media":10181,"comment_status":"open","ping_status":"open","sticky":false,"template":"","format":"standard","meta":[],"categories":[7],"tags":[],"yoast_head":"<!-- This site is optimized with the Yoast SEO plugin v19.10 - https:\/\/yoast.com\/wordpress\/plugins\/seo\/ -->\n<title>Die Naturparke in Baden-W\u00fcrttemberg bl\u00fchen auf! - Naturpark Schw\u00e4bisch-Fr\u00e4nkischer Wald<\/title>\n<meta name=\"robots\" content=\"index, follow, max-snippet:-1, max-image-preview:large, max-video-preview:-1\" \/>\n<link rel=\"canonical\" href=\"https:\/\/www.naturparkmagazin.de\/schwaebisch-fraenkischer-wald\/die-naturparke-in-baden-wuerttemberg-bluehen-auf\/\" \/>\n<meta property=\"og:locale\" content=\"de_DE\" \/>\n<meta property=\"og:type\" content=\"article\" \/>\n<meta property=\"og:title\" content=\"Die Naturparke in Baden-W\u00fcrttemberg bl\u00fchen auf! - Naturpark Schw\u00e4bisch-Fr\u00e4nkischer Wald\" \/>\n<meta property=\"og:description\" content=\"Die sieben Naturparke in Baden-W\u00fcrttemberg bl\u00fchen auch in diesem Jahr wieder auf!\" \/>\n<meta property=\"og:url\" content=\"https:\/\/www.naturparkmagazin.de\/schwaebisch-fraenkischer-wald\/die-naturparke-in-baden-wuerttemberg-bluehen-auf\/\" \/>\n<meta property=\"og:site_name\" content=\"Naturpark Schw\u00e4bisch-Fr\u00e4nkischer Wald\" \/>\n<meta property=\"article:author\" content=\"https:\/\/www.facebook.com\/naturparkSFW\" \/>\n<meta property=\"article:published_time\" content=\"2021-06-15T13:15:49+00:00\" \/>\n<meta property=\"article:modified_time\" content=\"2021-06-01T13:54:16+00:00\" \/>\n<meta property=\"og:image\" content=\"https:\/\/www.naturparkmagazin.de\/schwaebisch-fraenkischer-wald\/wp-content\/uploads\/sites\/34\/Neuigkeiten_NPSFW_200x200.jpg\" \/>\n\t<meta property=\"og:image:width\" content=\"200\" \/>\n\t<meta property=\"og:image:height\" content=\"200\" \/>\n\t<meta property=\"og:image:type\" content=\"image\/jpeg\" \/>\n<meta name=\"author\" content=\"Naturpark-Team\" \/>\n<meta name=\"twitter:label1\" content=\"Verfasst von\" \/>\n\t<meta name=\"twitter:data1\" content=\"Naturpark-Team\" \/>\n\t<meta name=\"twitter:label2\" content=\"Gesch\u00e4tzte Lesezeit\" \/>\n\t<meta name=\"twitter:data2\" content=\"2\u00a0Minuten\" \/>\n<script type=\"application\/ld+json\" class=\"yoast-schema-graph\">{\"@context\":\"https:\/\/schema.org\",\"@graph\":[{\"@type\":\"WebPage\",\"@id\":\"https:\/\/www.naturparkmagazin.de\/schwaebisch-fraenkischer-wald\/die-naturparke-in-baden-wuerttemberg-bluehen-auf\/\",\"url\":\"https:\/\/www.naturparkmagazin.de\/schwaebisch-fraenkischer-wald\/die-naturparke-in-baden-wuerttemberg-bluehen-auf\/\",\"name\":\"Die Naturparke in Baden-W\u00fcrttemberg bl\u00fchen auf! - Naturpark Schw\u00e4bisch-Fr\u00e4nkischer Wald\",\"isPartOf\":{\"@id\":\"https:\/\/www.naturparkmagazin.de\/schwaebisch-fraenkischer-wald\/#website\"},\"datePublished\":\"2021-06-15T13:15:49+00:00\",\"dateModified\":\"2021-06-01T13:54:16+00:00\",\"author\":{\"@id\":\"https:\/\/www.naturparkmagazin.de\/schwaebisch-fraenkischer-wald\/#\/schema\/person\/f047a3702ae747fd7830cf8ac95e6066\"},\"breadcrumb\":{\"@id\":\"https:\/\/www.naturparkmagazin.de\/schwaebisch-fraenkischer-wald\/die-naturparke-in-baden-wuerttemberg-bluehen-auf\/#breadcrumb\"},\"inLanguage\":\"de\",\"potentialAction\":[{\"@type\":\"ReadAction\",\"target\":[\"https:\/\/www.naturparkmagazin.de\/schwaebisch-fraenkischer-wald\/die-naturparke-in-baden-wuerttemberg-bluehen-auf\/\"]}]},{\"@type\":\"BreadcrumbList\",\"@id\":\"https:\/\/www.naturparkmagazin.de\/schwaebisch-fraenkischer-wald\/die-naturparke-in-baden-wuerttemberg-bluehen-auf\/#breadcrumb\",\"itemListElement\":[{\"@type\":\"ListItem\",\"position\":1,\"name\":\"Home\",\"item\":\"https:\/\/www.naturparkmagazin.de\/schwaebisch-fraenkischer-wald\/\"},{\"@type\":\"ListItem\",\"position\":2,\"name\":\"Die Naturparke in Baden-W\u00fcrttemberg bl\u00fchen auf!\"}]},{\"@type\":\"WebSite\",\"@id\":\"https:\/\/www.naturparkmagazin.de\/schwaebisch-fraenkischer-wald\/#website\",\"url\":\"https:\/\/www.naturparkmagazin.de\/schwaebisch-fraenkischer-wald\/\",\"name\":\"Naturpark Schw\u00e4bisch-Fr\u00e4nkischer Wald\",\"description\":\"\",\"potentialAction\":[{\"@type\":\"SearchAction\",\"target\":{\"@type\":\"EntryPoint\",\"urlTemplate\":\"https:\/\/www.naturparkmagazin.de\/schwaebisch-fraenkischer-wald\/?s={search_term_string}\"},\"query-input\":\"required name=search_term_string\"}],\"inLanguage\":\"de\"},{\"@type\":\"Person\",\"@id\":\"https:\/\/www.naturparkmagazin.de\/schwaebisch-fraenkischer-wald\/#\/schema\/person\/f047a3702ae747fd7830cf8ac95e6066\",\"name\":\"Naturpark-Team\",\"sameAs\":[\"http:\/\/www.naturpark-sfw.de\",\"https:\/\/www.facebook.com\/naturparkSFW\"],\"url\":\"https:\/\/www.naturparkmagazin.de\/schwaebisch-fraenkischer-wald\/author\/bernharddrixler\/\"}]}<\/script>\n<!-- \/ Yoast SEO plugin. -->","yoast_head_json":{"title":"Die Naturparke in Baden-W\u00fcrttemberg bl\u00fchen auf! - Naturpark Schw\u00e4bisch-Fr\u00e4nkischer Wald","robots":{"index":"index","follow":"follow","max-snippet":"max-snippet:-1","max-image-preview":"max-image-preview:large","max-video-preview":"max-video-preview:-1"},"canonical":"https:\/\/www.naturparkmagazin.de\/schwaebisch-fraenkischer-wald\/die-naturparke-in-baden-wuerttemberg-bluehen-auf\/","og_locale":"de_DE","og_type":"article","og_title":"Die Naturparke in Baden-W\u00fcrttemberg bl\u00fchen auf! - Naturpark Schw\u00e4bisch-Fr\u00e4nkischer Wald","og_description":"Die sieben Naturparke in Baden-W\u00fcrttemberg bl\u00fchen auch in diesem Jahr wieder auf!","og_url":"https:\/\/www.naturparkmagazin.de\/schwaebisch-fraenkischer-wald\/die-naturparke-in-baden-wuerttemberg-bluehen-auf\/","og_site_name":"Naturpark Schw\u00e4bisch-Fr\u00e4nkischer Wald","article_author":"https:\/\/www.facebook.com\/naturparkSFW","article_published_time":"2021-06-15T13:15:49+00:00","article_modified_time":"2021-06-01T13:54:16+00:00","og_image":[{"width":200,"height":200,"url":"https:\/\/www.naturparkmagazin.de\/schwaebisch-fraenkischer-wald\/wp-content\/uploads\/sites\/34\/Neuigkeiten_NPSFW_200x200.jpg","type":"image\/jpeg"}],"author":"Naturpark-Team","twitter_misc":{"Verfasst von":"Naturpark-Team","Gesch\u00e4tzte Lesezeit":"2\u00a0Minuten"},"schema":{"@context":"https:\/\/schema.org","@graph":[{"@type":"WebPage","@id":"https:\/\/www.naturparkmagazin.de\/schwaebisch-fraenkischer-wald\/die-naturparke-in-baden-wuerttemberg-bluehen-auf\/","url":"https:\/\/www.naturparkmagazin.de\/schwaebisch-fraenkischer-wald\/die-naturparke-in-baden-wuerttemberg-bluehen-auf\/","name":"Die Naturparke in Baden-W\u00fcrttemberg bl\u00fchen auf! - Naturpark Schw\u00e4bisch-Fr\u00e4nkischer Wald","isPartOf":{"@id":"https:\/\/www.naturparkmagazin.de\/schwaebisch-fraenkischer-wald\/#website"},"datePublished":"2021-06-15T13:15:49+00:00","dateModified":"2021-06-01T13:54:16+00:00","author":{"@id":"https:\/\/www.naturparkmagazin.de\/schwaebisch-fraenkischer-wald\/#\/schema\/person\/f047a3702ae747fd7830cf8ac95e6066"},"breadcrumb":{"@id":"https:\/\/www.naturparkmagazin.de\/schwaebisch-fraenkischer-wald\/die-naturparke-in-baden-wuerttemberg-bluehen-auf\/#breadcrumb"},"inLanguage":"de","potentialAction":[{"@type":"ReadAction","target":["https:\/\/www.naturparkmagazin.de\/schwaebisch-fraenkischer-wald\/die-naturparke-in-baden-wuerttemberg-bluehen-auf\/"]}]},{"@type":"BreadcrumbList","@id":"https:\/\/www.naturparkmagazin.de\/schwaebisch-fraenkischer-wald\/die-naturparke-in-baden-wuerttemberg-bluehen-auf\/#breadcrumb","itemListElement":[{"@type":"ListItem","position":1,"name":"Home","item":"https:\/\/www.naturparkmagazin.de\/schwaebisch-fraenkischer-wald\/"},{"@type":"ListItem","position":2,"name":"Die Naturparke in Baden-W\u00fcrttemberg bl\u00fchen auf!"}]},{"@type":"WebSite","@id":"https:\/\/www.naturparkmagazin.de\/schwaebisch-fraenkischer-wald\/#website","url":"https:\/\/www.naturparkmagazin.de\/schwaebisch-fraenkischer-wald\/","name":"Naturpark Schw\u00e4bisch-Fr\u00e4nkischer Wald","description":"","potentialAction":[{"@type":"SearchAction","target":{"@type":"EntryPoint","urlTemplate":"https:\/\/www.naturparkmagazin.de\/schwaebisch-fraenkischer-wald\/?s={search_term_string}"},"query-input":"required name=search_term_string"}],"inLanguage":"de"},{"@type":"Person","@id":"https:\/\/www.naturparkmagazin.de\/schwaebisch-fraenkischer-wald\/#\/schema\/person\/f047a3702ae747fd7830cf8ac95e6066","name":"Naturpark-Team","sameAs":["http:\/\/www.naturpark-sfw.de","https:\/\/www.facebook.com\/naturparkSFW"],"url":"https:\/\/www.naturparkmagazin.de\/schwaebisch-fraenkischer-wald\/author\/bernharddrixler\/"}]}},"_links":{"self":[{"href":"https:\/\/www.naturparkmagazin.de\/schwaebisch-fraenkischer-wald\/wp-json\/wp\/v2\/posts\/10144"}],"collection":[{"href":"https:\/\/www.naturparkmagazin.de\/schwaebisch-fraenkischer-wald\/wp-json\/wp\/v2\/posts"}],"about":[{"href":"https:\/\/www.naturparkmagazin.de\/schwaebisch-fraenkischer-wald\/wp-json\/wp\/v2\/types\/post"}],"author":[{"embeddable":true,"href":"https:\/\/www.naturparkmagazin.de\/schwaebisch-fraenkischer-wald\/wp-json\/wp\/v2\/users\/25"}],"replies":[{"embeddable":true,"href":"https:\/\/www.naturparkmagazin.de\/schwaebisch-fraenkischer-wald\/wp-json\/wp\/v2\/comments?post=10144"}],"version-history":[{"count":3,"href":"https:\/\/www.naturparkmagazin.de\/schwaebisch-fraenkischer-wald\/wp-json\/wp\/v2\/posts\/10144\/revisions"}],"predecessor-version":[{"id":10183,"href":"https:\/\/www.naturparkmagazin.de\/schwaebisch-fraenkischer-wald\/wp-json\/wp\/v2\/posts\/10144\/revisions\/10183"}],"wp:featuredmedia":[{"embeddable":true,"href":"https:\/\/www.naturparkmagazin.de\/schwaebisch-fraenkischer-wald\/wp-json\/wp\/v2\/media\/10181"}],"wp:attachment":[{"href":"https:\/\/www.naturparkmagazin.de\/schwaebisch-fraenkischer-wald\/wp-json\/wp\/v2\/media?parent=10144"}],"wp:term":[{"taxonomy":"category","embeddable":true,"href":"https:\/\/www.naturparkmagazin.de\/schwaebisch-fraenkischer-wald\/wp-json\/wp\/v2\/categories?post=10144"},{"taxonomy":"post_tag","embeddable":true,"href":"https:\/\/www.naturparkmagazin.de\/schwaebisch-fraenkischer-wald\/wp-json\/wp\/v2\/tags?post=10144"}],"curies":[{"name":"wp","href":"https:\/\/api.w.org\/{rel}","templated":true}]}}