{"id":10146,"date":"2021-06-15T15:19:05","date_gmt":"2021-06-15T13:19:05","guid":{"rendered":"https:\/\/www.naturparkmagazin.de\/schwaebisch-fraenkischer-wald\/?p=10146"},"modified":"2021-06-18T09:09:21","modified_gmt":"2021-06-18T07:09:21","slug":"wildebienen","status":"publish","type":"post","link":"https:\/\/www.naturparkmagazin.de\/schwaebisch-fraenkischer-wald\/wildebienen\/","title":{"rendered":"Wildbienen"},"content":{"rendered":"<p>Auf der Erde gibt es \u00fcber 30.000 Wildbienenarten, in Deutschland sind es laut der Deutschen Wildtierstiftung aktuell 585<a href=\"https:\/\/www.deutschewildtierstiftung.de\/wildtiere\/wildbienen\">[1]. <\/a>Dabei gleicht keine Art der anderen und die Wildbienen faszinieren mit ihrer unglaublichen Vielfalt in Gestalt, Aussehen, Form und Farbe. Sie sind ein besonderes Beispiel f\u00fcr die Sch\u00f6nheit und Einzigartigkeit unserer Natur.<\/p>\n<div id=\"attachment_10149\" style=\"width: 510px\" class=\"wp-caption aligncenter\"><a href=\"https:\/\/www.naturparkmagazin.de\/schwaebisch-fraenkischer-wald\/wp-content\/uploads\/sites\/34\/19_NPSFW_Bluehender_NP_Wildbiene_Newsletter_Prominent_500.jpg\"><img aria-describedby=\"caption-attachment-10149\" decoding=\"async\" loading=\"lazy\" class=\"size-full wp-image-10149\" src=\"https:\/\/www.naturparkmagazin.de\/schwaebisch-fraenkischer-wald\/wp-content\/uploads\/sites\/34\/19_NPSFW_Bluehender_NP_Wildbiene_Newsletter_Prominent_500.jpg\" alt=\"\u00a9 Naturpark SFW Archiv\" width=\"500\" height=\"336\" srcset=\"https:\/\/www.naturparkmagazin.de\/schwaebisch-fraenkischer-wald\/wp-content\/uploads\/sites\/34\/19_NPSFW_Bluehender_NP_Wildbiene_Newsletter_Prominent_500.jpg 500w, https:\/\/www.naturparkmagazin.de\/schwaebisch-fraenkischer-wald\/wp-content\/uploads\/sites\/34\/19_NPSFW_Bluehender_NP_Wildbiene_Newsletter_Prominent_500-300x202.jpg 300w, https:\/\/www.naturparkmagazin.de\/schwaebisch-fraenkischer-wald\/wp-content\/uploads\/sites\/34\/19_NPSFW_Bluehender_NP_Wildbiene_Newsletter_Prominent_500-200x134.jpg 200w\" sizes=\"(max-width: 500px) 100vw, 500px\" \/><\/a><p id=\"caption-attachment-10149\" class=\"wp-caption-text\">\u00a9 Naturpark SFW Archiv<\/p><\/div>\n<p>Der Begriff \u201eWildbiene\u201c bezeichnet dabei nicht etwa wildlebende Urformen der Honigbiene wie man zun\u00e4chst vermuten k\u00f6nnte. Er meint vielmehr alle Bienenarten abseits der bekannten Honigbiene. Im Gegensatz zu dieser lebt der Gro\u00dfteil der Wildbienen solit\u00e4r \u2013 sie sind also Einzelg\u00e4nger. Nur Hummeln und Furchenbienen besitzen eine soziale Lebensweise \u00e4hnlich der Honigbiene. In ihrer kurzen Lebenszeit von 4-8 Woche bleibt ihnen nur wenig Zeit zur Fortpflanzung und sie versorgen ihre Brutzellen ganz ohne die Hilfe ihrer Artgenoss:innen \u2013 viel zu tun also.<\/p>\n<p>Wildbienen sind hochspezialisiert. Jede einzelne Art hat ganz unterschiedliche Nistplatzanforderungen und ist h\u00e4ufig auf den Pollen ganz bestimmter Pflanzenfamilien, -gattungen oder sogar -arten angewiesen. An ihrem Pelz kann der Pollen, mit welchem sie ihre Brut versorgen, besonders gut h\u00e4ngen bleiben. Bei der Wahl des Nektars zur eigenen Energieversorgung sind sie jedoch weniger w\u00e4hlerisch.<\/p>\n<p>Wildbienen sind ebenso wichtige Best\u00e4uberinnen, doch durch die Intensivierung der Landwirtschaft, den Verlust kleinb\u00e4uerlicher Strukturen, die erh\u00f6hte Versiegelung in Siedlungsfl\u00e4chen und damit der Verlust von Brach- und Ruderalfl\u00e4chen geht ihr Lebensraum stark zur\u00fcck. Aktuell stehen mehr als 50% der deutschen Wildbienenarten auf der roten Liste.<\/p>\n<p>Was k\u00f6nnen wir also tun? Das Einrichten von ganzj\u00e4hrigen Bl\u00fchfl\u00e4chen und die Schaffung von geeigneten Nistpl\u00e4tzen wie bspw. Insektenhotels im eigenen Garten schaffen wertvollen Lebensraum f\u00fcr die Wildbienen und leisten bereits einen wichtigen Beitrag dem Artensterben entgegenzuwirken und ihre faszinierende Vielfalt zu erhalten.<\/p>\n<p>Um Einblicke in die beeindruckende Welt der Wildbienen zu geben wird jedes Jahr eine besonders interessante Wildbiene als \u201eWildbiene des Jahres\u201c gek\u00fcrt. Die diesj\u00e4hrige Gewinnerin: Die Mai-Langhornbiene. Herzlichen Gl\u00fcckw\u00fcnsch!<\/p>\n<p><a href=\"#_ftnref1\" name=\"_ftn1\">[1]<\/a><a href=\"https:\/\/www.deutschewildtierstiftung.de\/wildtiere\/wildbienen\"> https:\/\/www.deutschewildtierstiftung.de\/wildtiere\/wildbienen<\/a><\/p>\n","protected":false},"excerpt":{"rendered":"<p>Auf der Erde gibt es \u00fcber 30.000 Wildbienenarten!<\/p>\n","protected":false},"author":25,"featured_media":10148,"comment_status":"open","ping_status":"open","sticky":false,"template":"","format":"standard","meta":[],"categories":[8],"tags":[],"yoast_head":"<!-- This site is optimized with the Yoast SEO plugin v19.10 - https:\/\/yoast.com\/wordpress\/plugins\/seo\/ -->\n<title>Wildbienen - Naturpark Schw\u00e4bisch-Fr\u00e4nkischer Wald<\/title>\n<meta name=\"robots\" content=\"index, follow, max-snippet:-1, max-image-preview:large, max-video-preview:-1\" \/>\n<link rel=\"canonical\" href=\"https:\/\/www.naturparkmagazin.de\/schwaebisch-fraenkischer-wald\/wildebienen\/\" \/>\n<meta property=\"og:locale\" content=\"de_DE\" \/>\n<meta property=\"og:type\" content=\"article\" \/>\n<meta property=\"og:title\" content=\"Wildbienen - Naturpark Schw\u00e4bisch-Fr\u00e4nkischer Wald\" \/>\n<meta property=\"og:description\" content=\"Auf der Erde gibt es \u00fcber 30.000 Wildbienenarten!\" \/>\n<meta property=\"og:url\" content=\"https:\/\/www.naturparkmagazin.de\/schwaebisch-fraenkischer-wald\/wildebienen\/\" \/>\n<meta property=\"og:site_name\" content=\"Naturpark Schw\u00e4bisch-Fr\u00e4nkischer Wald\" \/>\n<meta property=\"article:author\" content=\"https:\/\/www.facebook.com\/naturparkSFW\" \/>\n<meta property=\"article:published_time\" content=\"2021-06-15T13:19:05+00:00\" \/>\n<meta property=\"article:modified_time\" content=\"2021-06-18T07:09:21+00:00\" \/>\n<meta property=\"og:image\" content=\"https:\/\/www.naturparkmagazin.de\/schwaebisch-fraenkischer-wald\/wp-content\/uploads\/sites\/34\/19_NPSFW_Bluehender_NP_Wildbiene_Newsletter_Prominent_200.jpg\" \/>\n\t<meta property=\"og:image:width\" content=\"235\" \/>\n\t<meta property=\"og:image:height\" content=\"200\" \/>\n\t<meta property=\"og:image:type\" content=\"image\/jpeg\" \/>\n<meta name=\"author\" content=\"Naturpark-Team\" \/>\n<meta name=\"twitter:label1\" content=\"Verfasst von\" \/>\n\t<meta name=\"twitter:data1\" content=\"Naturpark-Team\" \/>\n\t<meta name=\"twitter:label2\" content=\"Gesch\u00e4tzte Lesezeit\" \/>\n\t<meta name=\"twitter:data2\" content=\"2\u00a0Minuten\" \/>\n<script type=\"application\/ld+json\" class=\"yoast-schema-graph\">{\"@context\":\"https:\/\/schema.org\",\"@graph\":[{\"@type\":\"WebPage\",\"@id\":\"https:\/\/www.naturparkmagazin.de\/schwaebisch-fraenkischer-wald\/wildebienen\/\",\"url\":\"https:\/\/www.naturparkmagazin.de\/schwaebisch-fraenkischer-wald\/wildebienen\/\",\"name\":\"Wildbienen - Naturpark Schw\u00e4bisch-Fr\u00e4nkischer Wald\",\"isPartOf\":{\"@id\":\"https:\/\/www.naturparkmagazin.de\/schwaebisch-fraenkischer-wald\/#website\"},\"datePublished\":\"2021-06-15T13:19:05+00:00\",\"dateModified\":\"2021-06-18T07:09:21+00:00\",\"author\":{\"@id\":\"https:\/\/www.naturparkmagazin.de\/schwaebisch-fraenkischer-wald\/#\/schema\/person\/f047a3702ae747fd7830cf8ac95e6066\"},\"breadcrumb\":{\"@id\":\"https:\/\/www.naturparkmagazin.de\/schwaebisch-fraenkischer-wald\/wildebienen\/#breadcrumb\"},\"inLanguage\":\"de\",\"potentialAction\":[{\"@type\":\"ReadAction\",\"target\":[\"https:\/\/www.naturparkmagazin.de\/schwaebisch-fraenkischer-wald\/wildebienen\/\"]}]},{\"@type\":\"BreadcrumbList\",\"@id\":\"https:\/\/www.naturparkmagazin.de\/schwaebisch-fraenkischer-wald\/wildebienen\/#breadcrumb\",\"itemListElement\":[{\"@type\":\"ListItem\",\"position\":1,\"name\":\"Home\",\"item\":\"https:\/\/www.naturparkmagazin.de\/schwaebisch-fraenkischer-wald\/\"},{\"@type\":\"ListItem\",\"position\":2,\"name\":\"Wildbienen\"}]},{\"@type\":\"WebSite\",\"@id\":\"https:\/\/www.naturparkmagazin.de\/schwaebisch-fraenkischer-wald\/#website\",\"url\":\"https:\/\/www.naturparkmagazin.de\/schwaebisch-fraenkischer-wald\/\",\"name\":\"Naturpark Schw\u00e4bisch-Fr\u00e4nkischer Wald\",\"description\":\"\",\"potentialAction\":[{\"@type\":\"SearchAction\",\"target\":{\"@type\":\"EntryPoint\",\"urlTemplate\":\"https:\/\/www.naturparkmagazin.de\/schwaebisch-fraenkischer-wald\/?s={search_term_string}\"},\"query-input\":\"required name=search_term_string\"}],\"inLanguage\":\"de\"},{\"@type\":\"Person\",\"@id\":\"https:\/\/www.naturparkmagazin.de\/schwaebisch-fraenkischer-wald\/#\/schema\/person\/f047a3702ae747fd7830cf8ac95e6066\",\"name\":\"Naturpark-Team\",\"sameAs\":[\"http:\/\/www.naturpark-sfw.de\",\"https:\/\/www.facebook.com\/naturparkSFW\"],\"url\":\"https:\/\/www.naturparkmagazin.de\/schwaebisch-fraenkischer-wald\/author\/bernharddrixler\/\"}]}<\/script>\n<!-- \/ Yoast SEO plugin. -->","yoast_head_json":{"title":"Wildbienen - Naturpark Schw\u00e4bisch-Fr\u00e4nkischer Wald","robots":{"index":"index","follow":"follow","max-snippet":"max-snippet:-1","max-image-preview":"max-image-preview:large","max-video-preview":"max-video-preview:-1"},"canonical":"https:\/\/www.naturparkmagazin.de\/schwaebisch-fraenkischer-wald\/wildebienen\/","og_locale":"de_DE","og_type":"article","og_title":"Wildbienen - Naturpark Schw\u00e4bisch-Fr\u00e4nkischer Wald","og_description":"Auf der Erde gibt es \u00fcber 30.000 Wildbienenarten!","og_url":"https:\/\/www.naturparkmagazin.de\/schwaebisch-fraenkischer-wald\/wildebienen\/","og_site_name":"Naturpark Schw\u00e4bisch-Fr\u00e4nkischer Wald","article_author":"https:\/\/www.facebook.com\/naturparkSFW","article_published_time":"2021-06-15T13:19:05+00:00","article_modified_time":"2021-06-18T07:09:21+00:00","og_image":[{"width":235,"height":200,"url":"https:\/\/www.naturparkmagazin.de\/schwaebisch-fraenkischer-wald\/wp-content\/uploads\/sites\/34\/19_NPSFW_Bluehender_NP_Wildbiene_Newsletter_Prominent_200.jpg","type":"image\/jpeg"}],"author":"Naturpark-Team","twitter_misc":{"Verfasst von":"Naturpark-Team","Gesch\u00e4tzte Lesezeit":"2\u00a0Minuten"},"schema":{"@context":"https:\/\/schema.org","@graph":[{"@type":"WebPage","@id":"https:\/\/www.naturparkmagazin.de\/schwaebisch-fraenkischer-wald\/wildebienen\/","url":"https:\/\/www.naturparkmagazin.de\/schwaebisch-fraenkischer-wald\/wildebienen\/","name":"Wildbienen - Naturpark Schw\u00e4bisch-Fr\u00e4nkischer Wald","isPartOf":{"@id":"https:\/\/www.naturparkmagazin.de\/schwaebisch-fraenkischer-wald\/#website"},"datePublished":"2021-06-15T13:19:05+00:00","dateModified":"2021-06-18T07:09:21+00:00","author":{"@id":"https:\/\/www.naturparkmagazin.de\/schwaebisch-fraenkischer-wald\/#\/schema\/person\/f047a3702ae747fd7830cf8ac95e6066"},"breadcrumb":{"@id":"https:\/\/www.naturparkmagazin.de\/schwaebisch-fraenkischer-wald\/wildebienen\/#breadcrumb"},"inLanguage":"de","potentialAction":[{"@type":"ReadAction","target":["https:\/\/www.naturparkmagazin.de\/schwaebisch-fraenkischer-wald\/wildebienen\/"]}]},{"@type":"BreadcrumbList","@id":"https:\/\/www.naturparkmagazin.de\/schwaebisch-fraenkischer-wald\/wildebienen\/#breadcrumb","itemListElement":[{"@type":"ListItem","position":1,"name":"Home","item":"https:\/\/www.naturparkmagazin.de\/schwaebisch-fraenkischer-wald\/"},{"@type":"ListItem","position":2,"name":"Wildbienen"}]},{"@type":"WebSite","@id":"https:\/\/www.naturparkmagazin.de\/schwaebisch-fraenkischer-wald\/#website","url":"https:\/\/www.naturparkmagazin.de\/schwaebisch-fraenkischer-wald\/","name":"Naturpark Schw\u00e4bisch-Fr\u00e4nkischer Wald","description":"","potentialAction":[{"@type":"SearchAction","target":{"@type":"EntryPoint","urlTemplate":"https:\/\/www.naturparkmagazin.de\/schwaebisch-fraenkischer-wald\/?s={search_term_string}"},"query-input":"required name=search_term_string"}],"inLanguage":"de"},{"@type":"Person","@id":"https:\/\/www.naturparkmagazin.de\/schwaebisch-fraenkischer-wald\/#\/schema\/person\/f047a3702ae747fd7830cf8ac95e6066","name":"Naturpark-Team","sameAs":["http:\/\/www.naturpark-sfw.de","https:\/\/www.facebook.com\/naturparkSFW"],"url":"https:\/\/www.naturparkmagazin.de\/schwaebisch-fraenkischer-wald\/author\/bernharddrixler\/"}]}},"_links":{"self":[{"href":"https:\/\/www.naturparkmagazin.de\/schwaebisch-fraenkischer-wald\/wp-json\/wp\/v2\/posts\/10146"}],"collection":[{"href":"https:\/\/www.naturparkmagazin.de\/schwaebisch-fraenkischer-wald\/wp-json\/wp\/v2\/posts"}],"about":[{"href":"https:\/\/www.naturparkmagazin.de\/schwaebisch-fraenkischer-wald\/wp-json\/wp\/v2\/types\/post"}],"author":[{"embeddable":true,"href":"https:\/\/www.naturparkmagazin.de\/schwaebisch-fraenkischer-wald\/wp-json\/wp\/v2\/users\/25"}],"replies":[{"embeddable":true,"href":"https:\/\/www.naturparkmagazin.de\/schwaebisch-fraenkischer-wald\/wp-json\/wp\/v2\/comments?post=10146"}],"version-history":[{"count":5,"href":"https:\/\/www.naturparkmagazin.de\/schwaebisch-fraenkischer-wald\/wp-json\/wp\/v2\/posts\/10146\/revisions"}],"predecessor-version":[{"id":10207,"href":"https:\/\/www.naturparkmagazin.de\/schwaebisch-fraenkischer-wald\/wp-json\/wp\/v2\/posts\/10146\/revisions\/10207"}],"wp:featuredmedia":[{"embeddable":true,"href":"https:\/\/www.naturparkmagazin.de\/schwaebisch-fraenkischer-wald\/wp-json\/wp\/v2\/media\/10148"}],"wp:attachment":[{"href":"https:\/\/www.naturparkmagazin.de\/schwaebisch-fraenkischer-wald\/wp-json\/wp\/v2\/media?parent=10146"}],"wp:term":[{"taxonomy":"category","embeddable":true,"href":"https:\/\/www.naturparkmagazin.de\/schwaebisch-fraenkischer-wald\/wp-json\/wp\/v2\/categories?post=10146"},{"taxonomy":"post_tag","embeddable":true,"href":"https:\/\/www.naturparkmagazin.de\/schwaebisch-fraenkischer-wald\/wp-json\/wp\/v2\/tags?post=10146"}],"curies":[{"name":"wp","href":"https:\/\/api.w.org\/{rel}","templated":true}]}}