{"id":10156,"date":"2021-06-15T15:24:51","date_gmt":"2021-06-15T13:24:51","guid":{"rendered":"https:\/\/www.naturparkmagazin.de\/schwaebisch-fraenkischer-wald\/?p=10156"},"modified":"2021-06-18T09:11:04","modified_gmt":"2021-06-18T07:11:04","slug":"radtour-nach-waldenburg-und-zu-den-weidewaeldern-bei-waldenburg","status":"publish","type":"post","link":"https:\/\/www.naturparkmagazin.de\/schwaebisch-fraenkischer-wald\/radtour-nach-waldenburg-und-zu-den-weidewaeldern-bei-waldenburg\/","title":{"rendered":"Radtour nach Waldenburg und zu den Weidew\u00e4ldern bei Waldenburg"},"content":{"rendered":"<p>Erleben Sie die drei Schutzgebiete \u201eObere Weide\u201c, \u201eEntlesboden\u201c und \u201eViehweide auf Markung Michelbach\u201c auf einer Radtour ab Waldenburg<\/p>\n<p>Die Weidew\u00e4lder bei Waldenburg bilden gemeinsam eine Fl\u00e4che von 50 Hektar und unterteilen sich in die Schutzgebiete \u201eObere Weide\u201c, \u201eEntlesboden\u201c und \u201eViehweide auf Markung Michelbach\u201c. Was auf den ersten Blick urw\u00fcchsig erscheint ist das Ergebnis vergangener \u00dcbernutzung. Denn die Fl\u00e4chen wurden in der Vergangenheit als Waldweiden bewirtschaftet.<\/p>\n<div id=\"attachment_10167\" style=\"width: 510px\" class=\"wp-caption aligncenter\"><a href=\"https:\/\/www.naturparkmagazin.de\/schwaebisch-fraenkischer-wald\/wp-content\/uploads\/sites\/34\/Erlebnisstipp_Viehweide_Michelbach_NPSFW_Archiv_500x300.jpg\"><img aria-describedby=\"caption-attachment-10167\" decoding=\"async\" loading=\"lazy\" class=\"size-full wp-image-10167\" src=\"https:\/\/www.naturparkmagazin.de\/schwaebisch-fraenkischer-wald\/wp-content\/uploads\/sites\/34\/Erlebnisstipp_Viehweide_Michelbach_NPSFW_Archiv_500x300.jpg\" alt=\"\u00a9 Naturpark SFW Archiv\" width=\"500\" height=\"300\" srcset=\"https:\/\/www.naturparkmagazin.de\/schwaebisch-fraenkischer-wald\/wp-content\/uploads\/sites\/34\/Erlebnisstipp_Viehweide_Michelbach_NPSFW_Archiv_500x300.jpg 500w, https:\/\/www.naturparkmagazin.de\/schwaebisch-fraenkischer-wald\/wp-content\/uploads\/sites\/34\/Erlebnisstipp_Viehweide_Michelbach_NPSFW_Archiv_500x300-300x180.jpg 300w, https:\/\/www.naturparkmagazin.de\/schwaebisch-fraenkischer-wald\/wp-content\/uploads\/sites\/34\/Erlebnisstipp_Viehweide_Michelbach_NPSFW_Archiv_500x300-200x120.jpg 200w\" sizes=\"(max-width: 500px) 100vw, 500px\" \/><\/a><p id=\"caption-attachment-10167\" class=\"wp-caption-text\">\u00a9 Naturpark SFW Archiv<\/p><\/div>\n<p>Als Weidewald (auch als Waldweide oder Hutewald genannt) wird eine alte Bewirtschaftungsform bezeichnet, bei welcher das Vieh im Wald weidet. Denn auf Grund von mangelndem Gr\u00fcnland wurde das Vieh \u00fcber Jahrhunderte in den Wald getrieben, wo es Eicheln und Bucheckern, aufkommendes Gras und Jungb\u00e4ume a\u00df. Hierdurch wurde der Wald immer lichter. Hinzu kam das f\u00fcr die Glash\u00fctten und K\u00f6hlereien im Schw\u00e4bisch-Fr\u00e4nkischen Wad ben\u00f6tigte Brennholz und der zus\u00e4tzliche Verbiss von hohem Wildbestand. Heute wird diese Form der Bewirtschaftung nur noch selten und meist nur in Wald- oder Naturschutzgebieten praktiziert. Die drei Waldweiden bei Waldenburg bilden \u00dcberbleibsel von vergangenen Bewirtschaftungsformen im Naturpark Schw\u00e4bisch-Fr\u00e4nkischen Wald und bilden Lebensraum f\u00fcr besonders selten vorkommende und gesch\u00fctzte Arten. So lassen sich hier Pflanzen und Tiere, wie die Heilpflanze Arnika, der Baumpieper, das gefleckte Knabenkraut oder der Wachtelweizen-Scheckenfalter entdecken und bewundern.<\/p>\n<p>Eine Radtour l\u00e4dt Sie dazu ein, die Weidew\u00e4lder und die Stadt Waldenburg zu entdecken. Die Radtour startet am Bahnhof Waldenburg und f\u00fchrt \u00fcber 25 km vorbei an den drei Schutzgebieten und an mehreren Seen. In allen drei Naturschutzgebieten finden Sie informative Schautafeln mit Informationen rund um die Historie der Waldweiden und die dort vorzufindenden Tier- und Pflanzenarten. Zudem sollten Sie in Waldenburg auf jeden Fall einen Abstecher zum Schloss des F\u00fcrsten zu Hohenlohe-Waldenburg und die ummauerte Altstadt machen und die Aussicht auf den Schw\u00e4bisch-Fr\u00e4nkischen Wald genie\u00dfen. Auch ein anschlie\u00dfender Abstecher zum Balkon Hohenlohes mit beeindruckendem Blick raus aus dem Naturpark bietet sich an.<\/p>\n<p>Eine genaue Beschreibung der Radrouten und der drei Naturschutzgebiete finden Sie in der zugeh\u00f6rigen Brosch\u00fcre, herausgegeben vom <a href=\"https:\/\/pudi.lubw.de\/detailseite\/-\/publication\/56043\">Regierungspr\u00e4sidiums Stuttgart<\/a>.<\/p>\n<div id=\"attachment_10170\" style=\"width: 510px\" class=\"wp-caption aligncenter\"><a href=\"https:\/\/www.naturparkmagazin.de\/schwaebisch-fraenkischer-wald\/wp-content\/uploads\/sites\/34\/Erlebnistipp_Viehweide_Michelbach_NPSFW_Archiv_500x300.jpg\"><img aria-describedby=\"caption-attachment-10170\" decoding=\"async\" loading=\"lazy\" class=\"size-full wp-image-10170\" src=\"https:\/\/www.naturparkmagazin.de\/schwaebisch-fraenkischer-wald\/wp-content\/uploads\/sites\/34\/Erlebnistipp_Viehweide_Michelbach_NPSFW_Archiv_500x300.jpg\" alt=\"\u00a9 Naturpark SFW Archiv\" width=\"500\" height=\"300\" srcset=\"https:\/\/www.naturparkmagazin.de\/schwaebisch-fraenkischer-wald\/wp-content\/uploads\/sites\/34\/Erlebnistipp_Viehweide_Michelbach_NPSFW_Archiv_500x300.jpg 500w, https:\/\/www.naturparkmagazin.de\/schwaebisch-fraenkischer-wald\/wp-content\/uploads\/sites\/34\/Erlebnistipp_Viehweide_Michelbach_NPSFW_Archiv_500x300-300x180.jpg 300w, https:\/\/www.naturparkmagazin.de\/schwaebisch-fraenkischer-wald\/wp-content\/uploads\/sites\/34\/Erlebnistipp_Viehweide_Michelbach_NPSFW_Archiv_500x300-200x120.jpg 200w\" sizes=\"(max-width: 500px) 100vw, 500px\" \/><\/a><p id=\"caption-attachment-10170\" class=\"wp-caption-text\">\u00a9 Naturpark SFW Archiv<\/p><\/div>\n","protected":false},"excerpt":{"rendered":"<p>Erleben Sie die drei Schutzgebiete \u201eObere Weide\u201c, \u201eEntlesboden\u201c und \u201eViehweide auf Markung Michelbach\u201c auf einer Radtour ab Waldenburg.<\/p>\n","protected":false},"author":25,"featured_media":10172,"comment_status":"open","ping_status":"open","sticky":false,"template":"","format":"standard","meta":[],"categories":[617],"tags":[],"yoast_head":"<!-- This site is optimized with the Yoast SEO plugin v19.10 - https:\/\/yoast.com\/wordpress\/plugins\/seo\/ -->\n<title>Radtour nach Waldenburg und zu den Weidew\u00e4ldern bei Waldenburg - Naturpark Schw\u00e4bisch-Fr\u00e4nkischer Wald<\/title>\n<meta name=\"robots\" content=\"index, follow, max-snippet:-1, max-image-preview:large, max-video-preview:-1\" \/>\n<link rel=\"canonical\" href=\"https:\/\/www.naturparkmagazin.de\/schwaebisch-fraenkischer-wald\/radtour-nach-waldenburg-und-zu-den-weidewaeldern-bei-waldenburg\/\" \/>\n<meta property=\"og:locale\" content=\"de_DE\" \/>\n<meta property=\"og:type\" content=\"article\" \/>\n<meta property=\"og:title\" content=\"Radtour nach Waldenburg und zu den Weidew\u00e4ldern bei Waldenburg - Naturpark Schw\u00e4bisch-Fr\u00e4nkischer Wald\" \/>\n<meta property=\"og:description\" content=\"Erleben Sie die drei Schutzgebiete \u201eObere Weide\u201c, \u201eEntlesboden\u201c und \u201eViehweide auf Markung Michelbach\u201c auf einer Radtour ab Waldenburg.\" \/>\n<meta property=\"og:url\" content=\"https:\/\/www.naturparkmagazin.de\/schwaebisch-fraenkischer-wald\/radtour-nach-waldenburg-und-zu-den-weidewaeldern-bei-waldenburg\/\" \/>\n<meta property=\"og:site_name\" content=\"Naturpark Schw\u00e4bisch-Fr\u00e4nkischer Wald\" \/>\n<meta property=\"article:author\" content=\"https:\/\/www.facebook.com\/naturparkSFW\" \/>\n<meta property=\"article:published_time\" content=\"2021-06-15T13:24:51+00:00\" \/>\n<meta property=\"article:modified_time\" content=\"2021-06-18T07:11:04+00:00\" \/>\n<meta property=\"og:image\" content=\"https:\/\/www.naturparkmagazin.de\/schwaebisch-fraenkischer-wald\/wp-content\/uploads\/sites\/34\/210528_Viehweide_Michelbach_Diemer3.jpg\" \/>\n\t<meta property=\"og:image:width\" content=\"200\" \/>\n\t<meta property=\"og:image:height\" content=\"200\" \/>\n\t<meta property=\"og:image:type\" content=\"image\/jpeg\" \/>\n<meta name=\"author\" content=\"Naturpark-Team\" \/>\n<meta name=\"twitter:label1\" content=\"Verfasst von\" \/>\n\t<meta name=\"twitter:data1\" content=\"Naturpark-Team\" \/>\n\t<meta name=\"twitter:label2\" content=\"Gesch\u00e4tzte Lesezeit\" \/>\n\t<meta name=\"twitter:data2\" content=\"2\u00a0Minuten\" \/>\n<script type=\"application\/ld+json\" class=\"yoast-schema-graph\">{\"@context\":\"https:\/\/schema.org\",\"@graph\":[{\"@type\":\"WebPage\",\"@id\":\"https:\/\/www.naturparkmagazin.de\/schwaebisch-fraenkischer-wald\/radtour-nach-waldenburg-und-zu-den-weidewaeldern-bei-waldenburg\/\",\"url\":\"https:\/\/www.naturparkmagazin.de\/schwaebisch-fraenkischer-wald\/radtour-nach-waldenburg-und-zu-den-weidewaeldern-bei-waldenburg\/\",\"name\":\"Radtour nach Waldenburg und zu den Weidew\u00e4ldern bei Waldenburg - Naturpark Schw\u00e4bisch-Fr\u00e4nkischer Wald\",\"isPartOf\":{\"@id\":\"https:\/\/www.naturparkmagazin.de\/schwaebisch-fraenkischer-wald\/#website\"},\"datePublished\":\"2021-06-15T13:24:51+00:00\",\"dateModified\":\"2021-06-18T07:11:04+00:00\",\"author\":{\"@id\":\"https:\/\/www.naturparkmagazin.de\/schwaebisch-fraenkischer-wald\/#\/schema\/person\/f047a3702ae747fd7830cf8ac95e6066\"},\"breadcrumb\":{\"@id\":\"https:\/\/www.naturparkmagazin.de\/schwaebisch-fraenkischer-wald\/radtour-nach-waldenburg-und-zu-den-weidewaeldern-bei-waldenburg\/#breadcrumb\"},\"inLanguage\":\"de\",\"potentialAction\":[{\"@type\":\"ReadAction\",\"target\":[\"https:\/\/www.naturparkmagazin.de\/schwaebisch-fraenkischer-wald\/radtour-nach-waldenburg-und-zu-den-weidewaeldern-bei-waldenburg\/\"]}]},{\"@type\":\"BreadcrumbList\",\"@id\":\"https:\/\/www.naturparkmagazin.de\/schwaebisch-fraenkischer-wald\/radtour-nach-waldenburg-und-zu-den-weidewaeldern-bei-waldenburg\/#breadcrumb\",\"itemListElement\":[{\"@type\":\"ListItem\",\"position\":1,\"name\":\"Home\",\"item\":\"https:\/\/www.naturparkmagazin.de\/schwaebisch-fraenkischer-wald\/\"},{\"@type\":\"ListItem\",\"position\":2,\"name\":\"Radtour nach Waldenburg und zu den Weidew\u00e4ldern bei Waldenburg\"}]},{\"@type\":\"WebSite\",\"@id\":\"https:\/\/www.naturparkmagazin.de\/schwaebisch-fraenkischer-wald\/#website\",\"url\":\"https:\/\/www.naturparkmagazin.de\/schwaebisch-fraenkischer-wald\/\",\"name\":\"Naturpark Schw\u00e4bisch-Fr\u00e4nkischer Wald\",\"description\":\"\",\"potentialAction\":[{\"@type\":\"SearchAction\",\"target\":{\"@type\":\"EntryPoint\",\"urlTemplate\":\"https:\/\/www.naturparkmagazin.de\/schwaebisch-fraenkischer-wald\/?s={search_term_string}\"},\"query-input\":\"required name=search_term_string\"}],\"inLanguage\":\"de\"},{\"@type\":\"Person\",\"@id\":\"https:\/\/www.naturparkmagazin.de\/schwaebisch-fraenkischer-wald\/#\/schema\/person\/f047a3702ae747fd7830cf8ac95e6066\",\"name\":\"Naturpark-Team\",\"sameAs\":[\"http:\/\/www.naturpark-sfw.de\",\"https:\/\/www.facebook.com\/naturparkSFW\"],\"url\":\"https:\/\/www.naturparkmagazin.de\/schwaebisch-fraenkischer-wald\/author\/bernharddrixler\/\"}]}<\/script>\n<!-- \/ Yoast SEO plugin. -->","yoast_head_json":{"title":"Radtour nach Waldenburg und zu den Weidew\u00e4ldern bei Waldenburg - Naturpark Schw\u00e4bisch-Fr\u00e4nkischer Wald","robots":{"index":"index","follow":"follow","max-snippet":"max-snippet:-1","max-image-preview":"max-image-preview:large","max-video-preview":"max-video-preview:-1"},"canonical":"https:\/\/www.naturparkmagazin.de\/schwaebisch-fraenkischer-wald\/radtour-nach-waldenburg-und-zu-den-weidewaeldern-bei-waldenburg\/","og_locale":"de_DE","og_type":"article","og_title":"Radtour nach Waldenburg und zu den Weidew\u00e4ldern bei Waldenburg - Naturpark Schw\u00e4bisch-Fr\u00e4nkischer Wald","og_description":"Erleben Sie die drei Schutzgebiete \u201eObere Weide\u201c, \u201eEntlesboden\u201c und \u201eViehweide auf Markung Michelbach\u201c auf einer Radtour ab Waldenburg.","og_url":"https:\/\/www.naturparkmagazin.de\/schwaebisch-fraenkischer-wald\/radtour-nach-waldenburg-und-zu-den-weidewaeldern-bei-waldenburg\/","og_site_name":"Naturpark Schw\u00e4bisch-Fr\u00e4nkischer Wald","article_author":"https:\/\/www.facebook.com\/naturparkSFW","article_published_time":"2021-06-15T13:24:51+00:00","article_modified_time":"2021-06-18T07:11:04+00:00","og_image":[{"width":200,"height":200,"url":"https:\/\/www.naturparkmagazin.de\/schwaebisch-fraenkischer-wald\/wp-content\/uploads\/sites\/34\/210528_Viehweide_Michelbach_Diemer3.jpg","type":"image\/jpeg"}],"author":"Naturpark-Team","twitter_misc":{"Verfasst von":"Naturpark-Team","Gesch\u00e4tzte Lesezeit":"2\u00a0Minuten"},"schema":{"@context":"https:\/\/schema.org","@graph":[{"@type":"WebPage","@id":"https:\/\/www.naturparkmagazin.de\/schwaebisch-fraenkischer-wald\/radtour-nach-waldenburg-und-zu-den-weidewaeldern-bei-waldenburg\/","url":"https:\/\/www.naturparkmagazin.de\/schwaebisch-fraenkischer-wald\/radtour-nach-waldenburg-und-zu-den-weidewaeldern-bei-waldenburg\/","name":"Radtour nach Waldenburg und zu den Weidew\u00e4ldern bei Waldenburg - Naturpark Schw\u00e4bisch-Fr\u00e4nkischer Wald","isPartOf":{"@id":"https:\/\/www.naturparkmagazin.de\/schwaebisch-fraenkischer-wald\/#website"},"datePublished":"2021-06-15T13:24:51+00:00","dateModified":"2021-06-18T07:11:04+00:00","author":{"@id":"https:\/\/www.naturparkmagazin.de\/schwaebisch-fraenkischer-wald\/#\/schema\/person\/f047a3702ae747fd7830cf8ac95e6066"},"breadcrumb":{"@id":"https:\/\/www.naturparkmagazin.de\/schwaebisch-fraenkischer-wald\/radtour-nach-waldenburg-und-zu-den-weidewaeldern-bei-waldenburg\/#breadcrumb"},"inLanguage":"de","potentialAction":[{"@type":"ReadAction","target":["https:\/\/www.naturparkmagazin.de\/schwaebisch-fraenkischer-wald\/radtour-nach-waldenburg-und-zu-den-weidewaeldern-bei-waldenburg\/"]}]},{"@type":"BreadcrumbList","@id":"https:\/\/www.naturparkmagazin.de\/schwaebisch-fraenkischer-wald\/radtour-nach-waldenburg-und-zu-den-weidewaeldern-bei-waldenburg\/#breadcrumb","itemListElement":[{"@type":"ListItem","position":1,"name":"Home","item":"https:\/\/www.naturparkmagazin.de\/schwaebisch-fraenkischer-wald\/"},{"@type":"ListItem","position":2,"name":"Radtour nach Waldenburg und zu den Weidew\u00e4ldern bei Waldenburg"}]},{"@type":"WebSite","@id":"https:\/\/www.naturparkmagazin.de\/schwaebisch-fraenkischer-wald\/#website","url":"https:\/\/www.naturparkmagazin.de\/schwaebisch-fraenkischer-wald\/","name":"Naturpark Schw\u00e4bisch-Fr\u00e4nkischer Wald","description":"","potentialAction":[{"@type":"SearchAction","target":{"@type":"EntryPoint","urlTemplate":"https:\/\/www.naturparkmagazin.de\/schwaebisch-fraenkischer-wald\/?s={search_term_string}"},"query-input":"required name=search_term_string"}],"inLanguage":"de"},{"@type":"Person","@id":"https:\/\/www.naturparkmagazin.de\/schwaebisch-fraenkischer-wald\/#\/schema\/person\/f047a3702ae747fd7830cf8ac95e6066","name":"Naturpark-Team","sameAs":["http:\/\/www.naturpark-sfw.de","https:\/\/www.facebook.com\/naturparkSFW"],"url":"https:\/\/www.naturparkmagazin.de\/schwaebisch-fraenkischer-wald\/author\/bernharddrixler\/"}]}},"_links":{"self":[{"href":"https:\/\/www.naturparkmagazin.de\/schwaebisch-fraenkischer-wald\/wp-json\/wp\/v2\/posts\/10156"}],"collection":[{"href":"https:\/\/www.naturparkmagazin.de\/schwaebisch-fraenkischer-wald\/wp-json\/wp\/v2\/posts"}],"about":[{"href":"https:\/\/www.naturparkmagazin.de\/schwaebisch-fraenkischer-wald\/wp-json\/wp\/v2\/types\/post"}],"author":[{"embeddable":true,"href":"https:\/\/www.naturparkmagazin.de\/schwaebisch-fraenkischer-wald\/wp-json\/wp\/v2\/users\/25"}],"replies":[{"embeddable":true,"href":"https:\/\/www.naturparkmagazin.de\/schwaebisch-fraenkischer-wald\/wp-json\/wp\/v2\/comments?post=10156"}],"version-history":[{"count":5,"href":"https:\/\/www.naturparkmagazin.de\/schwaebisch-fraenkischer-wald\/wp-json\/wp\/v2\/posts\/10156\/revisions"}],"predecessor-version":[{"id":10208,"href":"https:\/\/www.naturparkmagazin.de\/schwaebisch-fraenkischer-wald\/wp-json\/wp\/v2\/posts\/10156\/revisions\/10208"}],"wp:featuredmedia":[{"embeddable":true,"href":"https:\/\/www.naturparkmagazin.de\/schwaebisch-fraenkischer-wald\/wp-json\/wp\/v2\/media\/10172"}],"wp:attachment":[{"href":"https:\/\/www.naturparkmagazin.de\/schwaebisch-fraenkischer-wald\/wp-json\/wp\/v2\/media?parent=10156"}],"wp:term":[{"taxonomy":"category","embeddable":true,"href":"https:\/\/www.naturparkmagazin.de\/schwaebisch-fraenkischer-wald\/wp-json\/wp\/v2\/categories?post=10156"},{"taxonomy":"post_tag","embeddable":true,"href":"https:\/\/www.naturparkmagazin.de\/schwaebisch-fraenkischer-wald\/wp-json\/wp\/v2\/tags?post=10156"}],"curies":[{"name":"wp","href":"https:\/\/api.w.org\/{rel}","templated":true}]}}