{"id":10215,"date":"2021-07-15T11:36:40","date_gmt":"2021-07-15T09:36:40","guid":{"rendered":"https:\/\/www.naturparkmagazin.de\/schwaebisch-fraenkischer-wald\/?p=10215"},"modified":"2021-07-22T08:33:21","modified_gmt":"2021-07-22T06:33:21","slug":"ausflugsrezept-vom-remstal-hinein-in-den-schwaebischen-wald","status":"publish","type":"post","link":"https:\/\/www.naturparkmagazin.de\/schwaebisch-fraenkischer-wald\/ausflugsrezept-vom-remstal-hinein-in-den-schwaebischen-wald\/","title":{"rendered":"Ausflugsrezept: Vom Remstal hinein in den Schw\u00e4bischen Wald"},"content":{"rendered":"<p>Man nehme einen guten Sonntag, eine bequeme Anreise mit Bus oder Bahn und einen sch\u00f6nen Streckenverlauf. Fertig ist das perfekte Ausflugsrezept! Eines davon m\u00f6chten wir Ihnen hier vorstellen: Eine Wanderung vom Remstal hinein in den Schw\u00e4bischen Wald.<\/p>\n<div id=\"attachment_10229\" style=\"width: 510px\" class=\"wp-caption aligncenter\"><a href=\"https:\/\/www.naturparkmagazin.de\/schwaebisch-fraenkischer-wald\/wp-content\/uploads\/sites\/34\/210708_Aktivitaet_Ausflugsrezept_Artikelbild_300x500.jpg\"><img aria-describedby=\"caption-attachment-10229\" decoding=\"async\" loading=\"lazy\" class=\"size-full wp-image-10229\" src=\"https:\/\/www.naturparkmagazin.de\/schwaebisch-fraenkischer-wald\/wp-content\/uploads\/sites\/34\/210708_Aktivitaet_Ausflugsrezept_Artikelbild_300x500.jpg\" alt=\"\u00a9 Naturpark SFW Archiv\" width=\"500\" height=\"702\" srcset=\"https:\/\/www.naturparkmagazin.de\/schwaebisch-fraenkischer-wald\/wp-content\/uploads\/sites\/34\/210708_Aktivitaet_Ausflugsrezept_Artikelbild_300x500.jpg 500w, https:\/\/www.naturparkmagazin.de\/schwaebisch-fraenkischer-wald\/wp-content\/uploads\/sites\/34\/210708_Aktivitaet_Ausflugsrezept_Artikelbild_300x500-300x421.jpg 300w, https:\/\/www.naturparkmagazin.de\/schwaebisch-fraenkischer-wald\/wp-content\/uploads\/sites\/34\/210708_Aktivitaet_Ausflugsrezept_Artikelbild_300x500-200x281.jpg 200w\" sizes=\"(max-width: 500px) 100vw, 500px\" \/><\/a><p id=\"caption-attachment-10229\" class=\"wp-caption-text\">\u00a9 Naturpark SFW Archiv<\/p><\/div>\n<p>Die Wanderung ist f\u00fcr Landschafts- und Waldgenie\u00dfer gestaltet und startet in Lorch (W\u00fcrtt.) am Bahnhof. Mit der RB13 von Stuttgart in Richtung Crailsheim k\u00f6nnen Sie bequem mit den \u00f6ffentlichen Verkehrsmitteln anreisen. Nun f\u00fchrt die 8,5 km lange Wanderung zum Kloster Lorch und \u00fcber die alte Stra\u00dfe, einen Forstweg, nach Bruck.<\/p>\n<p>Wir passieren alte Mammutb\u00e4ume und laufen weiter auf dem \u201eMain-Neckar-Weg\u201c auf den H\u00f6henr\u00fccken bei Bruck. Eindrucksvolle Ein- und Ausblicke in Richtung Alfdorf und Ostalb warten hier auf uns. Nun geht es zur\u00fcck, vorbei an der Schillergrotte, zum M\u00fchlenbachtal und auf der anderen Talseite hinauf nach Alfdorf, vorbei am Hohlen Stein. Als Abschluss der Wanderung l\u00e4dt in Alfdorf das Caf\u00e9 K\u00f6 und der Schlossgarten des Oberen Schlosses ein. Ab Alfdorf kann dann bequem mit dem Bus zur\u00fcck nach Lorch und weiter nach Stuttgart gefahren werden. Viel Spa\u00df beim ausprobieren dieses Ausflugsrezeptes!<\/p>\n<p>Hinweis: F\u00fcr Kinderw\u00e4gen ist die Wanderung aufgrund der leichten Steigung nur eingeschr\u00e4nkt geeignet.<\/p>\n<p>Weitere tolle Ausflugsrezepte finden Sie <a href=\"https:\/\/www.schwaebischerwald.com\/index.php?id=822\">hier<\/a>.<\/p>\n","protected":false},"excerpt":{"rendered":"<p>Man nehme einen guten Sonntag, eine bequeme Anreise mit Bus oder Bahn und einen sch\u00f6nen Streckenverlauf. Fertig ist das perfekte Ausflugsrezept!<\/p>\n","protected":false},"author":25,"featured_media":10231,"comment_status":"open","ping_status":"open","sticky":false,"template":"","format":"standard","meta":[],"categories":[11],"tags":[],"yoast_head":"<!-- This site is optimized with the Yoast SEO plugin v19.10 - https:\/\/yoast.com\/wordpress\/plugins\/seo\/ -->\n<title>Ausflugsrezept: Vom Remstal hinein in den Schw\u00e4bischen Wald - Naturpark Schw\u00e4bisch-Fr\u00e4nkischer Wald<\/title>\n<meta name=\"robots\" content=\"index, follow, max-snippet:-1, max-image-preview:large, max-video-preview:-1\" \/>\n<link rel=\"canonical\" href=\"https:\/\/www.naturparkmagazin.de\/schwaebisch-fraenkischer-wald\/ausflugsrezept-vom-remstal-hinein-in-den-schwaebischen-wald\/\" \/>\n<meta property=\"og:locale\" content=\"de_DE\" \/>\n<meta property=\"og:type\" content=\"article\" \/>\n<meta property=\"og:title\" content=\"Ausflugsrezept: Vom Remstal hinein in den Schw\u00e4bischen Wald - Naturpark Schw\u00e4bisch-Fr\u00e4nkischer Wald\" \/>\n<meta property=\"og:description\" content=\"Man nehme einen guten Sonntag, eine bequeme Anreise mit Bus oder Bahn und einen sch\u00f6nen Streckenverlauf. Fertig ist das perfekte Ausflugsrezept!\" \/>\n<meta property=\"og:url\" content=\"https:\/\/www.naturparkmagazin.de\/schwaebisch-fraenkischer-wald\/ausflugsrezept-vom-remstal-hinein-in-den-schwaebischen-wald\/\" \/>\n<meta property=\"og:site_name\" content=\"Naturpark Schw\u00e4bisch-Fr\u00e4nkischer Wald\" \/>\n<meta property=\"article:author\" content=\"https:\/\/www.facebook.com\/naturparkSFW\" \/>\n<meta property=\"article:published_time\" content=\"2021-07-15T09:36:40+00:00\" \/>\n<meta property=\"article:modified_time\" content=\"2021-07-22T06:33:21+00:00\" \/>\n<meta property=\"og:image\" content=\"https:\/\/www.naturparkmagazin.de\/schwaebisch-fraenkischer-wald\/wp-content\/uploads\/sites\/34\/210708_Aktivitaet_Ausflugsrezept_200x200.jpg\" \/>\n\t<meta property=\"og:image:width\" content=\"200\" \/>\n\t<meta property=\"og:image:height\" content=\"200\" \/>\n\t<meta property=\"og:image:type\" content=\"image\/jpeg\" \/>\n<meta name=\"author\" content=\"Naturpark-Team\" \/>\n<meta name=\"twitter:label1\" content=\"Verfasst von\" \/>\n\t<meta name=\"twitter:data1\" content=\"Naturpark-Team\" \/>\n\t<meta name=\"twitter:label2\" content=\"Gesch\u00e4tzte Lesezeit\" \/>\n\t<meta name=\"twitter:data2\" content=\"1\u00a0Minute\" \/>\n<script type=\"application\/ld+json\" class=\"yoast-schema-graph\">{\"@context\":\"https:\/\/schema.org\",\"@graph\":[{\"@type\":\"WebPage\",\"@id\":\"https:\/\/www.naturparkmagazin.de\/schwaebisch-fraenkischer-wald\/ausflugsrezept-vom-remstal-hinein-in-den-schwaebischen-wald\/\",\"url\":\"https:\/\/www.naturparkmagazin.de\/schwaebisch-fraenkischer-wald\/ausflugsrezept-vom-remstal-hinein-in-den-schwaebischen-wald\/\",\"name\":\"Ausflugsrezept: Vom Remstal hinein in den Schw\u00e4bischen Wald - Naturpark Schw\u00e4bisch-Fr\u00e4nkischer Wald\",\"isPartOf\":{\"@id\":\"https:\/\/www.naturparkmagazin.de\/schwaebisch-fraenkischer-wald\/#website\"},\"datePublished\":\"2021-07-15T09:36:40+00:00\",\"dateModified\":\"2021-07-22T06:33:21+00:00\",\"author\":{\"@id\":\"https:\/\/www.naturparkmagazin.de\/schwaebisch-fraenkischer-wald\/#\/schema\/person\/f047a3702ae747fd7830cf8ac95e6066\"},\"breadcrumb\":{\"@id\":\"https:\/\/www.naturparkmagazin.de\/schwaebisch-fraenkischer-wald\/ausflugsrezept-vom-remstal-hinein-in-den-schwaebischen-wald\/#breadcrumb\"},\"inLanguage\":\"de\",\"potentialAction\":[{\"@type\":\"ReadAction\",\"target\":[\"https:\/\/www.naturparkmagazin.de\/schwaebisch-fraenkischer-wald\/ausflugsrezept-vom-remstal-hinein-in-den-schwaebischen-wald\/\"]}]},{\"@type\":\"BreadcrumbList\",\"@id\":\"https:\/\/www.naturparkmagazin.de\/schwaebisch-fraenkischer-wald\/ausflugsrezept-vom-remstal-hinein-in-den-schwaebischen-wald\/#breadcrumb\",\"itemListElement\":[{\"@type\":\"ListItem\",\"position\":1,\"name\":\"Home\",\"item\":\"https:\/\/www.naturparkmagazin.de\/schwaebisch-fraenkischer-wald\/\"},{\"@type\":\"ListItem\",\"position\":2,\"name\":\"Ausflugsrezept: Vom Remstal hinein in den Schw\u00e4bischen Wald\"}]},{\"@type\":\"WebSite\",\"@id\":\"https:\/\/www.naturparkmagazin.de\/schwaebisch-fraenkischer-wald\/#website\",\"url\":\"https:\/\/www.naturparkmagazin.de\/schwaebisch-fraenkischer-wald\/\",\"name\":\"Naturpark Schw\u00e4bisch-Fr\u00e4nkischer Wald\",\"description\":\"\",\"potentialAction\":[{\"@type\":\"SearchAction\",\"target\":{\"@type\":\"EntryPoint\",\"urlTemplate\":\"https:\/\/www.naturparkmagazin.de\/schwaebisch-fraenkischer-wald\/?s={search_term_string}\"},\"query-input\":\"required name=search_term_string\"}],\"inLanguage\":\"de\"},{\"@type\":\"Person\",\"@id\":\"https:\/\/www.naturparkmagazin.de\/schwaebisch-fraenkischer-wald\/#\/schema\/person\/f047a3702ae747fd7830cf8ac95e6066\",\"name\":\"Naturpark-Team\",\"sameAs\":[\"http:\/\/www.naturpark-sfw.de\",\"https:\/\/www.facebook.com\/naturparkSFW\"],\"url\":\"https:\/\/www.naturparkmagazin.de\/schwaebisch-fraenkischer-wald\/author\/bernharddrixler\/\"}]}<\/script>\n<!-- \/ Yoast SEO plugin. -->","yoast_head_json":{"title":"Ausflugsrezept: Vom Remstal hinein in den Schw\u00e4bischen Wald - Naturpark Schw\u00e4bisch-Fr\u00e4nkischer Wald","robots":{"index":"index","follow":"follow","max-snippet":"max-snippet:-1","max-image-preview":"max-image-preview:large","max-video-preview":"max-video-preview:-1"},"canonical":"https:\/\/www.naturparkmagazin.de\/schwaebisch-fraenkischer-wald\/ausflugsrezept-vom-remstal-hinein-in-den-schwaebischen-wald\/","og_locale":"de_DE","og_type":"article","og_title":"Ausflugsrezept: Vom Remstal hinein in den Schw\u00e4bischen Wald - Naturpark Schw\u00e4bisch-Fr\u00e4nkischer Wald","og_description":"Man nehme einen guten Sonntag, eine bequeme Anreise mit Bus oder Bahn und einen sch\u00f6nen Streckenverlauf. Fertig ist das perfekte Ausflugsrezept!","og_url":"https:\/\/www.naturparkmagazin.de\/schwaebisch-fraenkischer-wald\/ausflugsrezept-vom-remstal-hinein-in-den-schwaebischen-wald\/","og_site_name":"Naturpark Schw\u00e4bisch-Fr\u00e4nkischer Wald","article_author":"https:\/\/www.facebook.com\/naturparkSFW","article_published_time":"2021-07-15T09:36:40+00:00","article_modified_time":"2021-07-22T06:33:21+00:00","og_image":[{"width":200,"height":200,"url":"https:\/\/www.naturparkmagazin.de\/schwaebisch-fraenkischer-wald\/wp-content\/uploads\/sites\/34\/210708_Aktivitaet_Ausflugsrezept_200x200.jpg","type":"image\/jpeg"}],"author":"Naturpark-Team","twitter_misc":{"Verfasst von":"Naturpark-Team","Gesch\u00e4tzte Lesezeit":"1\u00a0Minute"},"schema":{"@context":"https:\/\/schema.org","@graph":[{"@type":"WebPage","@id":"https:\/\/www.naturparkmagazin.de\/schwaebisch-fraenkischer-wald\/ausflugsrezept-vom-remstal-hinein-in-den-schwaebischen-wald\/","url":"https:\/\/www.naturparkmagazin.de\/schwaebisch-fraenkischer-wald\/ausflugsrezept-vom-remstal-hinein-in-den-schwaebischen-wald\/","name":"Ausflugsrezept: Vom Remstal hinein in den Schw\u00e4bischen Wald - Naturpark Schw\u00e4bisch-Fr\u00e4nkischer Wald","isPartOf":{"@id":"https:\/\/www.naturparkmagazin.de\/schwaebisch-fraenkischer-wald\/#website"},"datePublished":"2021-07-15T09:36:40+00:00","dateModified":"2021-07-22T06:33:21+00:00","author":{"@id":"https:\/\/www.naturparkmagazin.de\/schwaebisch-fraenkischer-wald\/#\/schema\/person\/f047a3702ae747fd7830cf8ac95e6066"},"breadcrumb":{"@id":"https:\/\/www.naturparkmagazin.de\/schwaebisch-fraenkischer-wald\/ausflugsrezept-vom-remstal-hinein-in-den-schwaebischen-wald\/#breadcrumb"},"inLanguage":"de","potentialAction":[{"@type":"ReadAction","target":["https:\/\/www.naturparkmagazin.de\/schwaebisch-fraenkischer-wald\/ausflugsrezept-vom-remstal-hinein-in-den-schwaebischen-wald\/"]}]},{"@type":"BreadcrumbList","@id":"https:\/\/www.naturparkmagazin.de\/schwaebisch-fraenkischer-wald\/ausflugsrezept-vom-remstal-hinein-in-den-schwaebischen-wald\/#breadcrumb","itemListElement":[{"@type":"ListItem","position":1,"name":"Home","item":"https:\/\/www.naturparkmagazin.de\/schwaebisch-fraenkischer-wald\/"},{"@type":"ListItem","position":2,"name":"Ausflugsrezept: Vom Remstal hinein in den Schw\u00e4bischen Wald"}]},{"@type":"WebSite","@id":"https:\/\/www.naturparkmagazin.de\/schwaebisch-fraenkischer-wald\/#website","url":"https:\/\/www.naturparkmagazin.de\/schwaebisch-fraenkischer-wald\/","name":"Naturpark Schw\u00e4bisch-Fr\u00e4nkischer Wald","description":"","potentialAction":[{"@type":"SearchAction","target":{"@type":"EntryPoint","urlTemplate":"https:\/\/www.naturparkmagazin.de\/schwaebisch-fraenkischer-wald\/?s={search_term_string}"},"query-input":"required name=search_term_string"}],"inLanguage":"de"},{"@type":"Person","@id":"https:\/\/www.naturparkmagazin.de\/schwaebisch-fraenkischer-wald\/#\/schema\/person\/f047a3702ae747fd7830cf8ac95e6066","name":"Naturpark-Team","sameAs":["http:\/\/www.naturpark-sfw.de","https:\/\/www.facebook.com\/naturparkSFW"],"url":"https:\/\/www.naturparkmagazin.de\/schwaebisch-fraenkischer-wald\/author\/bernharddrixler\/"}]}},"_links":{"self":[{"href":"https:\/\/www.naturparkmagazin.de\/schwaebisch-fraenkischer-wald\/wp-json\/wp\/v2\/posts\/10215"}],"collection":[{"href":"https:\/\/www.naturparkmagazin.de\/schwaebisch-fraenkischer-wald\/wp-json\/wp\/v2\/posts"}],"about":[{"href":"https:\/\/www.naturparkmagazin.de\/schwaebisch-fraenkischer-wald\/wp-json\/wp\/v2\/types\/post"}],"author":[{"embeddable":true,"href":"https:\/\/www.naturparkmagazin.de\/schwaebisch-fraenkischer-wald\/wp-json\/wp\/v2\/users\/25"}],"replies":[{"embeddable":true,"href":"https:\/\/www.naturparkmagazin.de\/schwaebisch-fraenkischer-wald\/wp-json\/wp\/v2\/comments?post=10215"}],"version-history":[{"count":6,"href":"https:\/\/www.naturparkmagazin.de\/schwaebisch-fraenkischer-wald\/wp-json\/wp\/v2\/posts\/10215\/revisions"}],"predecessor-version":[{"id":10286,"href":"https:\/\/www.naturparkmagazin.de\/schwaebisch-fraenkischer-wald\/wp-json\/wp\/v2\/posts\/10215\/revisions\/10286"}],"wp:featuredmedia":[{"embeddable":true,"href":"https:\/\/www.naturparkmagazin.de\/schwaebisch-fraenkischer-wald\/wp-json\/wp\/v2\/media\/10231"}],"wp:attachment":[{"href":"https:\/\/www.naturparkmagazin.de\/schwaebisch-fraenkischer-wald\/wp-json\/wp\/v2\/media?parent=10215"}],"wp:term":[{"taxonomy":"category","embeddable":true,"href":"https:\/\/www.naturparkmagazin.de\/schwaebisch-fraenkischer-wald\/wp-json\/wp\/v2\/categories?post=10215"},{"taxonomy":"post_tag","embeddable":true,"href":"https:\/\/www.naturparkmagazin.de\/schwaebisch-fraenkischer-wald\/wp-json\/wp\/v2\/tags?post=10215"}],"curies":[{"name":"wp","href":"https:\/\/api.w.org\/{rel}","templated":true}]}}