{"id":10217,"date":"2021-07-15T11:46:57","date_gmt":"2021-07-15T09:46:57","guid":{"rendered":"https:\/\/www.naturparkmagazin.de\/schwaebisch-fraenkischer-wald\/?p=10217"},"modified":"2021-07-22T08:41:17","modified_gmt":"2021-07-22T06:41:17","slug":"wandern-auf-dem-schwaebischen-wald-weg","status":"publish","type":"post","link":"https:\/\/www.naturparkmagazin.de\/schwaebisch-fraenkischer-wald\/wandern-auf-dem-schwaebischen-wald-weg\/","title":{"rendered":"Wandern auf dem Schw\u00e4bischen Wald Weg"},"content":{"rendered":"<p>Die Sch\u00f6nheiten des Naturparks erwandern und das zu Fu\u00df? Das ist m\u00f6glich auf dem Schw\u00e4bischen Waldweg, einem mehrt\u00e4tigen Wanderweg der Sie quer durch das n\u00f6rdliche Naturparkgebiet f\u00fchrt.<\/p>\n<div id=\"attachment_10227\" style=\"width: 296px\" class=\"wp-caption alignright\"><a href=\"https:\/\/www.naturparkmagazin.de\/schwaebisch-fraenkischer-wald\/wp-content\/uploads\/sites\/34\/210708_SchwaebischerWaldWeg_Titel_Broschuere_Artikelbild_300x500.jpg\"><img aria-describedby=\"caption-attachment-10227\" decoding=\"async\" loading=\"lazy\" class=\"size-full wp-image-10227\" src=\"https:\/\/www.naturparkmagazin.de\/schwaebisch-fraenkischer-wald\/wp-content\/uploads\/sites\/34\/210708_SchwaebischerWaldWeg_Titel_Broschuere_Artikelbild_300x500.jpg\" alt=\"\u00a9 Naturpark SFW Archiv\" width=\"286\" height=\"650\" srcset=\"https:\/\/www.naturparkmagazin.de\/schwaebisch-fraenkischer-wald\/wp-content\/uploads\/sites\/34\/210708_SchwaebischerWaldWeg_Titel_Broschuere_Artikelbild_300x500.jpg 286w, https:\/\/www.naturparkmagazin.de\/schwaebisch-fraenkischer-wald\/wp-content\/uploads\/sites\/34\/210708_SchwaebischerWaldWeg_Titel_Broschuere_Artikelbild_300x500-200x455.jpg 200w\" sizes=\"(max-width: 286px) 100vw, 286px\" \/><\/a><p id=\"caption-attachment-10227\" class=\"wp-caption-text\">\u00a9 Naturpark SFW Archiv<\/p><\/div>\n<p>Der Schw\u00e4bische Wald Weg besitzt eine Gesamtl\u00e4nge von 84 km und kann abh\u00e4ngig der Etappenl\u00e4ngen in 3-5 Tagen erwandert werden. Start- und Endpunkt der Mehrtageswanderung ist Murrhardt. Dort l\u00e4dt das <a href=\"https:\/\/www.carl-schweizer-museum.de\/\">Carl-Schweizer-Museum<\/a> ein, die regionale Kulturgeschichte zu erleben. Und auch weitere Entdeckungen, wie das r\u00f6mische Kastellbad oder der R\u00f6mersee, lassen die vergangene Geschichte der Region lebendig werden.<\/p>\n<p>In <a href=\"https:\/\/www.murrhardt.de\/willkommen\">Murrhardt<\/a> startet die Wanderung am Bahnhof und verl\u00e4uft zun\u00e4chst entlang des alten Limes durch den Schw\u00e4bischen Wald bis nach Grab. Stellenweise lassen sich Graben- und Wall-Strukturen der fr\u00fcheren Grenzanlagen in der Landschaft erkennen und \u00dcberreste von Wacht\u00fcrmen geben einen Eindruck fr\u00fcherer Zeiten. Von Grab \u00fcber Mainhardt geht es nun weiter \u00fcber landschaftlich reizvolle Pfade auf die H\u00f6hen des Schw\u00e4bischen Waldes. Wer eine Abwechslung zur Wanderung m\u00f6chte kann in Mainhardt ein R\u00f6mermuseum und einen nachgebauten Grenzabschnitt des Limes besichtigen.<\/p>\n<p>Weiter geht es nun in Richtung W\u00fcstenrot. Um 1770 trieb hier den Erz\u00e4hlungen nach ein R\u00e4uber sein Unwesen. Also schnell weiter, vorbei an den R\u00e4ubernestern G\u00f6gelhof und Ammertsweiler und lieber einen Sprung ins kalte Nass des Finsterroter Sees wagen. An hei\u00dfen Tagen l\u00e4dt der See auf dieser Wanderstrecke zu einer Abk\u00fchlung ein.<\/p>\n<p>Ein Silberstollen wartet dann in W\u00fcstenrot. Er kann zu den regul\u00e4ren \u00d6ffnungszeiten besichtigt werden, ein Silberfund wurde zwar immer erhofft aber gefunden wurde nichts au\u00dfer ein wenig Kupfer. Nun geht es durch die wildromantische Bodenwaldschlucht und die H\u00fcttenwaldschlucht in Richtung Spiegelberg. Auf dem n\u00e4chsten Etappenabschnitt warten mehrere Burgen und Schl\u00f6sser, wie die Burg Reichenberg und das Wasserschloss, sowie das Sulzbacher Schloss.<\/p>\n<p>Die letzte Etappe f\u00fchrt \u00fcber den Eschelhof zur\u00fcck nach Murrhardt, wo die bekannte H\u00f6rschbachschlucht als Abschluss auf den Wanderer wartet. In Murrhardt k\u00f6nnen alle Eindr\u00fccke der vergangenen Tage nun bei einem Caf\u00e9, einem Kuchen oder einem leckeren schw\u00e4bischen Gericht Revue passiert werden lassen.<\/p>\n<p><strong>Alle Etappen in der \u00dcbersicht:<\/strong><\/p>\n<p>Etappe 1\nStreckenl\u00e4nge: 11 km\nStart- und Endpunkt: Murrhardt \u2013 Gro\u00dferlach<\/p>\n<p>Etappe 2\nStreckenl\u00e4nge: 20km\nStart- und Endpunkt: Schweizerhof \u2013 Mainhardt<\/p>\n<p>Etappe 3\nStreckenl\u00e4nge: 15km\nStart- und Endpunkt: Mainhardt \u2013 W\u00fcstenrot\/ Vorderb\u00fcchelberg<\/p>\n<p>Etappe 4\nStreckenl\u00e4nge: 27km\nStart- und Endpunkt: Vorderb\u00fcchelberg \u2013 Sulzbach an der Murr<\/p>\n<p>Etappe 5\nStreckenl\u00e4nge: 12 km\nStart- und Endpunkt: Sulzbach an der Murr \u2013 Murrhardt<\/p>\n<p>\u00dcbernachtungs- und Einkehrm\u00f6glichkeiten finden Sie in der zugeh\u00f6rigen Brosch\u00fcre. Diese erhalten Sie bequem \u00fcber die <a href=\"https:\/\/www.naturpark-sfw.de\/informieren\/broschueren-bestellung\/\">Brosch\u00fcrenbestellung <\/a>des Naturparks. Und auch auf der <a href=\"https:\/\/www.schwaebischerwald.com\/\">Homepage der Tourismusgemeinschaft Schw\u00e4bischer Wald<\/a> finden sie weitere Informationen.<\/p>\n<p>\u00dcbrigens: Der Schw\u00e4bisch Wald Weg kann auch in Tagesetappen erwandert werden. An Sonn- und Feiertagen sind der <a href=\"http:\/\/www.raeuberbus.de\">R\u00e4uberbus <\/a>und der <a href=\"http:\/\/www.limesbus.de\">Limesbus <\/a>in vielen Teilstrecken unterwegs und bringen Sie zur\u00fcck zu Ihrem Startpunkt.<\/p>\n","protected":false},"excerpt":{"rendered":"<p>Die Sch\u00f6nheiten des Naturparks erwandern und das zu Fu\u00df? Das ist m\u00f6glich auf dem Schw\u00e4bischen Waldweg, einem mehrt\u00e4tigen Wanderweg der Sie quer durch das n\u00f6rdliche Naturparkgebiet f\u00fchrt.<\/p>\n","protected":false},"author":25,"featured_media":10225,"comment_status":"open","ping_status":"open","sticky":false,"template":"","format":"standard","meta":[],"categories":[617],"tags":[],"yoast_head":"<!-- This site is optimized with the Yoast SEO plugin v19.10 - https:\/\/yoast.com\/wordpress\/plugins\/seo\/ -->\n<title>Wandern auf dem Schw\u00e4bischen Wald Weg - Naturpark Schw\u00e4bisch-Fr\u00e4nkischer Wald<\/title>\n<meta name=\"robots\" content=\"index, follow, max-snippet:-1, max-image-preview:large, max-video-preview:-1\" \/>\n<link rel=\"canonical\" href=\"https:\/\/www.naturparkmagazin.de\/schwaebisch-fraenkischer-wald\/wandern-auf-dem-schwaebischen-wald-weg\/\" \/>\n<meta property=\"og:locale\" content=\"de_DE\" \/>\n<meta property=\"og:type\" content=\"article\" \/>\n<meta property=\"og:title\" content=\"Wandern auf dem Schw\u00e4bischen Wald Weg - Naturpark Schw\u00e4bisch-Fr\u00e4nkischer Wald\" \/>\n<meta property=\"og:description\" content=\"Die Sch\u00f6nheiten des Naturparks erwandern und das zu Fu\u00df? Das ist m\u00f6glich auf dem Schw\u00e4bischen Waldweg, einem mehrt\u00e4tigen Wanderweg der Sie quer durch das n\u00f6rdliche Naturparkgebiet f\u00fchrt.\" \/>\n<meta property=\"og:url\" content=\"https:\/\/www.naturparkmagazin.de\/schwaebisch-fraenkischer-wald\/wandern-auf-dem-schwaebischen-wald-weg\/\" \/>\n<meta property=\"og:site_name\" content=\"Naturpark Schw\u00e4bisch-Fr\u00e4nkischer Wald\" \/>\n<meta property=\"article:author\" content=\"https:\/\/www.facebook.com\/naturparkSFW\" \/>\n<meta property=\"article:published_time\" content=\"2021-07-15T09:46:57+00:00\" \/>\n<meta property=\"article:modified_time\" content=\"2021-07-22T06:41:17+00:00\" \/>\n<meta property=\"og:image\" content=\"https:\/\/www.naturparkmagazin.de\/schwaebisch-fraenkischer-wald\/wp-content\/uploads\/sites\/34\/210708_SchwaebischerWaldWeg_Titel_Broschuere_200x200.jpg\" \/>\n\t<meta property=\"og:image:width\" content=\"200\" \/>\n\t<meta property=\"og:image:height\" content=\"200\" \/>\n\t<meta property=\"og:image:type\" content=\"image\/jpeg\" \/>\n<meta name=\"author\" content=\"Naturpark-Team\" \/>\n<meta name=\"twitter:label1\" content=\"Verfasst von\" \/>\n\t<meta name=\"twitter:data1\" content=\"Naturpark-Team\" \/>\n\t<meta name=\"twitter:label2\" content=\"Gesch\u00e4tzte Lesezeit\" \/>\n\t<meta name=\"twitter:data2\" content=\"3\u00a0Minuten\" \/>\n<script type=\"application\/ld+json\" class=\"yoast-schema-graph\">{\"@context\":\"https:\/\/schema.org\",\"@graph\":[{\"@type\":\"WebPage\",\"@id\":\"https:\/\/www.naturparkmagazin.de\/schwaebisch-fraenkischer-wald\/wandern-auf-dem-schwaebischen-wald-weg\/\",\"url\":\"https:\/\/www.naturparkmagazin.de\/schwaebisch-fraenkischer-wald\/wandern-auf-dem-schwaebischen-wald-weg\/\",\"name\":\"Wandern auf dem Schw\u00e4bischen Wald Weg - Naturpark Schw\u00e4bisch-Fr\u00e4nkischer Wald\",\"isPartOf\":{\"@id\":\"https:\/\/www.naturparkmagazin.de\/schwaebisch-fraenkischer-wald\/#website\"},\"datePublished\":\"2021-07-15T09:46:57+00:00\",\"dateModified\":\"2021-07-22T06:41:17+00:00\",\"author\":{\"@id\":\"https:\/\/www.naturparkmagazin.de\/schwaebisch-fraenkischer-wald\/#\/schema\/person\/f047a3702ae747fd7830cf8ac95e6066\"},\"breadcrumb\":{\"@id\":\"https:\/\/www.naturparkmagazin.de\/schwaebisch-fraenkischer-wald\/wandern-auf-dem-schwaebischen-wald-weg\/#breadcrumb\"},\"inLanguage\":\"de\",\"potentialAction\":[{\"@type\":\"ReadAction\",\"target\":[\"https:\/\/www.naturparkmagazin.de\/schwaebisch-fraenkischer-wald\/wandern-auf-dem-schwaebischen-wald-weg\/\"]}]},{\"@type\":\"BreadcrumbList\",\"@id\":\"https:\/\/www.naturparkmagazin.de\/schwaebisch-fraenkischer-wald\/wandern-auf-dem-schwaebischen-wald-weg\/#breadcrumb\",\"itemListElement\":[{\"@type\":\"ListItem\",\"position\":1,\"name\":\"Home\",\"item\":\"https:\/\/www.naturparkmagazin.de\/schwaebisch-fraenkischer-wald\/\"},{\"@type\":\"ListItem\",\"position\":2,\"name\":\"Wandern auf dem Schw\u00e4bischen Wald Weg\"}]},{\"@type\":\"WebSite\",\"@id\":\"https:\/\/www.naturparkmagazin.de\/schwaebisch-fraenkischer-wald\/#website\",\"url\":\"https:\/\/www.naturparkmagazin.de\/schwaebisch-fraenkischer-wald\/\",\"name\":\"Naturpark Schw\u00e4bisch-Fr\u00e4nkischer Wald\",\"description\":\"\",\"potentialAction\":[{\"@type\":\"SearchAction\",\"target\":{\"@type\":\"EntryPoint\",\"urlTemplate\":\"https:\/\/www.naturparkmagazin.de\/schwaebisch-fraenkischer-wald\/?s={search_term_string}\"},\"query-input\":\"required name=search_term_string\"}],\"inLanguage\":\"de\"},{\"@type\":\"Person\",\"@id\":\"https:\/\/www.naturparkmagazin.de\/schwaebisch-fraenkischer-wald\/#\/schema\/person\/f047a3702ae747fd7830cf8ac95e6066\",\"name\":\"Naturpark-Team\",\"sameAs\":[\"http:\/\/www.naturpark-sfw.de\",\"https:\/\/www.facebook.com\/naturparkSFW\"],\"url\":\"https:\/\/www.naturparkmagazin.de\/schwaebisch-fraenkischer-wald\/author\/bernharddrixler\/\"}]}<\/script>\n<!-- \/ Yoast SEO plugin. -->","yoast_head_json":{"title":"Wandern auf dem Schw\u00e4bischen Wald Weg - Naturpark Schw\u00e4bisch-Fr\u00e4nkischer Wald","robots":{"index":"index","follow":"follow","max-snippet":"max-snippet:-1","max-image-preview":"max-image-preview:large","max-video-preview":"max-video-preview:-1"},"canonical":"https:\/\/www.naturparkmagazin.de\/schwaebisch-fraenkischer-wald\/wandern-auf-dem-schwaebischen-wald-weg\/","og_locale":"de_DE","og_type":"article","og_title":"Wandern auf dem Schw\u00e4bischen Wald Weg - Naturpark Schw\u00e4bisch-Fr\u00e4nkischer Wald","og_description":"Die Sch\u00f6nheiten des Naturparks erwandern und das zu Fu\u00df? Das ist m\u00f6glich auf dem Schw\u00e4bischen Waldweg, einem mehrt\u00e4tigen Wanderweg der Sie quer durch das n\u00f6rdliche Naturparkgebiet f\u00fchrt.","og_url":"https:\/\/www.naturparkmagazin.de\/schwaebisch-fraenkischer-wald\/wandern-auf-dem-schwaebischen-wald-weg\/","og_site_name":"Naturpark Schw\u00e4bisch-Fr\u00e4nkischer Wald","article_author":"https:\/\/www.facebook.com\/naturparkSFW","article_published_time":"2021-07-15T09:46:57+00:00","article_modified_time":"2021-07-22T06:41:17+00:00","og_image":[{"width":200,"height":200,"url":"https:\/\/www.naturparkmagazin.de\/schwaebisch-fraenkischer-wald\/wp-content\/uploads\/sites\/34\/210708_SchwaebischerWaldWeg_Titel_Broschuere_200x200.jpg","type":"image\/jpeg"}],"author":"Naturpark-Team","twitter_misc":{"Verfasst von":"Naturpark-Team","Gesch\u00e4tzte Lesezeit":"3\u00a0Minuten"},"schema":{"@context":"https:\/\/schema.org","@graph":[{"@type":"WebPage","@id":"https:\/\/www.naturparkmagazin.de\/schwaebisch-fraenkischer-wald\/wandern-auf-dem-schwaebischen-wald-weg\/","url":"https:\/\/www.naturparkmagazin.de\/schwaebisch-fraenkischer-wald\/wandern-auf-dem-schwaebischen-wald-weg\/","name":"Wandern auf dem Schw\u00e4bischen Wald Weg - Naturpark Schw\u00e4bisch-Fr\u00e4nkischer Wald","isPartOf":{"@id":"https:\/\/www.naturparkmagazin.de\/schwaebisch-fraenkischer-wald\/#website"},"datePublished":"2021-07-15T09:46:57+00:00","dateModified":"2021-07-22T06:41:17+00:00","author":{"@id":"https:\/\/www.naturparkmagazin.de\/schwaebisch-fraenkischer-wald\/#\/schema\/person\/f047a3702ae747fd7830cf8ac95e6066"},"breadcrumb":{"@id":"https:\/\/www.naturparkmagazin.de\/schwaebisch-fraenkischer-wald\/wandern-auf-dem-schwaebischen-wald-weg\/#breadcrumb"},"inLanguage":"de","potentialAction":[{"@type":"ReadAction","target":["https:\/\/www.naturparkmagazin.de\/schwaebisch-fraenkischer-wald\/wandern-auf-dem-schwaebischen-wald-weg\/"]}]},{"@type":"BreadcrumbList","@id":"https:\/\/www.naturparkmagazin.de\/schwaebisch-fraenkischer-wald\/wandern-auf-dem-schwaebischen-wald-weg\/#breadcrumb","itemListElement":[{"@type":"ListItem","position":1,"name":"Home","item":"https:\/\/www.naturparkmagazin.de\/schwaebisch-fraenkischer-wald\/"},{"@type":"ListItem","position":2,"name":"Wandern auf dem Schw\u00e4bischen Wald Weg"}]},{"@type":"WebSite","@id":"https:\/\/www.naturparkmagazin.de\/schwaebisch-fraenkischer-wald\/#website","url":"https:\/\/www.naturparkmagazin.de\/schwaebisch-fraenkischer-wald\/","name":"Naturpark Schw\u00e4bisch-Fr\u00e4nkischer Wald","description":"","potentialAction":[{"@type":"SearchAction","target":{"@type":"EntryPoint","urlTemplate":"https:\/\/www.naturparkmagazin.de\/schwaebisch-fraenkischer-wald\/?s={search_term_string}"},"query-input":"required name=search_term_string"}],"inLanguage":"de"},{"@type":"Person","@id":"https:\/\/www.naturparkmagazin.de\/schwaebisch-fraenkischer-wald\/#\/schema\/person\/f047a3702ae747fd7830cf8ac95e6066","name":"Naturpark-Team","sameAs":["http:\/\/www.naturpark-sfw.de","https:\/\/www.facebook.com\/naturparkSFW"],"url":"https:\/\/www.naturparkmagazin.de\/schwaebisch-fraenkischer-wald\/author\/bernharddrixler\/"}]}},"_links":{"self":[{"href":"https:\/\/www.naturparkmagazin.de\/schwaebisch-fraenkischer-wald\/wp-json\/wp\/v2\/posts\/10217"}],"collection":[{"href":"https:\/\/www.naturparkmagazin.de\/schwaebisch-fraenkischer-wald\/wp-json\/wp\/v2\/posts"}],"about":[{"href":"https:\/\/www.naturparkmagazin.de\/schwaebisch-fraenkischer-wald\/wp-json\/wp\/v2\/types\/post"}],"author":[{"embeddable":true,"href":"https:\/\/www.naturparkmagazin.de\/schwaebisch-fraenkischer-wald\/wp-json\/wp\/v2\/users\/25"}],"replies":[{"embeddable":true,"href":"https:\/\/www.naturparkmagazin.de\/schwaebisch-fraenkischer-wald\/wp-json\/wp\/v2\/comments?post=10217"}],"version-history":[{"count":6,"href":"https:\/\/www.naturparkmagazin.de\/schwaebisch-fraenkischer-wald\/wp-json\/wp\/v2\/posts\/10217\/revisions"}],"predecessor-version":[{"id":10287,"href":"https:\/\/www.naturparkmagazin.de\/schwaebisch-fraenkischer-wald\/wp-json\/wp\/v2\/posts\/10217\/revisions\/10287"}],"wp:featuredmedia":[{"embeddable":true,"href":"https:\/\/www.naturparkmagazin.de\/schwaebisch-fraenkischer-wald\/wp-json\/wp\/v2\/media\/10225"}],"wp:attachment":[{"href":"https:\/\/www.naturparkmagazin.de\/schwaebisch-fraenkischer-wald\/wp-json\/wp\/v2\/media?parent=10217"}],"wp:term":[{"taxonomy":"category","embeddable":true,"href":"https:\/\/www.naturparkmagazin.de\/schwaebisch-fraenkischer-wald\/wp-json\/wp\/v2\/categories?post=10217"},{"taxonomy":"post_tag","embeddable":true,"href":"https:\/\/www.naturparkmagazin.de\/schwaebisch-fraenkischer-wald\/wp-json\/wp\/v2\/tags?post=10217"}],"curies":[{"name":"wp","href":"https:\/\/api.w.org\/{rel}","templated":true}]}}