{"id":1024,"date":"2014-09-19T12:05:24","date_gmt":"2014-09-19T10:05:24","guid":{"rendered":"http:\/\/www.naturparkmagazin.de\/schwaebisch-fraenkischer-wald\/?p=1024"},"modified":"2014-09-29T13:04:48","modified_gmt":"2014-09-29T11:04:48","slug":"naturpark-aktiv-unterwegs-mit-den-naturparkfuehrern-5","status":"publish","type":"post","link":"https:\/\/www.naturparkmagazin.de\/schwaebisch-fraenkischer-wald\/naturpark-aktiv-unterwegs-mit-den-naturparkfuehrern-5\/","title":{"rendered":"Naturpark aktiv &#8211; unterwegs mit Naturparkf\u00fchrerin Eva Rombach"},"content":{"rendered":"<p>Sonntag, 5. Oktober<\/p>\n<p><strong>Entdecken und genie\u00dfen &#8211; \u00c4pfel und mehr<\/strong><\/p>\n<div id=\"attachment_997\" style=\"width: 310px\" class=\"wp-caption alignright\"><a href=\"https:\/\/www.naturparkmagazin.de\/schwaebisch-fraenkischer-wald\/wp-content\/uploads\/sites\/34\/141005_rombach.jpg\"><img aria-describedby=\"caption-attachment-997\" decoding=\"async\" loading=\"lazy\" class=\"size-thumbnail wp-image-997\" alt=\"Gef\u00fchrte Wanderung mit Naturparkf\u00fchrerin Eva Rombach\" src=\"https:\/\/www.naturparkmagazin.de\/schwaebisch-fraenkischer-wald\/wp-content\/uploads\/sites\/34\/141005_rombach-300x224.jpg\" width=\"300\" height=\"224\" \/><\/a><p id=\"caption-attachment-997\" class=\"wp-caption-text\">Gef\u00fchrte Wanderung mit Naturparkf\u00fchrerin Eva Rombach<\/p><\/div>\n<p>&nbsp;<\/p>\n<p>Auf der Familienwanderung am Urbacher Bergrutsch und durch die Streuobstwiesen des Vogelschutzgebiets begeben wir uns auf eine Zeitreise durch Jahrmillionen der Erdgeschichte und erfahren etwas \u00fcber die Entstehung dieser einzigartigen Landschaft. Zu genie\u00dfen gibt es neben sch\u00f6nen Ausblicken allerlei \u00c4pfel in fester und fl\u00fcssiger Form, au\u00dferdem kernige und mystische Geschichten zu der Paradiesfrucht. Zum Abschluss darf jeder beim Pressen mit Hand anlegen.<\/p>\n<p>Naturparkf\u00fchrerin Eva Rombach erwartet Sie um 14 Uhr in Urbach am Waldparkplatz Hagsteige, 1 km oberhalb des Freibads. Die Wanderung dauert ca. 3 Std. und kostet 7 \u20ac p. P. inkl. Apfel- und Saftproben, f\u00fcr Kinder nur 2 \u20ac. Die Strecke ist nicht kinderwagentauglich. Anmeldung nicht erforderlich. Weitere Infos unter: Telefon 07181-994738, oder E-Mail an <a href=\"mailto:rombach@die-naturparkfuehrer.de\" target=\"_blank\">rombach@die-naturparkfuehrer.de<\/a><\/p>\n<p>&nbsp;<\/p>\n<p>&nbsp;<\/p>\n","protected":false},"excerpt":{"rendered":"<p>05.10.: Familienwanderung am Urbacher Bergrutsch und durch die Streuobstwiesen des Vogelschutzgebiets.<\/p>\n","protected":false},"author":25,"featured_media":997,"comment_status":"open","ping_status":"open","sticky":false,"template":"","format":"standard","meta":[],"categories":[11],"tags":[],"yoast_head":"<!-- This site is optimized with the Yoast SEO plugin v19.10 - https:\/\/yoast.com\/wordpress\/plugins\/seo\/ -->\n<title>Naturpark aktiv - unterwegs mit Naturparkf\u00fchrerin Eva Rombach - Naturpark Schw\u00e4bisch-Fr\u00e4nkischer Wald<\/title>\n<meta name=\"robots\" content=\"index, follow, max-snippet:-1, max-image-preview:large, max-video-preview:-1\" \/>\n<link rel=\"canonical\" href=\"https:\/\/www.naturparkmagazin.de\/schwaebisch-fraenkischer-wald\/naturpark-aktiv-unterwegs-mit-den-naturparkfuehrern-5\/\" \/>\n<meta property=\"og:locale\" content=\"de_DE\" \/>\n<meta property=\"og:type\" content=\"article\" \/>\n<meta property=\"og:title\" content=\"Naturpark aktiv - unterwegs mit Naturparkf\u00fchrerin Eva Rombach - Naturpark Schw\u00e4bisch-Fr\u00e4nkischer Wald\" \/>\n<meta property=\"og:description\" content=\"05.10.: Familienwanderung am Urbacher Bergrutsch und durch die Streuobstwiesen des Vogelschutzgebiets.\" \/>\n<meta property=\"og:url\" content=\"https:\/\/www.naturparkmagazin.de\/schwaebisch-fraenkischer-wald\/naturpark-aktiv-unterwegs-mit-den-naturparkfuehrern-5\/\" \/>\n<meta property=\"og:site_name\" content=\"Naturpark Schw\u00e4bisch-Fr\u00e4nkischer Wald\" \/>\n<meta property=\"article:author\" content=\"https:\/\/www.facebook.com\/naturparkSFW\" \/>\n<meta property=\"article:published_time\" content=\"2014-09-19T10:05:24+00:00\" \/>\n<meta property=\"article:modified_time\" content=\"2014-09-29T11:04:48+00:00\" \/>\n<meta property=\"og:image\" content=\"https:\/\/www.naturparkmagazin.de\/schwaebisch-fraenkischer-wald\/wp-content\/uploads\/sites\/34\/141005_rombach.jpg\" \/>\n\t<meta property=\"og:image:width\" content=\"667\" \/>\n\t<meta property=\"og:image:height\" content=\"500\" \/>\n\t<meta property=\"og:image:type\" content=\"image\/jpeg\" \/>\n<meta name=\"author\" content=\"Naturpark-Team\" \/>\n<meta name=\"twitter:label1\" content=\"Verfasst von\" \/>\n\t<meta name=\"twitter:data1\" content=\"Naturpark-Team\" \/>\n\t<meta name=\"twitter:label2\" content=\"Gesch\u00e4tzte Lesezeit\" \/>\n\t<meta name=\"twitter:data2\" content=\"1\u00a0Minute\" \/>\n<script type=\"application\/ld+json\" class=\"yoast-schema-graph\">{\"@context\":\"https:\/\/schema.org\",\"@graph\":[{\"@type\":\"WebPage\",\"@id\":\"https:\/\/www.naturparkmagazin.de\/schwaebisch-fraenkischer-wald\/naturpark-aktiv-unterwegs-mit-den-naturparkfuehrern-5\/\",\"url\":\"https:\/\/www.naturparkmagazin.de\/schwaebisch-fraenkischer-wald\/naturpark-aktiv-unterwegs-mit-den-naturparkfuehrern-5\/\",\"name\":\"Naturpark aktiv - unterwegs mit Naturparkf\u00fchrerin Eva Rombach - Naturpark Schw\u00e4bisch-Fr\u00e4nkischer Wald\",\"isPartOf\":{\"@id\":\"https:\/\/www.naturparkmagazin.de\/schwaebisch-fraenkischer-wald\/#website\"},\"datePublished\":\"2014-09-19T10:05:24+00:00\",\"dateModified\":\"2014-09-29T11:04:48+00:00\",\"author\":{\"@id\":\"https:\/\/www.naturparkmagazin.de\/schwaebisch-fraenkischer-wald\/#\/schema\/person\/f047a3702ae747fd7830cf8ac95e6066\"},\"breadcrumb\":{\"@id\":\"https:\/\/www.naturparkmagazin.de\/schwaebisch-fraenkischer-wald\/naturpark-aktiv-unterwegs-mit-den-naturparkfuehrern-5\/#breadcrumb\"},\"inLanguage\":\"de\",\"potentialAction\":[{\"@type\":\"ReadAction\",\"target\":[\"https:\/\/www.naturparkmagazin.de\/schwaebisch-fraenkischer-wald\/naturpark-aktiv-unterwegs-mit-den-naturparkfuehrern-5\/\"]}]},{\"@type\":\"BreadcrumbList\",\"@id\":\"https:\/\/www.naturparkmagazin.de\/schwaebisch-fraenkischer-wald\/naturpark-aktiv-unterwegs-mit-den-naturparkfuehrern-5\/#breadcrumb\",\"itemListElement\":[{\"@type\":\"ListItem\",\"position\":1,\"name\":\"Home\",\"item\":\"https:\/\/www.naturparkmagazin.de\/schwaebisch-fraenkischer-wald\/\"},{\"@type\":\"ListItem\",\"position\":2,\"name\":\"Naturpark aktiv &#8211; unterwegs mit Naturparkf\u00fchrerin Eva Rombach\"}]},{\"@type\":\"WebSite\",\"@id\":\"https:\/\/www.naturparkmagazin.de\/schwaebisch-fraenkischer-wald\/#website\",\"url\":\"https:\/\/www.naturparkmagazin.de\/schwaebisch-fraenkischer-wald\/\",\"name\":\"Naturpark Schw\u00e4bisch-Fr\u00e4nkischer Wald\",\"description\":\"\",\"potentialAction\":[{\"@type\":\"SearchAction\",\"target\":{\"@type\":\"EntryPoint\",\"urlTemplate\":\"https:\/\/www.naturparkmagazin.de\/schwaebisch-fraenkischer-wald\/?s={search_term_string}\"},\"query-input\":\"required name=search_term_string\"}],\"inLanguage\":\"de\"},{\"@type\":\"Person\",\"@id\":\"https:\/\/www.naturparkmagazin.de\/schwaebisch-fraenkischer-wald\/#\/schema\/person\/f047a3702ae747fd7830cf8ac95e6066\",\"name\":\"Naturpark-Team\",\"sameAs\":[\"http:\/\/www.naturpark-sfw.de\",\"https:\/\/www.facebook.com\/naturparkSFW\"],\"url\":\"https:\/\/www.naturparkmagazin.de\/schwaebisch-fraenkischer-wald\/author\/bernharddrixler\/\"}]}<\/script>\n<!-- \/ Yoast SEO plugin. -->","yoast_head_json":{"title":"Naturpark aktiv - unterwegs mit Naturparkf\u00fchrerin Eva Rombach - Naturpark Schw\u00e4bisch-Fr\u00e4nkischer Wald","robots":{"index":"index","follow":"follow","max-snippet":"max-snippet:-1","max-image-preview":"max-image-preview:large","max-video-preview":"max-video-preview:-1"},"canonical":"https:\/\/www.naturparkmagazin.de\/schwaebisch-fraenkischer-wald\/naturpark-aktiv-unterwegs-mit-den-naturparkfuehrern-5\/","og_locale":"de_DE","og_type":"article","og_title":"Naturpark aktiv - unterwegs mit Naturparkf\u00fchrerin Eva Rombach - Naturpark Schw\u00e4bisch-Fr\u00e4nkischer Wald","og_description":"05.10.: Familienwanderung am Urbacher Bergrutsch und durch die Streuobstwiesen des Vogelschutzgebiets.","og_url":"https:\/\/www.naturparkmagazin.de\/schwaebisch-fraenkischer-wald\/naturpark-aktiv-unterwegs-mit-den-naturparkfuehrern-5\/","og_site_name":"Naturpark Schw\u00e4bisch-Fr\u00e4nkischer Wald","article_author":"https:\/\/www.facebook.com\/naturparkSFW","article_published_time":"2014-09-19T10:05:24+00:00","article_modified_time":"2014-09-29T11:04:48+00:00","og_image":[{"width":667,"height":500,"url":"https:\/\/www.naturparkmagazin.de\/schwaebisch-fraenkischer-wald\/wp-content\/uploads\/sites\/34\/141005_rombach.jpg","type":"image\/jpeg"}],"author":"Naturpark-Team","twitter_misc":{"Verfasst von":"Naturpark-Team","Gesch\u00e4tzte Lesezeit":"1\u00a0Minute"},"schema":{"@context":"https:\/\/schema.org","@graph":[{"@type":"WebPage","@id":"https:\/\/www.naturparkmagazin.de\/schwaebisch-fraenkischer-wald\/naturpark-aktiv-unterwegs-mit-den-naturparkfuehrern-5\/","url":"https:\/\/www.naturparkmagazin.de\/schwaebisch-fraenkischer-wald\/naturpark-aktiv-unterwegs-mit-den-naturparkfuehrern-5\/","name":"Naturpark aktiv - unterwegs mit Naturparkf\u00fchrerin Eva Rombach - Naturpark Schw\u00e4bisch-Fr\u00e4nkischer Wald","isPartOf":{"@id":"https:\/\/www.naturparkmagazin.de\/schwaebisch-fraenkischer-wald\/#website"},"datePublished":"2014-09-19T10:05:24+00:00","dateModified":"2014-09-29T11:04:48+00:00","author":{"@id":"https:\/\/www.naturparkmagazin.de\/schwaebisch-fraenkischer-wald\/#\/schema\/person\/f047a3702ae747fd7830cf8ac95e6066"},"breadcrumb":{"@id":"https:\/\/www.naturparkmagazin.de\/schwaebisch-fraenkischer-wald\/naturpark-aktiv-unterwegs-mit-den-naturparkfuehrern-5\/#breadcrumb"},"inLanguage":"de","potentialAction":[{"@type":"ReadAction","target":["https:\/\/www.naturparkmagazin.de\/schwaebisch-fraenkischer-wald\/naturpark-aktiv-unterwegs-mit-den-naturparkfuehrern-5\/"]}]},{"@type":"BreadcrumbList","@id":"https:\/\/www.naturparkmagazin.de\/schwaebisch-fraenkischer-wald\/naturpark-aktiv-unterwegs-mit-den-naturparkfuehrern-5\/#breadcrumb","itemListElement":[{"@type":"ListItem","position":1,"name":"Home","item":"https:\/\/www.naturparkmagazin.de\/schwaebisch-fraenkischer-wald\/"},{"@type":"ListItem","position":2,"name":"Naturpark aktiv &#8211; unterwegs mit Naturparkf\u00fchrerin Eva Rombach"}]},{"@type":"WebSite","@id":"https:\/\/www.naturparkmagazin.de\/schwaebisch-fraenkischer-wald\/#website","url":"https:\/\/www.naturparkmagazin.de\/schwaebisch-fraenkischer-wald\/","name":"Naturpark Schw\u00e4bisch-Fr\u00e4nkischer Wald","description":"","potentialAction":[{"@type":"SearchAction","target":{"@type":"EntryPoint","urlTemplate":"https:\/\/www.naturparkmagazin.de\/schwaebisch-fraenkischer-wald\/?s={search_term_string}"},"query-input":"required name=search_term_string"}],"inLanguage":"de"},{"@type":"Person","@id":"https:\/\/www.naturparkmagazin.de\/schwaebisch-fraenkischer-wald\/#\/schema\/person\/f047a3702ae747fd7830cf8ac95e6066","name":"Naturpark-Team","sameAs":["http:\/\/www.naturpark-sfw.de","https:\/\/www.facebook.com\/naturparkSFW"],"url":"https:\/\/www.naturparkmagazin.de\/schwaebisch-fraenkischer-wald\/author\/bernharddrixler\/"}]}},"_links":{"self":[{"href":"https:\/\/www.naturparkmagazin.de\/schwaebisch-fraenkischer-wald\/wp-json\/wp\/v2\/posts\/1024"}],"collection":[{"href":"https:\/\/www.naturparkmagazin.de\/schwaebisch-fraenkischer-wald\/wp-json\/wp\/v2\/posts"}],"about":[{"href":"https:\/\/www.naturparkmagazin.de\/schwaebisch-fraenkischer-wald\/wp-json\/wp\/v2\/types\/post"}],"author":[{"embeddable":true,"href":"https:\/\/www.naturparkmagazin.de\/schwaebisch-fraenkischer-wald\/wp-json\/wp\/v2\/users\/25"}],"replies":[{"embeddable":true,"href":"https:\/\/www.naturparkmagazin.de\/schwaebisch-fraenkischer-wald\/wp-json\/wp\/v2\/comments?post=1024"}],"version-history":[{"count":4,"href":"https:\/\/www.naturparkmagazin.de\/schwaebisch-fraenkischer-wald\/wp-json\/wp\/v2\/posts\/1024\/revisions"}],"predecessor-version":[{"id":1130,"href":"https:\/\/www.naturparkmagazin.de\/schwaebisch-fraenkischer-wald\/wp-json\/wp\/v2\/posts\/1024\/revisions\/1130"}],"wp:featuredmedia":[{"embeddable":true,"href":"https:\/\/www.naturparkmagazin.de\/schwaebisch-fraenkischer-wald\/wp-json\/wp\/v2\/media\/997"}],"wp:attachment":[{"href":"https:\/\/www.naturparkmagazin.de\/schwaebisch-fraenkischer-wald\/wp-json\/wp\/v2\/media?parent=1024"}],"wp:term":[{"taxonomy":"category","embeddable":true,"href":"https:\/\/www.naturparkmagazin.de\/schwaebisch-fraenkischer-wald\/wp-json\/wp\/v2\/categories?post=1024"},{"taxonomy":"post_tag","embeddable":true,"href":"https:\/\/www.naturparkmagazin.de\/schwaebisch-fraenkischer-wald\/wp-json\/wp\/v2\/tags?post=1024"}],"curies":[{"name":"wp","href":"https:\/\/api.w.org\/{rel}","templated":true}]}}