{"id":10293,"date":"2021-08-16T13:52:45","date_gmt":"2021-08-16T11:52:45","guid":{"rendered":"https:\/\/www.naturparkmagazin.de\/schwaebisch-fraenkischer-wald\/?p=10293"},"modified":"2021-08-11T13:57:05","modified_gmt":"2021-08-11T11:57:05","slug":"mit-dem-pferd-durch-den-naturpark","status":"publish","type":"post","link":"https:\/\/www.naturparkmagazin.de\/schwaebisch-fraenkischer-wald\/mit-dem-pferd-durch-den-naturpark\/","title":{"rendered":"Mit dem Pferd durch den Naturpark"},"content":{"rendered":"<div id=\"attachment_10294\" style=\"width: 510px\" class=\"wp-caption aligncenter\"><a href=\"https:\/\/www.naturparkmagazin.de\/schwaebisch-fraenkischer-wald\/wp-content\/uploads\/sites\/34\/210802_Newsletter_Veranstaltung_Kutsche_500x300.jpg\"><img aria-describedby=\"caption-attachment-10294\" decoding=\"async\" loading=\"lazy\" class=\"size-full wp-image-10294\" src=\"https:\/\/www.naturparkmagazin.de\/schwaebisch-fraenkischer-wald\/wp-content\/uploads\/sites\/34\/210802_Newsletter_Veranstaltung_Kutsche_500x300.jpg\" alt=\"\u00a9 Naturpark SFW Archiv\" width=\"500\" height=\"300\" srcset=\"https:\/\/www.naturparkmagazin.de\/schwaebisch-fraenkischer-wald\/wp-content\/uploads\/sites\/34\/210802_Newsletter_Veranstaltung_Kutsche_500x300.jpg 500w, https:\/\/www.naturparkmagazin.de\/schwaebisch-fraenkischer-wald\/wp-content\/uploads\/sites\/34\/210802_Newsletter_Veranstaltung_Kutsche_500x300-300x180.jpg 300w, https:\/\/www.naturparkmagazin.de\/schwaebisch-fraenkischer-wald\/wp-content\/uploads\/sites\/34\/210802_Newsletter_Veranstaltung_Kutsche_500x300-200x120.jpg 200w\" sizes=\"(max-width: 500px) 100vw, 500px\" \/><\/a><p id=\"caption-attachment-10294\" class=\"wp-caption-text\">\u00a9 Naturpark SFW Archiv<\/p><\/div>\n<p>Eine ganz besondere M\u00f6glichkeit den Naturpark Schw\u00e4bisch-Fr\u00e4nkischer Wald zu erleben ist auf dem R\u00fccken eines Pferdes. Oder wer es gem\u00fctlicher mag &#8211; bei einer Fahrt mit der Pferdekutsche oder dem Planwagen. Abseits der Autostra\u00dfen erleben Sie die Gemeinden, die Landschaft und die Natur hautnah und mit allen Sinnen. Dieses besondere Erlebnis ist sowohl im Sommer als auch im Winter etwas f\u00fcr die ganze Familie. Die Anbieter:innen bieten neben Kutschfahrten oder Ausritten auch individuell zusammengestellte Programme an, wie Hochzeits- und Postkutschfahrten oder Verpflegung auf dem Hof.<\/p>\n<p>Kutsch- bzw. Planwagenfahrten werden in folgenden Naturpark-Gemeinden angeboten:<\/p>\n<p><strong>Alfdorf<\/strong><\/p>\n<p>Reitstall Haghof <a href=\"http:\/\/www.reitstall-haghof.de\">www.reitstall-haghof.de<\/a>\nOskar K\u00f6ngeter Tel. 07172 31193\nElsbeth M\u00fcller Tel. 07176 6552<\/p>\n<p><strong>Alth\u00fctte<\/strong><\/p>\n<p>Gest\u00fct Hahnenhof Tel. 07183 428438\nFamilie Haas Tel. 07183 4280742<\/p>\n<p><strong>Berglen\n<\/strong>Familie Ziegler Tel. 07181 43736<\/p>\n<p><strong>Kaisersbach\n<\/strong>Reiterhof Fritz <a href=\"http:\/\/www.reiterhof-fritz.de\">www.reiterhof-fritz.de<\/a><\/p>\n<p><strong>Mainhardt<\/strong><\/p>\n<p>Lucky-Horse-Ranch <a href=\"http:\/\/www.lucky-horse-ranch.net\">www.lucky-horse-ranch.net<\/a>\nReitanlage Heinrich <a href=\"http:\/\/www.reitanlage-heinrich.de\">www.reitanlage-heinrich.de<\/a><\/p>\n<p><strong>Murrhardt<\/strong><\/p>\n<p>Manuela Hartmann Tel. 0160 96840589\nOtto M\u00fcller <a href=\"http:\/\/www.postkutschen-erlebnisreisen.de\">www.postkutschen-erlebnisreisen.de<\/a><\/p>\n<p><strong>Oberrot<\/strong><\/p>\n<p>Familie Riedinger Tel. 07977 2113123<\/p>\n<p><strong>Rudersberg<\/strong><\/p>\n<p>Reiterhof Burgh\u00f6fle <a href=\"http:\/\/www.reiterhof-burghoefle.de\">www.reiterhof-burghoefle.de<\/a><\/p>\n<p><strong>Weissach im Tal <\/strong><\/p>\n<p>K\u00e4sb\u00fchlhof <a href=\"http:\/\/www.kaesbuehlhof.de\">www.kaesbuehlhof.de<\/a><\/p>\n<p><strong>Welzheim<\/strong><\/p>\n<p>Cross-Country-Ranch Tel. 07182 935111<\/p>\n","protected":false},"excerpt":{"rendered":"<p>Eine ganz besondere M\u00f6glichkeit den Naturpark Schw\u00e4bisch-Fr\u00e4nkischer Wald zu erleben ist auf dem R\u00fccken eines Pferdes. <\/p>\n","protected":false},"author":25,"featured_media":10295,"comment_status":"open","ping_status":"open","sticky":false,"template":"","format":"standard","meta":[],"categories":[11],"tags":[],"yoast_head":"<!-- This site is optimized with the Yoast SEO plugin v19.10 - https:\/\/yoast.com\/wordpress\/plugins\/seo\/ -->\n<title>Mit dem Pferd durch den Naturpark - Naturpark Schw\u00e4bisch-Fr\u00e4nkischer Wald<\/title>\n<meta name=\"robots\" content=\"index, follow, max-snippet:-1, max-image-preview:large, max-video-preview:-1\" \/>\n<link rel=\"canonical\" href=\"https:\/\/www.naturparkmagazin.de\/schwaebisch-fraenkischer-wald\/mit-dem-pferd-durch-den-naturpark\/\" \/>\n<meta property=\"og:locale\" content=\"de_DE\" \/>\n<meta property=\"og:type\" content=\"article\" \/>\n<meta property=\"og:title\" content=\"Mit dem Pferd durch den Naturpark - Naturpark Schw\u00e4bisch-Fr\u00e4nkischer Wald\" \/>\n<meta property=\"og:description\" content=\"Eine ganz besondere M\u00f6glichkeit den Naturpark Schw\u00e4bisch-Fr\u00e4nkischer Wald zu erleben ist auf dem R\u00fccken eines Pferdes.\" \/>\n<meta property=\"og:url\" content=\"https:\/\/www.naturparkmagazin.de\/schwaebisch-fraenkischer-wald\/mit-dem-pferd-durch-den-naturpark\/\" \/>\n<meta property=\"og:site_name\" content=\"Naturpark Schw\u00e4bisch-Fr\u00e4nkischer Wald\" \/>\n<meta property=\"article:author\" content=\"https:\/\/www.facebook.com\/naturparkSFW\" \/>\n<meta property=\"article:published_time\" content=\"2021-08-16T11:52:45+00:00\" \/>\n<meta property=\"article:modified_time\" content=\"2021-08-11T11:57:05+00:00\" \/>\n<meta property=\"og:image\" content=\"https:\/\/www.naturparkmagazin.de\/schwaebisch-fraenkischer-wald\/wp-content\/uploads\/sites\/34\/210802_Newsletter_Veranstaltung_Kutsche_200x200.jpg\" \/>\n\t<meta property=\"og:image:width\" content=\"200\" \/>\n\t<meta property=\"og:image:height\" content=\"200\" \/>\n\t<meta property=\"og:image:type\" content=\"image\/jpeg\" \/>\n<meta name=\"author\" content=\"Naturpark-Team\" \/>\n<meta name=\"twitter:label1\" content=\"Verfasst von\" \/>\n\t<meta name=\"twitter:data1\" content=\"Naturpark-Team\" \/>\n\t<meta name=\"twitter:label2\" content=\"Gesch\u00e4tzte Lesezeit\" \/>\n\t<meta name=\"twitter:data2\" content=\"1\u00a0Minute\" \/>\n<script type=\"application\/ld+json\" class=\"yoast-schema-graph\">{\"@context\":\"https:\/\/schema.org\",\"@graph\":[{\"@type\":\"WebPage\",\"@id\":\"https:\/\/www.naturparkmagazin.de\/schwaebisch-fraenkischer-wald\/mit-dem-pferd-durch-den-naturpark\/\",\"url\":\"https:\/\/www.naturparkmagazin.de\/schwaebisch-fraenkischer-wald\/mit-dem-pferd-durch-den-naturpark\/\",\"name\":\"Mit dem Pferd durch den Naturpark - Naturpark Schw\u00e4bisch-Fr\u00e4nkischer Wald\",\"isPartOf\":{\"@id\":\"https:\/\/www.naturparkmagazin.de\/schwaebisch-fraenkischer-wald\/#website\"},\"datePublished\":\"2021-08-16T11:52:45+00:00\",\"dateModified\":\"2021-08-11T11:57:05+00:00\",\"author\":{\"@id\":\"https:\/\/www.naturparkmagazin.de\/schwaebisch-fraenkischer-wald\/#\/schema\/person\/f047a3702ae747fd7830cf8ac95e6066\"},\"breadcrumb\":{\"@id\":\"https:\/\/www.naturparkmagazin.de\/schwaebisch-fraenkischer-wald\/mit-dem-pferd-durch-den-naturpark\/#breadcrumb\"},\"inLanguage\":\"de\",\"potentialAction\":[{\"@type\":\"ReadAction\",\"target\":[\"https:\/\/www.naturparkmagazin.de\/schwaebisch-fraenkischer-wald\/mit-dem-pferd-durch-den-naturpark\/\"]}]},{\"@type\":\"BreadcrumbList\",\"@id\":\"https:\/\/www.naturparkmagazin.de\/schwaebisch-fraenkischer-wald\/mit-dem-pferd-durch-den-naturpark\/#breadcrumb\",\"itemListElement\":[{\"@type\":\"ListItem\",\"position\":1,\"name\":\"Home\",\"item\":\"https:\/\/www.naturparkmagazin.de\/schwaebisch-fraenkischer-wald\/\"},{\"@type\":\"ListItem\",\"position\":2,\"name\":\"Mit dem Pferd durch den Naturpark\"}]},{\"@type\":\"WebSite\",\"@id\":\"https:\/\/www.naturparkmagazin.de\/schwaebisch-fraenkischer-wald\/#website\",\"url\":\"https:\/\/www.naturparkmagazin.de\/schwaebisch-fraenkischer-wald\/\",\"name\":\"Naturpark Schw\u00e4bisch-Fr\u00e4nkischer Wald\",\"description\":\"\",\"potentialAction\":[{\"@type\":\"SearchAction\",\"target\":{\"@type\":\"EntryPoint\",\"urlTemplate\":\"https:\/\/www.naturparkmagazin.de\/schwaebisch-fraenkischer-wald\/?s={search_term_string}\"},\"query-input\":\"required name=search_term_string\"}],\"inLanguage\":\"de\"},{\"@type\":\"Person\",\"@id\":\"https:\/\/www.naturparkmagazin.de\/schwaebisch-fraenkischer-wald\/#\/schema\/person\/f047a3702ae747fd7830cf8ac95e6066\",\"name\":\"Naturpark-Team\",\"sameAs\":[\"http:\/\/www.naturpark-sfw.de\",\"https:\/\/www.facebook.com\/naturparkSFW\"],\"url\":\"https:\/\/www.naturparkmagazin.de\/schwaebisch-fraenkischer-wald\/author\/bernharddrixler\/\"}]}<\/script>\n<!-- \/ Yoast SEO plugin. -->","yoast_head_json":{"title":"Mit dem Pferd durch den Naturpark - Naturpark Schw\u00e4bisch-Fr\u00e4nkischer Wald","robots":{"index":"index","follow":"follow","max-snippet":"max-snippet:-1","max-image-preview":"max-image-preview:large","max-video-preview":"max-video-preview:-1"},"canonical":"https:\/\/www.naturparkmagazin.de\/schwaebisch-fraenkischer-wald\/mit-dem-pferd-durch-den-naturpark\/","og_locale":"de_DE","og_type":"article","og_title":"Mit dem Pferd durch den Naturpark - Naturpark Schw\u00e4bisch-Fr\u00e4nkischer Wald","og_description":"Eine ganz besondere M\u00f6glichkeit den Naturpark Schw\u00e4bisch-Fr\u00e4nkischer Wald zu erleben ist auf dem R\u00fccken eines Pferdes.","og_url":"https:\/\/www.naturparkmagazin.de\/schwaebisch-fraenkischer-wald\/mit-dem-pferd-durch-den-naturpark\/","og_site_name":"Naturpark Schw\u00e4bisch-Fr\u00e4nkischer Wald","article_author":"https:\/\/www.facebook.com\/naturparkSFW","article_published_time":"2021-08-16T11:52:45+00:00","article_modified_time":"2021-08-11T11:57:05+00:00","og_image":[{"width":200,"height":200,"url":"https:\/\/www.naturparkmagazin.de\/schwaebisch-fraenkischer-wald\/wp-content\/uploads\/sites\/34\/210802_Newsletter_Veranstaltung_Kutsche_200x200.jpg","type":"image\/jpeg"}],"author":"Naturpark-Team","twitter_misc":{"Verfasst von":"Naturpark-Team","Gesch\u00e4tzte Lesezeit":"1\u00a0Minute"},"schema":{"@context":"https:\/\/schema.org","@graph":[{"@type":"WebPage","@id":"https:\/\/www.naturparkmagazin.de\/schwaebisch-fraenkischer-wald\/mit-dem-pferd-durch-den-naturpark\/","url":"https:\/\/www.naturparkmagazin.de\/schwaebisch-fraenkischer-wald\/mit-dem-pferd-durch-den-naturpark\/","name":"Mit dem Pferd durch den Naturpark - Naturpark Schw\u00e4bisch-Fr\u00e4nkischer Wald","isPartOf":{"@id":"https:\/\/www.naturparkmagazin.de\/schwaebisch-fraenkischer-wald\/#website"},"datePublished":"2021-08-16T11:52:45+00:00","dateModified":"2021-08-11T11:57:05+00:00","author":{"@id":"https:\/\/www.naturparkmagazin.de\/schwaebisch-fraenkischer-wald\/#\/schema\/person\/f047a3702ae747fd7830cf8ac95e6066"},"breadcrumb":{"@id":"https:\/\/www.naturparkmagazin.de\/schwaebisch-fraenkischer-wald\/mit-dem-pferd-durch-den-naturpark\/#breadcrumb"},"inLanguage":"de","potentialAction":[{"@type":"ReadAction","target":["https:\/\/www.naturparkmagazin.de\/schwaebisch-fraenkischer-wald\/mit-dem-pferd-durch-den-naturpark\/"]}]},{"@type":"BreadcrumbList","@id":"https:\/\/www.naturparkmagazin.de\/schwaebisch-fraenkischer-wald\/mit-dem-pferd-durch-den-naturpark\/#breadcrumb","itemListElement":[{"@type":"ListItem","position":1,"name":"Home","item":"https:\/\/www.naturparkmagazin.de\/schwaebisch-fraenkischer-wald\/"},{"@type":"ListItem","position":2,"name":"Mit dem Pferd durch den Naturpark"}]},{"@type":"WebSite","@id":"https:\/\/www.naturparkmagazin.de\/schwaebisch-fraenkischer-wald\/#website","url":"https:\/\/www.naturparkmagazin.de\/schwaebisch-fraenkischer-wald\/","name":"Naturpark Schw\u00e4bisch-Fr\u00e4nkischer Wald","description":"","potentialAction":[{"@type":"SearchAction","target":{"@type":"EntryPoint","urlTemplate":"https:\/\/www.naturparkmagazin.de\/schwaebisch-fraenkischer-wald\/?s={search_term_string}"},"query-input":"required name=search_term_string"}],"inLanguage":"de"},{"@type":"Person","@id":"https:\/\/www.naturparkmagazin.de\/schwaebisch-fraenkischer-wald\/#\/schema\/person\/f047a3702ae747fd7830cf8ac95e6066","name":"Naturpark-Team","sameAs":["http:\/\/www.naturpark-sfw.de","https:\/\/www.facebook.com\/naturparkSFW"],"url":"https:\/\/www.naturparkmagazin.de\/schwaebisch-fraenkischer-wald\/author\/bernharddrixler\/"}]}},"_links":{"self":[{"href":"https:\/\/www.naturparkmagazin.de\/schwaebisch-fraenkischer-wald\/wp-json\/wp\/v2\/posts\/10293"}],"collection":[{"href":"https:\/\/www.naturparkmagazin.de\/schwaebisch-fraenkischer-wald\/wp-json\/wp\/v2\/posts"}],"about":[{"href":"https:\/\/www.naturparkmagazin.de\/schwaebisch-fraenkischer-wald\/wp-json\/wp\/v2\/types\/post"}],"author":[{"embeddable":true,"href":"https:\/\/www.naturparkmagazin.de\/schwaebisch-fraenkischer-wald\/wp-json\/wp\/v2\/users\/25"}],"replies":[{"embeddable":true,"href":"https:\/\/www.naturparkmagazin.de\/schwaebisch-fraenkischer-wald\/wp-json\/wp\/v2\/comments?post=10293"}],"version-history":[{"count":1,"href":"https:\/\/www.naturparkmagazin.de\/schwaebisch-fraenkischer-wald\/wp-json\/wp\/v2\/posts\/10293\/revisions"}],"predecessor-version":[{"id":10296,"href":"https:\/\/www.naturparkmagazin.de\/schwaebisch-fraenkischer-wald\/wp-json\/wp\/v2\/posts\/10293\/revisions\/10296"}],"wp:featuredmedia":[{"embeddable":true,"href":"https:\/\/www.naturparkmagazin.de\/schwaebisch-fraenkischer-wald\/wp-json\/wp\/v2\/media\/10295"}],"wp:attachment":[{"href":"https:\/\/www.naturparkmagazin.de\/schwaebisch-fraenkischer-wald\/wp-json\/wp\/v2\/media?parent=10293"}],"wp:term":[{"taxonomy":"category","embeddable":true,"href":"https:\/\/www.naturparkmagazin.de\/schwaebisch-fraenkischer-wald\/wp-json\/wp\/v2\/categories?post=10293"},{"taxonomy":"post_tag","embeddable":true,"href":"https:\/\/www.naturparkmagazin.de\/schwaebisch-fraenkischer-wald\/wp-json\/wp\/v2\/tags?post=10293"}],"curies":[{"name":"wp","href":"https:\/\/api.w.org\/{rel}","templated":true}]}}