{"id":10297,"date":"2021-08-16T13:57:10","date_gmt":"2021-08-16T11:57:10","guid":{"rendered":"https:\/\/www.naturparkmagazin.de\/schwaebisch-fraenkischer-wald\/?p=10297"},"modified":"2021-08-19T15:31:13","modified_gmt":"2021-08-19T13:31:13","slug":"regional-und-saisonal-einkaufen-im-schwaebisch-fraenkischen-wald","status":"publish","type":"post","link":"https:\/\/www.naturparkmagazin.de\/schwaebisch-fraenkischer-wald\/regional-und-saisonal-einkaufen-im-schwaebisch-fraenkischen-wald\/","title":{"rendered":"Regional und Saisonal einkaufen im Schw\u00e4bisch-Fr\u00e4nkischen Wald"},"content":{"rendered":"<div id=\"attachment_10323\" style=\"width: 510px\" class=\"wp-caption aligncenter\"><a href=\"https:\/\/www.naturparkmagazin.de\/schwaebisch-fraenkischer-wald\/wp-content\/uploads\/sites\/34\/Neuigkeiten_Marktausblick-1_500.jpg\"><img aria-describedby=\"caption-attachment-10323\" decoding=\"async\" loading=\"lazy\" class=\"size-full wp-image-10323\" src=\"https:\/\/www.naturparkmagazin.de\/schwaebisch-fraenkischer-wald\/wp-content\/uploads\/sites\/34\/Neuigkeiten_Marktausblick-1_500.jpg\" alt=\"\u00a9 Naturpark SFW Archiv\" width=\"500\" height=\"300\" srcset=\"https:\/\/www.naturparkmagazin.de\/schwaebisch-fraenkischer-wald\/wp-content\/uploads\/sites\/34\/Neuigkeiten_Marktausblick-1_500.jpg 500w, https:\/\/www.naturparkmagazin.de\/schwaebisch-fraenkischer-wald\/wp-content\/uploads\/sites\/34\/Neuigkeiten_Marktausblick-1_500-300x180.jpg 300w, https:\/\/www.naturparkmagazin.de\/schwaebisch-fraenkischer-wald\/wp-content\/uploads\/sites\/34\/Neuigkeiten_Marktausblick-1_500-200x120.jpg 200w\" sizes=\"(max-width: 500px) 100vw, 500px\" \/><\/a><p id=\"caption-attachment-10323\" class=\"wp-caption-text\">\u00a9 Naturpark SFW Archiv<\/p><\/div>\n<p>Sprechen wir von regionalen Produkten, m\u00fcssen wir zun\u00e4chst einmal den Begriff \u201eRegion\u201c definieren. Das f\u00e4llt schwer, denn der Begriff \u201eRegion\u201c ist nicht gesetzlich gesch\u00fctzt. Somit kann die Definition einer Region ganz unterschiedlich sein. Eine Region kann einen bestimmten Ort oder Kreis meinen (Rems-Murr-Kreis), einen Kulturraum (Schw\u00e4bisch-Fr\u00e4nkischer Wald), ein Bundesland (Baden-W\u00fcrttemberg) oder aber einen gr\u00f6\u00dferen Teil Deutschlands (S\u00fcddeutschland). Entscheiden wir uns also, regionale Lebensmittel bspw. im Supermarkt zu kaufen, ist es wichtig einen besonderen Blick auf die genaue Herkunft des Produktes zu werfen.<\/p>\n<p><strong>Regional und saisonal einkaufen sch\u00fctzt das Klima\u00a0<\/strong><\/p>\n<p>Eine gute M\u00f6glichkeit, die regionale Herkunft sicherzustellen, ist der Einkauf auf dem Wochenmarkt oder im Hofladen. Hier trifft man die Erzeuger und wei\u00df direkt, woher die Produkte kommen. Und nicht nur das. Durch den Einkauf bei unseren Direktvermarktern sch\u00fctzen wir auch Klima und die eigene Gesundheit.<\/p>\n<p>Tats\u00e4chlich ist es schwierig, pauschale Aussagen zur Klima- und Umweltfreundlichkeit regionaler Erzeugnisse zu treffen. Zahlreiche Faktoren beeinflussen die Klimabilanz eines Lebensmittels. In der Regel gilt aber: Durch den Transport von Lebensmitteln wird der Klimawandel beschleunigt und der Treibhauseffekt verst\u00e4rkt. Wie stark Lebensmittel aus der Ferne das Klima belasten, h\u00e4ngt vom verwendeten Transportmittel und der L\u00e4nge des Transportweges ab. Zudem k\u00f6nnen bei Direktvermarktern Lebensmittel h\u00e4ufig unverpackt und in die eigens mitgebrachten K\u00f6rbe verpackt werden. Das spart zus\u00e4tzlich Plastik und Verpackungsm\u00fcll.<\/p>\n<p><strong>Positive Effekte auf Aroma, Qualit\u00e4t und Gesundheit<\/strong><\/p>\n<p>Regionale Produkte sind nicht lange unterwegs bis sie auf den Tisch kommen und damit frischer. Geerntet wird zum optimalen Zeitpunkt und das macht sich nicht nur beim Aroma bemerkbar. Saisonale und regionale Produkte haben auch mehr Zeit Vitamine und Mineralstoffe aufzubauen und auf k\u00fcrzeren Transportwegen besteht keine Gefahr diese wieder zu verlieren. Regionale Produkte haben somit einen positiven Effekt auf Aroma, Qualit\u00e4t und die eigene Gesundheit.<\/p>\n<p>Es gilt also: Regional und saisonal einkaufen, zum Einkaufen klimafreundliche Transportmittel, wie das das Fahrrad, den Bus oder die F\u00fc\u00dfe benutzen und eine Tasche oder einen Korb mitbringen, um Verpackungsmaterial zu sparen. Auch k\u00f6nnen regionale Lieferdienste genutzt oder mehrere Wege mit dem Auto kombiniert werden. So kann ein jeder und eine jede von uns einen wichtigen Beitrag zum Klima- und Umweltschutz leisten und gleichzeitig die regionalen Landwirt:innen unterst\u00fctzen. Das hat nicht nur f\u00fcr den einzelnen Verbraucher Vorteile, sondern f\u00fcr die Gesellschaft insgesamt.<\/p>\n<p><strong>Wo also den n\u00e4chsten Einkauf t\u00e4tigen? <\/strong><\/p>\n<p>Im Naturparkgebiet gibt es zahlreiche M\u00f6glichkeiten, den eigenen Einkaufskorb mit regionalen und saisonalen Produkten zu f\u00fcllen. Beim j\u00e4hrlich stattfindenden Brunch auf dem Bauernhof \u00f6ffnen H\u00f6fe ihre Pforten und laden Einheimische und G\u00e4ste dazu ein, ihre Produkte bei einem Brunch oder Fr\u00fchst\u00fcck zu verk\u00f6stigen. Auf den Naturpark-M\u00e4rkten k\u00f6nnen die einheimische Direktvermarkter:innen pers\u00f6nlich kennengelernt werden. Eine Liste mit Angeboten, wie Online-Portalen oder Direktvermarkterbrosch\u00fcren der sechs Landkreise im Naturparkgebiet findet sich auf unserer <a href=\"https:\/\/www.naturpark-sfw.de\/geniessen\/direktvermarkter\/\">Homepage<\/a>.<\/p>\n<p>Und m\u00f6chten Sie einen \u00dcberblick gewinnen, welche Produkte zu welcher Jahreszeit Saison haben gibt Ihnen folgender <a href=\"https:\/\/www.in-form.de\/wissen\/saisonkalender\/\">Kalender <\/a>eine \u00dcbersicht.<\/p>\n","protected":false},"excerpt":{"rendered":"<p>Hier trifft man die Erzeuger und wei\u00df direkt, woher die Produkte kommen. Durch den Einkauf bei unseren Direktvermarktern sch\u00fctzen wir auch Klima und die eigene Gesundheit.<\/p>\n","protected":false},"author":25,"featured_media":10324,"comment_status":"open","ping_status":"open","sticky":false,"template":"","format":"standard","meta":[],"categories":[7],"tags":[],"yoast_head":"<!-- This site is optimized with the Yoast SEO plugin v19.10 - https:\/\/yoast.com\/wordpress\/plugins\/seo\/ -->\n<title>Regional und Saisonal einkaufen im Schw\u00e4bisch-Fr\u00e4nkischen Wald - Naturpark Schw\u00e4bisch-Fr\u00e4nkischer Wald<\/title>\n<meta name=\"robots\" content=\"index, follow, max-snippet:-1, max-image-preview:large, max-video-preview:-1\" \/>\n<link rel=\"canonical\" href=\"https:\/\/www.naturparkmagazin.de\/schwaebisch-fraenkischer-wald\/regional-und-saisonal-einkaufen-im-schwaebisch-fraenkischen-wald\/\" \/>\n<meta property=\"og:locale\" content=\"de_DE\" \/>\n<meta property=\"og:type\" content=\"article\" \/>\n<meta property=\"og:title\" content=\"Regional und Saisonal einkaufen im Schw\u00e4bisch-Fr\u00e4nkischen Wald - Naturpark Schw\u00e4bisch-Fr\u00e4nkischer Wald\" \/>\n<meta property=\"og:description\" content=\"Hier trifft man die Erzeuger und wei\u00df direkt, woher die Produkte kommen. Durch den Einkauf bei unseren Direktvermarktern sch\u00fctzen wir auch Klima und die eigene Gesundheit.\" \/>\n<meta property=\"og:url\" content=\"https:\/\/www.naturparkmagazin.de\/schwaebisch-fraenkischer-wald\/regional-und-saisonal-einkaufen-im-schwaebisch-fraenkischen-wald\/\" \/>\n<meta property=\"og:site_name\" content=\"Naturpark Schw\u00e4bisch-Fr\u00e4nkischer Wald\" \/>\n<meta property=\"article:author\" content=\"https:\/\/www.facebook.com\/naturparkSFW\" \/>\n<meta property=\"article:published_time\" content=\"2021-08-16T11:57:10+00:00\" \/>\n<meta property=\"article:modified_time\" content=\"2021-08-19T13:31:13+00:00\" \/>\n<meta property=\"og:image\" content=\"https:\/\/www.naturparkmagazin.de\/schwaebisch-fraenkischer-wald\/wp-content\/uploads\/sites\/34\/Neuigkeiten_Marktausblick-1.jpg\" \/>\n\t<meta property=\"og:image:width\" content=\"200\" \/>\n\t<meta property=\"og:image:height\" content=\"200\" \/>\n\t<meta property=\"og:image:type\" content=\"image\/jpeg\" \/>\n<meta name=\"author\" content=\"Naturpark-Team\" \/>\n<meta name=\"twitter:label1\" content=\"Verfasst von\" \/>\n\t<meta name=\"twitter:data1\" content=\"Naturpark-Team\" \/>\n\t<meta name=\"twitter:label2\" content=\"Gesch\u00e4tzte Lesezeit\" \/>\n\t<meta name=\"twitter:data2\" content=\"3\u00a0Minuten\" \/>\n<script type=\"application\/ld+json\" class=\"yoast-schema-graph\">{\"@context\":\"https:\/\/schema.org\",\"@graph\":[{\"@type\":\"WebPage\",\"@id\":\"https:\/\/www.naturparkmagazin.de\/schwaebisch-fraenkischer-wald\/regional-und-saisonal-einkaufen-im-schwaebisch-fraenkischen-wald\/\",\"url\":\"https:\/\/www.naturparkmagazin.de\/schwaebisch-fraenkischer-wald\/regional-und-saisonal-einkaufen-im-schwaebisch-fraenkischen-wald\/\",\"name\":\"Regional und Saisonal einkaufen im Schw\u00e4bisch-Fr\u00e4nkischen Wald - Naturpark Schw\u00e4bisch-Fr\u00e4nkischer Wald\",\"isPartOf\":{\"@id\":\"https:\/\/www.naturparkmagazin.de\/schwaebisch-fraenkischer-wald\/#website\"},\"datePublished\":\"2021-08-16T11:57:10+00:00\",\"dateModified\":\"2021-08-19T13:31:13+00:00\",\"author\":{\"@id\":\"https:\/\/www.naturparkmagazin.de\/schwaebisch-fraenkischer-wald\/#\/schema\/person\/f047a3702ae747fd7830cf8ac95e6066\"},\"breadcrumb\":{\"@id\":\"https:\/\/www.naturparkmagazin.de\/schwaebisch-fraenkischer-wald\/regional-und-saisonal-einkaufen-im-schwaebisch-fraenkischen-wald\/#breadcrumb\"},\"inLanguage\":\"de\",\"potentialAction\":[{\"@type\":\"ReadAction\",\"target\":[\"https:\/\/www.naturparkmagazin.de\/schwaebisch-fraenkischer-wald\/regional-und-saisonal-einkaufen-im-schwaebisch-fraenkischen-wald\/\"]}]},{\"@type\":\"BreadcrumbList\",\"@id\":\"https:\/\/www.naturparkmagazin.de\/schwaebisch-fraenkischer-wald\/regional-und-saisonal-einkaufen-im-schwaebisch-fraenkischen-wald\/#breadcrumb\",\"itemListElement\":[{\"@type\":\"ListItem\",\"position\":1,\"name\":\"Home\",\"item\":\"https:\/\/www.naturparkmagazin.de\/schwaebisch-fraenkischer-wald\/\"},{\"@type\":\"ListItem\",\"position\":2,\"name\":\"Regional und Saisonal einkaufen im Schw\u00e4bisch-Fr\u00e4nkischen Wald\"}]},{\"@type\":\"WebSite\",\"@id\":\"https:\/\/www.naturparkmagazin.de\/schwaebisch-fraenkischer-wald\/#website\",\"url\":\"https:\/\/www.naturparkmagazin.de\/schwaebisch-fraenkischer-wald\/\",\"name\":\"Naturpark Schw\u00e4bisch-Fr\u00e4nkischer Wald\",\"description\":\"\",\"potentialAction\":[{\"@type\":\"SearchAction\",\"target\":{\"@type\":\"EntryPoint\",\"urlTemplate\":\"https:\/\/www.naturparkmagazin.de\/schwaebisch-fraenkischer-wald\/?s={search_term_string}\"},\"query-input\":\"required name=search_term_string\"}],\"inLanguage\":\"de\"},{\"@type\":\"Person\",\"@id\":\"https:\/\/www.naturparkmagazin.de\/schwaebisch-fraenkischer-wald\/#\/schema\/person\/f047a3702ae747fd7830cf8ac95e6066\",\"name\":\"Naturpark-Team\",\"sameAs\":[\"http:\/\/www.naturpark-sfw.de\",\"https:\/\/www.facebook.com\/naturparkSFW\"],\"url\":\"https:\/\/www.naturparkmagazin.de\/schwaebisch-fraenkischer-wald\/author\/bernharddrixler\/\"}]}<\/script>\n<!-- \/ Yoast SEO plugin. -->","yoast_head_json":{"title":"Regional und Saisonal einkaufen im Schw\u00e4bisch-Fr\u00e4nkischen Wald - Naturpark Schw\u00e4bisch-Fr\u00e4nkischer Wald","robots":{"index":"index","follow":"follow","max-snippet":"max-snippet:-1","max-image-preview":"max-image-preview:large","max-video-preview":"max-video-preview:-1"},"canonical":"https:\/\/www.naturparkmagazin.de\/schwaebisch-fraenkischer-wald\/regional-und-saisonal-einkaufen-im-schwaebisch-fraenkischen-wald\/","og_locale":"de_DE","og_type":"article","og_title":"Regional und Saisonal einkaufen im Schw\u00e4bisch-Fr\u00e4nkischen Wald - Naturpark Schw\u00e4bisch-Fr\u00e4nkischer Wald","og_description":"Hier trifft man die Erzeuger und wei\u00df direkt, woher die Produkte kommen. Durch den Einkauf bei unseren Direktvermarktern sch\u00fctzen wir auch Klima und die eigene Gesundheit.","og_url":"https:\/\/www.naturparkmagazin.de\/schwaebisch-fraenkischer-wald\/regional-und-saisonal-einkaufen-im-schwaebisch-fraenkischen-wald\/","og_site_name":"Naturpark Schw\u00e4bisch-Fr\u00e4nkischer Wald","article_author":"https:\/\/www.facebook.com\/naturparkSFW","article_published_time":"2021-08-16T11:57:10+00:00","article_modified_time":"2021-08-19T13:31:13+00:00","og_image":[{"width":200,"height":200,"url":"https:\/\/www.naturparkmagazin.de\/schwaebisch-fraenkischer-wald\/wp-content\/uploads\/sites\/34\/Neuigkeiten_Marktausblick-1.jpg","type":"image\/jpeg"}],"author":"Naturpark-Team","twitter_misc":{"Verfasst von":"Naturpark-Team","Gesch\u00e4tzte Lesezeit":"3\u00a0Minuten"},"schema":{"@context":"https:\/\/schema.org","@graph":[{"@type":"WebPage","@id":"https:\/\/www.naturparkmagazin.de\/schwaebisch-fraenkischer-wald\/regional-und-saisonal-einkaufen-im-schwaebisch-fraenkischen-wald\/","url":"https:\/\/www.naturparkmagazin.de\/schwaebisch-fraenkischer-wald\/regional-und-saisonal-einkaufen-im-schwaebisch-fraenkischen-wald\/","name":"Regional und Saisonal einkaufen im Schw\u00e4bisch-Fr\u00e4nkischen Wald - Naturpark Schw\u00e4bisch-Fr\u00e4nkischer Wald","isPartOf":{"@id":"https:\/\/www.naturparkmagazin.de\/schwaebisch-fraenkischer-wald\/#website"},"datePublished":"2021-08-16T11:57:10+00:00","dateModified":"2021-08-19T13:31:13+00:00","author":{"@id":"https:\/\/www.naturparkmagazin.de\/schwaebisch-fraenkischer-wald\/#\/schema\/person\/f047a3702ae747fd7830cf8ac95e6066"},"breadcrumb":{"@id":"https:\/\/www.naturparkmagazin.de\/schwaebisch-fraenkischer-wald\/regional-und-saisonal-einkaufen-im-schwaebisch-fraenkischen-wald\/#breadcrumb"},"inLanguage":"de","potentialAction":[{"@type":"ReadAction","target":["https:\/\/www.naturparkmagazin.de\/schwaebisch-fraenkischer-wald\/regional-und-saisonal-einkaufen-im-schwaebisch-fraenkischen-wald\/"]}]},{"@type":"BreadcrumbList","@id":"https:\/\/www.naturparkmagazin.de\/schwaebisch-fraenkischer-wald\/regional-und-saisonal-einkaufen-im-schwaebisch-fraenkischen-wald\/#breadcrumb","itemListElement":[{"@type":"ListItem","position":1,"name":"Home","item":"https:\/\/www.naturparkmagazin.de\/schwaebisch-fraenkischer-wald\/"},{"@type":"ListItem","position":2,"name":"Regional und Saisonal einkaufen im Schw\u00e4bisch-Fr\u00e4nkischen Wald"}]},{"@type":"WebSite","@id":"https:\/\/www.naturparkmagazin.de\/schwaebisch-fraenkischer-wald\/#website","url":"https:\/\/www.naturparkmagazin.de\/schwaebisch-fraenkischer-wald\/","name":"Naturpark Schw\u00e4bisch-Fr\u00e4nkischer Wald","description":"","potentialAction":[{"@type":"SearchAction","target":{"@type":"EntryPoint","urlTemplate":"https:\/\/www.naturparkmagazin.de\/schwaebisch-fraenkischer-wald\/?s={search_term_string}"},"query-input":"required name=search_term_string"}],"inLanguage":"de"},{"@type":"Person","@id":"https:\/\/www.naturparkmagazin.de\/schwaebisch-fraenkischer-wald\/#\/schema\/person\/f047a3702ae747fd7830cf8ac95e6066","name":"Naturpark-Team","sameAs":["http:\/\/www.naturpark-sfw.de","https:\/\/www.facebook.com\/naturparkSFW"],"url":"https:\/\/www.naturparkmagazin.de\/schwaebisch-fraenkischer-wald\/author\/bernharddrixler\/"}]}},"_links":{"self":[{"href":"https:\/\/www.naturparkmagazin.de\/schwaebisch-fraenkischer-wald\/wp-json\/wp\/v2\/posts\/10297"}],"collection":[{"href":"https:\/\/www.naturparkmagazin.de\/schwaebisch-fraenkischer-wald\/wp-json\/wp\/v2\/posts"}],"about":[{"href":"https:\/\/www.naturparkmagazin.de\/schwaebisch-fraenkischer-wald\/wp-json\/wp\/v2\/types\/post"}],"author":[{"embeddable":true,"href":"https:\/\/www.naturparkmagazin.de\/schwaebisch-fraenkischer-wald\/wp-json\/wp\/v2\/users\/25"}],"replies":[{"embeddable":true,"href":"https:\/\/www.naturparkmagazin.de\/schwaebisch-fraenkischer-wald\/wp-json\/wp\/v2\/comments?post=10297"}],"version-history":[{"count":8,"href":"https:\/\/www.naturparkmagazin.de\/schwaebisch-fraenkischer-wald\/wp-json\/wp\/v2\/posts\/10297\/revisions"}],"predecessor-version":[{"id":10358,"href":"https:\/\/www.naturparkmagazin.de\/schwaebisch-fraenkischer-wald\/wp-json\/wp\/v2\/posts\/10297\/revisions\/10358"}],"wp:featuredmedia":[{"embeddable":true,"href":"https:\/\/www.naturparkmagazin.de\/schwaebisch-fraenkischer-wald\/wp-json\/wp\/v2\/media\/10324"}],"wp:attachment":[{"href":"https:\/\/www.naturparkmagazin.de\/schwaebisch-fraenkischer-wald\/wp-json\/wp\/v2\/media?parent=10297"}],"wp:term":[{"taxonomy":"category","embeddable":true,"href":"https:\/\/www.naturparkmagazin.de\/schwaebisch-fraenkischer-wald\/wp-json\/wp\/v2\/categories?post=10297"},{"taxonomy":"post_tag","embeddable":true,"href":"https:\/\/www.naturparkmagazin.de\/schwaebisch-fraenkischer-wald\/wp-json\/wp\/v2\/tags?post=10297"}],"curies":[{"name":"wp","href":"https:\/\/api.w.org\/{rel}","templated":true}]}}