{"id":10456,"date":"2021-10-15T12:29:25","date_gmt":"2021-10-15T10:29:25","guid":{"rendered":"https:\/\/www.naturparkmagazin.de\/schwaebisch-fraenkischer-wald\/?p=10456"},"modified":"2021-10-19T13:39:15","modified_gmt":"2021-10-19T11:39:15","slug":"naturpark-schulen-erfolgreich-rezertifiziert","status":"publish","type":"post","link":"https:\/\/www.naturparkmagazin.de\/schwaebisch-fraenkischer-wald\/naturpark-schulen-erfolgreich-rezertifiziert\/","title":{"rendered":"Naturpark-Schulen erfolgreich rezertifiziert"},"content":{"rendered":"<p>F\u00fcnf Jahre gehen schnell vorbei. Doch in f\u00fcnf Jahren kann auch ganz sch\u00f6n viel passieren. Das zeigen die drei erfolgreichen Re-Zertifizierungen der Walterichschule in Murrhardt, der Janusz-Korczak-Schule in Welzheim und der Plaisirschule in Backnang.<\/p>\n<p>Die Walterichschule in Murrhardt wurde 2015 als zweite Naturpark-Schule ausgezeichnet und ist f\u00fcnf Jahre sp\u00e4ter noch genauso aktiv wie zu Beginn. Feste Module werden regelm\u00e4\u00dfig in der Natur umgesetzt und der Naturpark so in den Schulunterricht miteinbezogen. Besser gesagt: Der Schulunterricht wird in den Naturpark verlegt, ganz nach dem Motto: In der Schule raus in die Natur.<\/p>\n<div id=\"attachment_10459\" style=\"width: 510px\" class=\"wp-caption aligncenter\"><a href=\"https:\/\/www.naturparkmagazin.de\/schwaebisch-fraenkischer-wald\/wp-content\/uploads\/sites\/34\/210726_NPSFW_\u00dcbergabe_Urkunde_Re-Zertifizierung_Walterichschule_Murrhardt_500x300.jpg\"><img aria-describedby=\"caption-attachment-10459\" decoding=\"async\" loading=\"lazy\" class=\"size-full wp-image-10459\" src=\"https:\/\/www.naturparkmagazin.de\/schwaebisch-fraenkischer-wald\/wp-content\/uploads\/sites\/34\/210726_NPSFW_\u00dcbergabe_Urkunde_Re-Zertifizierung_Walterichschule_Murrhardt_500x300.jpg\" alt=\"\u00a9 Naturpark SFW Archiv\" width=\"500\" height=\"300\" srcset=\"https:\/\/www.naturparkmagazin.de\/schwaebisch-fraenkischer-wald\/wp-content\/uploads\/sites\/34\/210726_NPSFW_\u00dcbergabe_Urkunde_Re-Zertifizierung_Walterichschule_Murrhardt_500x300.jpg 500w, https:\/\/www.naturparkmagazin.de\/schwaebisch-fraenkischer-wald\/wp-content\/uploads\/sites\/34\/210726_NPSFW_\u00dcbergabe_Urkunde_Re-Zertifizierung_Walterichschule_Murrhardt_500x300-300x180.jpg 300w, https:\/\/www.naturparkmagazin.de\/schwaebisch-fraenkischer-wald\/wp-content\/uploads\/sites\/34\/210726_NPSFW_\u00dcbergabe_Urkunde_Re-Zertifizierung_Walterichschule_Murrhardt_500x300-200x120.jpg 200w\" sizes=\"(max-width: 500px) 100vw, 500px\" \/><\/a><p id=\"caption-attachment-10459\" class=\"wp-caption-text\">\u00a9 Naturpark SFW Archiv<\/p><\/div>\n<p>Die Janusz-Korczak-Schule in Welzheim ist das erste und einzige Sonderp\u00e4dagogische Bildungs- und Beratungszentrum, das 2016 als Naturpark-Schule zertifiziert wurde. Seitdem ist vieles passiert: Eine Treppe aus Mammutholz aus dem Welzheimer Wald schm\u00fcckt den Eingangsbereich der Schule, im Schulgarten wachsen Kartoffeln und anderes Gem\u00fcse und seit diesem Jahr gibt es einen festen Drau\u00dfentag.<\/p>\n<div id=\"attachment_10462\" style=\"width: 510px\" class=\"wp-caption aligncenter\"><a href=\"https:\/\/www.naturparkmagazin.de\/schwaebisch-fraenkischer-wald\/wp-content\/uploads\/sites\/34\/210928_NP_Schule_Re-Zertifizierung_Feier_JKS_Welzheim_500x300.jpg\"><img aria-describedby=\"caption-attachment-10462\" decoding=\"async\" loading=\"lazy\" class=\"size-full wp-image-10462\" src=\"https:\/\/www.naturparkmagazin.de\/schwaebisch-fraenkischer-wald\/wp-content\/uploads\/sites\/34\/210928_NP_Schule_Re-Zertifizierung_Feier_JKS_Welzheim_500x300.jpg\" alt=\"\u00a9 Naturpark SFW Archiv\" width=\"500\" height=\"300\" srcset=\"https:\/\/www.naturparkmagazin.de\/schwaebisch-fraenkischer-wald\/wp-content\/uploads\/sites\/34\/210928_NP_Schule_Re-Zertifizierung_Feier_JKS_Welzheim_500x300.jpg 500w, https:\/\/www.naturparkmagazin.de\/schwaebisch-fraenkischer-wald\/wp-content\/uploads\/sites\/34\/210928_NP_Schule_Re-Zertifizierung_Feier_JKS_Welzheim_500x300-300x180.jpg 300w, https:\/\/www.naturparkmagazin.de\/schwaebisch-fraenkischer-wald\/wp-content\/uploads\/sites\/34\/210928_NP_Schule_Re-Zertifizierung_Feier_JKS_Welzheim_500x300-200x120.jpg 200w\" sizes=\"(max-width: 500px) 100vw, 500px\" \/><\/a><p id=\"caption-attachment-10462\" class=\"wp-caption-text\">\u00a9 Naturpark SFW Archiv<\/p><\/div>\n<p>Auch die Plaisirschule wurde 2016 als Naturpark-Schule ausgezeichnet. Das Besondere: Die Schule liegt im Stadtgebiet, der Zugang zur Natur und zum Naturparkgebiet ist dadurch deutlich erschwert. Durch viel Engagement von Schulleiterin Fr. Dr. Bauer-Lachenmaier und Ihrem Kollegium konnte die Schule dieses Hindernis \u00fcberwinden. Waldateliers, durch Eltern getragen, gestalten das Nachmittagsprogramm der Schule. Schulh\u00fchner schaffen einen Zugang der Sch\u00fcler und Sch\u00fclerinnen zu Tieren und halten das gesamte Kollegium und die Nachbarschaft auf Trab.<\/p>\n<p>Alle drei Schulen sind Teil eines Netzwerks von mittlerweile zw\u00f6lf zertifizierten Naturpark-Schulen, welches sich stetig erweitert. Das gemeinsame Ziel: Eine feste Kooperation zwischen Naturpark und Schule und das Erleben des Naturparks als Lern- und Erfahrungsraum. Besonders bereichernd ist die Zusammenarbeit mit au\u00dferschulischen Kooperationspartner:innen wie beispielsweise den Naturparkf\u00fchrer:innen. Sie sind wahre Expert:innen auf ihren Fachgebieten und k\u00f6nnen ihre Themen bedarfsgerecht und praxisnah an die Sch\u00fcler und Sch\u00fclerinnen vermitteln.<\/p>\n<p>Hinter dem Projekt steckt ein enormes Engagement der ganzen Schule, des Schultr\u00e4gers und des Staatlichen Schulamtes, Natur- und Umweltbildung fest im Schulalltag zu verankern. Wir freuen uns auf die weitere Zusammenarbeit, viele spannende Projekte und gratulieren den rezertifizierten Schulen ganz herzlich!<\/p>\n<p>Weitere Informationen zum Projekt Naturpark-Schule finden Sie <a href=\"http:\/\/www.naturpark-sfw.de\/der-naturpark\/naturpark-schule\/\">hier<\/a>.<\/p>\n<div id=\"attachment_10457\" style=\"width: 510px\" class=\"wp-caption aligncenter\"><a href=\"https:\/\/www.naturparkmagazin.de\/schwaebisch-fraenkischer-wald\/wp-content\/uploads\/sites\/34\/210928_NP_Schule_Re-Zertifizierung_Feier_JKS_Welzheim_500x300_2.jpg\"><img aria-describedby=\"caption-attachment-10457\" decoding=\"async\" loading=\"lazy\" class=\"size-full wp-image-10457\" src=\"https:\/\/www.naturparkmagazin.de\/schwaebisch-fraenkischer-wald\/wp-content\/uploads\/sites\/34\/210928_NP_Schule_Re-Zertifizierung_Feier_JKS_Welzheim_500x300_2.jpg\" alt=\"\u00a9 Naturpark SFW Archiv\" width=\"500\" height=\"300\" srcset=\"https:\/\/www.naturparkmagazin.de\/schwaebisch-fraenkischer-wald\/wp-content\/uploads\/sites\/34\/210928_NP_Schule_Re-Zertifizierung_Feier_JKS_Welzheim_500x300_2.jpg 500w, https:\/\/www.naturparkmagazin.de\/schwaebisch-fraenkischer-wald\/wp-content\/uploads\/sites\/34\/210928_NP_Schule_Re-Zertifizierung_Feier_JKS_Welzheim_500x300_2-300x180.jpg 300w, https:\/\/www.naturparkmagazin.de\/schwaebisch-fraenkischer-wald\/wp-content\/uploads\/sites\/34\/210928_NP_Schule_Re-Zertifizierung_Feier_JKS_Welzheim_500x300_2-200x120.jpg 200w\" sizes=\"(max-width: 500px) 100vw, 500px\" \/><\/a><p id=\"caption-attachment-10457\" class=\"wp-caption-text\">\u00a9 Naturpark SFW Archiv<\/p><\/div>\n<p>Sie haben noch Fragen zum Projekt oder kennen eine Schule, die Naturpark-Schule werden m\u00f6chte? Dann melden Sie sich gerne!<\/p>\n<p><strong>Ansprechperson Naturpark-Schulen\n<\/strong>Elena Schick\nE-Mail: Elena.Schick@naturpark-sfw.de\nTel.: 07192 213-887<\/p>\n","protected":false},"excerpt":{"rendered":"<p>Erfolgreiche Re-Zertifizierungen der Walterichschule in Murrhardt, der Janusz-Korczak-Schule in Welzheim und der Plaisirschule in Backnang.<\/p>\n","protected":false},"author":25,"featured_media":10461,"comment_status":"open","ping_status":"open","sticky":false,"template":"","format":"standard","meta":[],"categories":[7],"tags":[],"yoast_head":"<!-- This site is optimized with the Yoast SEO plugin v19.10 - https:\/\/yoast.com\/wordpress\/plugins\/seo\/ -->\n<title>Naturpark-Schulen erfolgreich rezertifiziert - Naturpark Schw\u00e4bisch-Fr\u00e4nkischer Wald<\/title>\n<meta name=\"robots\" content=\"index, follow, max-snippet:-1, max-image-preview:large, max-video-preview:-1\" \/>\n<link rel=\"canonical\" href=\"https:\/\/www.naturparkmagazin.de\/schwaebisch-fraenkischer-wald\/naturpark-schulen-erfolgreich-rezertifiziert\/\" \/>\n<meta property=\"og:locale\" content=\"de_DE\" \/>\n<meta property=\"og:type\" content=\"article\" \/>\n<meta property=\"og:title\" content=\"Naturpark-Schulen erfolgreich rezertifiziert - Naturpark Schw\u00e4bisch-Fr\u00e4nkischer Wald\" \/>\n<meta property=\"og:description\" content=\"Erfolgreiche Re-Zertifizierungen der Walterichschule in Murrhardt, der Janusz-Korczak-Schule in Welzheim und der Plaisirschule in Backnang.\" \/>\n<meta property=\"og:url\" content=\"https:\/\/www.naturparkmagazin.de\/schwaebisch-fraenkischer-wald\/naturpark-schulen-erfolgreich-rezertifiziert\/\" \/>\n<meta property=\"og:site_name\" content=\"Naturpark Schw\u00e4bisch-Fr\u00e4nkischer Wald\" \/>\n<meta property=\"article:author\" content=\"https:\/\/www.facebook.com\/naturparkSFW\" \/>\n<meta property=\"article:published_time\" content=\"2021-10-15T10:29:25+00:00\" \/>\n<meta property=\"article:modified_time\" content=\"2021-10-19T11:39:15+00:00\" \/>\n<meta property=\"og:image\" content=\"https:\/\/www.naturparkmagazin.de\/schwaebisch-fraenkischer-wald\/wp-content\/uploads\/sites\/34\/210928_NP_Schule_Re-Zertifizierung_Feier_JKS_Welzheim_200x200_2.jpg\" \/>\n\t<meta property=\"og:image:width\" content=\"200\" \/>\n\t<meta property=\"og:image:height\" content=\"200\" \/>\n\t<meta property=\"og:image:type\" content=\"image\/jpeg\" \/>\n<meta name=\"author\" content=\"Naturpark-Team\" \/>\n<meta name=\"twitter:label1\" content=\"Verfasst von\" \/>\n\t<meta name=\"twitter:data1\" content=\"Naturpark-Team\" \/>\n\t<meta name=\"twitter:label2\" content=\"Gesch\u00e4tzte Lesezeit\" \/>\n\t<meta name=\"twitter:data2\" content=\"2\u00a0Minuten\" \/>\n<script type=\"application\/ld+json\" class=\"yoast-schema-graph\">{\"@context\":\"https:\/\/schema.org\",\"@graph\":[{\"@type\":\"WebPage\",\"@id\":\"https:\/\/www.naturparkmagazin.de\/schwaebisch-fraenkischer-wald\/naturpark-schulen-erfolgreich-rezertifiziert\/\",\"url\":\"https:\/\/www.naturparkmagazin.de\/schwaebisch-fraenkischer-wald\/naturpark-schulen-erfolgreich-rezertifiziert\/\",\"name\":\"Naturpark-Schulen erfolgreich rezertifiziert - Naturpark Schw\u00e4bisch-Fr\u00e4nkischer Wald\",\"isPartOf\":{\"@id\":\"https:\/\/www.naturparkmagazin.de\/schwaebisch-fraenkischer-wald\/#website\"},\"datePublished\":\"2021-10-15T10:29:25+00:00\",\"dateModified\":\"2021-10-19T11:39:15+00:00\",\"author\":{\"@id\":\"https:\/\/www.naturparkmagazin.de\/schwaebisch-fraenkischer-wald\/#\/schema\/person\/f047a3702ae747fd7830cf8ac95e6066\"},\"breadcrumb\":{\"@id\":\"https:\/\/www.naturparkmagazin.de\/schwaebisch-fraenkischer-wald\/naturpark-schulen-erfolgreich-rezertifiziert\/#breadcrumb\"},\"inLanguage\":\"de\",\"potentialAction\":[{\"@type\":\"ReadAction\",\"target\":[\"https:\/\/www.naturparkmagazin.de\/schwaebisch-fraenkischer-wald\/naturpark-schulen-erfolgreich-rezertifiziert\/\"]}]},{\"@type\":\"BreadcrumbList\",\"@id\":\"https:\/\/www.naturparkmagazin.de\/schwaebisch-fraenkischer-wald\/naturpark-schulen-erfolgreich-rezertifiziert\/#breadcrumb\",\"itemListElement\":[{\"@type\":\"ListItem\",\"position\":1,\"name\":\"Home\",\"item\":\"https:\/\/www.naturparkmagazin.de\/schwaebisch-fraenkischer-wald\/\"},{\"@type\":\"ListItem\",\"position\":2,\"name\":\"Naturpark-Schulen erfolgreich rezertifiziert\"}]},{\"@type\":\"WebSite\",\"@id\":\"https:\/\/www.naturparkmagazin.de\/schwaebisch-fraenkischer-wald\/#website\",\"url\":\"https:\/\/www.naturparkmagazin.de\/schwaebisch-fraenkischer-wald\/\",\"name\":\"Naturpark Schw\u00e4bisch-Fr\u00e4nkischer Wald\",\"description\":\"\",\"potentialAction\":[{\"@type\":\"SearchAction\",\"target\":{\"@type\":\"EntryPoint\",\"urlTemplate\":\"https:\/\/www.naturparkmagazin.de\/schwaebisch-fraenkischer-wald\/?s={search_term_string}\"},\"query-input\":\"required name=search_term_string\"}],\"inLanguage\":\"de\"},{\"@type\":\"Person\",\"@id\":\"https:\/\/www.naturparkmagazin.de\/schwaebisch-fraenkischer-wald\/#\/schema\/person\/f047a3702ae747fd7830cf8ac95e6066\",\"name\":\"Naturpark-Team\",\"sameAs\":[\"http:\/\/www.naturpark-sfw.de\",\"https:\/\/www.facebook.com\/naturparkSFW\"],\"url\":\"https:\/\/www.naturparkmagazin.de\/schwaebisch-fraenkischer-wald\/author\/bernharddrixler\/\"}]}<\/script>\n<!-- \/ Yoast SEO plugin. -->","yoast_head_json":{"title":"Naturpark-Schulen erfolgreich rezertifiziert - Naturpark Schw\u00e4bisch-Fr\u00e4nkischer Wald","robots":{"index":"index","follow":"follow","max-snippet":"max-snippet:-1","max-image-preview":"max-image-preview:large","max-video-preview":"max-video-preview:-1"},"canonical":"https:\/\/www.naturparkmagazin.de\/schwaebisch-fraenkischer-wald\/naturpark-schulen-erfolgreich-rezertifiziert\/","og_locale":"de_DE","og_type":"article","og_title":"Naturpark-Schulen erfolgreich rezertifiziert - Naturpark Schw\u00e4bisch-Fr\u00e4nkischer Wald","og_description":"Erfolgreiche Re-Zertifizierungen der Walterichschule in Murrhardt, der Janusz-Korczak-Schule in Welzheim und der Plaisirschule in Backnang.","og_url":"https:\/\/www.naturparkmagazin.de\/schwaebisch-fraenkischer-wald\/naturpark-schulen-erfolgreich-rezertifiziert\/","og_site_name":"Naturpark Schw\u00e4bisch-Fr\u00e4nkischer Wald","article_author":"https:\/\/www.facebook.com\/naturparkSFW","article_published_time":"2021-10-15T10:29:25+00:00","article_modified_time":"2021-10-19T11:39:15+00:00","og_image":[{"width":200,"height":200,"url":"https:\/\/www.naturparkmagazin.de\/schwaebisch-fraenkischer-wald\/wp-content\/uploads\/sites\/34\/210928_NP_Schule_Re-Zertifizierung_Feier_JKS_Welzheim_200x200_2.jpg","type":"image\/jpeg"}],"author":"Naturpark-Team","twitter_misc":{"Verfasst von":"Naturpark-Team","Gesch\u00e4tzte Lesezeit":"2\u00a0Minuten"},"schema":{"@context":"https:\/\/schema.org","@graph":[{"@type":"WebPage","@id":"https:\/\/www.naturparkmagazin.de\/schwaebisch-fraenkischer-wald\/naturpark-schulen-erfolgreich-rezertifiziert\/","url":"https:\/\/www.naturparkmagazin.de\/schwaebisch-fraenkischer-wald\/naturpark-schulen-erfolgreich-rezertifiziert\/","name":"Naturpark-Schulen erfolgreich rezertifiziert - Naturpark Schw\u00e4bisch-Fr\u00e4nkischer Wald","isPartOf":{"@id":"https:\/\/www.naturparkmagazin.de\/schwaebisch-fraenkischer-wald\/#website"},"datePublished":"2021-10-15T10:29:25+00:00","dateModified":"2021-10-19T11:39:15+00:00","author":{"@id":"https:\/\/www.naturparkmagazin.de\/schwaebisch-fraenkischer-wald\/#\/schema\/person\/f047a3702ae747fd7830cf8ac95e6066"},"breadcrumb":{"@id":"https:\/\/www.naturparkmagazin.de\/schwaebisch-fraenkischer-wald\/naturpark-schulen-erfolgreich-rezertifiziert\/#breadcrumb"},"inLanguage":"de","potentialAction":[{"@type":"ReadAction","target":["https:\/\/www.naturparkmagazin.de\/schwaebisch-fraenkischer-wald\/naturpark-schulen-erfolgreich-rezertifiziert\/"]}]},{"@type":"BreadcrumbList","@id":"https:\/\/www.naturparkmagazin.de\/schwaebisch-fraenkischer-wald\/naturpark-schulen-erfolgreich-rezertifiziert\/#breadcrumb","itemListElement":[{"@type":"ListItem","position":1,"name":"Home","item":"https:\/\/www.naturparkmagazin.de\/schwaebisch-fraenkischer-wald\/"},{"@type":"ListItem","position":2,"name":"Naturpark-Schulen erfolgreich rezertifiziert"}]},{"@type":"WebSite","@id":"https:\/\/www.naturparkmagazin.de\/schwaebisch-fraenkischer-wald\/#website","url":"https:\/\/www.naturparkmagazin.de\/schwaebisch-fraenkischer-wald\/","name":"Naturpark Schw\u00e4bisch-Fr\u00e4nkischer Wald","description":"","potentialAction":[{"@type":"SearchAction","target":{"@type":"EntryPoint","urlTemplate":"https:\/\/www.naturparkmagazin.de\/schwaebisch-fraenkischer-wald\/?s={search_term_string}"},"query-input":"required name=search_term_string"}],"inLanguage":"de"},{"@type":"Person","@id":"https:\/\/www.naturparkmagazin.de\/schwaebisch-fraenkischer-wald\/#\/schema\/person\/f047a3702ae747fd7830cf8ac95e6066","name":"Naturpark-Team","sameAs":["http:\/\/www.naturpark-sfw.de","https:\/\/www.facebook.com\/naturparkSFW"],"url":"https:\/\/www.naturparkmagazin.de\/schwaebisch-fraenkischer-wald\/author\/bernharddrixler\/"}]}},"_links":{"self":[{"href":"https:\/\/www.naturparkmagazin.de\/schwaebisch-fraenkischer-wald\/wp-json\/wp\/v2\/posts\/10456"}],"collection":[{"href":"https:\/\/www.naturparkmagazin.de\/schwaebisch-fraenkischer-wald\/wp-json\/wp\/v2\/posts"}],"about":[{"href":"https:\/\/www.naturparkmagazin.de\/schwaebisch-fraenkischer-wald\/wp-json\/wp\/v2\/types\/post"}],"author":[{"embeddable":true,"href":"https:\/\/www.naturparkmagazin.de\/schwaebisch-fraenkischer-wald\/wp-json\/wp\/v2\/users\/25"}],"replies":[{"embeddable":true,"href":"https:\/\/www.naturparkmagazin.de\/schwaebisch-fraenkischer-wald\/wp-json\/wp\/v2\/comments?post=10456"}],"version-history":[{"count":2,"href":"https:\/\/www.naturparkmagazin.de\/schwaebisch-fraenkischer-wald\/wp-json\/wp\/v2\/posts\/10456\/revisions"}],"predecessor-version":[{"id":10505,"href":"https:\/\/www.naturparkmagazin.de\/schwaebisch-fraenkischer-wald\/wp-json\/wp\/v2\/posts\/10456\/revisions\/10505"}],"wp:featuredmedia":[{"embeddable":true,"href":"https:\/\/www.naturparkmagazin.de\/schwaebisch-fraenkischer-wald\/wp-json\/wp\/v2\/media\/10461"}],"wp:attachment":[{"href":"https:\/\/www.naturparkmagazin.de\/schwaebisch-fraenkischer-wald\/wp-json\/wp\/v2\/media?parent=10456"}],"wp:term":[{"taxonomy":"category","embeddable":true,"href":"https:\/\/www.naturparkmagazin.de\/schwaebisch-fraenkischer-wald\/wp-json\/wp\/v2\/categories?post=10456"},{"taxonomy":"post_tag","embeddable":true,"href":"https:\/\/www.naturparkmagazin.de\/schwaebisch-fraenkischer-wald\/wp-json\/wp\/v2\/tags?post=10456"}],"curies":[{"name":"wp","href":"https:\/\/api.w.org\/{rel}","templated":true}]}}